{"id":6097,"date":"2026-09-04T23:06:49","date_gmt":"2026-09-04T21:06:49","guid":{"rendered":"https:\/\/www.araalicante.com\/los-espanoles-salvan-las-pernoctaciones-extrahoteleras-en-julio\/"},"modified":"2026-09-04T23:06:49","modified_gmt":"2026-09-04T21:06:49","slug":"los-espanoles-salvan-las-pernoctaciones-extrahoteleras-en-julio","status":"publish","type":"post","link":"https:\/\/www.araalicante.com\/en\/los-espanoles-salvan-las-pernoctaciones-extrahoteleras-en-julio\/","title":{"rendered":"Los espa\u00f1oles salvan las pernoctaciones extrahoteleras en julio"},"content":{"rendered":"<div>\n<p><img fetchpriority=\"high\" decoding=\"async\" src=\"https:\/\/www.hosteleriadigital.es\/wp-content\/uploads\/2026\/09\/OEHJUL26.jpg\" class=\"aligncenter wp-image-35566 size-full lazyload\" alt=\"\" width=\"852\" height=\"561\"\/><noscript><img loading=\"lazy\" decoding=\"async\" class=\"aligncenter wp-image-35566 size-full\" src=\"https:\/\/www.hosteleriadigital.es\/wp-content\/uploads\/2026\/09\/OEHJUL26.jpg\" alt=\"\" width=\"852\" height=\"561\" srcset=\"https:\/\/www.hosteleriadigital.es\/wp-content\/uploads\/2026\/09\/OEHJUL26.jpg 852w, https:\/\/www.hosteleriadigital.es\/wp-content\/uploads\/2026\/09\/OEHJUL26-300x198.jpg 300w, https:\/\/www.hosteleriadigital.es\/wp-content\/uploads\/2026\/09\/OEHJUL26-150x99.jpg 150w, https:\/\/www.hosteleriadigital.es\/wp-content\/uploads\/2026\/09\/OEHJUL26-768x506.jpg 768w, https:\/\/www.hosteleriadigital.es\/wp-content\/uploads\/2026\/09\/OEHJUL26-638x420.jpg 638w, https:\/\/www.hosteleriadigital.es\/wp-content\/uploads\/2026\/09\/OEHJUL26-640x421.jpg 640w, https:\/\/www.hosteleriadigital.es\/wp-content\/uploads\/2026\/09\/OEHJUL26-681x448.jpg 681w\" sizes=\"auto, (max-width: 852px) 100vw, 852px\"\/><\/noscript><\/p>\n<p>Las pernoctaciones en alojamiento tur\u00edstico extrahotelero (apartamentos, campings, turismo rural y albergues) aumentaron en julio un 0,9% respecto al mismo mes del a\u00f1o anterior, hasta un total de 22,5 millones, seg\u00fan la Encuesta de Ocupaci\u00f3n de Alojamientos Tur\u00edsticos del INE. Este resultado supone un repunte, tras el descenso de junio, que se debe al incremento de las pernoctaciones de los residentes de un 4,2%, frente la ca\u00edda de la demanda extranjera (-2,2%), que supone segundo mes consecutivo de retroceso.<\/p>\n<p>Las pernoctaciones aumentaron en todos los tipos de alojamientos excepto en los <strong>apartamentos<\/strong>, donde se mantuvieron estables, con incremento de un 3,8% de los espa\u00f1oles y descenso de un 2,2% de los extranjeros. Los alojamientos de <strong>turismo rural <\/strong>tuvieron el mayor incremento (+3,9%), y fue el \u00fanico donde aumentaron las noches de los extranjeros (+2,7%), con aumento tambi\u00e9n de los espa\u00f1oles (+4,6%). Por su parte, en los <strong>albergues <\/strong>las pernoctaciones subieron un 2,2%, con evoluci\u00f3n positiva de los espa\u00f1oles (+7,8%) y negativa de los extranjeros (-7,5%). En los <strong>campings<\/strong> el incremento fue m\u00e1s moderado, de un 1,2%, con aumento de las pernoctaciones de los residentes (+3,8%) y descenso de los no residentes (-2,4%).<\/p>\n<p>En cuanto a los precios, el <strong>\u00cdndice de Precios de los Apartamentos Tur\u00edsticos<\/strong> subi\u00f3 un <strong>6,2% interanual en julio,<\/strong> respecto al mismo mes de 2025. El de los <strong>Campings<\/strong> creci\u00f3 un <strong>6,3%,<\/strong> mientras que el de <strong>Turismo Rural <\/strong>tuvo el aumento m\u00e1s moderado, de un <strong>1,5%.<\/strong><\/p>\n<\/div>\n<p><a href=\"https:\/\/www.hosteleriadigital.es\/2026\/09\/04\/los-espanoles-salvan-las-pernoctaciones-extrahoteleras-en-julio\/\">source<\/a><\/p>","protected":false},"excerpt":{"rendered":"<p>Las pernoctaciones en alojamiento tur\u00edstico extrahotelero (apartamentos, campings, turismo rural y albergues)<span class=\"excerpt-hellip\"> [\u2026]<\/span><\/p>\n","protected":false},"author":0,"featured_media":0,"comment_status":"","ping_status":"","sticky":false,"template":"","format":"standard","meta":{"_acf_changed":false,"footnotes":""},"categories":[1],"tags":[],"class_list":["post-6097","post","type-post","status-publish","format-standard","hentry","category-noticias-externas"],"acf":[],"yoast_head":"<!-- This site is optimized with the Yoast SEO plugin v28.4 - https:\/\/yoast.com\/product\/yoast-seo-wordpress\/ -->\n<title>Los espa\u00f1oles salvan las pernoctaciones extrahoteleras en julio - ARA | Asociaci\u00f3n de Restaurantes Alicante<\/title>\n<meta name=\"robots\" content=\"index, follow, max-snippet:-1, max-image-preview:large, max-video-preview:-1\" \/>\n<link rel=\"canonical\" href=\"https:\/\/www.araalicante.com\/en\/los-espanoles-salvan-las-pernoctaciones-extrahoteleras-en-julio\/\" \/>\n<meta property=\"og:locale\" content=\"en_GB\" \/>\n<meta property=\"og:type\" content=\"article\" \/>\n<meta property=\"og:title\" content=\"Los espa\u00f1oles salvan las pernoctaciones extrahoteleras en julio - ARA | Asociaci\u00f3n de Restaurantes Alicante\" \/>\n<meta property=\"og:description\" content=\"Las pernoctaciones en alojamiento tur\u00edstico extrahotelero (apartamentos, campings, turismo rural y albergues) [\u2026]\" \/>\n<meta property=\"og:url\" content=\"https:\/\/www.araalicante.com\/en\/los-espanoles-salvan-las-pernoctaciones-extrahoteleras-en-julio\/\" \/>\n<meta property=\"og:site_name\" content=\"ARA | Asociaci\u00f3n de Restaurantes Alicante\" \/>\n<meta property=\"article:publisher\" content=\"https:\/\/www.facebook.com\/Ararestaurantesalicante\" \/>\n<meta property=\"article:published_time\" content=\"2026-09-04T21:06:49+00:00\" \/>\n<meta property=\"og:image\" content=\"https:\/\/www.araalicante.com\/wp-content\/uploads\/2023\/10\/Sin-titulo-1.png\" \/>\n\t<meta property=\"og:image:width\" content=\"200\" \/>\n\t<meta property=\"og:image:height\" content=\"200\" \/>\n\t<meta property=\"og:image:type\" content=\"image\/png\" \/>\n<meta name=\"twitter:card\" content=\"summary_large_image\" \/>\n<meta name=\"twitter:label1\" content=\"Estimated reading time\" \/>\n\t<meta name=\"twitter:data1\" content=\"1 minute\" \/>\n<script type=\"application\/ld+json\" class=\"yoast-schema-graph\">{\"@context\":\"https:\\\/\\\/schema.org\",\"@graph\":[{\"@type\":\"Article\",\"@id\":\"https:\\\/\\\/www.araalicante.com\\\/los-espanoles-salvan-las-pernoctaciones-extrahoteleras-en-julio\\\/#article\",\"isPartOf\":{\"@id\":\"https:\\\/\\\/www.araalicante.com\\\/los-espanoles-salvan-las-pernoctaciones-extrahoteleras-en-julio\\\/\"},\"author\":{\"name\":\"\",\"@id\":\"\"},\"headline\":\"Los espa\u00f1oles salvan las pernoctaciones extrahoteleras en julio\",\"datePublished\":\"2026-09-04T21:06:49+00:00\",\"mainEntityOfPage\":{\"@id\":\"https:\\\/\\\/www.araalicante.com\\\/los-espanoles-salvan-las-pernoctaciones-extrahoteleras-en-julio\\\/\"},\"wordCount\":246,\"publisher\":{\"@id\":\"https:\\\/\\\/www.araalicante.com\\\/#organization\"},\"image\":{\"@id\":\"https:\\\/\\\/www.araalicante.com\\\/los-espanoles-salvan-las-pernoctaciones-extrahoteleras-en-julio\\\/#primaryimage\"},\"thumbnailUrl\":\"https:\\\/\\\/www.hosteleriadigital.es\\\/wp-content\\\/uploads\\\/2026\\\/09\\\/OEHJUL26.jpg\",\"articleSection\":[\"Noticias externas\"],\"inLanguage\":\"en-GB\"},{\"@type\":\"WebPage\",\"@id\":\"https:\\\/\\\/www.araalicante.com\\\/los-espanoles-salvan-las-pernoctaciones-extrahoteleras-en-julio\\\/\",\"url\":\"https:\\\/\\\/www.araalicante.com\\\/los-espanoles-salvan-las-pernoctaciones-extrahoteleras-en-julio\\\/\",\"name\":\"Los espa\u00f1oles salvan las pernoctaciones extrahoteleras en julio - ARA | Asociaci\u00f3n de Restaurantes Alicante\",\"isPartOf\":{\"@id\":\"https:\\\/\\\/www.araalicante.com\\\/#website\"},\"primaryImageOfPage\":{\"@id\":\"https:\\\/\\\/www.araalicante.com\\\/los-espanoles-salvan-las-pernoctaciones-extrahoteleras-en-julio\\\/#primaryimage\"},\"image\":{\"@id\":\"https:\\\/\\\/www.araalicante.com\\\/los-espanoles-salvan-las-pernoctaciones-extrahoteleras-en-julio\\\/#primaryimage\"},\"thumbnailUrl\":\"https:\\\/\\\/www.hosteleriadigital.es\\\/wp-content\\\/uploads\\\/2026\\\/09\\\/OEHJUL26.jpg\",\"datePublished\":\"2026-09-04T21:06:49+00:00\",\"breadcrumb\":{\"@id\":\"https:\\\/\\\/www.araalicante.com\\\/los-espanoles-salvan-las-pernoctaciones-extrahoteleras-en-julio\\\/#breadcrumb\"},\"inLanguage\":\"en-GB\",\"potentialAction\":[{\"@type\":\"ReadAction\",\"target\":[\"https:\\\/\\\/www.araalicante.com\\\/los-espanoles-salvan-las-pernoctaciones-extrahoteleras-en-julio\\\/\"]}]},{\"@type\":\"ImageObject\",\"inLanguage\":\"en-GB\",\"@id\":\"https:\\\/\\\/www.araalicante.com\\\/los-espanoles-salvan-las-pernoctaciones-extrahoteleras-en-julio\\\/#primaryimage\",\"url\":\"https:\\\/\\\/www.hosteleriadigital.es\\\/wp-content\\\/uploads\\\/2026\\\/09\\\/OEHJUL26.jpg\",\"contentUrl\":\"https:\\\/\\\/www.hosteleriadigital.es\\\/wp-content\\\/uploads\\\/2026\\\/09\\\/OEHJUL26.jpg\"},{\"@type\":\"BreadcrumbList\",\"@id\":\"https:\\\/\\\/www.araalicante.com\\\/los-espanoles-salvan-las-pernoctaciones-extrahoteleras-en-julio\\\/#breadcrumb\",\"itemListElement\":[{\"@type\":\"ListItem\",\"position\":1,\"name\":\"Portada\",\"item\":\"https:\\\/\\\/www.araalicante.com\\\/\"},{\"@type\":\"ListItem\",\"position\":2,\"name\":\"Los espa\u00f1oles salvan las pernoctaciones extrahoteleras en julio\"}]},{\"@type\":\"WebSite\",\"@id\":\"https:\\\/\\\/www.araalicante.com\\\/#website\",\"url\":\"https:\\\/\\\/www.araalicante.com\\\/\",\"name\":\"ARA | Asociaci\u00f3n de Restaurantes Alicante\",\"description\":\"Producto local, restauraci\u00f3n de calidad en Alicante y su provincia\",\"publisher\":{\"@id\":\"https:\\\/\\\/www.araalicante.com\\\/#organization\"},\"potentialAction\":[{\"@type\":\"SearchAction\",\"target\":{\"@type\":\"EntryPoint\",\"urlTemplate\":\"https:\\\/\\\/www.araalicante.com\\\/?s={search_term_string}\"},\"query-input\":{\"@type\":\"PropertyValueSpecification\",\"valueRequired\":true,\"valueName\":\"search_term_string\"}}],\"inLanguage\":\"en-GB\"},{\"@type\":\"Organization\",\"@id\":\"https:\\\/\\\/www.araalicante.com\\\/#organization\",\"name\":\"ARA | Asociaci\u00f3n de Restaurantes Alicante\",\"url\":\"https:\\\/\\\/www.araalicante.com\\\/\",\"logo\":{\"@type\":\"ImageObject\",\"inLanguage\":\"en-GB\",\"@id\":\"https:\\\/\\\/www.araalicante.com\\\/#\\\/schema\\\/logo\\\/image\\\/\",\"url\":\"https:\\\/\\\/www.araalicante.com\\\/wp-content\\\/uploads\\\/2023\\\/09\\\/logoara.png\",\"contentUrl\":\"https:\\\/\\\/www.araalicante.com\\\/wp-content\\\/uploads\\\/2023\\\/09\\\/logoara.png\",\"width\":400,\"height\":85,\"caption\":\"ARA | Asociaci\u00f3n de Restaurantes Alicante\"},\"image\":{\"@id\":\"https:\\\/\\\/www.araalicante.com\\\/#\\\/schema\\\/logo\\\/image\\\/\"},\"sameAs\":[\"https:\\\/\\\/www.facebook.com\\\/Ararestaurantesalicante\",\"https:\\\/\\\/www.instagram.com\\\/ararestaurantesalicante\\\/\"]}]}<\/script>\n<!-- \/ Yoast SEO plugin. -->","yoast_head_json":{"title":"Los espa\u00f1oles salvan las pernoctaciones extrahoteleras en julio - ARA | Asociaci\u00f3n de Restaurantes Alicante","robots":{"index":"index","follow":"follow","max-snippet":"max-snippet:-1","max-image-preview":"max-image-preview:large","max-video-preview":"max-video-preview:-1"},"canonical":"https:\/\/www.araalicante.com\/en\/los-espanoles-salvan-las-pernoctaciones-extrahoteleras-en-julio\/","og_locale":"en_GB","og_type":"article","og_title":"Los espa\u00f1oles salvan las pernoctaciones extrahoteleras en julio - ARA | Asociaci\u00f3n de Restaurantes Alicante","og_description":"Las pernoctaciones en alojamiento tur\u00edstico extrahotelero (apartamentos, campings, turismo rural y albergues) [\u2026]","og_url":"https:\/\/www.araalicante.com\/en\/los-espanoles-salvan-las-pernoctaciones-extrahoteleras-en-julio\/","og_site_name":"ARA | Asociaci\u00f3n de Restaurantes Alicante","article_publisher":"https:\/\/www.facebook.com\/Ararestaurantesalicante","article_published_time":"2026-09-04T21:06:49+00:00","og_image":[{"width":200,"height":200,"url":"https:\/\/www.araalicante.com\/wp-content\/uploads\/2023\/10\/Sin-titulo-1.png","type":"image\/png"}],"twitter_card":"summary_large_image","twitter_misc":{"Estimated reading time":"1 minute"},"schema":{"@context":"https:\/\/schema.org","@graph":[{"@type":"Article","@id":"https:\/\/www.araalicante.com\/los-espanoles-salvan-las-pernoctaciones-extrahoteleras-en-julio\/#article","isPartOf":{"@id":"https:\/\/www.araalicante.com\/los-espanoles-salvan-las-pernoctaciones-extrahoteleras-en-julio\/"},"author":{"name":"","@id":""},"headline":"Los espa\u00f1oles salvan las pernoctaciones extrahoteleras en julio","datePublished":"2026-09-04T21:06:49+00:00","mainEntityOfPage":{"@id":"https:\/\/www.araalicante.com\/los-espanoles-salvan-las-pernoctaciones-extrahoteleras-en-julio\/"},"wordCount":246,"publisher":{"@id":"https:\/\/www.araalicante.com\/#organization"},"image":{"@id":"https:\/\/www.araalicante.com\/los-espanoles-salvan-las-pernoctaciones-extrahoteleras-en-julio\/#primaryimage"},"thumbnailUrl":"https:\/\/www.hosteleriadigital.es\/wp-content\/uploads\/2026\/09\/OEHJUL26.jpg","articleSection":["Noticias externas"],"inLanguage":"en-GB"},{"@type":"WebPage","@id":"https:\/\/www.araalicante.com\/los-espanoles-salvan-las-pernoctaciones-extrahoteleras-en-julio\/","url":"https:\/\/www.araalicante.com\/los-espanoles-salvan-las-pernoctaciones-extrahoteleras-en-julio\/","name":"Los espa\u00f1oles salvan las pernoctaciones extrahoteleras en julio - ARA | Asociaci\u00f3n de Restaurantes Alicante","isPartOf":{"@id":"https:\/\/www.araalicante.com\/#website"},"primaryImageOfPage":{"@id":"https:\/\/www.araalicante.com\/los-espanoles-salvan-las-pernoctaciones-extrahoteleras-en-julio\/#primaryimage"},"image":{"@id":"https:\/\/www.araalicante.com\/los-espanoles-salvan-las-pernoctaciones-extrahoteleras-en-julio\/#primaryimage"},"thumbnailUrl":"https:\/\/www.hosteleriadigital.es\/wp-content\/uploads\/2026\/09\/OEHJUL26.jpg","datePublished":"2026-09-04T21:06:49+00:00","breadcrumb":{"@id":"https:\/\/www.araalicante.com\/los-espanoles-salvan-las-pernoctaciones-extrahoteleras-en-julio\/#breadcrumb"},"inLanguage":"en-GB","potentialAction":[{"@type":"ReadAction","target":["https:\/\/www.araalicante.com\/los-espanoles-salvan-las-pernoctaciones-extrahoteleras-en-julio\/"]}]},{"@type":"ImageObject","inLanguage":"en-GB","@id":"https:\/\/www.araalicante.com\/los-espanoles-salvan-las-pernoctaciones-extrahoteleras-en-julio\/#primaryimage","url":"https:\/\/www.hosteleriadigital.es\/wp-content\/uploads\/2026\/09\/OEHJUL26.jpg","contentUrl":"https:\/\/www.hosteleriadigital.es\/wp-content\/uploads\/2026\/09\/OEHJUL26.jpg"},{"@type":"BreadcrumbList","@id":"https:\/\/www.araalicante.com\/los-espanoles-salvan-las-pernoctaciones-extrahoteleras-en-julio\/#breadcrumb","itemListElement":[{"@type":"ListItem","position":1,"name":"Portada","item":"https:\/\/www.araalicante.com\/"},{"@type":"ListItem","position":2,"name":"Los espa\u00f1oles salvan las pernoctaciones extrahoteleras en julio"}]},{"@type":"WebSite","@id":"https:\/\/www.araalicante.com\/#website","url":"https:\/\/www.araalicante.com\/","name":"ARA | Asociaci\u00f3n de Restaurantes Alicante","description":"Producto local, restauraci\u00f3n de calidad en Alicante y su provincia","publisher":{"@id":"https:\/\/www.araalicante.com\/#organization"},"potentialAction":[{"@type":"SearchAction","target":{"@type":"EntryPoint","urlTemplate":"https:\/\/www.araalicante.com\/?s={search_term_string}"},"query-input":{"@type":"PropertyValueSpecification","valueRequired":true,"valueName":"search_term_string"}}],"inLanguage":"en-GB"},{"@type":"Organization","@id":"https:\/\/www.araalicante.com\/#organization","name":"ARA | Asociaci\u00f3n de Restaurantes Alicante","url":"https:\/\/www.araalicante.com\/","logo":{"@type":"ImageObject","inLanguage":"en-GB","@id":"https:\/\/www.araalicante.com\/#\/schema\/logo\/image\/","url":"https:\/\/www.araalicante.com\/wp-content\/uploads\/2023\/09\/logoara.png","contentUrl":"https:\/\/www.araalicante.com\/wp-content\/uploads\/2023\/09\/logoara.png","width":400,"height":85,"caption":"ARA | Asociaci\u00f3n de Restaurantes Alicante"},"image":{"@id":"https:\/\/www.araalicante.com\/#\/schema\/logo\/image\/"},"sameAs":["https:\/\/www.facebook.com\/Ararestaurantesalicante","https:\/\/www.instagram.com\/ararestaurantesalicante\/"]}]}},"_links":{"self":[{"href":"https:\/\/www.araalicante.com\/en\/wp-json\/wp\/v2\/posts\/6097","targetHints":{"allow":["GET"]}}],"collection":[{"href":"https:\/\/www.araalicante.com\/en\/wp-json\/wp\/v2\/posts"}],"about":[{"href":"https:\/\/www.araalicante.com\/en\/wp-json\/wp\/v2\/types\/post"}],"replies":[{"embeddable":true,"href":"https:\/\/www.araalicante.com\/en\/wp-json\/wp\/v2\/comments?post=6097"}],"version-history":[{"count":0,"href":"https:\/\/www.araalicante.com\/en\/wp-json\/wp\/v2\/posts\/6097\/revisions"}],"wp:attachment":[{"href":"https:\/\/www.araalicante.com\/en\/wp-json\/wp\/v2\/media?parent=6097"}],"wp:term":[{"taxonomy":"category","embeddable":true,"href":"https:\/\/www.araalicante.com\/en\/wp-json\/wp\/v2\/categories?post=6097"},{"taxonomy":"post_tag","embeddable":true,"href":"https:\/\/www.araalicante.com\/en\/wp-json\/wp\/v2\/tags?post=6097"}],"curies":[{"name":"wp","href":"https:\/\/api.w.org\/{rel}","templated":true}]}}