{"id":6094,"date":"2026-09-02T17:27:57","date_gmt":"2026-09-02T15:27:57","guid":{"rendered":"https:\/\/www.araalicante.com\/leon-acogera-la-ii-edicion-del-concurso-regional-de-pinchos-y-tapas-de-castilla-y-leon\/"},"modified":"2026-09-02T17:27:57","modified_gmt":"2026-09-02T15:27:57","slug":"leon-acogera-la-ii-edicion-del-concurso-regional-de-pinchos-y-tapas-de-castilla-y-leon","status":"publish","type":"post","link":"https:\/\/www.araalicante.com\/en\/leon-acogera-la-ii-edicion-del-concurso-regional-de-pinchos-y-tapas-de-castilla-y-leon\/","title":{"rendered":"Le\u00f3n acoger\u00e1 la II edici\u00f3n del Concurso Regional de Pinchos y Tapas de Castilla y Le\u00f3n"},"content":{"rendered":"<div> <!-- image --><\/p>\n<div class=\"td-post-featured-image\"><a href=\"https:\/\/www.hosteleriadigital.es\/wp-content\/uploads\/2026\/09\/CyL-foto-familia.jpg\" data-caption=\"\"><img loading=\"lazy\" decoding=\"async\" width=\"640\" height=\"426\" class=\"entry-thumb td-modal-image\" src=\"https:\/\/www.hosteleriadigital.es\/wp-content\/uploads\/2026\/09\/CyL-foto-familia-640x426.jpg\" srcset=\"https:\/\/www.hosteleriadigital.es\/wp-content\/uploads\/2026\/09\/CyL-foto-familia-640x426.jpg 640w, https:\/\/www.hosteleriadigital.es\/wp-content\/uploads\/2026\/09\/CyL-foto-familia-300x200.jpg 300w, https:\/\/www.hosteleriadigital.es\/wp-content\/uploads\/2026\/09\/CyL-foto-familia-150x100.jpg 150w, https:\/\/www.hosteleriadigital.es\/wp-content\/uploads\/2026\/09\/CyL-foto-familia-631x420.jpg 631w, https:\/\/www.hosteleriadigital.es\/wp-content\/uploads\/2026\/09\/CyL-foto-familia-681x453.jpg 681w, https:\/\/www.hosteleriadigital.es\/wp-content\/uploads\/2026\/09\/CyL-foto-familia.jpg 700w\" sizes=\"auto, (max-width: 640px) 100vw, 640px\" alt=\"\" title=\"CyL-foto-familia\"\/><\/a><\/div>\n<p> <!-- content --><\/p>\n<p>Le\u00f3n se convertir\u00e1 los pr\u00f3ximos <strong>28 y 29 de septiembre<\/strong> en punto de encuentro de la gastronom\u00eda regional con la celebraci\u00f3n de la segunda edici\u00f3n del <strong>Concurso de Pinchos y Tapas de Castilla y Le\u00f3n<\/strong>, que este a\u00f1o tendr\u00e1 como escenario el <strong>Palacio de Congresos y Exposiciones de Le\u00f3n<\/strong>.<\/p>\n<p>El certamen ha sido presentado oficialmente en Le\u00f3n, ciudad que toma el relevo de Zamora como sede de una cita que re\u00fane algunas de las mejores propuestas de gastronom\u00eda en miniatura de la Comunidad, que busca consolidarse como escaparate del talento de sus profesionales y de la diversidad de su despensa.<\/p>\n<p>La presentaci\u00f3n oficial ha contado con la participaci\u00f3n de <strong>I\u00f1aki Sicilia, Director General de Turismo de la Junta de Castilla y Le\u00f3n;<\/strong> del <strong>Alcalde de Le\u00f3n, Jos\u00e9 Antonio Diez<\/strong>, de <strong>Jaime Fern\u00e1ndez, Presidente de la Confederaci\u00f3n Regional de Hosteler\u00eda y Turismo de Castilla y Le\u00f3n (HOSTURCYL) <\/strong>y del<strong> Presidente de la\u00a0 Asociaci\u00f3n de Hosteler\u00eda de Le\u00f3n, Oscar Garc\u00eda.<\/strong><\/p>\n<p>Promovido por <strong>HOSTURCYL<\/strong>, con el patrocinio principal de la <strong>Junta de Castilla y Le\u00f3n<\/strong>, el concurso naci\u00f3 con el objetivo de poner en valor la calidad y diversidad de la cocina castellana y leonesa, promocionar el producto de proximidad y contribuir al posicionamiento de Castilla y Le\u00f3n como uno de los grandes destinos gastron\u00f3micos de Espa\u00f1a.<\/p>\n<p>Tras el \u00e9xito de la celebraci\u00f3n de su primera edici\u00f3n en Zamora, el certamen contin\u00faa creciendo y en 2026 traslada su sede a Le\u00f3n, una ciudad especialmente vinculada a la cultura del tapeo y con una importante tradici\u00f3n hostelera y gastron\u00f3mica.<\/p>\n<p><strong>Castilla y Le\u00f3n se encuentra alrededor de una tapa<\/strong><\/p>\n<p>Durante dos jornadas, el Palacio de Congresos y Exposiciones de Le\u00f3n se convertir\u00e1 en punto de encuentro para cocineros, profesionales de la hosteler\u00eda y amantes de la gastronom\u00eda.<\/p>\n<p>Los establecimientos participantes llegar\u00e1n desde <strong>\u00c1vila, Burgos, Le\u00f3n, Palencia, Salamanca, Segovia, Soria, Valladolid y Zamora<\/strong>, ofreciendo una representaci\u00f3n de la diversidad culinaria existente en toda la Comunidad.<\/p>\n<p>Cada cocinero tendr\u00e1 el reto de condensar en un peque\u00f1o formato su creatividad, t\u00e9cnica y conocimiento del producto, convirtiendo el concurso en un escaparate de las diferentes maneras de interpretar la cocina castellana y leonesa.<\/p>\n<p><strong><a href=\"https:\/\/www.hosteleriadigital.es\/wp-content\/uploads\/2026\/09\/pepe-solla-V.jpg\"><img fetchpriority=\"high\" decoding=\"async\" src=\"https:\/\/www.hosteleriadigital.es\/wp-content\/uploads\/2026\/09\/pepe-solla-V.jpg\" class=\"alignleft wp-image-35536 lazyload\" alt=\"\" width=\"221\" height=\"299\"\/><noscript><img loading=\"lazy\" decoding=\"async\" class=\"alignleft wp-image-35536\" src=\"https:\/\/www.hosteleriadigital.es\/wp-content\/uploads\/2026\/09\/pepe-solla-V.jpg\" alt=\"\" width=\"221\" height=\"299\" srcset=\"https:\/\/www.hosteleriadigital.es\/wp-content\/uploads\/2026\/09\/pepe-solla-V.jpg 433w, https:\/\/www.hosteleriadigital.es\/wp-content\/uploads\/2026\/09\/pepe-solla-V-222x300.jpg 222w, https:\/\/www.hosteleriadigital.es\/wp-content\/uploads\/2026\/09\/pepe-solla-V-111x150.jpg 111w, https:\/\/www.hosteleriadigital.es\/wp-content\/uploads\/2026\/09\/pepe-solla-V-311x420.jpg 311w\" sizes=\"auto, (max-width: 221px) 100vw, 221px\"\/><\/noscript><\/a>Pepe Solla, presidente de un jurado de referencia<\/strong><\/p>\n<p>Uno de los grandes nombres de esta segunda edici\u00f3n ser\u00e1 el chef <strong>Pepe Solla<\/strong>, que ejercer\u00e1 como presidente del jurado del <strong>II Concurso de Pinchos y Tapas de Castilla y Le\u00f3n<\/strong>.<\/p>\n<p>Al frente de <strong>Casa Solla<\/strong>, restaurante que mantiene una Estrella MICHELIN desde 1980 y cuenta con tres Soles Repsol desde 2014, Pepe Solla es uno de los grandes referentes de la gastronom\u00eda gallega contempor\u00e1nea. Su cocina, atl\u00e1ntica, honesta y profundamente vinculada al paisaje gallego, parte del respeto por las mejores materias primas del mar y de la tierra para reinterpretar la tradici\u00f3n desde una mirada contempor\u00e1nea, creativa y en constante evoluci\u00f3n.<\/p>\n<p>La composici\u00f3n del jurado reforzar\u00e1 la vocaci\u00f3n del certamen de reconocer el talento, la t\u00e9cnica, la creatividad y el trabajo de los profesionales de la hosteler\u00eda de Castilla y Le\u00f3n.<\/p>\n<p><strong>Le\u00f3n, capital de la gastronom\u00eda en miniatura<\/strong><\/p>\n<figure id=\"attachment_35540\" aria-describedby=\"caption-attachment-35540\" style=\"width: 249px\" class=\"wp-caption alignleft\"><a href=\"https:\/\/www.hosteleriadigital.es\/wp-content\/uploads\/2026\/09\/pincho-oro-Azul-Mediterranec_Valladolid.jpg\"><img loading=\"lazy\" decoding=\"async\" src=\"https:\/\/www.hosteleriadigital.es\/wp-content\/uploads\/2026\/09\/pincho-oro-Azul-Mediterranec_Valladolid.jpg\" class=\"wp-image-35540 lazyload\" alt=\"\" width=\"249\" height=\"292\"\/><figcaption id=\"caption-attachment-35540\" class=\"wp-caption-text\"><noscript><img loading=\"lazy\" decoding=\"async\" class=\"wp-image-35540\" src=\"https:\/\/www.hosteleriadigital.es\/wp-content\/uploads\/2026\/09\/pincho-oro-Azul-Mediterranec_Valladolid.jpg\" alt=\"\" width=\"249\" height=\"292\" srcset=\"https:\/\/www.hosteleriadigital.es\/wp-content\/uploads\/2026\/09\/pincho-oro-Azul-Mediterranec_Valladolid.jpg 350w, https:\/\/www.hosteleriadigital.es\/wp-content\/uploads\/2026\/09\/pincho-oro-Azul-Mediterranec_Valladolid-256x300.jpg 256w, https:\/\/www.hosteleriadigital.es\/wp-content\/uploads\/2026\/09\/pincho-oro-Azul-Mediterranec_Valladolid-128x150.jpg 128w, https:\/\/www.hosteleriadigital.es\/wp-content\/uploads\/2026\/09\/pincho-oro-Azul-Mediterranec_Valladolid-300x350.jpg 300w, https:\/\/www.hosteleriadigital.es\/wp-content\/uploads\/2026\/09\/pincho-oro-Azul-Mediterranec_Valladolid-341x400.jpg 341w\" sizes=\"auto, (max-width: 249px) 100vw, 249px\"\/><\/noscript><\/figcaption><\/a> El restaurante vallisoletano Azul Mediterr\u00e1neo gan\u00f3 el Pincho de Oro en el primer Concurso Oficial de Pinchos y Tapas de Castilla y Le\u00f3n con su creaci\u00f3n llamada \u00abLechazus Deliciosus\u00bb<\/figure>\n<p>La elecci\u00f3n de Le\u00f3n como sede de esta segunda edici\u00f3n\u00a0 vincula el concurso y la promoci\u00f3n tur\u00edstica y gastron\u00f3mica de Castilla y Le\u00f3n.<\/p>\n<p>El tapeo forma parte de la identidad de la ciudad y constituye uno de sus grandes atractivos. Zonas como el <strong>Barrio H\u00famedo y el Barrio Rom\u00e1ntico<\/strong> han convertido la costumbre de recorrer bares y probar diferentes tapas en una experiencia estrechamente ligada a cualquier visita a la capital leonesa.<\/p>\n<p>La celebraci\u00f3n del concurso permitir\u00e1 sumar durante esos d\u00edas una nueva propuesta a una ciudad que combina patrimonio hist\u00f3rico, cultura y una de las tradiciones gastron\u00f3micas m\u00e1s reconocibles de Castilla y Le\u00f3n.<\/p>\n<p><strong>La gastronom\u00eda como motor tur\u00edstico<\/strong><\/p>\n<p>El <strong>II Concurso Regional de Pinchos y Tapas <\/strong>busca ir m\u00e1s all\u00e1 de la competici\u00f3n y convertirse tambi\u00e9n en una herramienta de promoci\u00f3n de la gastronom\u00eda de las nueve provincias.<\/p>\n<p>La tapa permite mostrar en un formato accesible y creativo algunos de los productos y sabores que definen cada territorio y supone, al mismo tiempo, una invitaci\u00f3n a recorrer la Comunidad para descubrirlos en su lugar de origen.<\/p>\n<p>\u00c1vila, Burgos, Le\u00f3n, Palencia, Salamanca, Segovia, Soria, Valladolid y Zamora conforman un territorio con una extraordinaria riqueza gastron\u00f3mica, cultural y patrimonial, en el que la hosteler\u00eda desempe\u00f1a adem\u00e1s un papel fundamental en la econom\u00eda y en la vida social de sus ciudades y pueblos.<\/p>\n<p>El concurso pretende contribuir a dar visibilidad al trabajo de sus profesionales y establecimientos y reforzar la gastronom\u00eda como uno de los grandes argumentos para visitar Castilla y Le\u00f3n.<strong>\u00a0<\/strong><\/p>\n<p><strong>La Confederaci\u00f3n Regional de Hosteler\u00eda y Turismo, HOSTURCyL<\/strong><\/p>\n<p>HOSTURCyL aglutina a asociaciones y establecimientos de hosteler\u00eda, alojamiento y turismo de las nueve provincias de Castilla y Le\u00f3n. Est\u00e1 integrado por m\u00e1s de 2.700 empresas del sector y trabaja por la protecci\u00f3n y difusi\u00f3n del producto local y el desarrollo sostenible de la regi\u00f3n.<\/p>\n<p>Su presidente, Jaime Fern\u00e1ndez Lafuente, ha expresado su compromiso con el relanzamiento gastron\u00f3mico y tur\u00edstico de la comunidad aut\u00f3noma a trav\u00e9s de diversas iniciativas y actividades.<\/p>\n<p>\u00a0<\/p>\n<p>\u00a0<\/p>\n<p><a href=\"https:\/\/www.hosteleriadigital.es\/wp-content\/uploads\/2026\/09\/CYL.jpg\"><img loading=\"lazy\" decoding=\"async\" src=\"https:\/\/www.hosteleriadigital.es\/wp-content\/uploads\/2026\/09\/CYL.jpg\" class=\"alignleft size-full wp-image-35538 lazyload\" alt=\"\" width=\"1134\" height=\"194\"\/><noscript><img loading=\"lazy\" decoding=\"async\" class=\"alignleft size-full wp-image-35538\" src=\"https:\/\/www.hosteleriadigital.es\/wp-content\/uploads\/2026\/09\/CYL.jpg\" alt=\"\" width=\"1134\" height=\"194\" srcset=\"https:\/\/www.hosteleriadigital.es\/wp-content\/uploads\/2026\/09\/CYL.jpg 1134w, https:\/\/www.hosteleriadigital.es\/wp-content\/uploads\/2026\/09\/CYL-300x51.jpg 300w, https:\/\/www.hosteleriadigital.es\/wp-content\/uploads\/2026\/09\/CYL-1024x175.jpg 1024w, https:\/\/www.hosteleriadigital.es\/wp-content\/uploads\/2026\/09\/CYL-150x26.jpg 150w, https:\/\/www.hosteleriadigital.es\/wp-content\/uploads\/2026\/09\/CYL-768x131.jpg 768w, https:\/\/www.hosteleriadigital.es\/wp-content\/uploads\/2026\/09\/CYL-640x109.jpg 640w, https:\/\/www.hosteleriadigital.es\/wp-content\/uploads\/2026\/09\/CYL-681x117.jpg 681w\" sizes=\"auto, (max-width: 1134px) 100vw, 1134px\"\/><\/noscript><\/a><\/p>\n<\/div>\n<p><a href=\"https:\/\/www.hosteleriadigital.es\/2026\/09\/02\/leon-acogera-la-ii-edicion-del-concurso-regional-de-pinchos-y-tapas-de-castilla-y-leon\/\">source<\/a><\/p>","protected":false},"excerpt":{"rendered":"<p>Le\u00f3n se convertir\u00e1 los pr\u00f3ximos 28 y 29 de septiembre en punto<span class=\"excerpt-hellip\"> [\u2026]<\/span><\/p>\n","protected":false},"author":0,"featured_media":0,"comment_status":"","ping_status":"","sticky":false,"template":"","format":"standard","meta":{"_acf_changed":false,"footnotes":""},"categories":[1],"tags":[],"class_list":["post-6094","post","type-post","status-publish","format-standard","hentry","category-noticias-externas"],"acf":[],"yoast_head":"<!-- This site is optimized with the Yoast SEO plugin v28.4 - https:\/\/yoast.com\/product\/yoast-seo-wordpress\/ -->\n<title>Le\u00f3n acoger\u00e1 la II edici\u00f3n del Concurso Regional de Pinchos y Tapas de Castilla y Le\u00f3n - ARA | Asociaci\u00f3n de Restaurantes Alicante<\/title>\n<meta name=\"robots\" content=\"index, follow, max-snippet:-1, max-image-preview:large, max-video-preview:-1\" \/>\n<link rel=\"canonical\" href=\"https:\/\/www.araalicante.com\/en\/leon-acogera-la-ii-edicion-del-concurso-regional-de-pinchos-y-tapas-de-castilla-y-leon\/\" \/>\n<meta property=\"og:locale\" content=\"en_GB\" \/>\n<meta property=\"og:type\" content=\"article\" \/>\n<meta property=\"og:title\" content=\"Le\u00f3n acoger\u00e1 la II edici\u00f3n del Concurso Regional de Pinchos y Tapas de Castilla y Le\u00f3n - ARA | Asociaci\u00f3n de Restaurantes Alicante\" \/>\n<meta property=\"og:description\" content=\"Le\u00f3n se convertir\u00e1 los pr\u00f3ximos 28 y 29 de septiembre en punto [\u2026]\" \/>\n<meta property=\"og:url\" content=\"https:\/\/www.araalicante.com\/en\/leon-acogera-la-ii-edicion-del-concurso-regional-de-pinchos-y-tapas-de-castilla-y-leon\/\" \/>\n<meta property=\"og:site_name\" content=\"ARA | Asociaci\u00f3n de Restaurantes Alicante\" \/>\n<meta property=\"article:publisher\" content=\"https:\/\/www.facebook.com\/Ararestaurantesalicante\" \/>\n<meta property=\"article:published_time\" content=\"2026-09-02T15:27:57+00:00\" \/>\n<meta property=\"og:image\" content=\"https:\/\/www.hosteleriadigital.es\/wp-content\/uploads\/2026\/09\/CyL-foto-familia-640x426.jpg\" \/>\n<meta name=\"twitter:card\" content=\"summary_large_image\" \/>\n<meta name=\"twitter:label1\" content=\"Estimated reading time\" \/>\n\t<meta name=\"twitter:data1\" content=\"5 minutes\" \/>\n<script type=\"application\/ld+json\" class=\"yoast-schema-graph\">{\"@context\":\"https:\\\/\\\/schema.org\",\"@graph\":[{\"@type\":\"Article\",\"@id\":\"https:\\\/\\\/www.araalicante.com\\\/leon-acogera-la-ii-edicion-del-concurso-regional-de-pinchos-y-tapas-de-castilla-y-leon\\\/#article\",\"isPartOf\":{\"@id\":\"https:\\\/\\\/www.araalicante.com\\\/leon-acogera-la-ii-edicion-del-concurso-regional-de-pinchos-y-tapas-de-castilla-y-leon\\\/\"},\"author\":{\"name\":\"\",\"@id\":\"\"},\"headline\":\"Le\u00f3n acoger\u00e1 la II edici\u00f3n del Concurso Regional de Pinchos y Tapas de Castilla y Le\u00f3n\",\"datePublished\":\"2026-09-02T15:27:57+00:00\",\"mainEntityOfPage\":{\"@id\":\"https:\\\/\\\/www.araalicante.com\\\/leon-acogera-la-ii-edicion-del-concurso-regional-de-pinchos-y-tapas-de-castilla-y-leon\\\/\"},\"wordCount\":978,\"publisher\":{\"@id\":\"https:\\\/\\\/www.araalicante.com\\\/#organization\"},\"image\":{\"@id\":\"https:\\\/\\\/www.araalicante.com\\\/leon-acogera-la-ii-edicion-del-concurso-regional-de-pinchos-y-tapas-de-castilla-y-leon\\\/#primaryimage\"},\"thumbnailUrl\":\"https:\\\/\\\/www.hosteleriadigital.es\\\/wp-content\\\/uploads\\\/2026\\\/09\\\/CyL-foto-familia-640x426.jpg\",\"articleSection\":[\"Noticias externas\"],\"inLanguage\":\"en-GB\"},{\"@type\":\"WebPage\",\"@id\":\"https:\\\/\\\/www.araalicante.com\\\/leon-acogera-la-ii-edicion-del-concurso-regional-de-pinchos-y-tapas-de-castilla-y-leon\\\/\",\"url\":\"https:\\\/\\\/www.araalicante.com\\\/leon-acogera-la-ii-edicion-del-concurso-regional-de-pinchos-y-tapas-de-castilla-y-leon\\\/\",\"name\":\"Le\u00f3n acoger\u00e1 la II edici\u00f3n del Concurso Regional de Pinchos y Tapas de Castilla y Le\u00f3n - ARA | Asociaci\u00f3n de Restaurantes Alicante\",\"isPartOf\":{\"@id\":\"https:\\\/\\\/www.araalicante.com\\\/#website\"},\"primaryImageOfPage\":{\"@id\":\"https:\\\/\\\/www.araalicante.com\\\/leon-acogera-la-ii-edicion-del-concurso-regional-de-pinchos-y-tapas-de-castilla-y-leon\\\/#primaryimage\"},\"image\":{\"@id\":\"https:\\\/\\\/www.araalicante.com\\\/leon-acogera-la-ii-edicion-del-concurso-regional-de-pinchos-y-tapas-de-castilla-y-leon\\\/#primaryimage\"},\"thumbnailUrl\":\"https:\\\/\\\/www.hosteleriadigital.es\\\/wp-content\\\/uploads\\\/2026\\\/09\\\/CyL-foto-familia-640x426.jpg\",\"datePublished\":\"2026-09-02T15:27:57+00:00\",\"breadcrumb\":{\"@id\":\"https:\\\/\\\/www.araalicante.com\\\/leon-acogera-la-ii-edicion-del-concurso-regional-de-pinchos-y-tapas-de-castilla-y-leon\\\/#breadcrumb\"},\"inLanguage\":\"en-GB\",\"potentialAction\":[{\"@type\":\"ReadAction\",\"target\":[\"https:\\\/\\\/www.araalicante.com\\\/leon-acogera-la-ii-edicion-del-concurso-regional-de-pinchos-y-tapas-de-castilla-y-leon\\\/\"]}]},{\"@type\":\"ImageObject\",\"inLanguage\":\"en-GB\",\"@id\":\"https:\\\/\\\/www.araalicante.com\\\/leon-acogera-la-ii-edicion-del-concurso-regional-de-pinchos-y-tapas-de-castilla-y-leon\\\/#primaryimage\",\"url\":\"https:\\\/\\\/www.hosteleriadigital.es\\\/wp-content\\\/uploads\\\/2026\\\/09\\\/CyL-foto-familia-640x426.jpg\",\"contentUrl\":\"https:\\\/\\\/www.hosteleriadigital.es\\\/wp-content\\\/uploads\\\/2026\\\/09\\\/CyL-foto-familia-640x426.jpg\"},{\"@type\":\"BreadcrumbList\",\"@id\":\"https:\\\/\\\/www.araalicante.com\\\/leon-acogera-la-ii-edicion-del-concurso-regional-de-pinchos-y-tapas-de-castilla-y-leon\\\/#breadcrumb\",\"itemListElement\":[{\"@type\":\"ListItem\",\"position\":1,\"name\":\"Portada\",\"item\":\"https:\\\/\\\/www.araalicante.com\\\/\"},{\"@type\":\"ListItem\",\"position\":2,\"name\":\"Le\u00f3n acoger\u00e1 la II edici\u00f3n del Concurso Regional de Pinchos y Tapas de Castilla y Le\u00f3n\"}]},{\"@type\":\"WebSite\",\"@id\":\"https:\\\/\\\/www.araalicante.com\\\/#website\",\"url\":\"https:\\\/\\\/www.araalicante.com\\\/\",\"name\":\"ARA | Asociaci\u00f3n de Restaurantes Alicante\",\"description\":\"Producto local, restauraci\u00f3n de calidad en Alicante y su provincia\",\"publisher\":{\"@id\":\"https:\\\/\\\/www.araalicante.com\\\/#organization\"},\"potentialAction\":[{\"@type\":\"SearchAction\",\"target\":{\"@type\":\"EntryPoint\",\"urlTemplate\":\"https:\\\/\\\/www.araalicante.com\\\/?s={search_term_string}\"},\"query-input\":{\"@type\":\"PropertyValueSpecification\",\"valueRequired\":true,\"valueName\":\"search_term_string\"}}],\"inLanguage\":\"en-GB\"},{\"@type\":\"Organization\",\"@id\":\"https:\\\/\\\/www.araalicante.com\\\/#organization\",\"name\":\"ARA | Asociaci\u00f3n de Restaurantes Alicante\",\"url\":\"https:\\\/\\\/www.araalicante.com\\\/\",\"logo\":{\"@type\":\"ImageObject\",\"inLanguage\":\"en-GB\",\"@id\":\"https:\\\/\\\/www.araalicante.com\\\/#\\\/schema\\\/logo\\\/image\\\/\",\"url\":\"https:\\\/\\\/www.araalicante.com\\\/wp-content\\\/uploads\\\/2023\\\/09\\\/logoara.png\",\"contentUrl\":\"https:\\\/\\\/www.araalicante.com\\\/wp-content\\\/uploads\\\/2023\\\/09\\\/logoara.png\",\"width\":400,\"height\":85,\"caption\":\"ARA | Asociaci\u00f3n de Restaurantes Alicante\"},\"image\":{\"@id\":\"https:\\\/\\\/www.araalicante.com\\\/#\\\/schema\\\/logo\\\/image\\\/\"},\"sameAs\":[\"https:\\\/\\\/www.facebook.com\\\/Ararestaurantesalicante\",\"https:\\\/\\\/www.instagram.com\\\/ararestaurantesalicante\\\/\"]}]}<\/script>\n<!-- \/ Yoast SEO plugin. -->","yoast_head_json":{"title":"Le\u00f3n acoger\u00e1 la II edici\u00f3n del Concurso Regional de Pinchos y Tapas de Castilla y Le\u00f3n - ARA | Asociaci\u00f3n de Restaurantes Alicante","robots":{"index":"index","follow":"follow","max-snippet":"max-snippet:-1","max-image-preview":"max-image-preview:large","max-video-preview":"max-video-preview:-1"},"canonical":"https:\/\/www.araalicante.com\/en\/leon-acogera-la-ii-edicion-del-concurso-regional-de-pinchos-y-tapas-de-castilla-y-leon\/","og_locale":"en_GB","og_type":"article","og_title":"Le\u00f3n acoger\u00e1 la II edici\u00f3n del Concurso Regional de Pinchos y Tapas de Castilla y Le\u00f3n - ARA | Asociaci\u00f3n de Restaurantes Alicante","og_description":"Le\u00f3n se convertir\u00e1 los pr\u00f3ximos 28 y 29 de septiembre en punto [\u2026]","og_url":"https:\/\/www.araalicante.com\/en\/leon-acogera-la-ii-edicion-del-concurso-regional-de-pinchos-y-tapas-de-castilla-y-leon\/","og_site_name":"ARA | Asociaci\u00f3n de Restaurantes Alicante","article_publisher":"https:\/\/www.facebook.com\/Ararestaurantesalicante","article_published_time":"2026-09-02T15:27:57+00:00","og_image":[{"url":"https:\/\/www.hosteleriadigital.es\/wp-content\/uploads\/2026\/09\/CyL-foto-familia-640x426.jpg","type":"","width":"","height":""}],"twitter_card":"summary_large_image","twitter_misc":{"Estimated reading time":"5 minutes"},"schema":{"@context":"https:\/\/schema.org","@graph":[{"@type":"Article","@id":"https:\/\/www.araalicante.com\/leon-acogera-la-ii-edicion-del-concurso-regional-de-pinchos-y-tapas-de-castilla-y-leon\/#article","isPartOf":{"@id":"https:\/\/www.araalicante.com\/leon-acogera-la-ii-edicion-del-concurso-regional-de-pinchos-y-tapas-de-castilla-y-leon\/"},"author":{"name":"","@id":""},"headline":"Le\u00f3n acoger\u00e1 la II edici\u00f3n del Concurso Regional de Pinchos y Tapas de Castilla y Le\u00f3n","datePublished":"2026-09-02T15:27:57+00:00","mainEntityOfPage":{"@id":"https:\/\/www.araalicante.com\/leon-acogera-la-ii-edicion-del-concurso-regional-de-pinchos-y-tapas-de-castilla-y-leon\/"},"wordCount":978,"publisher":{"@id":"https:\/\/www.araalicante.com\/#organization"},"image":{"@id":"https:\/\/www.araalicante.com\/leon-acogera-la-ii-edicion-del-concurso-regional-de-pinchos-y-tapas-de-castilla-y-leon\/#primaryimage"},"thumbnailUrl":"https:\/\/www.hosteleriadigital.es\/wp-content\/uploads\/2026\/09\/CyL-foto-familia-640x426.jpg","articleSection":["Noticias externas"],"inLanguage":"en-GB"},{"@type":"WebPage","@id":"https:\/\/www.araalicante.com\/leon-acogera-la-ii-edicion-del-concurso-regional-de-pinchos-y-tapas-de-castilla-y-leon\/","url":"https:\/\/www.araalicante.com\/leon-acogera-la-ii-edicion-del-concurso-regional-de-pinchos-y-tapas-de-castilla-y-leon\/","name":"Le\u00f3n acoger\u00e1 la II edici\u00f3n del Concurso Regional de Pinchos y Tapas de Castilla y Le\u00f3n - ARA | Asociaci\u00f3n de Restaurantes Alicante","isPartOf":{"@id":"https:\/\/www.araalicante.com\/#website"},"primaryImageOfPage":{"@id":"https:\/\/www.araalicante.com\/leon-acogera-la-ii-edicion-del-concurso-regional-de-pinchos-y-tapas-de-castilla-y-leon\/#primaryimage"},"image":{"@id":"https:\/\/www.araalicante.com\/leon-acogera-la-ii-edicion-del-concurso-regional-de-pinchos-y-tapas-de-castilla-y-leon\/#primaryimage"},"thumbnailUrl":"https:\/\/www.hosteleriadigital.es\/wp-content\/uploads\/2026\/09\/CyL-foto-familia-640x426.jpg","datePublished":"2026-09-02T15:27:57+00:00","breadcrumb":{"@id":"https:\/\/www.araalicante.com\/leon-acogera-la-ii-edicion-del-concurso-regional-de-pinchos-y-tapas-de-castilla-y-leon\/#breadcrumb"},"inLanguage":"en-GB","potentialAction":[{"@type":"ReadAction","target":["https:\/\/www.araalicante.com\/leon-acogera-la-ii-edicion-del-concurso-regional-de-pinchos-y-tapas-de-castilla-y-leon\/"]}]},{"@type":"ImageObject","inLanguage":"en-GB","@id":"https:\/\/www.araalicante.com\/leon-acogera-la-ii-edicion-del-concurso-regional-de-pinchos-y-tapas-de-castilla-y-leon\/#primaryimage","url":"https:\/\/www.hosteleriadigital.es\/wp-content\/uploads\/2026\/09\/CyL-foto-familia-640x426.jpg","contentUrl":"https:\/\/www.hosteleriadigital.es\/wp-content\/uploads\/2026\/09\/CyL-foto-familia-640x426.jpg"},{"@type":"BreadcrumbList","@id":"https:\/\/www.araalicante.com\/leon-acogera-la-ii-edicion-del-concurso-regional-de-pinchos-y-tapas-de-castilla-y-leon\/#breadcrumb","itemListElement":[{"@type":"ListItem","position":1,"name":"Portada","item":"https:\/\/www.araalicante.com\/"},{"@type":"ListItem","position":2,"name":"Le\u00f3n acoger\u00e1 la II edici\u00f3n del Concurso Regional de Pinchos y Tapas de Castilla y Le\u00f3n"}]},{"@type":"WebSite","@id":"https:\/\/www.araalicante.com\/#website","url":"https:\/\/www.araalicante.com\/","name":"ARA | Asociaci\u00f3n de Restaurantes Alicante","description":"Producto local, restauraci\u00f3n de calidad en Alicante y su provincia","publisher":{"@id":"https:\/\/www.araalicante.com\/#organization"},"potentialAction":[{"@type":"SearchAction","target":{"@type":"EntryPoint","urlTemplate":"https:\/\/www.araalicante.com\/?s={search_term_string}"},"query-input":{"@type":"PropertyValueSpecification","valueRequired":true,"valueName":"search_term_string"}}],"inLanguage":"en-GB"},{"@type":"Organization","@id":"https:\/\/www.araalicante.com\/#organization","name":"ARA | Asociaci\u00f3n de Restaurantes Alicante","url":"https:\/\/www.araalicante.com\/","logo":{"@type":"ImageObject","inLanguage":"en-GB","@id":"https:\/\/www.araalicante.com\/#\/schema\/logo\/image\/","url":"https:\/\/www.araalicante.com\/wp-content\/uploads\/2023\/09\/logoara.png","contentUrl":"https:\/\/www.araalicante.com\/wp-content\/uploads\/2023\/09\/logoara.png","width":400,"height":85,"caption":"ARA | Asociaci\u00f3n de Restaurantes Alicante"},"image":{"@id":"https:\/\/www.araalicante.com\/#\/schema\/logo\/image\/"},"sameAs":["https:\/\/www.facebook.com\/Ararestaurantesalicante","https:\/\/www.instagram.com\/ararestaurantesalicante\/"]}]}},"_links":{"self":[{"href":"https:\/\/www.araalicante.com\/en\/wp-json\/wp\/v2\/posts\/6094","targetHints":{"allow":["GET"]}}],"collection":[{"href":"https:\/\/www.araalicante.com\/en\/wp-json\/wp\/v2\/posts"}],"about":[{"href":"https:\/\/www.araalicante.com\/en\/wp-json\/wp\/v2\/types\/post"}],"replies":[{"embeddable":true,"href":"https:\/\/www.araalicante.com\/en\/wp-json\/wp\/v2\/comments?post=6094"}],"version-history":[{"count":0,"href":"https:\/\/www.araalicante.com\/en\/wp-json\/wp\/v2\/posts\/6094\/revisions"}],"wp:attachment":[{"href":"https:\/\/www.araalicante.com\/en\/wp-json\/wp\/v2\/media?parent=6094"}],"wp:term":[{"taxonomy":"category","embeddable":true,"href":"https:\/\/www.araalicante.com\/en\/wp-json\/wp\/v2\/categories?post=6094"},{"taxonomy":"post_tag","embeddable":true,"href":"https:\/\/www.araalicante.com\/en\/wp-json\/wp\/v2\/tags?post=6094"}],"curies":[{"name":"wp","href":"https:\/\/api.w.org\/{rel}","templated":true}]}}