{"id":6093,"date":"2026-09-02T05:44:48","date_gmt":"2026-09-02T03:44:48","guid":{"rendered":"https:\/\/www.araalicante.com\/las-visitas-de-turistas-internacionales-suben-un-46-en-julio-y-su-gasto-se-dispara-hasta-un-109\/"},"modified":"2026-09-02T05:44:48","modified_gmt":"2026-09-02T03:44:48","slug":"las-visitas-de-turistas-internacionales-suben-un-46-en-julio-y-su-gasto-se-dispara-hasta-un-109","status":"publish","type":"post","link":"https:\/\/www.araalicante.com\/en\/las-visitas-de-turistas-internacionales-suben-un-46-en-julio-y-su-gasto-se-dispara-hasta-un-109\/","title":{"rendered":"Las visitas de turistas internacionales suben un 4,6% en julio y su gasto se dispara hasta un 10,9%"},"content":{"rendered":"<div>\n<p><img fetchpriority=\"high\" decoding=\"async\" src=\"https:\/\/www.hosteleriadigital.es\/wp-content\/uploads\/2026\/09\/Turismojul26.jpg\" class=\"aligncenter wp-image-35523 size-full lazyload\" alt=\"\" width=\"524\" height=\"337\"\/><noscript><img loading=\"lazy\" decoding=\"async\" class=\"aligncenter wp-image-35523 size-full\" src=\"https:\/\/www.hosteleriadigital.es\/wp-content\/uploads\/2026\/09\/Turismojul26.jpg\" alt=\"\" width=\"524\" height=\"337\" srcset=\"https:\/\/www.hosteleriadigital.es\/wp-content\/uploads\/2026\/09\/Turismojul26.jpg 524w, https:\/\/www.hosteleriadigital.es\/wp-content\/uploads\/2026\/09\/Turismojul26-300x194.jpg 300w, https:\/\/www.hosteleriadigital.es\/wp-content\/uploads\/2026\/09\/Turismojul26-150x96.jpg 150w, https:\/\/www.hosteleriadigital.es\/wp-content\/uploads\/2026\/09\/Turismojul26-341x220.jpg 341w\" sizes=\"auto, (max-width: 524px) 100vw, 524px\"\/><\/noscript><\/p>\n<p>Espa\u00f1a recibi\u00f3 11,5 millones de turistas internacionales en julio, un 4,6% m\u00e1s que en el mismo mes de 2025, seg\u00fan los datos del Instituto Nacional de Estad\u00edstica (INE). En cuanto al gasto de los turistas internacionales, ha crecido en este mes un 10,9%, hasta alcanzar los 18.218 millones de euros.<\/p>\n<p>En el acumulado de los siete primeros meses de 2026, la llegada de turistas internacionales se sit\u00faa en 58,1 millones, lo que supone un crecimiento del 4,6% sobre el mismo periodo del a\u00f1o anterior. En cuanto al gasto, hasta julio los turistas for\u00e1neos han gastado cerca de 82.000 millones, un 7,8% m\u00e1s.<\/p>\n<p>Durante el mes de julio, cada turista internacional gast\u00f3 un promedio de 1.579 euros, lo que representa un incremento del 5,9% respecto al a\u00f1o anterior. El gasto medio diario de los visitantes se situ\u00f3 en 218 euros, con un crecimiento interanual del 3,7%.<\/p>\n<p>La duraci\u00f3n de la estancia mayoritaria entre los turistas en este mes fue de cuatro a siete noches, con m\u00e1s de 5,7 millones y un aumento anual del 8,7%. El n\u00famero de visitantes disminuy\u00f3 un 3,6% entre los que no pernoctan (excursionistas), mientras que se increment\u00f3 un 12,8% entre los turistas con mayor duraci\u00f3n (m\u00e1s de 15 noches).<\/p>\n<p>En el mes de julio, Reino Unido ha sido el primer pa\u00eds de origen de las personas que nos visitan, con 2,2 millones de turistas, un aumento del 5,6%. En cuanto al gasto, los ciudadanos de Reino Unido han dejado en Espa\u00f1a en julio 3.038 millones de euros, un 4,8% m\u00e1s que en el mismo mes de 2025.<\/p>\n<p>En segundo lugar, se encuentra Francia, cuyos turistas aumentaron un 2,3% respecto a julio de 2025, con cerca de 11,5 millones de turistas internacionales. El gasto tambi\u00e9n aumenta un 12,6% con un total de 1.644 millones de euros.<\/p>\n<p>Y la tercera posici\u00f3n es para Alemania. De este pa\u00eds han llegado 1,2 millones de turistas en julio, lo que se traduce en un aumento del 2,3% interanual. El gasto de los turistas alemanes alcanza los 1.751 millones de euros, un 11,5% m\u00e1s que el mismo mes de 2025.<\/p>\n<p>Este mes de julio destaca el crecimiento en el n\u00famero de visitantes de Italia, un 16,9% m\u00e1s, y de Suiza, un 13,2% por encima del mismo mes del a\u00f1o pasado. En cuanto al gasto, tambi\u00e9n destaca el fuerte aumento del mercado italiano, que crece un 24,5%. Notable es tambi\u00e9n el aumento del gasto del cap\u00edtulo \u2018Resto del mundo\u2019, que progresa un 13,8% interanual.<\/p>\n<p><strong>Baleares, destino mayoritario en julio<\/strong><\/p>\n<p>Baleares fue tambi\u00e9n, como en junio, el primer destino principal de los turistas en julio, con el 22,3% del total. Le siguieron Catalu\u00f1a (20,6%) y Andaluc\u00eda (14,6%). A Baleares llegaron un 0,1% m\u00e1s de turistas que en julio de 2025. El n\u00famero de visitantes a Catalu\u00f1a aument\u00f3 un 0,8% y a Andaluc\u00eda vinieron un 7,5% m\u00e1s. El mayor porcentaje de incremento se da en este mes en el apartado \u2018Resto de comunidades\u2019, que crece un 11,8%.<\/p>\n<p>En cuanto al gasto, este aument\u00f3 un 8,3% en tasa anual en Baleares, un 13% en Catalu\u00f1a y un 23,4% en Andaluc\u00eda. En el cap\u00edtulo del gasto tambi\u00e9n hay que destacar la notable subida del \u2018Resto de comunidades\u2019, con un porcentaje de incremento del 17,4%.<\/p>\n<\/div>\n<p><a href=\"https:\/\/www.hosteleriadigital.es\/2026\/09\/01\/las-visitas-de-turistas-internacionales-suben-un-46-en-julio-y-su-gasto-se-dispara-hasta-un-109\/\">source<\/a><\/p>","protected":false},"excerpt":{"rendered":"<p>Espa\u00f1a recibi\u00f3 11,5 millones de turistas internacionales en julio, un 4,6% m\u00e1s<span class=\"excerpt-hellip\"> [\u2026]<\/span><\/p>\n","protected":false},"author":0,"featured_media":0,"comment_status":"","ping_status":"","sticky":false,"template":"","format":"standard","meta":{"_acf_changed":false,"footnotes":""},"categories":[1],"tags":[],"class_list":["post-6093","post","type-post","status-publish","format-standard","hentry","category-noticias-externas"],"acf":[],"yoast_head":"<!-- This site is optimized with the Yoast SEO plugin v28.4 - https:\/\/yoast.com\/product\/yoast-seo-wordpress\/ -->\n<title>Las visitas de turistas internacionales suben un 4,6% en julio y su gasto se dispara hasta un 10,9% - ARA | Asociaci\u00f3n de Restaurantes Alicante<\/title>\n<meta name=\"robots\" content=\"index, follow, max-snippet:-1, max-image-preview:large, max-video-preview:-1\" \/>\n<link rel=\"canonical\" href=\"https:\/\/www.araalicante.com\/en\/las-visitas-de-turistas-internacionales-suben-un-46-en-julio-y-su-gasto-se-dispara-hasta-un-109\/\" \/>\n<meta property=\"og:locale\" content=\"en_GB\" \/>\n<meta property=\"og:type\" content=\"article\" \/>\n<meta property=\"og:title\" content=\"Las visitas de turistas internacionales suben un 4,6% en julio y su gasto se dispara hasta un 10,9% - ARA | Asociaci\u00f3n de Restaurantes Alicante\" \/>\n<meta property=\"og:description\" content=\"Espa\u00f1a recibi\u00f3 11,5 millones de turistas internacionales en julio, un 4,6% m\u00e1s [\u2026]\" \/>\n<meta property=\"og:url\" content=\"https:\/\/www.araalicante.com\/en\/las-visitas-de-turistas-internacionales-suben-un-46-en-julio-y-su-gasto-se-dispara-hasta-un-109\/\" \/>\n<meta property=\"og:site_name\" content=\"ARA | Asociaci\u00f3n de Restaurantes Alicante\" \/>\n<meta property=\"article:publisher\" content=\"https:\/\/www.facebook.com\/Ararestaurantesalicante\" \/>\n<meta property=\"article:published_time\" content=\"2026-09-02T03:44:48+00:00\" \/>\n<meta property=\"og:image\" content=\"https:\/\/www.araalicante.com\/wp-content\/uploads\/2023\/10\/Sin-titulo-1.png\" \/>\n\t<meta property=\"og:image:width\" content=\"200\" \/>\n\t<meta property=\"og:image:height\" content=\"200\" \/>\n\t<meta property=\"og:image:type\" content=\"image\/png\" \/>\n<meta name=\"twitter:card\" content=\"summary_large_image\" \/>\n<meta name=\"twitter:label1\" content=\"Estimated reading time\" \/>\n\t<meta name=\"twitter:data1\" content=\"3 minutes\" \/>\n<script type=\"application\/ld+json\" class=\"yoast-schema-graph\">{\"@context\":\"https:\\\/\\\/schema.org\",\"@graph\":[{\"@type\":\"Article\",\"@id\":\"https:\\\/\\\/www.araalicante.com\\\/las-visitas-de-turistas-internacionales-suben-un-46-en-julio-y-su-gasto-se-dispara-hasta-un-109\\\/#article\",\"isPartOf\":{\"@id\":\"https:\\\/\\\/www.araalicante.com\\\/las-visitas-de-turistas-internacionales-suben-un-46-en-julio-y-su-gasto-se-dispara-hasta-un-109\\\/\"},\"author\":{\"name\":\"\",\"@id\":\"\"},\"headline\":\"Las visitas de turistas internacionales suben un 4,6% en julio y su gasto se dispara hasta un 10,9%\",\"datePublished\":\"2026-09-02T03:44:48+00:00\",\"mainEntityOfPage\":{\"@id\":\"https:\\\/\\\/www.araalicante.com\\\/las-visitas-de-turistas-internacionales-suben-un-46-en-julio-y-su-gasto-se-dispara-hasta-un-109\\\/\"},\"wordCount\":543,\"publisher\":{\"@id\":\"https:\\\/\\\/www.araalicante.com\\\/#organization\"},\"image\":{\"@id\":\"https:\\\/\\\/www.araalicante.com\\\/las-visitas-de-turistas-internacionales-suben-un-46-en-julio-y-su-gasto-se-dispara-hasta-un-109\\\/#primaryimage\"},\"thumbnailUrl\":\"https:\\\/\\\/www.hosteleriadigital.es\\\/wp-content\\\/uploads\\\/2026\\\/09\\\/Turismojul26.jpg\",\"articleSection\":[\"Noticias externas\"],\"inLanguage\":\"en-GB\"},{\"@type\":\"WebPage\",\"@id\":\"https:\\\/\\\/www.araalicante.com\\\/las-visitas-de-turistas-internacionales-suben-un-46-en-julio-y-su-gasto-se-dispara-hasta-un-109\\\/\",\"url\":\"https:\\\/\\\/www.araalicante.com\\\/las-visitas-de-turistas-internacionales-suben-un-46-en-julio-y-su-gasto-se-dispara-hasta-un-109\\\/\",\"name\":\"Las visitas de turistas internacionales suben un 4,6% en julio y su gasto se dispara hasta un 10,9% - ARA | Asociaci\u00f3n de Restaurantes Alicante\",\"isPartOf\":{\"@id\":\"https:\\\/\\\/www.araalicante.com\\\/#website\"},\"primaryImageOfPage\":{\"@id\":\"https:\\\/\\\/www.araalicante.com\\\/las-visitas-de-turistas-internacionales-suben-un-46-en-julio-y-su-gasto-se-dispara-hasta-un-109\\\/#primaryimage\"},\"image\":{\"@id\":\"https:\\\/\\\/www.araalicante.com\\\/las-visitas-de-turistas-internacionales-suben-un-46-en-julio-y-su-gasto-se-dispara-hasta-un-109\\\/#primaryimage\"},\"thumbnailUrl\":\"https:\\\/\\\/www.hosteleriadigital.es\\\/wp-content\\\/uploads\\\/2026\\\/09\\\/Turismojul26.jpg\",\"datePublished\":\"2026-09-02T03:44:48+00:00\",\"breadcrumb\":{\"@id\":\"https:\\\/\\\/www.araalicante.com\\\/las-visitas-de-turistas-internacionales-suben-un-46-en-julio-y-su-gasto-se-dispara-hasta-un-109\\\/#breadcrumb\"},\"inLanguage\":\"en-GB\",\"potentialAction\":[{\"@type\":\"ReadAction\",\"target\":[\"https:\\\/\\\/www.araalicante.com\\\/las-visitas-de-turistas-internacionales-suben-un-46-en-julio-y-su-gasto-se-dispara-hasta-un-109\\\/\"]}]},{\"@type\":\"ImageObject\",\"inLanguage\":\"en-GB\",\"@id\":\"https:\\\/\\\/www.araalicante.com\\\/las-visitas-de-turistas-internacionales-suben-un-46-en-julio-y-su-gasto-se-dispara-hasta-un-109\\\/#primaryimage\",\"url\":\"https:\\\/\\\/www.hosteleriadigital.es\\\/wp-content\\\/uploads\\\/2026\\\/09\\\/Turismojul26.jpg\",\"contentUrl\":\"https:\\\/\\\/www.hosteleriadigital.es\\\/wp-content\\\/uploads\\\/2026\\\/09\\\/Turismojul26.jpg\"},{\"@type\":\"BreadcrumbList\",\"@id\":\"https:\\\/\\\/www.araalicante.com\\\/las-visitas-de-turistas-internacionales-suben-un-46-en-julio-y-su-gasto-se-dispara-hasta-un-109\\\/#breadcrumb\",\"itemListElement\":[{\"@type\":\"ListItem\",\"position\":1,\"name\":\"Portada\",\"item\":\"https:\\\/\\\/www.araalicante.com\\\/\"},{\"@type\":\"ListItem\",\"position\":2,\"name\":\"Las visitas de turistas internacionales suben un 4,6% en julio y su gasto se dispara hasta un 10,9%\"}]},{\"@type\":\"WebSite\",\"@id\":\"https:\\\/\\\/www.araalicante.com\\\/#website\",\"url\":\"https:\\\/\\\/www.araalicante.com\\\/\",\"name\":\"ARA | Asociaci\u00f3n de Restaurantes Alicante\",\"description\":\"Producto local, restauraci\u00f3n de calidad en Alicante y su provincia\",\"publisher\":{\"@id\":\"https:\\\/\\\/www.araalicante.com\\\/#organization\"},\"potentialAction\":[{\"@type\":\"SearchAction\",\"target\":{\"@type\":\"EntryPoint\",\"urlTemplate\":\"https:\\\/\\\/www.araalicante.com\\\/?s={search_term_string}\"},\"query-input\":{\"@type\":\"PropertyValueSpecification\",\"valueRequired\":true,\"valueName\":\"search_term_string\"}}],\"inLanguage\":\"en-GB\"},{\"@type\":\"Organization\",\"@id\":\"https:\\\/\\\/www.araalicante.com\\\/#organization\",\"name\":\"ARA | Asociaci\u00f3n de Restaurantes Alicante\",\"url\":\"https:\\\/\\\/www.araalicante.com\\\/\",\"logo\":{\"@type\":\"ImageObject\",\"inLanguage\":\"en-GB\",\"@id\":\"https:\\\/\\\/www.araalicante.com\\\/#\\\/schema\\\/logo\\\/image\\\/\",\"url\":\"https:\\\/\\\/www.araalicante.com\\\/wp-content\\\/uploads\\\/2023\\\/09\\\/logoara.png\",\"contentUrl\":\"https:\\\/\\\/www.araalicante.com\\\/wp-content\\\/uploads\\\/2023\\\/09\\\/logoara.png\",\"width\":400,\"height\":85,\"caption\":\"ARA | Asociaci\u00f3n de Restaurantes Alicante\"},\"image\":{\"@id\":\"https:\\\/\\\/www.araalicante.com\\\/#\\\/schema\\\/logo\\\/image\\\/\"},\"sameAs\":[\"https:\\\/\\\/www.facebook.com\\\/Ararestaurantesalicante\",\"https:\\\/\\\/www.instagram.com\\\/ararestaurantesalicante\\\/\"]}]}<\/script>\n<!-- \/ Yoast SEO plugin. -->","yoast_head_json":{"title":"Las visitas de turistas internacionales suben un 4,6% en julio y su gasto se dispara hasta un 10,9% - ARA | Asociaci\u00f3n de Restaurantes Alicante","robots":{"index":"index","follow":"follow","max-snippet":"max-snippet:-1","max-image-preview":"max-image-preview:large","max-video-preview":"max-video-preview:-1"},"canonical":"https:\/\/www.araalicante.com\/en\/las-visitas-de-turistas-internacionales-suben-un-46-en-julio-y-su-gasto-se-dispara-hasta-un-109\/","og_locale":"en_GB","og_type":"article","og_title":"Las visitas de turistas internacionales suben un 4,6% en julio y su gasto se dispara hasta un 10,9% - ARA | Asociaci\u00f3n de Restaurantes Alicante","og_description":"Espa\u00f1a recibi\u00f3 11,5 millones de turistas internacionales en julio, un 4,6% m\u00e1s [\u2026]","og_url":"https:\/\/www.araalicante.com\/en\/las-visitas-de-turistas-internacionales-suben-un-46-en-julio-y-su-gasto-se-dispara-hasta-un-109\/","og_site_name":"ARA | Asociaci\u00f3n de Restaurantes Alicante","article_publisher":"https:\/\/www.facebook.com\/Ararestaurantesalicante","article_published_time":"2026-09-02T03:44:48+00:00","og_image":[{"width":200,"height":200,"url":"https:\/\/www.araalicante.com\/wp-content\/uploads\/2023\/10\/Sin-titulo-1.png","type":"image\/png"}],"twitter_card":"summary_large_image","twitter_misc":{"Estimated reading time":"3 minutes"},"schema":{"@context":"https:\/\/schema.org","@graph":[{"@type":"Article","@id":"https:\/\/www.araalicante.com\/las-visitas-de-turistas-internacionales-suben-un-46-en-julio-y-su-gasto-se-dispara-hasta-un-109\/#article","isPartOf":{"@id":"https:\/\/www.araalicante.com\/las-visitas-de-turistas-internacionales-suben-un-46-en-julio-y-su-gasto-se-dispara-hasta-un-109\/"},"author":{"name":"","@id":""},"headline":"Las visitas de turistas internacionales suben un 4,6% en julio y su gasto se dispara hasta un 10,9%","datePublished":"2026-09-02T03:44:48+00:00","mainEntityOfPage":{"@id":"https:\/\/www.araalicante.com\/las-visitas-de-turistas-internacionales-suben-un-46-en-julio-y-su-gasto-se-dispara-hasta-un-109\/"},"wordCount":543,"publisher":{"@id":"https:\/\/www.araalicante.com\/#organization"},"image":{"@id":"https:\/\/www.araalicante.com\/las-visitas-de-turistas-internacionales-suben-un-46-en-julio-y-su-gasto-se-dispara-hasta-un-109\/#primaryimage"},"thumbnailUrl":"https:\/\/www.hosteleriadigital.es\/wp-content\/uploads\/2026\/09\/Turismojul26.jpg","articleSection":["Noticias externas"],"inLanguage":"en-GB"},{"@type":"WebPage","@id":"https:\/\/www.araalicante.com\/las-visitas-de-turistas-internacionales-suben-un-46-en-julio-y-su-gasto-se-dispara-hasta-un-109\/","url":"https:\/\/www.araalicante.com\/las-visitas-de-turistas-internacionales-suben-un-46-en-julio-y-su-gasto-se-dispara-hasta-un-109\/","name":"Las visitas de turistas internacionales suben un 4,6% en julio y su gasto se dispara hasta un 10,9% - ARA | Asociaci\u00f3n de Restaurantes Alicante","isPartOf":{"@id":"https:\/\/www.araalicante.com\/#website"},"primaryImageOfPage":{"@id":"https:\/\/www.araalicante.com\/las-visitas-de-turistas-internacionales-suben-un-46-en-julio-y-su-gasto-se-dispara-hasta-un-109\/#primaryimage"},"image":{"@id":"https:\/\/www.araalicante.com\/las-visitas-de-turistas-internacionales-suben-un-46-en-julio-y-su-gasto-se-dispara-hasta-un-109\/#primaryimage"},"thumbnailUrl":"https:\/\/www.hosteleriadigital.es\/wp-content\/uploads\/2026\/09\/Turismojul26.jpg","datePublished":"2026-09-02T03:44:48+00:00","breadcrumb":{"@id":"https:\/\/www.araalicante.com\/las-visitas-de-turistas-internacionales-suben-un-46-en-julio-y-su-gasto-se-dispara-hasta-un-109\/#breadcrumb"},"inLanguage":"en-GB","potentialAction":[{"@type":"ReadAction","target":["https:\/\/www.araalicante.com\/las-visitas-de-turistas-internacionales-suben-un-46-en-julio-y-su-gasto-se-dispara-hasta-un-109\/"]}]},{"@type":"ImageObject","inLanguage":"en-GB","@id":"https:\/\/www.araalicante.com\/las-visitas-de-turistas-internacionales-suben-un-46-en-julio-y-su-gasto-se-dispara-hasta-un-109\/#primaryimage","url":"https:\/\/www.hosteleriadigital.es\/wp-content\/uploads\/2026\/09\/Turismojul26.jpg","contentUrl":"https:\/\/www.hosteleriadigital.es\/wp-content\/uploads\/2026\/09\/Turismojul26.jpg"},{"@type":"BreadcrumbList","@id":"https:\/\/www.araalicante.com\/las-visitas-de-turistas-internacionales-suben-un-46-en-julio-y-su-gasto-se-dispara-hasta-un-109\/#breadcrumb","itemListElement":[{"@type":"ListItem","position":1,"name":"Portada","item":"https:\/\/www.araalicante.com\/"},{"@type":"ListItem","position":2,"name":"Las visitas de turistas internacionales suben un 4,6% en julio y su gasto se dispara hasta un 10,9%"}]},{"@type":"WebSite","@id":"https:\/\/www.araalicante.com\/#website","url":"https:\/\/www.araalicante.com\/","name":"ARA | Asociaci\u00f3n de Restaurantes Alicante","description":"Producto local, restauraci\u00f3n de calidad en Alicante y su provincia","publisher":{"@id":"https:\/\/www.araalicante.com\/#organization"},"potentialAction":[{"@type":"SearchAction","target":{"@type":"EntryPoint","urlTemplate":"https:\/\/www.araalicante.com\/?s={search_term_string}"},"query-input":{"@type":"PropertyValueSpecification","valueRequired":true,"valueName":"search_term_string"}}],"inLanguage":"en-GB"},{"@type":"Organization","@id":"https:\/\/www.araalicante.com\/#organization","name":"ARA | Asociaci\u00f3n de Restaurantes Alicante","url":"https:\/\/www.araalicante.com\/","logo":{"@type":"ImageObject","inLanguage":"en-GB","@id":"https:\/\/www.araalicante.com\/#\/schema\/logo\/image\/","url":"https:\/\/www.araalicante.com\/wp-content\/uploads\/2023\/09\/logoara.png","contentUrl":"https:\/\/www.araalicante.com\/wp-content\/uploads\/2023\/09\/logoara.png","width":400,"height":85,"caption":"ARA | Asociaci\u00f3n de Restaurantes Alicante"},"image":{"@id":"https:\/\/www.araalicante.com\/#\/schema\/logo\/image\/"},"sameAs":["https:\/\/www.facebook.com\/Ararestaurantesalicante","https:\/\/www.instagram.com\/ararestaurantesalicante\/"]}]}},"_links":{"self":[{"href":"https:\/\/www.araalicante.com\/en\/wp-json\/wp\/v2\/posts\/6093","targetHints":{"allow":["GET"]}}],"collection":[{"href":"https:\/\/www.araalicante.com\/en\/wp-json\/wp\/v2\/posts"}],"about":[{"href":"https:\/\/www.araalicante.com\/en\/wp-json\/wp\/v2\/types\/post"}],"replies":[{"embeddable":true,"href":"https:\/\/www.araalicante.com\/en\/wp-json\/wp\/v2\/comments?post=6093"}],"version-history":[{"count":0,"href":"https:\/\/www.araalicante.com\/en\/wp-json\/wp\/v2\/posts\/6093\/revisions"}],"wp:attachment":[{"href":"https:\/\/www.araalicante.com\/en\/wp-json\/wp\/v2\/media?parent=6093"}],"wp:term":[{"taxonomy":"category","embeddable":true,"href":"https:\/\/www.araalicante.com\/en\/wp-json\/wp\/v2\/categories?post=6093"},{"taxonomy":"post_tag","embeddable":true,"href":"https:\/\/www.araalicante.com\/en\/wp-json\/wp\/v2\/tags?post=6093"}],"curies":[{"name":"wp","href":"https:\/\/api.w.org\/{rel}","templated":true}]}}