{"id":6092,"date":"2026-09-02T04:04:48","date_gmt":"2026-09-02T02:04:48","guid":{"rendered":"https:\/\/www.araalicante.com\/los-asientos-previstos-en-vuelos-internacionales-para-septiembre-rozan-los-131-millones-un-74-mas-que-hace-un-ano\/"},"modified":"2026-09-02T04:04:48","modified_gmt":"2026-09-02T02:04:48","slug":"los-asientos-previstos-en-vuelos-internacionales-para-septiembre-rozan-los-131-millones-un-74-mas-que-hace-un-ano","status":"publish","type":"post","link":"https:\/\/www.araalicante.com\/en\/los-asientos-previstos-en-vuelos-internacionales-para-septiembre-rozan-los-131-millones-un-74-mas-que-hace-un-ano\/","title":{"rendered":"Los asientos previstos en vuelos internacionales para septiembre rozan los 13,1 millones, un 7,4% m\u00e1s que hace un a\u00f1o"},"content":{"rendered":"<div>\n<div class=\"td-featured-image-rec\">\n<div class=\"td-post-featured-image\"><a href=\"https:\/\/www.hosteleriadigital.es\/wp-content\/uploads\/2017\/04\/turismo.jpg\" data-caption=\"\"><img loading=\"lazy\" decoding=\"async\" width=\"300\" height=\"119\" class=\"entry-thumb td-modal-image\" src=\"https:\/\/www.hosteleriadigital.es\/wp-content\/uploads\/2017\/04\/turismo-300x119.jpg\" srcset=\"https:\/\/www.hosteleriadigital.es\/wp-content\/uploads\/2017\/04\/turismo.jpg 300w, https:\/\/www.hosteleriadigital.es\/wp-content\/uploads\/2017\/04\/turismo-150x60.jpg 150w\" sizes=\"auto, (max-width: 300px) 100vw, 300px\" alt=\"\" title=\"turismo\"\/><\/a><\/div>\n<\/div>\n<p>El n\u00famero total de asientos previstos en vuelos internacionales hacia Espa\u00f1a para el mes de septiembre de 2026 se sit\u00faa en cerca de 13,1 millones, seg\u00fan datos de Turespa\u00f1a. En comparaci\u00f3n con el mismo periodo del a\u00f1o anterior, cuando se ofertaron 12,2 millones, el incremento interanual es del 7,4%.<\/p>\n<p>Este mes de septiembre proyecta para los principales mercados emisores del Reino Unido, Italia, Francia y Alemania una tendencia positiva con un incremento de plazas del 8,7% y del 13,2% los dos primeros; por su parte, Alemania y Francia presentan una proyecci\u00f3n m\u00e1s moderada con aumentos de asientos este mes del 3,4% y del 0,4% respectivamente.<\/p>\n<p>Destaca un mes m\u00e1s la aceleraci\u00f3n de Polonia con una proyecci\u00f3n de crecimiento superior al 30% y de Turqu\u00eda con una variaci\u00f3n interanual del 19,3%. Por su parte Estados Unidos, desacelera el aumento de capacidad de asientos situ\u00e1ndose en un leve 0,3%.<\/p>\n<p>Entre los pa\u00edses iberoamericanos, M\u00e9xico y Colombia registran el mayor volumen de capacidades programadas, con una subida del 11,6% el primero, y una notable desaceleraci\u00f3n el segundo (-0,9 %) para el noveno mes del a\u00f1o 2026.<\/p>\n<p><a href=\"https:\/\/conocimiento.tourspain.es\/export\/sites\/conocimiento\/.content\/Informes\/capacidad-aerea\/2026\/nota-capacidades-aereas-septiembre-2026.pdf\">Informe completo<\/a><\/p>\n<\/div>\n<p><a href=\"https:\/\/www.hosteleriadigital.es\/2026\/09\/01\/los-asientos-previstos-en-vuelos-internacionales-para-septiembre-rozan-los-131-millones-un-74-mas-que-hace-un-ano\/\">source<\/a><\/p>","protected":false},"excerpt":{"rendered":"<p>El n\u00famero total de asientos previstos en vuelos internacionales hacia Espa\u00f1a para<span class=\"excerpt-hellip\"> [\u2026]<\/span><\/p>\n","protected":false},"author":0,"featured_media":0,"comment_status":"","ping_status":"","sticky":false,"template":"","format":"standard","meta":{"_acf_changed":false,"footnotes":""},"categories":[1],"tags":[],"class_list":["post-6092","post","type-post","status-publish","format-standard","hentry","category-noticias-externas"],"acf":[],"yoast_head":"<!-- This site is optimized with the Yoast SEO plugin v28.4 - https:\/\/yoast.com\/product\/yoast-seo-wordpress\/ -->\n<title>Los asientos previstos en vuelos internacionales para septiembre rozan los 13,1 millones, un 7,4% m\u00e1s que hace un a\u00f1o - ARA | Asociaci\u00f3n de Restaurantes Alicante<\/title>\n<meta name=\"robots\" content=\"index, follow, max-snippet:-1, max-image-preview:large, max-video-preview:-1\" \/>\n<link rel=\"canonical\" href=\"https:\/\/www.araalicante.com\/en\/los-asientos-previstos-en-vuelos-internacionales-para-septiembre-rozan-los-131-millones-un-74-mas-que-hace-un-ano\/\" \/>\n<meta property=\"og:locale\" content=\"en_GB\" \/>\n<meta property=\"og:type\" content=\"article\" \/>\n<meta property=\"og:title\" content=\"Los asientos previstos en vuelos internacionales para septiembre rozan los 13,1 millones, un 7,4% m\u00e1s que hace un a\u00f1o - ARA | Asociaci\u00f3n de Restaurantes Alicante\" \/>\n<meta property=\"og:description\" content=\"El n\u00famero total de asientos previstos en vuelos internacionales hacia Espa\u00f1a para [\u2026]\" \/>\n<meta property=\"og:url\" content=\"https:\/\/www.araalicante.com\/en\/los-asientos-previstos-en-vuelos-internacionales-para-septiembre-rozan-los-131-millones-un-74-mas-que-hace-un-ano\/\" \/>\n<meta property=\"og:site_name\" content=\"ARA | Asociaci\u00f3n de Restaurantes Alicante\" \/>\n<meta property=\"article:publisher\" content=\"https:\/\/www.facebook.com\/Ararestaurantesalicante\" \/>\n<meta property=\"article:published_time\" content=\"2026-09-02T02:04:48+00:00\" \/>\n<meta property=\"og:image\" content=\"https:\/\/www.hosteleriadigital.es\/wp-content\/uploads\/2017\/04\/turismo-300x119.jpg\" \/>\n<meta name=\"twitter:card\" content=\"summary_large_image\" \/>\n<meta name=\"twitter:label1\" content=\"Estimated reading time\" \/>\n\t<meta name=\"twitter:data1\" content=\"1 minute\" \/>\n<script type=\"application\/ld+json\" class=\"yoast-schema-graph\">{\"@context\":\"https:\\\/\\\/schema.org\",\"@graph\":[{\"@type\":\"Article\",\"@id\":\"https:\\\/\\\/www.araalicante.com\\\/los-asientos-previstos-en-vuelos-internacionales-para-septiembre-rozan-los-131-millones-un-74-mas-que-hace-un-ano\\\/#article\",\"isPartOf\":{\"@id\":\"https:\\\/\\\/www.araalicante.com\\\/los-asientos-previstos-en-vuelos-internacionales-para-septiembre-rozan-los-131-millones-un-74-mas-que-hace-un-ano\\\/\"},\"author\":{\"name\":\"\",\"@id\":\"\"},\"headline\":\"Los asientos previstos en vuelos internacionales para septiembre rozan los 13,1 millones, un 7,4% m\u00e1s que hace un a\u00f1o\",\"datePublished\":\"2026-09-02T02:04:48+00:00\",\"mainEntityOfPage\":{\"@id\":\"https:\\\/\\\/www.araalicante.com\\\/los-asientos-previstos-en-vuelos-internacionales-para-septiembre-rozan-los-131-millones-un-74-mas-que-hace-un-ano\\\/\"},\"wordCount\":210,\"publisher\":{\"@id\":\"https:\\\/\\\/www.araalicante.com\\\/#organization\"},\"image\":{\"@id\":\"https:\\\/\\\/www.araalicante.com\\\/los-asientos-previstos-en-vuelos-internacionales-para-septiembre-rozan-los-131-millones-un-74-mas-que-hace-un-ano\\\/#primaryimage\"},\"thumbnailUrl\":\"https:\\\/\\\/www.hosteleriadigital.es\\\/wp-content\\\/uploads\\\/2017\\\/04\\\/turismo-300x119.jpg\",\"articleSection\":[\"Noticias externas\"],\"inLanguage\":\"en-GB\"},{\"@type\":\"WebPage\",\"@id\":\"https:\\\/\\\/www.araalicante.com\\\/los-asientos-previstos-en-vuelos-internacionales-para-septiembre-rozan-los-131-millones-un-74-mas-que-hace-un-ano\\\/\",\"url\":\"https:\\\/\\\/www.araalicante.com\\\/los-asientos-previstos-en-vuelos-internacionales-para-septiembre-rozan-los-131-millones-un-74-mas-que-hace-un-ano\\\/\",\"name\":\"Los asientos previstos en vuelos internacionales para septiembre rozan los 13,1 millones, un 7,4% m\u00e1s que hace un a\u00f1o - ARA | Asociaci\u00f3n de Restaurantes Alicante\",\"isPartOf\":{\"@id\":\"https:\\\/\\\/www.araalicante.com\\\/#website\"},\"primaryImageOfPage\":{\"@id\":\"https:\\\/\\\/www.araalicante.com\\\/los-asientos-previstos-en-vuelos-internacionales-para-septiembre-rozan-los-131-millones-un-74-mas-que-hace-un-ano\\\/#primaryimage\"},\"image\":{\"@id\":\"https:\\\/\\\/www.araalicante.com\\\/los-asientos-previstos-en-vuelos-internacionales-para-septiembre-rozan-los-131-millones-un-74-mas-que-hace-un-ano\\\/#primaryimage\"},\"thumbnailUrl\":\"https:\\\/\\\/www.hosteleriadigital.es\\\/wp-content\\\/uploads\\\/2017\\\/04\\\/turismo-300x119.jpg\",\"datePublished\":\"2026-09-02T02:04:48+00:00\",\"breadcrumb\":{\"@id\":\"https:\\\/\\\/www.araalicante.com\\\/los-asientos-previstos-en-vuelos-internacionales-para-septiembre-rozan-los-131-millones-un-74-mas-que-hace-un-ano\\\/#breadcrumb\"},\"inLanguage\":\"en-GB\",\"potentialAction\":[{\"@type\":\"ReadAction\",\"target\":[\"https:\\\/\\\/www.araalicante.com\\\/los-asientos-previstos-en-vuelos-internacionales-para-septiembre-rozan-los-131-millones-un-74-mas-que-hace-un-ano\\\/\"]}]},{\"@type\":\"ImageObject\",\"inLanguage\":\"en-GB\",\"@id\":\"https:\\\/\\\/www.araalicante.com\\\/los-asientos-previstos-en-vuelos-internacionales-para-septiembre-rozan-los-131-millones-un-74-mas-que-hace-un-ano\\\/#primaryimage\",\"url\":\"https:\\\/\\\/www.hosteleriadigital.es\\\/wp-content\\\/uploads\\\/2017\\\/04\\\/turismo-300x119.jpg\",\"contentUrl\":\"https:\\\/\\\/www.hosteleriadigital.es\\\/wp-content\\\/uploads\\\/2017\\\/04\\\/turismo-300x119.jpg\"},{\"@type\":\"BreadcrumbList\",\"@id\":\"https:\\\/\\\/www.araalicante.com\\\/los-asientos-previstos-en-vuelos-internacionales-para-septiembre-rozan-los-131-millones-un-74-mas-que-hace-un-ano\\\/#breadcrumb\",\"itemListElement\":[{\"@type\":\"ListItem\",\"position\":1,\"name\":\"Portada\",\"item\":\"https:\\\/\\\/www.araalicante.com\\\/\"},{\"@type\":\"ListItem\",\"position\":2,\"name\":\"Los asientos previstos en vuelos internacionales para septiembre rozan los 13,1 millones, un 7,4% m\u00e1s que hace un a\u00f1o\"}]},{\"@type\":\"WebSite\",\"@id\":\"https:\\\/\\\/www.araalicante.com\\\/#website\",\"url\":\"https:\\\/\\\/www.araalicante.com\\\/\",\"name\":\"ARA | Asociaci\u00f3n de Restaurantes Alicante\",\"description\":\"Producto local, restauraci\u00f3n de calidad en Alicante y su provincia\",\"publisher\":{\"@id\":\"https:\\\/\\\/www.araalicante.com\\\/#organization\"},\"potentialAction\":[{\"@type\":\"SearchAction\",\"target\":{\"@type\":\"EntryPoint\",\"urlTemplate\":\"https:\\\/\\\/www.araalicante.com\\\/?s={search_term_string}\"},\"query-input\":{\"@type\":\"PropertyValueSpecification\",\"valueRequired\":true,\"valueName\":\"search_term_string\"}}],\"inLanguage\":\"en-GB\"},{\"@type\":\"Organization\",\"@id\":\"https:\\\/\\\/www.araalicante.com\\\/#organization\",\"name\":\"ARA | Asociaci\u00f3n de Restaurantes Alicante\",\"url\":\"https:\\\/\\\/www.araalicante.com\\\/\",\"logo\":{\"@type\":\"ImageObject\",\"inLanguage\":\"en-GB\",\"@id\":\"https:\\\/\\\/www.araalicante.com\\\/#\\\/schema\\\/logo\\\/image\\\/\",\"url\":\"https:\\\/\\\/www.araalicante.com\\\/wp-content\\\/uploads\\\/2023\\\/09\\\/logoara.png\",\"contentUrl\":\"https:\\\/\\\/www.araalicante.com\\\/wp-content\\\/uploads\\\/2023\\\/09\\\/logoara.png\",\"width\":400,\"height\":85,\"caption\":\"ARA | Asociaci\u00f3n de Restaurantes Alicante\"},\"image\":{\"@id\":\"https:\\\/\\\/www.araalicante.com\\\/#\\\/schema\\\/logo\\\/image\\\/\"},\"sameAs\":[\"https:\\\/\\\/www.facebook.com\\\/Ararestaurantesalicante\",\"https:\\\/\\\/www.instagram.com\\\/ararestaurantesalicante\\\/\"]}]}<\/script>\n<!-- \/ Yoast SEO plugin. -->","yoast_head_json":{"title":"Los asientos previstos en vuelos internacionales para septiembre rozan los 13,1 millones, un 7,4% m\u00e1s que hace un a\u00f1o - ARA | Asociaci\u00f3n de Restaurantes Alicante","robots":{"index":"index","follow":"follow","max-snippet":"max-snippet:-1","max-image-preview":"max-image-preview:large","max-video-preview":"max-video-preview:-1"},"canonical":"https:\/\/www.araalicante.com\/en\/los-asientos-previstos-en-vuelos-internacionales-para-septiembre-rozan-los-131-millones-un-74-mas-que-hace-un-ano\/","og_locale":"en_GB","og_type":"article","og_title":"Los asientos previstos en vuelos internacionales para septiembre rozan los 13,1 millones, un 7,4% m\u00e1s que hace un a\u00f1o - ARA | Asociaci\u00f3n de Restaurantes Alicante","og_description":"El n\u00famero total de asientos previstos en vuelos internacionales hacia Espa\u00f1a para [\u2026]","og_url":"https:\/\/www.araalicante.com\/en\/los-asientos-previstos-en-vuelos-internacionales-para-septiembre-rozan-los-131-millones-un-74-mas-que-hace-un-ano\/","og_site_name":"ARA | Asociaci\u00f3n de Restaurantes Alicante","article_publisher":"https:\/\/www.facebook.com\/Ararestaurantesalicante","article_published_time":"2026-09-02T02:04:48+00:00","og_image":[{"url":"https:\/\/www.hosteleriadigital.es\/wp-content\/uploads\/2017\/04\/turismo-300x119.jpg","type":"","width":"","height":""}],"twitter_card":"summary_large_image","twitter_misc":{"Estimated reading time":"1 minute"},"schema":{"@context":"https:\/\/schema.org","@graph":[{"@type":"Article","@id":"https:\/\/www.araalicante.com\/los-asientos-previstos-en-vuelos-internacionales-para-septiembre-rozan-los-131-millones-un-74-mas-que-hace-un-ano\/#article","isPartOf":{"@id":"https:\/\/www.araalicante.com\/los-asientos-previstos-en-vuelos-internacionales-para-septiembre-rozan-los-131-millones-un-74-mas-que-hace-un-ano\/"},"author":{"name":"","@id":""},"headline":"Los asientos previstos en vuelos internacionales para septiembre rozan los 13,1 millones, un 7,4% m\u00e1s que hace un a\u00f1o","datePublished":"2026-09-02T02:04:48+00:00","mainEntityOfPage":{"@id":"https:\/\/www.araalicante.com\/los-asientos-previstos-en-vuelos-internacionales-para-septiembre-rozan-los-131-millones-un-74-mas-que-hace-un-ano\/"},"wordCount":210,"publisher":{"@id":"https:\/\/www.araalicante.com\/#organization"},"image":{"@id":"https:\/\/www.araalicante.com\/los-asientos-previstos-en-vuelos-internacionales-para-septiembre-rozan-los-131-millones-un-74-mas-que-hace-un-ano\/#primaryimage"},"thumbnailUrl":"https:\/\/www.hosteleriadigital.es\/wp-content\/uploads\/2017\/04\/turismo-300x119.jpg","articleSection":["Noticias externas"],"inLanguage":"en-GB"},{"@type":"WebPage","@id":"https:\/\/www.araalicante.com\/los-asientos-previstos-en-vuelos-internacionales-para-septiembre-rozan-los-131-millones-un-74-mas-que-hace-un-ano\/","url":"https:\/\/www.araalicante.com\/los-asientos-previstos-en-vuelos-internacionales-para-septiembre-rozan-los-131-millones-un-74-mas-que-hace-un-ano\/","name":"Los asientos previstos en vuelos internacionales para septiembre rozan los 13,1 millones, un 7,4% m\u00e1s que hace un a\u00f1o - ARA | Asociaci\u00f3n de Restaurantes Alicante","isPartOf":{"@id":"https:\/\/www.araalicante.com\/#website"},"primaryImageOfPage":{"@id":"https:\/\/www.araalicante.com\/los-asientos-previstos-en-vuelos-internacionales-para-septiembre-rozan-los-131-millones-un-74-mas-que-hace-un-ano\/#primaryimage"},"image":{"@id":"https:\/\/www.araalicante.com\/los-asientos-previstos-en-vuelos-internacionales-para-septiembre-rozan-los-131-millones-un-74-mas-que-hace-un-ano\/#primaryimage"},"thumbnailUrl":"https:\/\/www.hosteleriadigital.es\/wp-content\/uploads\/2017\/04\/turismo-300x119.jpg","datePublished":"2026-09-02T02:04:48+00:00","breadcrumb":{"@id":"https:\/\/www.araalicante.com\/los-asientos-previstos-en-vuelos-internacionales-para-septiembre-rozan-los-131-millones-un-74-mas-que-hace-un-ano\/#breadcrumb"},"inLanguage":"en-GB","potentialAction":[{"@type":"ReadAction","target":["https:\/\/www.araalicante.com\/los-asientos-previstos-en-vuelos-internacionales-para-septiembre-rozan-los-131-millones-un-74-mas-que-hace-un-ano\/"]}]},{"@type":"ImageObject","inLanguage":"en-GB","@id":"https:\/\/www.araalicante.com\/los-asientos-previstos-en-vuelos-internacionales-para-septiembre-rozan-los-131-millones-un-74-mas-que-hace-un-ano\/#primaryimage","url":"https:\/\/www.hosteleriadigital.es\/wp-content\/uploads\/2017\/04\/turismo-300x119.jpg","contentUrl":"https:\/\/www.hosteleriadigital.es\/wp-content\/uploads\/2017\/04\/turismo-300x119.jpg"},{"@type":"BreadcrumbList","@id":"https:\/\/www.araalicante.com\/los-asientos-previstos-en-vuelos-internacionales-para-septiembre-rozan-los-131-millones-un-74-mas-que-hace-un-ano\/#breadcrumb","itemListElement":[{"@type":"ListItem","position":1,"name":"Portada","item":"https:\/\/www.araalicante.com\/"},{"@type":"ListItem","position":2,"name":"Los asientos previstos en vuelos internacionales para septiembre rozan los 13,1 millones, un 7,4% m\u00e1s que hace un a\u00f1o"}]},{"@type":"WebSite","@id":"https:\/\/www.araalicante.com\/#website","url":"https:\/\/www.araalicante.com\/","name":"ARA | Asociaci\u00f3n de Restaurantes Alicante","description":"Producto local, restauraci\u00f3n de calidad en Alicante y su provincia","publisher":{"@id":"https:\/\/www.araalicante.com\/#organization"},"potentialAction":[{"@type":"SearchAction","target":{"@type":"EntryPoint","urlTemplate":"https:\/\/www.araalicante.com\/?s={search_term_string}"},"query-input":{"@type":"PropertyValueSpecification","valueRequired":true,"valueName":"search_term_string"}}],"inLanguage":"en-GB"},{"@type":"Organization","@id":"https:\/\/www.araalicante.com\/#organization","name":"ARA | Asociaci\u00f3n de Restaurantes Alicante","url":"https:\/\/www.araalicante.com\/","logo":{"@type":"ImageObject","inLanguage":"en-GB","@id":"https:\/\/www.araalicante.com\/#\/schema\/logo\/image\/","url":"https:\/\/www.araalicante.com\/wp-content\/uploads\/2023\/09\/logoara.png","contentUrl":"https:\/\/www.araalicante.com\/wp-content\/uploads\/2023\/09\/logoara.png","width":400,"height":85,"caption":"ARA | Asociaci\u00f3n de Restaurantes Alicante"},"image":{"@id":"https:\/\/www.araalicante.com\/#\/schema\/logo\/image\/"},"sameAs":["https:\/\/www.facebook.com\/Ararestaurantesalicante","https:\/\/www.instagram.com\/ararestaurantesalicante\/"]}]}},"_links":{"self":[{"href":"https:\/\/www.araalicante.com\/en\/wp-json\/wp\/v2\/posts\/6092","targetHints":{"allow":["GET"]}}],"collection":[{"href":"https:\/\/www.araalicante.com\/en\/wp-json\/wp\/v2\/posts"}],"about":[{"href":"https:\/\/www.araalicante.com\/en\/wp-json\/wp\/v2\/types\/post"}],"replies":[{"embeddable":true,"href":"https:\/\/www.araalicante.com\/en\/wp-json\/wp\/v2\/comments?post=6092"}],"version-history":[{"count":0,"href":"https:\/\/www.araalicante.com\/en\/wp-json\/wp\/v2\/posts\/6092\/revisions"}],"wp:attachment":[{"href":"https:\/\/www.araalicante.com\/en\/wp-json\/wp\/v2\/media?parent=6092"}],"wp:term":[{"taxonomy":"category","embeddable":true,"href":"https:\/\/www.araalicante.com\/en\/wp-json\/wp\/v2\/categories?post=6092"},{"taxonomy":"post_tag","embeddable":true,"href":"https:\/\/www.araalicante.com\/en\/wp-json\/wp\/v2\/tags?post=6092"}],"curies":[{"name":"wp","href":"https:\/\/api.w.org\/{rel}","templated":true}]}}