{"id":6065,"date":"2026-08-25T09:35:03","date_gmt":"2026-08-25T07:35:03","guid":{"rendered":"https:\/\/www.araalicante.com\/?p=6065"},"modified":"2026-08-25T10:41:43","modified_gmt":"2026-08-25T08:41:43","slug":"pocardy-casa-alberola","status":"publish","type":"post","link":"https:\/\/www.araalicante.com\/en\/pocardy-casa-alberola\/","title":{"rendered":"POCARDY CASA ALBEROLA"},"content":{"rendered":"","protected":false},"excerpt":{"rendered":"","protected":false},"author":1,"featured_media":6057,"comment_status":"open","ping_status":"open","sticky":false,"template":"","format":"standard","meta":{"_acf_changed":false,"footnotes":""},"categories":[79,28],"tags":[],"class_list":["post-6065","post","type-post","status-publish","format-standard","has-post-thumbnail","hentry","category-internacional-fusion","category-restaurantes-en-alicante"],"acf":{"descripcion":"Descubre una experiencia gastron\u00f3mica \u00fanica frente al mar en el prestigioso entorno de la Playa de San Juan. En Pocardy, te ofrecemos una deliciosa selecci\u00f3n de platos estrella de la cocina mediterr\u00e1nea, acompa\u00f1ados de vistas espectaculares. D\u00e9jate cautivar con la fusi\u00f3n de sabores en un entorno incomparable.","direccion":"Calle Canalejas, 1","codigo_postal":"03001","zona":"centro","latitud":38.34244315068994,"longitud":-4865963626820382,"telefono":"","tipo_cocina":["internacional_fusion"],"rango_precio":"3","web":"https:\/\/pocardy.com\/","horario":"","caracteristicas":"","whatsapp":"","instagram":"","facebook":"","reserva":"https:\/\/www.covermanager.com\/reservation\/module_restaurant\/restaurante-pocardy\/spanish","menu_carta":"","logo":3284,"foto_1":6062,"foto_2":6061,"foto_3":6058,"destacado":false,"google_place_id":"ChIJ7dYWxHU5Yg0RrmLmlOiGhZU","rango_de_precios":"","pedido_online":"https:\/\/glovoapp.com\/es\/es\/alicante\/stores\/restaurante-pocardy-alicante","horario_lunes":"","horario_martes":"","horario_miercoles":"","horario_jueves":"","horario_viernes":"","horario_sabado":"","horario_domingo":""},"yoast_head":"<!-- This site is optimized with the Yoast SEO plugin v28.3 - https:\/\/yoast.com\/product\/yoast-seo-wordpress\/ -->\n<title>POCARDY CASA ALBEROLA - ARA | Asociaci\u00f3n de Restaurantes Alicante<\/title>\n<meta name=\"robots\" content=\"index, follow, max-snippet:-1, max-image-preview:large, max-video-preview:-1\" \/>\n<link rel=\"canonical\" href=\"https:\/\/www.araalicante.com\/en\/pocardy-casa-alberola\/\" \/>\n<meta property=\"og:locale\" content=\"en_GB\" \/>\n<meta property=\"og:type\" content=\"article\" \/>\n<meta property=\"og:title\" content=\"POCARDY CASA ALBEROLA - ARA | Asociaci\u00f3n de Restaurantes Alicante\" \/>\n<meta property=\"og:url\" content=\"https:\/\/www.araalicante.com\/en\/pocardy-casa-alberola\/\" \/>\n<meta property=\"og:site_name\" content=\"ARA | Asociaci\u00f3n de Restaurantes Alicante\" \/>\n<meta property=\"article:publisher\" content=\"https:\/\/www.facebook.com\/Ararestaurantesalicante\" \/>\n<meta property=\"article:published_time\" content=\"2026-08-25T07:35:03+00:00\" \/>\n<meta property=\"article:modified_time\" content=\"2026-08-25T08:41:43+00:00\" \/>\n<meta property=\"og:image\" content=\"https:\/\/www.araalicante.com\/wp-content\/uploads\/2026\/08\/Pocardy-casa-alberola-1-ara-restaurantes-alicante.jpg\" \/>\n\t<meta property=\"og:image:width\" content=\"1080\" \/>\n\t<meta property=\"og:image:height\" content=\"1080\" \/>\n\t<meta property=\"og:image:type\" content=\"image\/jpeg\" \/>\n<meta name=\"author\" content=\"mdalicanteadmin\" \/>\n<meta name=\"twitter:card\" content=\"summary_large_image\" \/>\n<meta name=\"twitter:label1\" content=\"Written by\" \/>\n\t<meta name=\"twitter:data1\" content=\"mdalicanteadmin\" \/>\n\t<meta name=\"twitter:label2\" content=\"Estimated reading time\" \/>\n\t<meta name=\"twitter:data2\" content=\"1 minute\" \/>\n<script type=\"application\/ld+json\" class=\"yoast-schema-graph\">{\"@context\":\"https:\\\/\\\/schema.org\",\"@graph\":[{\"@type\":\"Article\",\"@id\":\"https:\\\/\\\/www.araalicante.com\\\/pocardy-casa-alberola\\\/#article\",\"isPartOf\":{\"@id\":\"https:\\\/\\\/www.araalicante.com\\\/pocardy-casa-alberola\\\/\"},\"author\":{\"name\":\"mdalicanteadmin\",\"@id\":\"https:\\\/\\\/www.araalicante.com\\\/#\\\/schema\\\/person\\\/06913ec9f150f1979b0d7aeb01a28fb6\"},\"headline\":\"POCARDY CASA ALBEROLA\",\"datePublished\":\"2026-08-25T07:35:03+00:00\",\"dateModified\":\"2026-08-25T08:41:43+00:00\",\"mainEntityOfPage\":{\"@id\":\"https:\\\/\\\/www.araalicante.com\\\/pocardy-casa-alberola\\\/\"},\"wordCount\":3,\"commentCount\":0,\"publisher\":{\"@id\":\"https:\\\/\\\/www.araalicante.com\\\/#organization\"},\"image\":{\"@id\":\"https:\\\/\\\/www.araalicante.com\\\/pocardy-casa-alberola\\\/#primaryimage\"},\"thumbnailUrl\":\"https:\\\/\\\/www.araalicante.com\\\/wp-content\\\/uploads\\\/2026\\\/08\\\/Pocardy-casa-alberola-1-ara-restaurantes-alicante.jpg\",\"articleSection\":[\"Internacional\\\/fusion\",\"RESTAURANTES EN ALICANTE\"],\"inLanguage\":\"en-GB\",\"potentialAction\":[{\"@type\":\"CommentAction\",\"name\":\"Comment\",\"target\":[\"https:\\\/\\\/www.araalicante.com\\\/pocardy-casa-alberola\\\/#respond\"]}]},{\"@type\":\"WebPage\",\"@id\":\"https:\\\/\\\/www.araalicante.com\\\/pocardy-casa-alberola\\\/\",\"url\":\"https:\\\/\\\/www.araalicante.com\\\/pocardy-casa-alberola\\\/\",\"name\":\"POCARDY CASA ALBEROLA - ARA | Asociaci\u00f3n de Restaurantes Alicante\",\"isPartOf\":{\"@id\":\"https:\\\/\\\/www.araalicante.com\\\/#website\"},\"primaryImageOfPage\":{\"@id\":\"https:\\\/\\\/www.araalicante.com\\\/pocardy-casa-alberola\\\/#primaryimage\"},\"image\":{\"@id\":\"https:\\\/\\\/www.araalicante.com\\\/pocardy-casa-alberola\\\/#primaryimage\"},\"thumbnailUrl\":\"https:\\\/\\\/www.araalicante.com\\\/wp-content\\\/uploads\\\/2026\\\/08\\\/Pocardy-casa-alberola-1-ara-restaurantes-alicante.jpg\",\"datePublished\":\"2026-08-25T07:35:03+00:00\",\"dateModified\":\"2026-08-25T08:41:43+00:00\",\"breadcrumb\":{\"@id\":\"https:\\\/\\\/www.araalicante.com\\\/pocardy-casa-alberola\\\/#breadcrumb\"},\"inLanguage\":\"en-GB\",\"potentialAction\":[{\"@type\":\"ReadAction\",\"target\":[\"https:\\\/\\\/www.araalicante.com\\\/pocardy-casa-alberola\\\/\"]}]},{\"@type\":\"ImageObject\",\"inLanguage\":\"en-GB\",\"@id\":\"https:\\\/\\\/www.araalicante.com\\\/pocardy-casa-alberola\\\/#primaryimage\",\"url\":\"https:\\\/\\\/www.araalicante.com\\\/wp-content\\\/uploads\\\/2026\\\/08\\\/Pocardy-casa-alberola-1-ara-restaurantes-alicante.jpg\",\"contentUrl\":\"https:\\\/\\\/www.araalicante.com\\\/wp-content\\\/uploads\\\/2026\\\/08\\\/Pocardy-casa-alberola-1-ara-restaurantes-alicante.jpg\",\"width\":1080,\"height\":1080},{\"@type\":\"BreadcrumbList\",\"@id\":\"https:\\\/\\\/www.araalicante.com\\\/pocardy-casa-alberola\\\/#breadcrumb\",\"itemListElement\":[{\"@type\":\"ListItem\",\"position\":1,\"name\":\"Portada\",\"item\":\"https:\\\/\\\/www.araalicante.com\\\/\"},{\"@type\":\"ListItem\",\"position\":2,\"name\":\"POCARDY CASA ALBEROLA\"}]},{\"@type\":\"WebSite\",\"@id\":\"https:\\\/\\\/www.araalicante.com\\\/#website\",\"url\":\"https:\\\/\\\/www.araalicante.com\\\/\",\"name\":\"ARA | Asociaci\u00f3n de Restaurantes Alicante\",\"description\":\"Producto local, restauraci\u00f3n de calidad en Alicante y su provincia\",\"publisher\":{\"@id\":\"https:\\\/\\\/www.araalicante.com\\\/#organization\"},\"potentialAction\":[{\"@type\":\"SearchAction\",\"target\":{\"@type\":\"EntryPoint\",\"urlTemplate\":\"https:\\\/\\\/www.araalicante.com\\\/?s={search_term_string}\"},\"query-input\":{\"@type\":\"PropertyValueSpecification\",\"valueRequired\":true,\"valueName\":\"search_term_string\"}}],\"inLanguage\":\"en-GB\"},{\"@type\":\"Organization\",\"@id\":\"https:\\\/\\\/www.araalicante.com\\\/#organization\",\"name\":\"ARA | Asociaci\u00f3n de Restaurantes Alicante\",\"url\":\"https:\\\/\\\/www.araalicante.com\\\/\",\"logo\":{\"@type\":\"ImageObject\",\"inLanguage\":\"en-GB\",\"@id\":\"https:\\\/\\\/www.araalicante.com\\\/#\\\/schema\\\/logo\\\/image\\\/\",\"url\":\"https:\\\/\\\/www.araalicante.com\\\/wp-content\\\/uploads\\\/2023\\\/09\\\/logoara.png\",\"contentUrl\":\"https:\\\/\\\/www.araalicante.com\\\/wp-content\\\/uploads\\\/2023\\\/09\\\/logoara.png\",\"width\":400,\"height\":85,\"caption\":\"ARA | Asociaci\u00f3n de Restaurantes Alicante\"},\"image\":{\"@id\":\"https:\\\/\\\/www.araalicante.com\\\/#\\\/schema\\\/logo\\\/image\\\/\"},\"sameAs\":[\"https:\\\/\\\/www.facebook.com\\\/Ararestaurantesalicante\",\"https:\\\/\\\/www.instagram.com\\\/ararestaurantesalicante\\\/\"]},{\"@type\":\"Person\",\"@id\":\"https:\\\/\\\/www.araalicante.com\\\/#\\\/schema\\\/person\\\/06913ec9f150f1979b0d7aeb01a28fb6\",\"name\":\"mdalicanteadmin\",\"image\":{\"@type\":\"ImageObject\",\"inLanguage\":\"en-GB\",\"@id\":\"https:\\\/\\\/secure.gravatar.com\\\/avatar\\\/1e1d02840eed3e8df5b4adb301760a8d44b74b3b5efd43bcfb6fce0fe9f7423f?s=96&d=mm&r=g\",\"url\":\"https:\\\/\\\/secure.gravatar.com\\\/avatar\\\/1e1d02840eed3e8df5b4adb301760a8d44b74b3b5efd43bcfb6fce0fe9f7423f?s=96&d=mm&r=g\",\"contentUrl\":\"https:\\\/\\\/secure.gravatar.com\\\/avatar\\\/1e1d02840eed3e8df5b4adb301760a8d44b74b3b5efd43bcfb6fce0fe9f7423f?s=96&d=mm&r=g\",\"caption\":\"mdalicanteadmin\"},\"sameAs\":[\"http:\\\/\\\/mda.marq.qwair.com\"],\"url\":\"https:\\\/\\\/www.araalicante.com\\\/en\\\/author\\\/mdalicanteadmin\\\/\"}]}<\/script>\n<!-- \/ Yoast SEO plugin. -->","yoast_head_json":{"title":"POCARDY CASA ALBEROLA - ARA | Asociaci\u00f3n de Restaurantes Alicante","robots":{"index":"index","follow":"follow","max-snippet":"max-snippet:-1","max-image-preview":"max-image-preview:large","max-video-preview":"max-video-preview:-1"},"canonical":"https:\/\/www.araalicante.com\/en\/pocardy-casa-alberola\/","og_locale":"en_GB","og_type":"article","og_title":"POCARDY CASA ALBEROLA - ARA | Asociaci\u00f3n de Restaurantes Alicante","og_url":"https:\/\/www.araalicante.com\/en\/pocardy-casa-alberola\/","og_site_name":"ARA | Asociaci\u00f3n de Restaurantes Alicante","article_publisher":"https:\/\/www.facebook.com\/Ararestaurantesalicante","article_published_time":"2026-08-25T07:35:03+00:00","article_modified_time":"2026-08-25T08:41:43+00:00","og_image":[{"width":1080,"height":1080,"url":"https:\/\/www.araalicante.com\/wp-content\/uploads\/2026\/08\/Pocardy-casa-alberola-1-ara-restaurantes-alicante.jpg","type":"image\/jpeg"}],"author":"mdalicanteadmin","twitter_card":"summary_large_image","twitter_misc":{"Written by":"mdalicanteadmin","Estimated reading time":"1 minute"},"schema":{"@context":"https:\/\/schema.org","@graph":[{"@type":"Article","@id":"https:\/\/www.araalicante.com\/pocardy-casa-alberola\/#article","isPartOf":{"@id":"https:\/\/www.araalicante.com\/pocardy-casa-alberola\/"},"author":{"name":"mdalicanteadmin","@id":"https:\/\/www.araalicante.com\/#\/schema\/person\/06913ec9f150f1979b0d7aeb01a28fb6"},"headline":"POCARDY CASA ALBEROLA","datePublished":"2026-08-25T07:35:03+00:00","dateModified":"2026-08-25T08:41:43+00:00","mainEntityOfPage":{"@id":"https:\/\/www.araalicante.com\/pocardy-casa-alberola\/"},"wordCount":3,"commentCount":0,"publisher":{"@id":"https:\/\/www.araalicante.com\/#organization"},"image":{"@id":"https:\/\/www.araalicante.com\/pocardy-casa-alberola\/#primaryimage"},"thumbnailUrl":"https:\/\/www.araalicante.com\/wp-content\/uploads\/2026\/08\/Pocardy-casa-alberola-1-ara-restaurantes-alicante.jpg","articleSection":["Internacional\/fusion","RESTAURANTES EN ALICANTE"],"inLanguage":"en-GB","potentialAction":[{"@type":"CommentAction","name":"Comment","target":["https:\/\/www.araalicante.com\/pocardy-casa-alberola\/#respond"]}]},{"@type":"WebPage","@id":"https:\/\/www.araalicante.com\/pocardy-casa-alberola\/","url":"https:\/\/www.araalicante.com\/pocardy-casa-alberola\/","name":"POCARDY CASA ALBEROLA - ARA | Asociaci\u00f3n de Restaurantes Alicante","isPartOf":{"@id":"https:\/\/www.araalicante.com\/#website"},"primaryImageOfPage":{"@id":"https:\/\/www.araalicante.com\/pocardy-casa-alberola\/#primaryimage"},"image":{"@id":"https:\/\/www.araalicante.com\/pocardy-casa-alberola\/#primaryimage"},"thumbnailUrl":"https:\/\/www.araalicante.com\/wp-content\/uploads\/2026\/08\/Pocardy-casa-alberola-1-ara-restaurantes-alicante.jpg","datePublished":"2026-08-25T07:35:03+00:00","dateModified":"2026-08-25T08:41:43+00:00","breadcrumb":{"@id":"https:\/\/www.araalicante.com\/pocardy-casa-alberola\/#breadcrumb"},"inLanguage":"en-GB","potentialAction":[{"@type":"ReadAction","target":["https:\/\/www.araalicante.com\/pocardy-casa-alberola\/"]}]},{"@type":"ImageObject","inLanguage":"en-GB","@id":"https:\/\/www.araalicante.com\/pocardy-casa-alberola\/#primaryimage","url":"https:\/\/www.araalicante.com\/wp-content\/uploads\/2026\/08\/Pocardy-casa-alberola-1-ara-restaurantes-alicante.jpg","contentUrl":"https:\/\/www.araalicante.com\/wp-content\/uploads\/2026\/08\/Pocardy-casa-alberola-1-ara-restaurantes-alicante.jpg","width":1080,"height":1080},{"@type":"BreadcrumbList","@id":"https:\/\/www.araalicante.com\/pocardy-casa-alberola\/#breadcrumb","itemListElement":[{"@type":"ListItem","position":1,"name":"Portada","item":"https:\/\/www.araalicante.com\/"},{"@type":"ListItem","position":2,"name":"POCARDY CASA ALBEROLA"}]},{"@type":"WebSite","@id":"https:\/\/www.araalicante.com\/#website","url":"https:\/\/www.araalicante.com\/","name":"ARA | Asociaci\u00f3n de Restaurantes Alicante","description":"Producto local, restauraci\u00f3n de calidad en Alicante y su provincia","publisher":{"@id":"https:\/\/www.araalicante.com\/#organization"},"potentialAction":[{"@type":"SearchAction","target":{"@type":"EntryPoint","urlTemplate":"https:\/\/www.araalicante.com\/?s={search_term_string}"},"query-input":{"@type":"PropertyValueSpecification","valueRequired":true,"valueName":"search_term_string"}}],"inLanguage":"en-GB"},{"@type":"Organization","@id":"https:\/\/www.araalicante.com\/#organization","name":"ARA | Asociaci\u00f3n de Restaurantes Alicante","url":"https:\/\/www.araalicante.com\/","logo":{"@type":"ImageObject","inLanguage":"en-GB","@id":"https:\/\/www.araalicante.com\/#\/schema\/logo\/image\/","url":"https:\/\/www.araalicante.com\/wp-content\/uploads\/2023\/09\/logoara.png","contentUrl":"https:\/\/www.araalicante.com\/wp-content\/uploads\/2023\/09\/logoara.png","width":400,"height":85,"caption":"ARA | Asociaci\u00f3n de Restaurantes Alicante"},"image":{"@id":"https:\/\/www.araalicante.com\/#\/schema\/logo\/image\/"},"sameAs":["https:\/\/www.facebook.com\/Ararestaurantesalicante","https:\/\/www.instagram.com\/ararestaurantesalicante\/"]},{"@type":"Person","@id":"https:\/\/www.araalicante.com\/#\/schema\/person\/06913ec9f150f1979b0d7aeb01a28fb6","name":"mdalicanteadmin","image":{"@type":"ImageObject","inLanguage":"en-GB","@id":"https:\/\/secure.gravatar.com\/avatar\/1e1d02840eed3e8df5b4adb301760a8d44b74b3b5efd43bcfb6fce0fe9f7423f?s=96&d=mm&r=g","url":"https:\/\/secure.gravatar.com\/avatar\/1e1d02840eed3e8df5b4adb301760a8d44b74b3b5efd43bcfb6fce0fe9f7423f?s=96&d=mm&r=g","contentUrl":"https:\/\/secure.gravatar.com\/avatar\/1e1d02840eed3e8df5b4adb301760a8d44b74b3b5efd43bcfb6fce0fe9f7423f?s=96&d=mm&r=g","caption":"mdalicanteadmin"},"sameAs":["http:\/\/mda.marq.qwair.com"],"url":"https:\/\/www.araalicante.com\/en\/author\/mdalicanteadmin\/"}]}},"_links":{"self":[{"href":"https:\/\/www.araalicante.com\/en\/wp-json\/wp\/v2\/posts\/6065","targetHints":{"allow":["GET"]}}],"collection":[{"href":"https:\/\/www.araalicante.com\/en\/wp-json\/wp\/v2\/posts"}],"about":[{"href":"https:\/\/www.araalicante.com\/en\/wp-json\/wp\/v2\/types\/post"}],"author":[{"embeddable":true,"href":"https:\/\/www.araalicante.com\/en\/wp-json\/wp\/v2\/users\/1"}],"replies":[{"embeddable":true,"href":"https:\/\/www.araalicante.com\/en\/wp-json\/wp\/v2\/comments?post=6065"}],"version-history":[{"count":2,"href":"https:\/\/www.araalicante.com\/en\/wp-json\/wp\/v2\/posts\/6065\/revisions"}],"predecessor-version":[{"id":6077,"href":"https:\/\/www.araalicante.com\/en\/wp-json\/wp\/v2\/posts\/6065\/revisions\/6077"}],"wp:featuredmedia":[{"embeddable":true,"href":"https:\/\/www.araalicante.com\/en\/wp-json\/wp\/v2\/media\/6057"}],"wp:attachment":[{"href":"https:\/\/www.araalicante.com\/en\/wp-json\/wp\/v2\/media?parent=6065"}],"wp:term":[{"taxonomy":"category","embeddable":true,"href":"https:\/\/www.araalicante.com\/en\/wp-json\/wp\/v2\/categories?post=6065"},{"taxonomy":"post_tag","embeddable":true,"href":"https:\/\/www.araalicante.com\/en\/wp-json\/wp\/v2\/tags?post=6065"}],"curies":[{"name":"wp","href":"https:\/\/api.w.org\/{rel}","templated":true}]}}