{"id":5644,"date":"2026-05-01T00:50:38","date_gmt":"2026-04-30T22:50:38","guid":{"rendered":"https:\/\/www.araalicante.com\/ma-del-mar-valera-samblas-reelegida-presidenta-de-hosteleria-alicante-para-los-proximos-cuatro-anos\/"},"modified":"2026-05-01T00:50:38","modified_gmt":"2026-04-30T22:50:38","slug":"ma-del-mar-valera-samblas-reelegida-presidenta-de-hosteleria-alicante-para-los-proximos-cuatro-anos","status":"publish","type":"post","link":"https:\/\/www.araalicante.com\/en\/ma-del-mar-valera-samblas-reelegida-presidenta-de-hosteleria-alicante-para-los-proximos-cuatro-anos\/","title":{"rendered":"M\u00aa del Mar Valera Samblas, reelegida presidenta de Hosteler\u00eda Alicante para los pr\u00f3ximos cuatro a\u00f1os"},"content":{"rendered":"<div>\n<p>La Asociaci\u00f3n Provincial de Empresarios de Hosteler\u00eda de Alicante (APEHA) ha reelegido a\u00a0<strong>M\u00aa del Mar Valera Samblas<\/strong>\u00a0como presidenta de la entidad para un nuevo mandato de cuatro a\u00f1os, tras la celebraci\u00f3n de la Asamblea General con car\u00e1cter electoral el pasado lunes 13 de abril.<\/p>\n<p>Durante el proceso electoral,\u00a0<strong>se present\u00f3 una \u00fanica candidatura<\/strong>, encabezada por M\u00aa del Mar Valera Samblas, que cumpl\u00eda con todos los requisitos establecidos. De acuerdo con los estatutos de la asociaci\u00f3n, no fue necesaria la constituci\u00f3n de la Mesa Electoral, procedi\u00e9ndose directamente a su proclamaci\u00f3n como presidenta por parte de la Junta Electoral.<\/p>\n<p>Con esta reelecci\u00f3n, M\u00aa del Mar Valera Samblas continuar\u00e1 al frente de APEHA, dando continuidad a la labor desarrollada en los \u00faltimos a\u00f1os y reforzando el compromiso de la asociaci\u00f3n con la defensa de los intereses del sector hostelero de la provincia de Alicante.<\/p>\n<p>La presidenta ha agradecido la confianza depositada por los asociados y ha destacado la importancia de seguir trabajando de manera conjunta para afrontar los retos del sector, impulsar su competitividad y fortalecer su papel como motor econ\u00f3mico y social.<\/p>\n<p><strong>Nueva Junta Directiva de APEHA<\/strong><\/p>\n<ul>\n<li><strong>Presidenta:<\/strong>\u00a0D.\u00aa M\u00aa del Mar Valera Samblas<\/li>\n<li><strong>Vicepresidenta 1\u00aa:<\/strong>\u00a0D.\u00aa Irene Mas Sol\u00eds<\/li>\n<li><strong>Vicepresidente 2\u00ba y Contador :<\/strong>\u00a0D. Francisco J. Cano Fuster<\/li>\n<li><strong>Secretario General:<\/strong>\u00a0D. Pedro Franc\u00e9s Ram\u00f3n (SEHUNICA Castalla)<\/li>\n<li><strong>Tesorera:<\/strong>\u00a0D.\u00aa Miriam G\u00f3mez Garrido<\/li>\n<\/ul>\n<p><strong>Vocales:<\/strong><\/p>\n<ol>\n<li>D. Jos\u00e9 Luis Garciafilia Soler (Vocal 1 y Abogado)<\/li>\n<li>D. Fernando Nieto Grimaldi (Vocal 2)<\/li>\n<li>D.\u00aa Jian Jing Chen Xu \u201cLinda\u201d (Vocal 3)<\/li>\n<li>D. Javier del Castillo (Vocal 4 \u2013 ABRECA Benidorm)<\/li>\n<li>D. Marco Martinetti (Vocal 5 \u2013 AEHTC Torrevieja)<\/li>\n<li>D. Jos\u00e9 M\u00aa San-Mat\u00edas Ferr\u00e1ndez (Vocal 6)<\/li>\n<li>D.\u00aa Mar\u00eda Garciafilia Soler (Vocal 7)<\/li>\n<li>D. Francisco Siles Collado (Vocal 8)<\/li>\n<li>D.\u00aa Amor Lydia L\u00f3pez Peligero (Vocal 9 \u2013 AEHTMA D\u00e9nia)<\/li>\n<li>D. \u00d3scar Cerd\u00e1 Jim\u00e9nez (Vocal 10)<\/li>\n<li>D. David Sand\u00edn Cortes (Vocal 11 \u2013 Asoc. Prov. Turismo Interior)<\/li>\n<li>D. Francisco Linares (Vocal 12 \u2013 Asoc. Host. de Elche)<\/li>\n<li>D.\u00aa Mar\u00eda Luc\u00eda Ruiz del Portal Mula (Vocal 13)<\/li>\n<li>D. Juan Abril Lozano (Vocal 14 \u2013 AHEA Altea)<\/li>\n<\/ol>\n<p>APEHA reafirma as\u00ed su apuesta por la estabilidad institucional y la continuidad en sus l\u00edneas estrat\u00e9gicas, orientadas al apoyo de los profesionales de la hosteler\u00eda y la promoci\u00f3n de la provincia como destino gastron\u00f3mico de referencia.<\/p>\n<\/div>\n<p><a href=\"https:\/\/www.hosteleriadigital.es\/2026\/04\/30\/ma-del-mar-valera-samblas-reelegida-presidenta-de-hosteleria-alicante-para-los-proximos-cuatro-anos\/\">source<\/a><\/p>","protected":false},"excerpt":{"rendered":"<p>La Asociaci\u00f3n Provincial de Empresarios de Hosteler\u00eda de Alicante (APEHA) ha reelegido<span class=\"excerpt-hellip\"> [\u2026]<\/span><\/p>\n","protected":false},"author":17,"featured_media":0,"comment_status":"","ping_status":"","sticky":false,"template":"","format":"standard","meta":{"footnotes":""},"categories":[1],"tags":[],"class_list":["post-5644","post","type-post","status-publish","format-standard","hentry","category-noticias-externas"],"yoast_head":"<!-- This site is optimized with the Yoast SEO plugin v27.5 - https:\/\/yoast.com\/product\/yoast-seo-wordpress\/ -->\n<title>M\u00aa del Mar Valera Samblas, reelegida presidenta de Hosteler\u00eda Alicante para los pr\u00f3ximos cuatro a\u00f1os - ARA | Asociaci\u00f3n de Restaurantes Alicante<\/title>\n<meta name=\"robots\" content=\"index, follow, max-snippet:-1, max-image-preview:large, max-video-preview:-1\" \/>\n<link rel=\"canonical\" href=\"https:\/\/www.araalicante.com\/en\/ma-del-mar-valera-samblas-reelegida-presidenta-de-hosteleria-alicante-para-los-proximos-cuatro-anos\/\" \/>\n<meta property=\"og:locale\" content=\"en_GB\" \/>\n<meta property=\"og:type\" content=\"article\" \/>\n<meta property=\"og:title\" content=\"M\u00aa del Mar Valera Samblas, reelegida presidenta de Hosteler\u00eda Alicante para los pr\u00f3ximos cuatro a\u00f1os - ARA | Asociaci\u00f3n de Restaurantes Alicante\" \/>\n<meta property=\"og:description\" content=\"La Asociaci\u00f3n Provincial de Empresarios de Hosteler\u00eda de Alicante (APEHA) ha reelegido [\u2026]\" \/>\n<meta property=\"og:url\" content=\"https:\/\/www.araalicante.com\/en\/ma-del-mar-valera-samblas-reelegida-presidenta-de-hosteleria-alicante-para-los-proximos-cuatro-anos\/\" \/>\n<meta property=\"og:site_name\" content=\"ARA | Asociaci\u00f3n de Restaurantes Alicante\" \/>\n<meta property=\"article:publisher\" content=\"https:\/\/www.facebook.com\/Ararestaurantesalicante\" \/>\n<meta property=\"article:published_time\" content=\"2026-04-30T22:50:38+00:00\" \/>\n<meta property=\"og:image\" content=\"https:\/\/www.araalicante.com\/wp-content\/uploads\/2023\/10\/Sin-titulo-1.png\" \/>\n\t<meta property=\"og:image:width\" content=\"200\" \/>\n\t<meta property=\"og:image:height\" content=\"200\" \/>\n\t<meta property=\"og:image:type\" content=\"image\/png\" \/>\n<meta name=\"author\" content=\"Antonio Palomera\" \/>\n<meta name=\"twitter:card\" content=\"summary_large_image\" \/>\n<meta name=\"twitter:label1\" content=\"Written by\" \/>\n\t<meta name=\"twitter:data1\" content=\"Antonio Palomera\" \/>\n\t<meta name=\"twitter:label2\" content=\"Estimated reading time\" \/>\n\t<meta name=\"twitter:data2\" content=\"2 minutes\" \/>\n<script type=\"application\/ld+json\" class=\"yoast-schema-graph\">{\"@context\":\"https:\\\/\\\/schema.org\",\"@graph\":[{\"@type\":\"Article\",\"@id\":\"https:\\\/\\\/www.araalicante.com\\\/ma-del-mar-valera-samblas-reelegida-presidenta-de-hosteleria-alicante-para-los-proximos-cuatro-anos\\\/#article\",\"isPartOf\":{\"@id\":\"https:\\\/\\\/www.araalicante.com\\\/ma-del-mar-valera-samblas-reelegida-presidenta-de-hosteleria-alicante-para-los-proximos-cuatro-anos\\\/\"},\"author\":{\"name\":\"Antonio Palomera\",\"@id\":\"https:\\\/\\\/www.araalicante.com\\\/#\\\/schema\\\/person\\\/066f68dc3db0406c0829af861c17332f\"},\"headline\":\"M\u00aa del Mar Valera Samblas, reelegida presidenta de Hosteler\u00eda Alicante para los pr\u00f3ximos cuatro a\u00f1os\",\"datePublished\":\"2026-04-30T22:50:38+00:00\",\"mainEntityOfPage\":{\"@id\":\"https:\\\/\\\/www.araalicante.com\\\/ma-del-mar-valera-samblas-reelegida-presidenta-de-hosteleria-alicante-para-los-proximos-cuatro-anos\\\/\"},\"wordCount\":401,\"publisher\":{\"@id\":\"https:\\\/\\\/www.araalicante.com\\\/#organization\"},\"articleSection\":[\"Noticias externas\"],\"inLanguage\":\"en-GB\"},{\"@type\":\"WebPage\",\"@id\":\"https:\\\/\\\/www.araalicante.com\\\/ma-del-mar-valera-samblas-reelegida-presidenta-de-hosteleria-alicante-para-los-proximos-cuatro-anos\\\/\",\"url\":\"https:\\\/\\\/www.araalicante.com\\\/ma-del-mar-valera-samblas-reelegida-presidenta-de-hosteleria-alicante-para-los-proximos-cuatro-anos\\\/\",\"name\":\"M\u00aa del Mar Valera Samblas, reelegida presidenta de Hosteler\u00eda Alicante para los pr\u00f3ximos cuatro a\u00f1os - ARA | Asociaci\u00f3n de Restaurantes Alicante\",\"isPartOf\":{\"@id\":\"https:\\\/\\\/www.araalicante.com\\\/#website\"},\"datePublished\":\"2026-04-30T22:50:38+00:00\",\"breadcrumb\":{\"@id\":\"https:\\\/\\\/www.araalicante.com\\\/ma-del-mar-valera-samblas-reelegida-presidenta-de-hosteleria-alicante-para-los-proximos-cuatro-anos\\\/#breadcrumb\"},\"inLanguage\":\"en-GB\",\"potentialAction\":[{\"@type\":\"ReadAction\",\"target\":[\"https:\\\/\\\/www.araalicante.com\\\/ma-del-mar-valera-samblas-reelegida-presidenta-de-hosteleria-alicante-para-los-proximos-cuatro-anos\\\/\"]}]},{\"@type\":\"BreadcrumbList\",\"@id\":\"https:\\\/\\\/www.araalicante.com\\\/ma-del-mar-valera-samblas-reelegida-presidenta-de-hosteleria-alicante-para-los-proximos-cuatro-anos\\\/#breadcrumb\",\"itemListElement\":[{\"@type\":\"ListItem\",\"position\":1,\"name\":\"Portada\",\"item\":\"https:\\\/\\\/www.araalicante.com\\\/\"},{\"@type\":\"ListItem\",\"position\":2,\"name\":\"M\u00aa del Mar Valera Samblas, reelegida presidenta de Hosteler\u00eda Alicante para los pr\u00f3ximos cuatro a\u00f1os\"}]},{\"@type\":\"WebSite\",\"@id\":\"https:\\\/\\\/www.araalicante.com\\\/#website\",\"url\":\"https:\\\/\\\/www.araalicante.com\\\/\",\"name\":\"ARA | Asociaci\u00f3n de Restaurantes Alicante\",\"description\":\"Producto local, restauraci\u00f3n de calidad en Alicante y su provincia\",\"publisher\":{\"@id\":\"https:\\\/\\\/www.araalicante.com\\\/#organization\"},\"potentialAction\":[{\"@type\":\"SearchAction\",\"target\":{\"@type\":\"EntryPoint\",\"urlTemplate\":\"https:\\\/\\\/www.araalicante.com\\\/?s={search_term_string}\"},\"query-input\":{\"@type\":\"PropertyValueSpecification\",\"valueRequired\":true,\"valueName\":\"search_term_string\"}}],\"inLanguage\":\"en-GB\"},{\"@type\":\"Organization\",\"@id\":\"https:\\\/\\\/www.araalicante.com\\\/#organization\",\"name\":\"ARA | Asociaci\u00f3n de Restaurantes Alicante\",\"url\":\"https:\\\/\\\/www.araalicante.com\\\/\",\"logo\":{\"@type\":\"ImageObject\",\"inLanguage\":\"en-GB\",\"@id\":\"https:\\\/\\\/www.araalicante.com\\\/#\\\/schema\\\/logo\\\/image\\\/\",\"url\":\"https:\\\/\\\/www.araalicante.com\\\/wp-content\\\/uploads\\\/2023\\\/09\\\/logoara.png\",\"contentUrl\":\"https:\\\/\\\/www.araalicante.com\\\/wp-content\\\/uploads\\\/2023\\\/09\\\/logoara.png\",\"width\":400,\"height\":85,\"caption\":\"ARA | Asociaci\u00f3n de Restaurantes Alicante\"},\"image\":{\"@id\":\"https:\\\/\\\/www.araalicante.com\\\/#\\\/schema\\\/logo\\\/image\\\/\"},\"sameAs\":[\"https:\\\/\\\/www.facebook.com\\\/Ararestaurantesalicante\",\"https:\\\/\\\/www.instagram.com\\\/ararestaurantesalicante\\\/\"]},{\"@type\":\"Person\",\"@id\":\"https:\\\/\\\/www.araalicante.com\\\/#\\\/schema\\\/person\\\/066f68dc3db0406c0829af861c17332f\",\"name\":\"Antonio Palomera\",\"image\":{\"@type\":\"ImageObject\",\"inLanguage\":\"en-GB\",\"@id\":\"https:\\\/\\\/secure.gravatar.com\\\/avatar\\\/a8378756bb866d8a91ea5808ee291ef099888cc76273b42162b3ab961b9da5df?s=96&d=mm&r=g\",\"url\":\"https:\\\/\\\/secure.gravatar.com\\\/avatar\\\/a8378756bb866d8a91ea5808ee291ef099888cc76273b42162b3ab961b9da5df?s=96&d=mm&r=g\",\"contentUrl\":\"https:\\\/\\\/secure.gravatar.com\\\/avatar\\\/a8378756bb866d8a91ea5808ee291ef099888cc76273b42162b3ab961b9da5df?s=96&d=mm&r=g\",\"caption\":\"Antonio Palomera\"},\"url\":\"https:\\\/\\\/www.araalicante.com\\\/en\\\/author\\\/antonio\\\/\"}]}<\/script>\n<!-- \/ Yoast SEO plugin. -->","yoast_head_json":{"title":"M\u00aa del Mar Valera Samblas, reelegida presidenta de Hosteler\u00eda Alicante para los pr\u00f3ximos cuatro a\u00f1os - ARA | Asociaci\u00f3n de Restaurantes Alicante","robots":{"index":"index","follow":"follow","max-snippet":"max-snippet:-1","max-image-preview":"max-image-preview:large","max-video-preview":"max-video-preview:-1"},"canonical":"https:\/\/www.araalicante.com\/en\/ma-del-mar-valera-samblas-reelegida-presidenta-de-hosteleria-alicante-para-los-proximos-cuatro-anos\/","og_locale":"en_GB","og_type":"article","og_title":"M\u00aa del Mar Valera Samblas, reelegida presidenta de Hosteler\u00eda Alicante para los pr\u00f3ximos cuatro a\u00f1os - ARA | Asociaci\u00f3n de Restaurantes Alicante","og_description":"La Asociaci\u00f3n Provincial de Empresarios de Hosteler\u00eda de Alicante (APEHA) ha reelegido [\u2026]","og_url":"https:\/\/www.araalicante.com\/en\/ma-del-mar-valera-samblas-reelegida-presidenta-de-hosteleria-alicante-para-los-proximos-cuatro-anos\/","og_site_name":"ARA | Asociaci\u00f3n de Restaurantes Alicante","article_publisher":"https:\/\/www.facebook.com\/Ararestaurantesalicante","article_published_time":"2026-04-30T22:50:38+00:00","og_image":[{"width":200,"height":200,"url":"https:\/\/www.araalicante.com\/wp-content\/uploads\/2023\/10\/Sin-titulo-1.png","type":"image\/png"}],"author":"Antonio Palomera","twitter_card":"summary_large_image","twitter_misc":{"Written by":"Antonio Palomera","Estimated reading time":"2 minutes"},"schema":{"@context":"https:\/\/schema.org","@graph":[{"@type":"Article","@id":"https:\/\/www.araalicante.com\/ma-del-mar-valera-samblas-reelegida-presidenta-de-hosteleria-alicante-para-los-proximos-cuatro-anos\/#article","isPartOf":{"@id":"https:\/\/www.araalicante.com\/ma-del-mar-valera-samblas-reelegida-presidenta-de-hosteleria-alicante-para-los-proximos-cuatro-anos\/"},"author":{"name":"Antonio Palomera","@id":"https:\/\/www.araalicante.com\/#\/schema\/person\/066f68dc3db0406c0829af861c17332f"},"headline":"M\u00aa del Mar Valera Samblas, reelegida presidenta de Hosteler\u00eda Alicante para los pr\u00f3ximos cuatro a\u00f1os","datePublished":"2026-04-30T22:50:38+00:00","mainEntityOfPage":{"@id":"https:\/\/www.araalicante.com\/ma-del-mar-valera-samblas-reelegida-presidenta-de-hosteleria-alicante-para-los-proximos-cuatro-anos\/"},"wordCount":401,"publisher":{"@id":"https:\/\/www.araalicante.com\/#organization"},"articleSection":["Noticias externas"],"inLanguage":"en-GB"},{"@type":"WebPage","@id":"https:\/\/www.araalicante.com\/ma-del-mar-valera-samblas-reelegida-presidenta-de-hosteleria-alicante-para-los-proximos-cuatro-anos\/","url":"https:\/\/www.araalicante.com\/ma-del-mar-valera-samblas-reelegida-presidenta-de-hosteleria-alicante-para-los-proximos-cuatro-anos\/","name":"M\u00aa del Mar Valera Samblas, reelegida presidenta de Hosteler\u00eda Alicante para los pr\u00f3ximos cuatro a\u00f1os - ARA | Asociaci\u00f3n de Restaurantes Alicante","isPartOf":{"@id":"https:\/\/www.araalicante.com\/#website"},"datePublished":"2026-04-30T22:50:38+00:00","breadcrumb":{"@id":"https:\/\/www.araalicante.com\/ma-del-mar-valera-samblas-reelegida-presidenta-de-hosteleria-alicante-para-los-proximos-cuatro-anos\/#breadcrumb"},"inLanguage":"en-GB","potentialAction":[{"@type":"ReadAction","target":["https:\/\/www.araalicante.com\/ma-del-mar-valera-samblas-reelegida-presidenta-de-hosteleria-alicante-para-los-proximos-cuatro-anos\/"]}]},{"@type":"BreadcrumbList","@id":"https:\/\/www.araalicante.com\/ma-del-mar-valera-samblas-reelegida-presidenta-de-hosteleria-alicante-para-los-proximos-cuatro-anos\/#breadcrumb","itemListElement":[{"@type":"ListItem","position":1,"name":"Portada","item":"https:\/\/www.araalicante.com\/"},{"@type":"ListItem","position":2,"name":"M\u00aa del Mar Valera Samblas, reelegida presidenta de Hosteler\u00eda Alicante para los pr\u00f3ximos cuatro a\u00f1os"}]},{"@type":"WebSite","@id":"https:\/\/www.araalicante.com\/#website","url":"https:\/\/www.araalicante.com\/","name":"ARA | Asociaci\u00f3n de Restaurantes Alicante","description":"Producto local, restauraci\u00f3n de calidad en Alicante y su provincia","publisher":{"@id":"https:\/\/www.araalicante.com\/#organization"},"potentialAction":[{"@type":"SearchAction","target":{"@type":"EntryPoint","urlTemplate":"https:\/\/www.araalicante.com\/?s={search_term_string}"},"query-input":{"@type":"PropertyValueSpecification","valueRequired":true,"valueName":"search_term_string"}}],"inLanguage":"en-GB"},{"@type":"Organization","@id":"https:\/\/www.araalicante.com\/#organization","name":"ARA | Asociaci\u00f3n de Restaurantes Alicante","url":"https:\/\/www.araalicante.com\/","logo":{"@type":"ImageObject","inLanguage":"en-GB","@id":"https:\/\/www.araalicante.com\/#\/schema\/logo\/image\/","url":"https:\/\/www.araalicante.com\/wp-content\/uploads\/2023\/09\/logoara.png","contentUrl":"https:\/\/www.araalicante.com\/wp-content\/uploads\/2023\/09\/logoara.png","width":400,"height":85,"caption":"ARA | Asociaci\u00f3n de Restaurantes Alicante"},"image":{"@id":"https:\/\/www.araalicante.com\/#\/schema\/logo\/image\/"},"sameAs":["https:\/\/www.facebook.com\/Ararestaurantesalicante","https:\/\/www.instagram.com\/ararestaurantesalicante\/"]},{"@type":"Person","@id":"https:\/\/www.araalicante.com\/#\/schema\/person\/066f68dc3db0406c0829af861c17332f","name":"Antonio Palomera","image":{"@type":"ImageObject","inLanguage":"en-GB","@id":"https:\/\/secure.gravatar.com\/avatar\/a8378756bb866d8a91ea5808ee291ef099888cc76273b42162b3ab961b9da5df?s=96&d=mm&r=g","url":"https:\/\/secure.gravatar.com\/avatar\/a8378756bb866d8a91ea5808ee291ef099888cc76273b42162b3ab961b9da5df?s=96&d=mm&r=g","contentUrl":"https:\/\/secure.gravatar.com\/avatar\/a8378756bb866d8a91ea5808ee291ef099888cc76273b42162b3ab961b9da5df?s=96&d=mm&r=g","caption":"Antonio Palomera"},"url":"https:\/\/www.araalicante.com\/en\/author\/antonio\/"}]}},"_links":{"self":[{"href":"https:\/\/www.araalicante.com\/en\/wp-json\/wp\/v2\/posts\/5644","targetHints":{"allow":["GET"]}}],"collection":[{"href":"https:\/\/www.araalicante.com\/en\/wp-json\/wp\/v2\/posts"}],"about":[{"href":"https:\/\/www.araalicante.com\/en\/wp-json\/wp\/v2\/types\/post"}],"author":[{"embeddable":true,"href":"https:\/\/www.araalicante.com\/en\/wp-json\/wp\/v2\/users\/17"}],"replies":[{"embeddable":true,"href":"https:\/\/www.araalicante.com\/en\/wp-json\/wp\/v2\/comments?post=5644"}],"version-history":[{"count":0,"href":"https:\/\/www.araalicante.com\/en\/wp-json\/wp\/v2\/posts\/5644\/revisions"}],"wp:attachment":[{"href":"https:\/\/www.araalicante.com\/en\/wp-json\/wp\/v2\/media?parent=5644"}],"wp:term":[{"taxonomy":"category","embeddable":true,"href":"https:\/\/www.araalicante.com\/en\/wp-json\/wp\/v2\/categories?post=5644"},{"taxonomy":"post_tag","embeddable":true,"href":"https:\/\/www.araalicante.com\/en\/wp-json\/wp\/v2\/tags?post=5644"}],"curies":[{"name":"wp","href":"https:\/\/api.w.org\/{rel}","templated":true}]}}