{"id":5643,"date":"2026-04-30T11:25:36","date_gmt":"2026-04-30T09:25:36","guid":{"rendered":"https:\/\/www.araalicante.com\/vi-aleh-que-cambia-en-la-practica-para-empresas-y-trabajadores-de-la-hosteleria\/"},"modified":"2026-04-30T11:25:36","modified_gmt":"2026-04-30T09:25:36","slug":"vi-aleh-que-cambia-en-la-practica-para-empresas-y-trabajadores-de-la-hosteleria","status":"publish","type":"post","link":"https:\/\/www.araalicante.com\/en\/vi-aleh-que-cambia-en-la-practica-para-empresas-y-trabajadores-de-la-hosteleria\/","title":{"rendered":"VI ALEH: qu\u00e9 cambia en la pr\u00e1ctica para empresas y trabajadores de la hosteler\u00eda"},"content":{"rendered":"<div>\n<p><span data-contrast=\"auto\">La firma de la modificaci\u00f3n del VI Acuerdo Laboral Estatal de Hosteler\u00eda el pasado 13 de abril supuso un hito en las relaciones laborales del sector. Ya informamos de los protagonistas y el contexto de ese acuerdo. Ahora toca ir un paso m\u00e1s all\u00e1: \u00bfqu\u00e9 implica concretamente para una empresa hostelera o para una persona trabajadora del sector?<\/span><span data-ccp-props=\"{&quot;335559738&quot;:240,&quot;335559739&quot;:240}\">\u00a0<\/span><\/p>\n<p><span data-contrast=\"auto\">El texto incorpora cuatro bloques de novedades con implicaciones pr\u00e1cticas diferenciadas. Las analizamos una a una.<\/span><span data-ccp-props=\"{&quot;335559738&quot;:240,&quot;335559739&quot;:240}\">\u00a0<\/span><\/p>\n<p><a href=\"https:\/\/www.hosteleriadigital.es\/wp-content\/uploads\/2026\/04\/aleh-despido.jpg\"><img fetchpriority=\"high\" decoding=\"async\" class=\"size-full wp-image-34863 aligncenter lazyload\" src=\"https:\/\/www.hosteleriadigital.es\/wp-content\/uploads\/2026\/04\/aleh-despido.jpg\" alt=\"\" width=\"700\" height=\"523\"\/><noscript><img loading=\"lazy\" decoding=\"async\" class=\"size-full wp-image-34863 aligncenter lazyload\" src=\"https:\/\/www.hosteleriadigital.es\/wp-content\/uploads\/2026\/04\/aleh-despido.jpg\" alt=\"\" width=\"700\" height=\"523\" srcset=\"https:\/\/www.hosteleriadigital.es\/wp-content\/uploads\/2026\/04\/aleh-despido.jpg 700w, https:\/\/www.hosteleriadigital.es\/wp-content\/uploads\/2026\/04\/aleh-despido-300x224.jpg 300w, https:\/\/www.hosteleriadigital.es\/wp-content\/uploads\/2026\/04\/aleh-despido-150x112.jpg 150w, https:\/\/www.hosteleriadigital.es\/wp-content\/uploads\/2026\/04\/aleh-despido-562x420.jpg 562w, https:\/\/www.hosteleriadigital.es\/wp-content\/uploads\/2026\/04\/aleh-despido-80x60.jpg 80w, https:\/\/www.hosteleriadigital.es\/wp-content\/uploads\/2026\/04\/aleh-despido-100x75.jpg 100w, https:\/\/www.hosteleriadigital.es\/wp-content\/uploads\/2026\/04\/aleh-despido-180x135.jpg 180w, https:\/\/www.hosteleriadigital.es\/wp-content\/uploads\/2026\/04\/aleh-despido-238x178.jpg 238w, https:\/\/www.hosteleriadigital.es\/wp-content\/uploads\/2026\/04\/aleh-despido-265x198.jpg 265w, https:\/\/www.hosteleriadigital.es\/wp-content\/uploads\/2026\/04\/aleh-despido-640x478.jpg 640w, https:\/\/www.hosteleriadigital.es\/wp-content\/uploads\/2026\/04\/aleh-despido-681x509.jpg 681w\" sizes=\"auto, (max-width: 700px) 100vw, 700px\"\/><\/noscript><\/a><\/p>\n<ol>\n<li><b><span data-contrast=\"auto\"> Audiencia previa al despido: un nuevo paso obligatorio antes de cualquier despido disciplinario<\/span><\/b><\/li>\n<\/ol>\n<p><span data-contrast=\"auto\">Esta es, probablemente, la novedad con mayor impacto operativo inmediato para las empresas del sector. A partir de ahora, antes de comunicar un despido disciplinario, la empresa est\u00e1 obligada a informar al trabajador de los hechos que se le imputan y de su posible calificaci\u00f3n jur\u00eddica. El trabajador dispone de dos d\u00edas para responder, por el canal que considere oportuno, incluida la representaci\u00f3n sindical.<\/span><span data-ccp-props=\"{&quot;335559738&quot;:240,&quot;335559739&quot;:240}\">\u00a0<\/span><\/p>\n<p><span data-contrast=\"auto\">Durante esos dos d\u00edas, el trabajador sigue prestando servicios con normalidad, salvo que la empresa decida concederle esos d\u00edas como permiso retribuido, en cuyo caso puede adoptar medidas como la suspensi\u00f3n temporal del acceso al centro de trabajo o la devoluci\u00f3n de herramientas corporativas.<\/span><span data-ccp-props=\"{&quot;335559738&quot;:240,&quot;335559739&quot;:240}\">\u00a0<\/span><\/p>\n<p><span data-contrast=\"auto\">Esta incorporaci\u00f3n responde a la sentencia del Tribunal Supremo de noviembre de 2024, que estableci\u00f3 la obligaci\u00f3n de audiencia previa en aplicaci\u00f3n del Convenio 158 de la OIT. El VI ALEH la traslada ahora al marco sectorial, dando seguridad jur\u00eddica a un procedimiento que hasta ahora pod\u00eda interpretarse de formas distintas.<\/span><span data-ccp-props=\"{&quot;335559738&quot;:240,&quot;335559739&quot;:240}\">\u00a0<\/span><\/p>\n<ol start=\"2\">\n<li><b><span data-contrast=\"auto\"> Medidas LGTBI: obligatorias para empresas de m\u00e1s de 50 trabajadores, voluntarias para el resto<\/span><\/b><\/li>\n<\/ol>\n<p><span data-contrast=\"auto\">En cumplimiento de la Ley 4\/2023 y el Real Decreto 1026\/2024, el acuerdo incorpora un cap\u00edtulo completo sobre igualdad y no discriminaci\u00f3n de las personas LGTBI en el entorno laboral.<\/span><span data-ccp-props=\"{&quot;335559738&quot;:240,&quot;335559739&quot;:240}\">\u00a0<\/span><\/p>\n<p><span data-contrast=\"auto\">Para las empresas con m\u00e1s de 50 trabajadores bajo el \u00e1mbito del ALEH, la aplicaci\u00f3n es obligatoria. Para el resto, voluntaria, aunque el texto proporciona un marco de referencia \u00fatil para cualquier establecimiento que quiera avanzar en esta direcci\u00f3n.<\/span><span data-ccp-props=\"{&quot;335559738&quot;:240,&quot;335559739&quot;:240}\">\u00a0<\/span><\/p>\n<p><span data-contrast=\"auto\">\u00bfQu\u00e9 contempla? Entre otras cosas: prohibici\u00f3n expresa de preguntas sobre orientaci\u00f3n sexual o identidad de g\u00e9nero en los procesos de selecci\u00f3n, criterios objetivos y neutros en la evaluaci\u00f3n del desempe\u00f1o y en la promoci\u00f3n profesional, formaci\u00f3n espec\u00edfica para toda la plantilla y especialmente para quienes tienen personal a su cargo, y protocolos para prevenir, identificar y actuar ante situaciones de discriminaci\u00f3n o acoso por raz\u00f3n de orientaci\u00f3n sexual o identidad de g\u00e9nero.<\/span><span data-ccp-props=\"{&quot;335559738&quot;:240,&quot;335559739&quot;:240}\">\u00a0<\/span><\/p>\n<ol start=\"3\">\n<li><b><span data-contrast=\"auto\"> Protocolo ante cat\u00e1strofes y fen\u00f3menos meteorol\u00f3gicos adversos: una novedad con nombre propio<\/span><\/b><\/li>\n<\/ol>\n<p><span data-contrast=\"auto\"><a href=\"https:\/\/www.hosteleriadigital.es\/wp-content\/uploads\/2026\/04\/Firefly_Gemini-Flash_quita-las-manchas-de-la-camisa-blanca-del-camarero.-quitar-los-panuelos-.-quitar-los-774646.png\"><img loading=\"lazy\" decoding=\"async\" class=\"size-full wp-image-34825 aligncenter lazyload\" src=\"https:\/\/www.hosteleriadigital.es\/wp-content\/uploads\/2026\/04\/Firefly_Gemini-Flash_quita-las-manchas-de-la-camisa-blanca-del-camarero.-quitar-los-panuelos-.-quitar-los-774646.png\" alt=\"\" width=\"624\" height=\"416\"\/><noscript><img loading=\"lazy\" decoding=\"async\" class=\"size-full wp-image-34825 aligncenter lazyload\" src=\"https:\/\/www.hosteleriadigital.es\/wp-content\/uploads\/2026\/04\/Firefly_Gemini-Flash_quita-las-manchas-de-la-camisa-blanca-del-camarero.-quitar-los-panuelos-.-quitar-los-774646.png\" alt=\"\" width=\"624\" height=\"416\" srcset=\"https:\/\/www.hosteleriadigital.es\/wp-content\/uploads\/2026\/04\/Firefly_Gemini-Flash_quita-las-manchas-de-la-camisa-blanca-del-camarero.-quitar-los-panuelos-.-quitar-los-774646.png 624w, https:\/\/www.hosteleriadigital.es\/wp-content\/uploads\/2026\/04\/Firefly_Gemini-Flash_quita-las-manchas-de-la-camisa-blanca-del-camarero.-quitar-los-panuelos-.-quitar-los-774646-300x200.png 300w, https:\/\/www.hosteleriadigital.es\/wp-content\/uploads\/2026\/04\/Firefly_Gemini-Flash_quita-las-manchas-de-la-camisa-blanca-del-camarero.-quitar-los-panuelos-.-quitar-los-774646-150x100.png 150w\" sizes=\"auto, (max-width: 624px) 100vw, 624px\"\/><\/noscript><\/a>Este es quiz\u00e1s el cap\u00edtulo m\u00e1s novedoso en t\u00e9rminos conceptuales, y el que conecta directamente con los aprendizajes de la DANA de Valencia de octubre de 2024. Por primera vez, el marco laboral estatal de la hosteler\u00eda incorpora un protocolo espec\u00edfico que regula qu\u00e9 ocurre en el trabajo cuando llega una emergencia clim\u00e1tica.<\/span><span data-ccp-props=\"{&quot;335559738&quot;:240,&quot;335559739&quot;:240}\">\u00a0<\/span><\/p>\n<p><span data-contrast=\"auto\">El protocolo integra el sistema de avisos de AEMET como referencia operativa. Ante un aviso rojo, los trabajadores pueden acogerse al permiso retribuido de hasta cuatro d\u00edas previsto en el art\u00edculo 37.3.g del Estatuto de los Trabajadores si les resulta imposible desplazarse al trabajo. Si el trabajador recibe la alerta estando ya en su turno, la empresa debe ofrecerle permanecer en las instalaciones hasta que la alerta finalice.<\/span><span data-ccp-props=\"{&quot;335559738&quot;:240,&quot;335559739&quot;:240}\">\u00a0<\/span><\/p>\n<p><span data-contrast=\"auto\">El protocolo tambi\u00e9n establece medidas preventivas concretas que las empresas deben adoptar: planes de evacuaci\u00f3n por ubicaci\u00f3n en un plazo de seis meses desde la firma, kits de emergencia en cada centro de trabajo en un plazo de doce meses, canales de comunicaci\u00f3n interna durante la emergencia y, una vez finalizado el fen\u00f3meno, revisi\u00f3n de instalaciones antes de reincorporar a la plantilla.<\/span><span data-ccp-props=\"{&quot;335559738&quot;:240,&quot;335559739&quot;:240}\">\u00a0<\/span><\/p>\n<p><span data-contrast=\"auto\">Es un cap\u00edtulo que complementa y da cobertura laboral al Protocolo Marco de Gesti\u00f3n de Crisis que Hosteler\u00eda de Espa\u00f1a ha desarrollado para el sector, y que refuerza la importancia de que empresas y trabajadores est\u00e9n coordinados cuando llegan las emergencias.<\/span><span data-ccp-props=\"{&quot;335559738&quot;:240,&quot;335559739&quot;:240}\">\u00a0<\/span><\/p>\n<ol start=\"4\">\n<li><b><span data-contrast=\"auto\"> R\u00e9gimen disciplinario actualizado: nuevas conductas para un entorno laboral digital<\/span><\/b><\/li>\n<\/ol>\n<p><span data-contrast=\"auto\">El acuerdo ampl\u00eda el cat\u00e1logo de faltas para incorporar conductas que el marco anterior no contemplaba, fundamentalmente vinculadas al entorno digital y al registro de jornada.<\/span><span data-ccp-props=\"{&quot;335559738&quot;:240,&quot;335559739&quot;:240}\">\u00a0<\/span><\/p>\n<p><span data-contrast=\"auto\">Entre las nuevas faltas leves: el uso del tel\u00e9fono m\u00f3vil o redes sociales durante la jornada sin autorizaci\u00f3n, y los incumplimientos reiterados en la utilizaci\u00f3n de los sistemas de registro de jornada. Entre las faltas graves: consentir la grabaci\u00f3n y aparici\u00f3n en redes sociales con la uniformidad de la empresa sin autorizaci\u00f3n previa. Y como falta muy grave: difamar el nombre o la marca de la empresa en redes sociales, sin perjuicio del ejercicio de los derechos fundamentales.<\/span><span data-ccp-props=\"{&quot;335559738&quot;:240,&quot;335559739&quot;:240}\">\u00a0<\/span><\/p>\n<p><span data-contrast=\"auto\">Estas incorporaciones reflejan una realidad que el sector lleva a\u00f1os gestionando sin un marco de referencia claro, y proporcionan a las empresas criterios m\u00e1s precisos para actuar ante conductas que antes quedaban en una zona gris.<\/span><span data-ccp-props=\"{&quot;335559738&quot;:240,&quot;335559739&quot;:240}\">\u00a0<\/span><\/p>\n<p><b><span data-contrast=\"auto\">Un acuerdo que mira hacia adelante<\/span><\/b><span data-ccp-props=\"{&quot;335559738&quot;:240,&quot;335559739&quot;:240}\">\u00a0<\/span><\/p>\n<p><span data-contrast=\"auto\">La modificaci\u00f3n del VI ALEH no es un cambio radical en la estructura del convenio. Es una actualizaci\u00f3n precisa de aspectos concretos que el marco anterior no contemplaba o contemplaba de forma insuficiente. Cuatro bloques que responden a realidades actuales del sector: la judicializaci\u00f3n de los despidos, la diversidad en los equipos, la intensificaci\u00f3n de los fen\u00f3menos clim\u00e1ticos extremos y la digitalizaci\u00f3n de la vida laboral.<\/span><span data-ccp-props=\"{&quot;335559738&quot;:240,&quot;335559739&quot;:240}\">\u00a0<\/span><\/p>\n<p><span data-contrast=\"auto\">Y que llegan, adem\u00e1s, en un momento simb\u00f3lico: el 30 aniversario del primer convenio estatal de hosteler\u00eda. Una se\u00f1al de que el di\u00e1logo social en el sector sigue siendo capaz de adaptarse a los tiempos.<\/span><span data-ccp-props=\"{&quot;335559738&quot;:240,&quot;335559739&quot;:240}\">\u00a0<\/span><\/p>\n<\/div>\n<p><a href=\"https:\/\/www.hosteleriadigital.es\/2026\/04\/30\/vi-aleh-que-cambia-en-la-practica-para-empresas-y-trabajadores-de-la-hosteleria\/\">source<\/a><\/p>","protected":false},"excerpt":{"rendered":"<p>La firma de la modificaci\u00f3n del VI Acuerdo Laboral Estatal de Hosteler\u00eda<span class=\"excerpt-hellip\"> [\u2026]<\/span><\/p>\n","protected":false},"author":17,"featured_media":0,"comment_status":"","ping_status":"","sticky":false,"template":"","format":"standard","meta":{"footnotes":""},"categories":[1],"tags":[],"class_list":["post-5643","post","type-post","status-publish","format-standard","hentry","category-noticias-externas"],"yoast_head":"<!-- This site is optimized with the Yoast SEO plugin v27.5 - https:\/\/yoast.com\/product\/yoast-seo-wordpress\/ -->\n<title>VI ALEH: qu\u00e9 cambia en la pr\u00e1ctica para empresas y trabajadores de la hosteler\u00eda - ARA | Asociaci\u00f3n de Restaurantes Alicante<\/title>\n<meta name=\"robots\" content=\"index, follow, max-snippet:-1, max-image-preview:large, max-video-preview:-1\" \/>\n<link rel=\"canonical\" href=\"https:\/\/www.araalicante.com\/en\/vi-aleh-que-cambia-en-la-practica-para-empresas-y-trabajadores-de-la-hosteleria\/\" \/>\n<meta property=\"og:locale\" content=\"en_GB\" \/>\n<meta property=\"og:type\" content=\"article\" \/>\n<meta property=\"og:title\" content=\"VI ALEH: qu\u00e9 cambia en la pr\u00e1ctica para empresas y trabajadores de la hosteler\u00eda - ARA | Asociaci\u00f3n de Restaurantes Alicante\" \/>\n<meta property=\"og:description\" content=\"La firma de la modificaci\u00f3n del VI Acuerdo Laboral Estatal de Hosteler\u00eda [\u2026]\" \/>\n<meta property=\"og:url\" content=\"https:\/\/www.araalicante.com\/en\/vi-aleh-que-cambia-en-la-practica-para-empresas-y-trabajadores-de-la-hosteleria\/\" \/>\n<meta property=\"og:site_name\" content=\"ARA | Asociaci\u00f3n de Restaurantes Alicante\" \/>\n<meta property=\"article:publisher\" content=\"https:\/\/www.facebook.com\/Ararestaurantesalicante\" \/>\n<meta property=\"article:published_time\" content=\"2026-04-30T09:25:36+00:00\" \/>\n<meta property=\"og:image\" content=\"https:\/\/www.araalicante.com\/wp-content\/uploads\/2023\/10\/Sin-titulo-1.png\" \/>\n\t<meta property=\"og:image:width\" content=\"200\" \/>\n\t<meta property=\"og:image:height\" content=\"200\" \/>\n\t<meta property=\"og:image:type\" content=\"image\/png\" \/>\n<meta name=\"author\" content=\"Antonio Palomera\" \/>\n<meta name=\"twitter:card\" content=\"summary_large_image\" \/>\n<meta name=\"twitter:label1\" content=\"Written by\" \/>\n\t<meta name=\"twitter:data1\" content=\"Antonio Palomera\" \/>\n\t<meta name=\"twitter:label2\" content=\"Estimated reading time\" \/>\n\t<meta name=\"twitter:data2\" content=\"5 minutes\" \/>\n<script type=\"application\/ld+json\" class=\"yoast-schema-graph\">{\"@context\":\"https:\\\/\\\/schema.org\",\"@graph\":[{\"@type\":\"Article\",\"@id\":\"https:\\\/\\\/www.araalicante.com\\\/vi-aleh-que-cambia-en-la-practica-para-empresas-y-trabajadores-de-la-hosteleria\\\/#article\",\"isPartOf\":{\"@id\":\"https:\\\/\\\/www.araalicante.com\\\/vi-aleh-que-cambia-en-la-practica-para-empresas-y-trabajadores-de-la-hosteleria\\\/\"},\"author\":{\"name\":\"Antonio Palomera\",\"@id\":\"https:\\\/\\\/www.araalicante.com\\\/#\\\/schema\\\/person\\\/066f68dc3db0406c0829af861c17332f\"},\"headline\":\"VI ALEH: qu\u00e9 cambia en la pr\u00e1ctica para empresas y trabajadores de la hosteler\u00eda\",\"datePublished\":\"2026-04-30T09:25:36+00:00\",\"mainEntityOfPage\":{\"@id\":\"https:\\\/\\\/www.araalicante.com\\\/vi-aleh-que-cambia-en-la-practica-para-empresas-y-trabajadores-de-la-hosteleria\\\/\"},\"wordCount\":985,\"publisher\":{\"@id\":\"https:\\\/\\\/www.araalicante.com\\\/#organization\"},\"image\":{\"@id\":\"https:\\\/\\\/www.araalicante.com\\\/vi-aleh-que-cambia-en-la-practica-para-empresas-y-trabajadores-de-la-hosteleria\\\/#primaryimage\"},\"thumbnailUrl\":\"https:\\\/\\\/www.hosteleriadigital.es\\\/wp-content\\\/uploads\\\/2026\\\/04\\\/aleh-despido.jpg\",\"articleSection\":[\"Noticias externas\"],\"inLanguage\":\"en-GB\"},{\"@type\":\"WebPage\",\"@id\":\"https:\\\/\\\/www.araalicante.com\\\/vi-aleh-que-cambia-en-la-practica-para-empresas-y-trabajadores-de-la-hosteleria\\\/\",\"url\":\"https:\\\/\\\/www.araalicante.com\\\/vi-aleh-que-cambia-en-la-practica-para-empresas-y-trabajadores-de-la-hosteleria\\\/\",\"name\":\"VI ALEH: qu\u00e9 cambia en la pr\u00e1ctica para empresas y trabajadores de la hosteler\u00eda - ARA | Asociaci\u00f3n de Restaurantes Alicante\",\"isPartOf\":{\"@id\":\"https:\\\/\\\/www.araalicante.com\\\/#website\"},\"primaryImageOfPage\":{\"@id\":\"https:\\\/\\\/www.araalicante.com\\\/vi-aleh-que-cambia-en-la-practica-para-empresas-y-trabajadores-de-la-hosteleria\\\/#primaryimage\"},\"image\":{\"@id\":\"https:\\\/\\\/www.araalicante.com\\\/vi-aleh-que-cambia-en-la-practica-para-empresas-y-trabajadores-de-la-hosteleria\\\/#primaryimage\"},\"thumbnailUrl\":\"https:\\\/\\\/www.hosteleriadigital.es\\\/wp-content\\\/uploads\\\/2026\\\/04\\\/aleh-despido.jpg\",\"datePublished\":\"2026-04-30T09:25:36+00:00\",\"breadcrumb\":{\"@id\":\"https:\\\/\\\/www.araalicante.com\\\/vi-aleh-que-cambia-en-la-practica-para-empresas-y-trabajadores-de-la-hosteleria\\\/#breadcrumb\"},\"inLanguage\":\"en-GB\",\"potentialAction\":[{\"@type\":\"ReadAction\",\"target\":[\"https:\\\/\\\/www.araalicante.com\\\/vi-aleh-que-cambia-en-la-practica-para-empresas-y-trabajadores-de-la-hosteleria\\\/\"]}]},{\"@type\":\"ImageObject\",\"inLanguage\":\"en-GB\",\"@id\":\"https:\\\/\\\/www.araalicante.com\\\/vi-aleh-que-cambia-en-la-practica-para-empresas-y-trabajadores-de-la-hosteleria\\\/#primaryimage\",\"url\":\"https:\\\/\\\/www.hosteleriadigital.es\\\/wp-content\\\/uploads\\\/2026\\\/04\\\/aleh-despido.jpg\",\"contentUrl\":\"https:\\\/\\\/www.hosteleriadigital.es\\\/wp-content\\\/uploads\\\/2026\\\/04\\\/aleh-despido.jpg\"},{\"@type\":\"BreadcrumbList\",\"@id\":\"https:\\\/\\\/www.araalicante.com\\\/vi-aleh-que-cambia-en-la-practica-para-empresas-y-trabajadores-de-la-hosteleria\\\/#breadcrumb\",\"itemListElement\":[{\"@type\":\"ListItem\",\"position\":1,\"name\":\"Portada\",\"item\":\"https:\\\/\\\/www.araalicante.com\\\/\"},{\"@type\":\"ListItem\",\"position\":2,\"name\":\"VI ALEH: qu\u00e9 cambia en la pr\u00e1ctica para empresas y trabajadores de la hosteler\u00eda\"}]},{\"@type\":\"WebSite\",\"@id\":\"https:\\\/\\\/www.araalicante.com\\\/#website\",\"url\":\"https:\\\/\\\/www.araalicante.com\\\/\",\"name\":\"ARA | Asociaci\u00f3n de Restaurantes Alicante\",\"description\":\"Producto local, restauraci\u00f3n de calidad en Alicante y su provincia\",\"publisher\":{\"@id\":\"https:\\\/\\\/www.araalicante.com\\\/#organization\"},\"potentialAction\":[{\"@type\":\"SearchAction\",\"target\":{\"@type\":\"EntryPoint\",\"urlTemplate\":\"https:\\\/\\\/www.araalicante.com\\\/?s={search_term_string}\"},\"query-input\":{\"@type\":\"PropertyValueSpecification\",\"valueRequired\":true,\"valueName\":\"search_term_string\"}}],\"inLanguage\":\"en-GB\"},{\"@type\":\"Organization\",\"@id\":\"https:\\\/\\\/www.araalicante.com\\\/#organization\",\"name\":\"ARA | Asociaci\u00f3n de Restaurantes Alicante\",\"url\":\"https:\\\/\\\/www.araalicante.com\\\/\",\"logo\":{\"@type\":\"ImageObject\",\"inLanguage\":\"en-GB\",\"@id\":\"https:\\\/\\\/www.araalicante.com\\\/#\\\/schema\\\/logo\\\/image\\\/\",\"url\":\"https:\\\/\\\/www.araalicante.com\\\/wp-content\\\/uploads\\\/2023\\\/09\\\/logoara.png\",\"contentUrl\":\"https:\\\/\\\/www.araalicante.com\\\/wp-content\\\/uploads\\\/2023\\\/09\\\/logoara.png\",\"width\":400,\"height\":85,\"caption\":\"ARA | Asociaci\u00f3n de Restaurantes Alicante\"},\"image\":{\"@id\":\"https:\\\/\\\/www.araalicante.com\\\/#\\\/schema\\\/logo\\\/image\\\/\"},\"sameAs\":[\"https:\\\/\\\/www.facebook.com\\\/Ararestaurantesalicante\",\"https:\\\/\\\/www.instagram.com\\\/ararestaurantesalicante\\\/\"]},{\"@type\":\"Person\",\"@id\":\"https:\\\/\\\/www.araalicante.com\\\/#\\\/schema\\\/person\\\/066f68dc3db0406c0829af861c17332f\",\"name\":\"Antonio Palomera\",\"image\":{\"@type\":\"ImageObject\",\"inLanguage\":\"en-GB\",\"@id\":\"https:\\\/\\\/secure.gravatar.com\\\/avatar\\\/a8378756bb866d8a91ea5808ee291ef099888cc76273b42162b3ab961b9da5df?s=96&d=mm&r=g\",\"url\":\"https:\\\/\\\/secure.gravatar.com\\\/avatar\\\/a8378756bb866d8a91ea5808ee291ef099888cc76273b42162b3ab961b9da5df?s=96&d=mm&r=g\",\"contentUrl\":\"https:\\\/\\\/secure.gravatar.com\\\/avatar\\\/a8378756bb866d8a91ea5808ee291ef099888cc76273b42162b3ab961b9da5df?s=96&d=mm&r=g\",\"caption\":\"Antonio Palomera\"},\"url\":\"https:\\\/\\\/www.araalicante.com\\\/en\\\/author\\\/antonio\\\/\"}]}<\/script>\n<!-- \/ Yoast SEO plugin. -->","yoast_head_json":{"title":"VI ALEH: qu\u00e9 cambia en la pr\u00e1ctica para empresas y trabajadores de la hosteler\u00eda - ARA | Asociaci\u00f3n de Restaurantes Alicante","robots":{"index":"index","follow":"follow","max-snippet":"max-snippet:-1","max-image-preview":"max-image-preview:large","max-video-preview":"max-video-preview:-1"},"canonical":"https:\/\/www.araalicante.com\/en\/vi-aleh-que-cambia-en-la-practica-para-empresas-y-trabajadores-de-la-hosteleria\/","og_locale":"en_GB","og_type":"article","og_title":"VI ALEH: qu\u00e9 cambia en la pr\u00e1ctica para empresas y trabajadores de la hosteler\u00eda - ARA | Asociaci\u00f3n de Restaurantes Alicante","og_description":"La firma de la modificaci\u00f3n del VI Acuerdo Laboral Estatal de Hosteler\u00eda [\u2026]","og_url":"https:\/\/www.araalicante.com\/en\/vi-aleh-que-cambia-en-la-practica-para-empresas-y-trabajadores-de-la-hosteleria\/","og_site_name":"ARA | Asociaci\u00f3n de Restaurantes Alicante","article_publisher":"https:\/\/www.facebook.com\/Ararestaurantesalicante","article_published_time":"2026-04-30T09:25:36+00:00","og_image":[{"width":200,"height":200,"url":"https:\/\/www.araalicante.com\/wp-content\/uploads\/2023\/10\/Sin-titulo-1.png","type":"image\/png"}],"author":"Antonio Palomera","twitter_card":"summary_large_image","twitter_misc":{"Written by":"Antonio Palomera","Estimated reading time":"5 minutes"},"schema":{"@context":"https:\/\/schema.org","@graph":[{"@type":"Article","@id":"https:\/\/www.araalicante.com\/vi-aleh-que-cambia-en-la-practica-para-empresas-y-trabajadores-de-la-hosteleria\/#article","isPartOf":{"@id":"https:\/\/www.araalicante.com\/vi-aleh-que-cambia-en-la-practica-para-empresas-y-trabajadores-de-la-hosteleria\/"},"author":{"name":"Antonio Palomera","@id":"https:\/\/www.araalicante.com\/#\/schema\/person\/066f68dc3db0406c0829af861c17332f"},"headline":"VI ALEH: qu\u00e9 cambia en la pr\u00e1ctica para empresas y trabajadores de la hosteler\u00eda","datePublished":"2026-04-30T09:25:36+00:00","mainEntityOfPage":{"@id":"https:\/\/www.araalicante.com\/vi-aleh-que-cambia-en-la-practica-para-empresas-y-trabajadores-de-la-hosteleria\/"},"wordCount":985,"publisher":{"@id":"https:\/\/www.araalicante.com\/#organization"},"image":{"@id":"https:\/\/www.araalicante.com\/vi-aleh-que-cambia-en-la-practica-para-empresas-y-trabajadores-de-la-hosteleria\/#primaryimage"},"thumbnailUrl":"https:\/\/www.hosteleriadigital.es\/wp-content\/uploads\/2026\/04\/aleh-despido.jpg","articleSection":["Noticias externas"],"inLanguage":"en-GB"},{"@type":"WebPage","@id":"https:\/\/www.araalicante.com\/vi-aleh-que-cambia-en-la-practica-para-empresas-y-trabajadores-de-la-hosteleria\/","url":"https:\/\/www.araalicante.com\/vi-aleh-que-cambia-en-la-practica-para-empresas-y-trabajadores-de-la-hosteleria\/","name":"VI ALEH: qu\u00e9 cambia en la pr\u00e1ctica para empresas y trabajadores de la hosteler\u00eda - ARA | Asociaci\u00f3n de Restaurantes Alicante","isPartOf":{"@id":"https:\/\/www.araalicante.com\/#website"},"primaryImageOfPage":{"@id":"https:\/\/www.araalicante.com\/vi-aleh-que-cambia-en-la-practica-para-empresas-y-trabajadores-de-la-hosteleria\/#primaryimage"},"image":{"@id":"https:\/\/www.araalicante.com\/vi-aleh-que-cambia-en-la-practica-para-empresas-y-trabajadores-de-la-hosteleria\/#primaryimage"},"thumbnailUrl":"https:\/\/www.hosteleriadigital.es\/wp-content\/uploads\/2026\/04\/aleh-despido.jpg","datePublished":"2026-04-30T09:25:36+00:00","breadcrumb":{"@id":"https:\/\/www.araalicante.com\/vi-aleh-que-cambia-en-la-practica-para-empresas-y-trabajadores-de-la-hosteleria\/#breadcrumb"},"inLanguage":"en-GB","potentialAction":[{"@type":"ReadAction","target":["https:\/\/www.araalicante.com\/vi-aleh-que-cambia-en-la-practica-para-empresas-y-trabajadores-de-la-hosteleria\/"]}]},{"@type":"ImageObject","inLanguage":"en-GB","@id":"https:\/\/www.araalicante.com\/vi-aleh-que-cambia-en-la-practica-para-empresas-y-trabajadores-de-la-hosteleria\/#primaryimage","url":"https:\/\/www.hosteleriadigital.es\/wp-content\/uploads\/2026\/04\/aleh-despido.jpg","contentUrl":"https:\/\/www.hosteleriadigital.es\/wp-content\/uploads\/2026\/04\/aleh-despido.jpg"},{"@type":"BreadcrumbList","@id":"https:\/\/www.araalicante.com\/vi-aleh-que-cambia-en-la-practica-para-empresas-y-trabajadores-de-la-hosteleria\/#breadcrumb","itemListElement":[{"@type":"ListItem","position":1,"name":"Portada","item":"https:\/\/www.araalicante.com\/"},{"@type":"ListItem","position":2,"name":"VI ALEH: qu\u00e9 cambia en la pr\u00e1ctica para empresas y trabajadores de la hosteler\u00eda"}]},{"@type":"WebSite","@id":"https:\/\/www.araalicante.com\/#website","url":"https:\/\/www.araalicante.com\/","name":"ARA | Asociaci\u00f3n de Restaurantes Alicante","description":"Producto local, restauraci\u00f3n de calidad en Alicante y su provincia","publisher":{"@id":"https:\/\/www.araalicante.com\/#organization"},"potentialAction":[{"@type":"SearchAction","target":{"@type":"EntryPoint","urlTemplate":"https:\/\/www.araalicante.com\/?s={search_term_string}"},"query-input":{"@type":"PropertyValueSpecification","valueRequired":true,"valueName":"search_term_string"}}],"inLanguage":"en-GB"},{"@type":"Organization","@id":"https:\/\/www.araalicante.com\/#organization","name":"ARA | Asociaci\u00f3n de Restaurantes Alicante","url":"https:\/\/www.araalicante.com\/","logo":{"@type":"ImageObject","inLanguage":"en-GB","@id":"https:\/\/www.araalicante.com\/#\/schema\/logo\/image\/","url":"https:\/\/www.araalicante.com\/wp-content\/uploads\/2023\/09\/logoara.png","contentUrl":"https:\/\/www.araalicante.com\/wp-content\/uploads\/2023\/09\/logoara.png","width":400,"height":85,"caption":"ARA | Asociaci\u00f3n de Restaurantes Alicante"},"image":{"@id":"https:\/\/www.araalicante.com\/#\/schema\/logo\/image\/"},"sameAs":["https:\/\/www.facebook.com\/Ararestaurantesalicante","https:\/\/www.instagram.com\/ararestaurantesalicante\/"]},{"@type":"Person","@id":"https:\/\/www.araalicante.com\/#\/schema\/person\/066f68dc3db0406c0829af861c17332f","name":"Antonio Palomera","image":{"@type":"ImageObject","inLanguage":"en-GB","@id":"https:\/\/secure.gravatar.com\/avatar\/a8378756bb866d8a91ea5808ee291ef099888cc76273b42162b3ab961b9da5df?s=96&d=mm&r=g","url":"https:\/\/secure.gravatar.com\/avatar\/a8378756bb866d8a91ea5808ee291ef099888cc76273b42162b3ab961b9da5df?s=96&d=mm&r=g","contentUrl":"https:\/\/secure.gravatar.com\/avatar\/a8378756bb866d8a91ea5808ee291ef099888cc76273b42162b3ab961b9da5df?s=96&d=mm&r=g","caption":"Antonio Palomera"},"url":"https:\/\/www.araalicante.com\/en\/author\/antonio\/"}]}},"_links":{"self":[{"href":"https:\/\/www.araalicante.com\/en\/wp-json\/wp\/v2\/posts\/5643","targetHints":{"allow":["GET"]}}],"collection":[{"href":"https:\/\/www.araalicante.com\/en\/wp-json\/wp\/v2\/posts"}],"about":[{"href":"https:\/\/www.araalicante.com\/en\/wp-json\/wp\/v2\/types\/post"}],"author":[{"embeddable":true,"href":"https:\/\/www.araalicante.com\/en\/wp-json\/wp\/v2\/users\/17"}],"replies":[{"embeddable":true,"href":"https:\/\/www.araalicante.com\/en\/wp-json\/wp\/v2\/comments?post=5643"}],"version-history":[{"count":0,"href":"https:\/\/www.araalicante.com\/en\/wp-json\/wp\/v2\/posts\/5643\/revisions"}],"wp:attachment":[{"href":"https:\/\/www.araalicante.com\/en\/wp-json\/wp\/v2\/media?parent=5643"}],"wp:term":[{"taxonomy":"category","embeddable":true,"href":"https:\/\/www.araalicante.com\/en\/wp-json\/wp\/v2\/categories?post=5643"},{"taxonomy":"post_tag","embeddable":true,"href":"https:\/\/www.araalicante.com\/en\/wp-json\/wp\/v2\/tags?post=5643"}],"curies":[{"name":"wp","href":"https:\/\/api.w.org\/{rel}","templated":true}]}}