{"id":5353,"date":"2026-03-13T21:50:34","date_gmt":"2026-03-13T20:50:34","guid":{"rendered":"https:\/\/www.araalicante.com\/hosteleria-madrid-presenta-su-plan-estrategico-en-playa-madrid-1932\/"},"modified":"2026-03-13T21:50:34","modified_gmt":"2026-03-13T20:50:34","slug":"hosteleria-madrid-presenta-su-plan-estrategico-en-playa-madrid-1932","status":"publish","type":"post","link":"https:\/\/www.araalicante.com\/en\/hosteleria-madrid-presenta-su-plan-estrategico-en-playa-madrid-1932\/","title":{"rendered":"Hosteler\u00eda Madrid presenta su plan estrat\u00e9gico en Playa Madrid 1932"},"content":{"rendered":"<div>\n<div class=\"td-post-featured-image\"><a href=\"https:\/\/www.hosteleriadigital.es\/wp-content\/uploads\/2026\/03\/hosteleriaadridportada.jpg\" data-caption=\"\"><img loading=\"lazy\" decoding=\"async\" width=\"640\" height=\"426\" class=\"entry-thumb td-modal-image\" src=\"https:\/\/www.hosteleriadigital.es\/wp-content\/uploads\/2026\/03\/hosteleriaadridportada-640x426.jpg\" srcset=\"https:\/\/www.hosteleriadigital.es\/wp-content\/uploads\/2026\/03\/hosteleriaadridportada-640x426.jpg 640w, https:\/\/www.hosteleriadigital.es\/wp-content\/uploads\/2026\/03\/hosteleriaadridportada-300x200.jpg 300w, https:\/\/www.hosteleriadigital.es\/wp-content\/uploads\/2026\/03\/hosteleriaadridportada-150x100.jpg 150w, https:\/\/www.hosteleriadigital.es\/wp-content\/uploads\/2026\/03\/hosteleriaadridportada-631x420.jpg 631w, https:\/\/www.hosteleriadigital.es\/wp-content\/uploads\/2026\/03\/hosteleriaadridportada-681x453.jpg 681w, https:\/\/www.hosteleriadigital.es\/wp-content\/uploads\/2026\/03\/hosteleriaadridportada.jpg 700w\" sizes=\"auto, (max-width: 640px) 100vw, 640px\" alt=\"\" title=\"hosteleriaadridportada\"\/><\/a><\/div>\n<p>Hosteler\u00eda Madrid ha presentado este lunes 9 de marzo, en el espacio\u00a0<strong>Playa de Madrid 1932<\/strong>, su\u00a0<strong>Plan Estrat\u00e9gico 2026-2029<\/strong>, una hoja de ruta con la que la organizaci\u00f3n quiere consolidar una nueva etapa centrada en la gesti\u00f3n, la competitividad, la sostenibilidad y la defensa sectorial.<\/p>\n<p>La presentaci\u00f3n ha contado con la presencia del viceconsejero de Cultura, Turismo y Deporte de la Comunidad de Madrid,\u00a0<strong>Luis Mart\u00edn<\/strong>, la delegada del \u00c1rea de Econom\u00eda, Innovaci\u00f3n y Hacienda del Ayuntamiento de Madrid,\u00a0<strong>Engracia Hidalgo<\/strong>, la delegada del \u00c1rea de Turismo del Ayuntamiento de Madrid,\u00a0<strong>Almudena Ma\u00edllo<\/strong>, y del presidente del Pleno del Ayuntamiento de Madrid,\u00a0<strong>Borja Fanjul<\/strong>.<\/p>\n<p>El plan ha sido presentado por\u00a0<strong>Jos\u00e9 Antonio Aparicio<\/strong>, presidente de Hosteler\u00eda Madrid, y\u00a0<strong>Patricia Mota<\/strong>, directora de Desarrollo de la entidad, quienes han expuesto las principales l\u00edneas estrat\u00e9gicas de la organizaci\u00f3n para los pr\u00f3ximos cuatro a\u00f1os.<\/p>\n<p>Aparicio ha recalcado que \u201ceste plan estrat\u00e9gico es la hoja de ruta que pretende ser la gu\u00eda de funcionamiento de la asociaci\u00f3n m\u00e1s representativa de la Comunidad de Madrid\u201d. \u201cEn base al conocimiento que Hosteler\u00eda Madrid tiene de las demandas de todos los hosteleros de la Comunidad de Madrid, a los que proporciona servicios y escucha cada d\u00eda, puede establecer ese cat\u00e1logo de prioridades que deben orientar a la asociaci\u00f3n para poder satisfacer esas demandas que nos exige el sector\u201d. \u201cUn sector constituido, en su mayor\u00eda, m\u00e1s del 94%, por empresas de menos de 10 trabajadores\u201d. \u201cY lo hacemos sobre tres pilares, la sostenibilidad, la formaci\u00f3n y el emprendimiento\u201d. \u201cEstas l\u00edneas estrat\u00e9gicas dar\u00e1n lugar a proyectos que a su vez encajar\u00e1n con la estrategia municipal y de la Comunidad de Madrid, las dos instituciones con responsabilidades en el sector\u201d. \u201cPretendemos establecer una hoja de ruta estable, un legado para el futuro de la asociaci\u00f3n m\u00e1s representativa de nuestra regi\u00f3n que refleje las necesidades de un sector diverso que tiene un importante papel en la econom\u00eda y el empleo, pero tambi\u00e9n un fuerte componente social\u201d, ha se\u00f1alado el presidente de la entidad.<\/p>\n<p><img fetchpriority=\"high\" decoding=\"async\" class=\"alignnone wp-image-34489 size-full lazyload\" src=\"https:\/\/www.hosteleriadigital.es\/wp-content\/uploads\/2026\/03\/hosteleriamadrid2.jpg\" alt=\"\" width=\"700\" height=\"458\"\/><noscript><img loading=\"lazy\" decoding=\"async\" class=\"alignnone wp-image-34489 size-full lazyload\" src=\"https:\/\/www.hosteleriadigital.es\/wp-content\/uploads\/2026\/03\/hosteleriamadrid2.jpg\" alt=\"\" width=\"700\" height=\"458\" srcset=\"https:\/\/www.hosteleriadigital.es\/wp-content\/uploads\/2026\/03\/hosteleriamadrid2.jpg 700w, https:\/\/www.hosteleriadigital.es\/wp-content\/uploads\/2026\/03\/hosteleriamadrid2-300x196.jpg 300w, https:\/\/www.hosteleriadigital.es\/wp-content\/uploads\/2026\/03\/hosteleriamadrid2-150x98.jpg 150w, https:\/\/www.hosteleriadigital.es\/wp-content\/uploads\/2026\/03\/hosteleriamadrid2-642x420.jpg 642w, https:\/\/www.hosteleriadigital.es\/wp-content\/uploads\/2026\/03\/hosteleriamadrid2-640x419.jpg 640w, https:\/\/www.hosteleriadigital.es\/wp-content\/uploads\/2026\/03\/hosteleriamadrid2-681x446.jpg 681w\" sizes=\"auto, (max-width: 700px) 100vw, 700px\"\/><\/noscript><\/p>\n<p>Seg\u00fan se recoge en el documento estrat\u00e9gico presentado por\u00a0<strong>Patricia Mota<\/strong>, Hosteler\u00eda Madrid afronta el periodo 2026-2029 como la\u00a0<strong>\u201clegislatura de la gesti\u00f3n\u201d<\/strong>, con objetivos dirigidos a fortalecer la propia organizaci\u00f3n y a ofrecer una respuesta m\u00e1s eficaz a las necesidades del sector. Entre sus ejes destacan la mejora de la eficiencia y el nivel t\u00e9cnico de la entidad, el crecimiento y la expansi\u00f3n asociativa, el refuerzo de la defensa sectorial, el impulso de servicios t\u00e9cnicos 360\u00ba, la colaboraci\u00f3n p\u00fablico-privada, la creaci\u00f3n de alianzas y el avance hacia la descentralizaci\u00f3n y la desestacionalizaci\u00f3n de la actividad.<\/p>\n<p>El plan sit\u00faa adem\u00e1s la\u00a0<strong>sostenibilidad<\/strong>\u00a0como uno de sus grandes pilares, entendida desde una triple dimensi\u00f3n:\u00a0<strong>econ\u00f3mica, social y medioambiental<\/strong>. En este marco, Hosteler\u00eda Madrid plantea retos vinculados al absentismo laboral, el relevo generacional, la formaci\u00f3n y atracci\u00f3n de talento, la adaptaci\u00f3n normativa de las pymes, el urbanismo, la innovaci\u00f3n t\u00e9cnica y la capacidad del sector para responder a los cambios sociales y de ciudad.<\/p>\n<p>La estrategia presentada tambi\u00e9n refuerza el papel de la organizaci\u00f3n como nexo entre hosteleros, administraci\u00f3n y sociedad, apoy\u00e1ndose en una estructura consolidada de\u00a0<strong>9 departamentos, 11 \u00e1reas de trabajo, 35 profesionales y m\u00e1s de 25 proyectos en marcha<\/strong>, con el objetivo de seguir posicionando a la hosteler\u00eda madrile\u00f1a como un sector clave para la econom\u00eda, el empleo, el turismo y la identidad de la regi\u00f3n.<\/p>\n<p>Con este Plan Estrat\u00e9gico 2026-2029, Hosteler\u00eda Madrid trabaja para seguir siendo un referente asociativo y un agente activo en la modernizaci\u00f3n, protecci\u00f3n y proyecci\u00f3n de la hosteler\u00eda madrile\u00f1a.<\/p>\n<\/div>\n<p><a href=\"https:\/\/www.hosteleriadigital.es\/2026\/03\/13\/maria-estades-explico-de-primera-mano-el-reto-de-afrontar-un-proyecto-como-playa-de-madrid-1932\/\">source<\/a><\/p>","protected":false},"excerpt":{"rendered":"<p>Hosteler\u00eda Madrid ha presentado este lunes 9 de marzo, en el espacio\u00a0Playa<span class=\"excerpt-hellip\"> [\u2026]<\/span><\/p>\n","protected":false},"author":17,"featured_media":0,"comment_status":"","ping_status":"","sticky":false,"template":"","format":"standard","meta":{"footnotes":""},"categories":[1],"tags":[],"class_list":["post-5353","post","type-post","status-publish","format-standard","hentry","category-noticias-externas"],"yoast_head":"<!-- This site is optimized with the Yoast SEO plugin v27.5 - https:\/\/yoast.com\/product\/yoast-seo-wordpress\/ -->\n<title>Hosteler\u00eda Madrid presenta su plan estrat\u00e9gico en Playa Madrid 1932 - ARA | Asociaci\u00f3n de Restaurantes Alicante<\/title>\n<meta name=\"robots\" content=\"index, follow, max-snippet:-1, max-image-preview:large, max-video-preview:-1\" \/>\n<link rel=\"canonical\" href=\"https:\/\/www.araalicante.com\/en\/hosteleria-madrid-presenta-su-plan-estrategico-en-playa-madrid-1932\/\" \/>\n<meta property=\"og:locale\" content=\"en_GB\" \/>\n<meta property=\"og:type\" content=\"article\" \/>\n<meta property=\"og:title\" content=\"Hosteler\u00eda Madrid presenta su plan estrat\u00e9gico en Playa Madrid 1932 - ARA | Asociaci\u00f3n de Restaurantes Alicante\" \/>\n<meta property=\"og:description\" content=\"Hosteler\u00eda Madrid ha presentado este lunes 9 de marzo, en el espacio\u00a0Playa [\u2026]\" \/>\n<meta property=\"og:url\" content=\"https:\/\/www.araalicante.com\/en\/hosteleria-madrid-presenta-su-plan-estrategico-en-playa-madrid-1932\/\" \/>\n<meta property=\"og:site_name\" content=\"ARA | Asociaci\u00f3n de Restaurantes Alicante\" \/>\n<meta property=\"article:publisher\" content=\"https:\/\/www.facebook.com\/Ararestaurantesalicante\" \/>\n<meta property=\"article:published_time\" content=\"2026-03-13T20:50:34+00:00\" \/>\n<meta property=\"og:image\" content=\"https:\/\/www.hosteleriadigital.es\/wp-content\/uploads\/2026\/03\/hosteleriaadridportada-640x426.jpg\" \/>\n<meta name=\"author\" content=\"Antonio Palomera\" \/>\n<meta name=\"twitter:card\" content=\"summary_large_image\" \/>\n<meta name=\"twitter:label1\" content=\"Written by\" \/>\n\t<meta name=\"twitter:data1\" content=\"Antonio Palomera\" \/>\n\t<meta name=\"twitter:label2\" content=\"Estimated reading time\" \/>\n\t<meta name=\"twitter:data2\" content=\"3 minutes\" \/>\n<script type=\"application\/ld+json\" class=\"yoast-schema-graph\">{\"@context\":\"https:\\\/\\\/schema.org\",\"@graph\":[{\"@type\":\"Article\",\"@id\":\"https:\\\/\\\/www.araalicante.com\\\/hosteleria-madrid-presenta-su-plan-estrategico-en-playa-madrid-1932\\\/#article\",\"isPartOf\":{\"@id\":\"https:\\\/\\\/www.araalicante.com\\\/hosteleria-madrid-presenta-su-plan-estrategico-en-playa-madrid-1932\\\/\"},\"author\":{\"name\":\"Antonio Palomera\",\"@id\":\"https:\\\/\\\/www.araalicante.com\\\/#\\\/schema\\\/person\\\/066f68dc3db0406c0829af861c17332f\"},\"headline\":\"Hosteler\u00eda Madrid presenta su plan estrat\u00e9gico en Playa Madrid 1932\",\"datePublished\":\"2026-03-13T20:50:34+00:00\",\"mainEntityOfPage\":{\"@id\":\"https:\\\/\\\/www.araalicante.com\\\/hosteleria-madrid-presenta-su-plan-estrategico-en-playa-madrid-1932\\\/\"},\"wordCount\":667,\"publisher\":{\"@id\":\"https:\\\/\\\/www.araalicante.com\\\/#organization\"},\"image\":{\"@id\":\"https:\\\/\\\/www.araalicante.com\\\/hosteleria-madrid-presenta-su-plan-estrategico-en-playa-madrid-1932\\\/#primaryimage\"},\"thumbnailUrl\":\"https:\\\/\\\/www.hosteleriadigital.es\\\/wp-content\\\/uploads\\\/2026\\\/03\\\/hosteleriaadridportada-640x426.jpg\",\"articleSection\":[\"Noticias externas\"],\"inLanguage\":\"en-GB\"},{\"@type\":\"WebPage\",\"@id\":\"https:\\\/\\\/www.araalicante.com\\\/hosteleria-madrid-presenta-su-plan-estrategico-en-playa-madrid-1932\\\/\",\"url\":\"https:\\\/\\\/www.araalicante.com\\\/hosteleria-madrid-presenta-su-plan-estrategico-en-playa-madrid-1932\\\/\",\"name\":\"Hosteler\u00eda Madrid presenta su plan estrat\u00e9gico en Playa Madrid 1932 - ARA | Asociaci\u00f3n de Restaurantes Alicante\",\"isPartOf\":{\"@id\":\"https:\\\/\\\/www.araalicante.com\\\/#website\"},\"primaryImageOfPage\":{\"@id\":\"https:\\\/\\\/www.araalicante.com\\\/hosteleria-madrid-presenta-su-plan-estrategico-en-playa-madrid-1932\\\/#primaryimage\"},\"image\":{\"@id\":\"https:\\\/\\\/www.araalicante.com\\\/hosteleria-madrid-presenta-su-plan-estrategico-en-playa-madrid-1932\\\/#primaryimage\"},\"thumbnailUrl\":\"https:\\\/\\\/www.hosteleriadigital.es\\\/wp-content\\\/uploads\\\/2026\\\/03\\\/hosteleriaadridportada-640x426.jpg\",\"datePublished\":\"2026-03-13T20:50:34+00:00\",\"breadcrumb\":{\"@id\":\"https:\\\/\\\/www.araalicante.com\\\/hosteleria-madrid-presenta-su-plan-estrategico-en-playa-madrid-1932\\\/#breadcrumb\"},\"inLanguage\":\"en-GB\",\"potentialAction\":[{\"@type\":\"ReadAction\",\"target\":[\"https:\\\/\\\/www.araalicante.com\\\/hosteleria-madrid-presenta-su-plan-estrategico-en-playa-madrid-1932\\\/\"]}]},{\"@type\":\"ImageObject\",\"inLanguage\":\"en-GB\",\"@id\":\"https:\\\/\\\/www.araalicante.com\\\/hosteleria-madrid-presenta-su-plan-estrategico-en-playa-madrid-1932\\\/#primaryimage\",\"url\":\"https:\\\/\\\/www.hosteleriadigital.es\\\/wp-content\\\/uploads\\\/2026\\\/03\\\/hosteleriaadridportada-640x426.jpg\",\"contentUrl\":\"https:\\\/\\\/www.hosteleriadigital.es\\\/wp-content\\\/uploads\\\/2026\\\/03\\\/hosteleriaadridportada-640x426.jpg\"},{\"@type\":\"BreadcrumbList\",\"@id\":\"https:\\\/\\\/www.araalicante.com\\\/hosteleria-madrid-presenta-su-plan-estrategico-en-playa-madrid-1932\\\/#breadcrumb\",\"itemListElement\":[{\"@type\":\"ListItem\",\"position\":1,\"name\":\"Portada\",\"item\":\"https:\\\/\\\/www.araalicante.com\\\/\"},{\"@type\":\"ListItem\",\"position\":2,\"name\":\"Hosteler\u00eda Madrid presenta su plan estrat\u00e9gico en Playa Madrid 1932\"}]},{\"@type\":\"WebSite\",\"@id\":\"https:\\\/\\\/www.araalicante.com\\\/#website\",\"url\":\"https:\\\/\\\/www.araalicante.com\\\/\",\"name\":\"ARA | Asociaci\u00f3n de Restaurantes Alicante\",\"description\":\"Producto local, restauraci\u00f3n de calidad en Alicante y su provincia\",\"publisher\":{\"@id\":\"https:\\\/\\\/www.araalicante.com\\\/#organization\"},\"potentialAction\":[{\"@type\":\"SearchAction\",\"target\":{\"@type\":\"EntryPoint\",\"urlTemplate\":\"https:\\\/\\\/www.araalicante.com\\\/?s={search_term_string}\"},\"query-input\":{\"@type\":\"PropertyValueSpecification\",\"valueRequired\":true,\"valueName\":\"search_term_string\"}}],\"inLanguage\":\"en-GB\"},{\"@type\":\"Organization\",\"@id\":\"https:\\\/\\\/www.araalicante.com\\\/#organization\",\"name\":\"ARA | Asociaci\u00f3n de Restaurantes Alicante\",\"url\":\"https:\\\/\\\/www.araalicante.com\\\/\",\"logo\":{\"@type\":\"ImageObject\",\"inLanguage\":\"en-GB\",\"@id\":\"https:\\\/\\\/www.araalicante.com\\\/#\\\/schema\\\/logo\\\/image\\\/\",\"url\":\"https:\\\/\\\/www.araalicante.com\\\/wp-content\\\/uploads\\\/2023\\\/09\\\/logoara.png\",\"contentUrl\":\"https:\\\/\\\/www.araalicante.com\\\/wp-content\\\/uploads\\\/2023\\\/09\\\/logoara.png\",\"width\":400,\"height\":85,\"caption\":\"ARA | Asociaci\u00f3n de Restaurantes Alicante\"},\"image\":{\"@id\":\"https:\\\/\\\/www.araalicante.com\\\/#\\\/schema\\\/logo\\\/image\\\/\"},\"sameAs\":[\"https:\\\/\\\/www.facebook.com\\\/Ararestaurantesalicante\",\"https:\\\/\\\/www.instagram.com\\\/ararestaurantesalicante\\\/\"]},{\"@type\":\"Person\",\"@id\":\"https:\\\/\\\/www.araalicante.com\\\/#\\\/schema\\\/person\\\/066f68dc3db0406c0829af861c17332f\",\"name\":\"Antonio Palomera\",\"image\":{\"@type\":\"ImageObject\",\"inLanguage\":\"en-GB\",\"@id\":\"https:\\\/\\\/secure.gravatar.com\\\/avatar\\\/a8378756bb866d8a91ea5808ee291ef099888cc76273b42162b3ab961b9da5df?s=96&d=mm&r=g\",\"url\":\"https:\\\/\\\/secure.gravatar.com\\\/avatar\\\/a8378756bb866d8a91ea5808ee291ef099888cc76273b42162b3ab961b9da5df?s=96&d=mm&r=g\",\"contentUrl\":\"https:\\\/\\\/secure.gravatar.com\\\/avatar\\\/a8378756bb866d8a91ea5808ee291ef099888cc76273b42162b3ab961b9da5df?s=96&d=mm&r=g\",\"caption\":\"Antonio Palomera\"},\"url\":\"https:\\\/\\\/www.araalicante.com\\\/en\\\/author\\\/antonio\\\/\"}]}<\/script>\n<!-- \/ Yoast SEO plugin. -->","yoast_head_json":{"title":"Hosteler\u00eda Madrid presenta su plan estrat\u00e9gico en Playa Madrid 1932 - ARA | Asociaci\u00f3n de Restaurantes Alicante","robots":{"index":"index","follow":"follow","max-snippet":"max-snippet:-1","max-image-preview":"max-image-preview:large","max-video-preview":"max-video-preview:-1"},"canonical":"https:\/\/www.araalicante.com\/en\/hosteleria-madrid-presenta-su-plan-estrategico-en-playa-madrid-1932\/","og_locale":"en_GB","og_type":"article","og_title":"Hosteler\u00eda Madrid presenta su plan estrat\u00e9gico en Playa Madrid 1932 - ARA | Asociaci\u00f3n de Restaurantes Alicante","og_description":"Hosteler\u00eda Madrid ha presentado este lunes 9 de marzo, en el espacio\u00a0Playa [\u2026]","og_url":"https:\/\/www.araalicante.com\/en\/hosteleria-madrid-presenta-su-plan-estrategico-en-playa-madrid-1932\/","og_site_name":"ARA | Asociaci\u00f3n de Restaurantes Alicante","article_publisher":"https:\/\/www.facebook.com\/Ararestaurantesalicante","article_published_time":"2026-03-13T20:50:34+00:00","og_image":[{"url":"https:\/\/www.hosteleriadigital.es\/wp-content\/uploads\/2026\/03\/hosteleriaadridportada-640x426.jpg","type":"","width":"","height":""}],"author":"Antonio Palomera","twitter_card":"summary_large_image","twitter_misc":{"Written by":"Antonio Palomera","Estimated reading time":"3 minutes"},"schema":{"@context":"https:\/\/schema.org","@graph":[{"@type":"Article","@id":"https:\/\/www.araalicante.com\/hosteleria-madrid-presenta-su-plan-estrategico-en-playa-madrid-1932\/#article","isPartOf":{"@id":"https:\/\/www.araalicante.com\/hosteleria-madrid-presenta-su-plan-estrategico-en-playa-madrid-1932\/"},"author":{"name":"Antonio Palomera","@id":"https:\/\/www.araalicante.com\/#\/schema\/person\/066f68dc3db0406c0829af861c17332f"},"headline":"Hosteler\u00eda Madrid presenta su plan estrat\u00e9gico en Playa Madrid 1932","datePublished":"2026-03-13T20:50:34+00:00","mainEntityOfPage":{"@id":"https:\/\/www.araalicante.com\/hosteleria-madrid-presenta-su-plan-estrategico-en-playa-madrid-1932\/"},"wordCount":667,"publisher":{"@id":"https:\/\/www.araalicante.com\/#organization"},"image":{"@id":"https:\/\/www.araalicante.com\/hosteleria-madrid-presenta-su-plan-estrategico-en-playa-madrid-1932\/#primaryimage"},"thumbnailUrl":"https:\/\/www.hosteleriadigital.es\/wp-content\/uploads\/2026\/03\/hosteleriaadridportada-640x426.jpg","articleSection":["Noticias externas"],"inLanguage":"en-GB"},{"@type":"WebPage","@id":"https:\/\/www.araalicante.com\/hosteleria-madrid-presenta-su-plan-estrategico-en-playa-madrid-1932\/","url":"https:\/\/www.araalicante.com\/hosteleria-madrid-presenta-su-plan-estrategico-en-playa-madrid-1932\/","name":"Hosteler\u00eda Madrid presenta su plan estrat\u00e9gico en Playa Madrid 1932 - ARA | Asociaci\u00f3n de Restaurantes Alicante","isPartOf":{"@id":"https:\/\/www.araalicante.com\/#website"},"primaryImageOfPage":{"@id":"https:\/\/www.araalicante.com\/hosteleria-madrid-presenta-su-plan-estrategico-en-playa-madrid-1932\/#primaryimage"},"image":{"@id":"https:\/\/www.araalicante.com\/hosteleria-madrid-presenta-su-plan-estrategico-en-playa-madrid-1932\/#primaryimage"},"thumbnailUrl":"https:\/\/www.hosteleriadigital.es\/wp-content\/uploads\/2026\/03\/hosteleriaadridportada-640x426.jpg","datePublished":"2026-03-13T20:50:34+00:00","breadcrumb":{"@id":"https:\/\/www.araalicante.com\/hosteleria-madrid-presenta-su-plan-estrategico-en-playa-madrid-1932\/#breadcrumb"},"inLanguage":"en-GB","potentialAction":[{"@type":"ReadAction","target":["https:\/\/www.araalicante.com\/hosteleria-madrid-presenta-su-plan-estrategico-en-playa-madrid-1932\/"]}]},{"@type":"ImageObject","inLanguage":"en-GB","@id":"https:\/\/www.araalicante.com\/hosteleria-madrid-presenta-su-plan-estrategico-en-playa-madrid-1932\/#primaryimage","url":"https:\/\/www.hosteleriadigital.es\/wp-content\/uploads\/2026\/03\/hosteleriaadridportada-640x426.jpg","contentUrl":"https:\/\/www.hosteleriadigital.es\/wp-content\/uploads\/2026\/03\/hosteleriaadridportada-640x426.jpg"},{"@type":"BreadcrumbList","@id":"https:\/\/www.araalicante.com\/hosteleria-madrid-presenta-su-plan-estrategico-en-playa-madrid-1932\/#breadcrumb","itemListElement":[{"@type":"ListItem","position":1,"name":"Portada","item":"https:\/\/www.araalicante.com\/"},{"@type":"ListItem","position":2,"name":"Hosteler\u00eda Madrid presenta su plan estrat\u00e9gico en Playa Madrid 1932"}]},{"@type":"WebSite","@id":"https:\/\/www.araalicante.com\/#website","url":"https:\/\/www.araalicante.com\/","name":"ARA | Asociaci\u00f3n de Restaurantes Alicante","description":"Producto local, restauraci\u00f3n de calidad en Alicante y su provincia","publisher":{"@id":"https:\/\/www.araalicante.com\/#organization"},"potentialAction":[{"@type":"SearchAction","target":{"@type":"EntryPoint","urlTemplate":"https:\/\/www.araalicante.com\/?s={search_term_string}"},"query-input":{"@type":"PropertyValueSpecification","valueRequired":true,"valueName":"search_term_string"}}],"inLanguage":"en-GB"},{"@type":"Organization","@id":"https:\/\/www.araalicante.com\/#organization","name":"ARA | Asociaci\u00f3n de Restaurantes Alicante","url":"https:\/\/www.araalicante.com\/","logo":{"@type":"ImageObject","inLanguage":"en-GB","@id":"https:\/\/www.araalicante.com\/#\/schema\/logo\/image\/","url":"https:\/\/www.araalicante.com\/wp-content\/uploads\/2023\/09\/logoara.png","contentUrl":"https:\/\/www.araalicante.com\/wp-content\/uploads\/2023\/09\/logoara.png","width":400,"height":85,"caption":"ARA | Asociaci\u00f3n de Restaurantes Alicante"},"image":{"@id":"https:\/\/www.araalicante.com\/#\/schema\/logo\/image\/"},"sameAs":["https:\/\/www.facebook.com\/Ararestaurantesalicante","https:\/\/www.instagram.com\/ararestaurantesalicante\/"]},{"@type":"Person","@id":"https:\/\/www.araalicante.com\/#\/schema\/person\/066f68dc3db0406c0829af861c17332f","name":"Antonio Palomera","image":{"@type":"ImageObject","inLanguage":"en-GB","@id":"https:\/\/secure.gravatar.com\/avatar\/a8378756bb866d8a91ea5808ee291ef099888cc76273b42162b3ab961b9da5df?s=96&d=mm&r=g","url":"https:\/\/secure.gravatar.com\/avatar\/a8378756bb866d8a91ea5808ee291ef099888cc76273b42162b3ab961b9da5df?s=96&d=mm&r=g","contentUrl":"https:\/\/secure.gravatar.com\/avatar\/a8378756bb866d8a91ea5808ee291ef099888cc76273b42162b3ab961b9da5df?s=96&d=mm&r=g","caption":"Antonio Palomera"},"url":"https:\/\/www.araalicante.com\/en\/author\/antonio\/"}]}},"_links":{"self":[{"href":"https:\/\/www.araalicante.com\/en\/wp-json\/wp\/v2\/posts\/5353","targetHints":{"allow":["GET"]}}],"collection":[{"href":"https:\/\/www.araalicante.com\/en\/wp-json\/wp\/v2\/posts"}],"about":[{"href":"https:\/\/www.araalicante.com\/en\/wp-json\/wp\/v2\/types\/post"}],"author":[{"embeddable":true,"href":"https:\/\/www.araalicante.com\/en\/wp-json\/wp\/v2\/users\/17"}],"replies":[{"embeddable":true,"href":"https:\/\/www.araalicante.com\/en\/wp-json\/wp\/v2\/comments?post=5353"}],"version-history":[{"count":0,"href":"https:\/\/www.araalicante.com\/en\/wp-json\/wp\/v2\/posts\/5353\/revisions"}],"wp:attachment":[{"href":"https:\/\/www.araalicante.com\/en\/wp-json\/wp\/v2\/media?parent=5353"}],"wp:term":[{"taxonomy":"category","embeddable":true,"href":"https:\/\/www.araalicante.com\/en\/wp-json\/wp\/v2\/categories?post=5353"},{"taxonomy":"post_tag","embeddable":true,"href":"https:\/\/www.araalicante.com\/en\/wp-json\/wp\/v2\/tags?post=5353"}],"curies":[{"name":"wp","href":"https:\/\/api.w.org\/{rel}","templated":true}]}}