{"id":5352,"date":"2026-03-13T20:10:10","date_gmt":"2026-03-13T19:10:10","guid":{"rendered":"https:\/\/www.araalicante.com\/alimentariahostelco-2026-impulsa-su-liderazgo-en-una-edicion-historica\/"},"modified":"2026-03-13T20:10:10","modified_gmt":"2026-03-13T19:10:10","slug":"alimentariahostelco-2026-impulsa-su-liderazgo-en-una-edicion-historica","status":"publish","type":"post","link":"https:\/\/www.araalicante.com\/en\/alimentariahostelco-2026-impulsa-su-liderazgo-en-una-edicion-historica\/","title":{"rendered":"Alimentaria+Hostelco 2026 impulsa su liderazgo en una edici\u00f3n hist\u00f3rica"},"content":{"rendered":"<div>\n<div class=\"td-post-featured-image\"><a href=\"https:\/\/www.hosteleriadigital.es\/wp-content\/uploads\/2026\/03\/alimentaria.jpg\" data-caption=\"\"><img loading=\"lazy\" decoding=\"async\" width=\"640\" height=\"325\" class=\"entry-thumb td-modal-image\" src=\"https:\/\/www.hosteleriadigital.es\/wp-content\/uploads\/2026\/03\/alimentaria-640x325.jpg\" srcset=\"https:\/\/www.hosteleriadigital.es\/wp-content\/uploads\/2026\/03\/alimentaria-640x325.jpg 640w, https:\/\/www.hosteleriadigital.es\/wp-content\/uploads\/2026\/03\/alimentaria-300x153.jpg 300w, https:\/\/www.hosteleriadigital.es\/wp-content\/uploads\/2026\/03\/alimentaria-150x76.jpg 150w, https:\/\/www.hosteleriadigital.es\/wp-content\/uploads\/2026\/03\/alimentaria-681x346.jpg 681w, https:\/\/www.hosteleriadigital.es\/wp-content\/uploads\/2026\/03\/alimentaria.jpg 700w\" sizes=\"auto, (max-width: 640px) 100vw, 640px\" alt=\"\" title=\"alimentaria\"\/><\/a><\/div>\n<p class=\"accssme-widget-content\"><strong class=\"accssme-widget-text\">Alimentaria+Hostelco regresa del 23 al 26 de marzo de 2026 al recinto Gran Via de Fira de Barcelona consolid\u00e1ndose como plataforma ferial para toda la cadena de valor del retail y foodservice. Una edici\u00f3n que reunir\u00e1 toda la industria alimentaria, potenciando el sector HORECA e incrementando su internacionalidad con m\u00e1s del 30% de los expositores procedentes de mercados exteriores.<\/strong><\/p>\n<p class=\"accssme-widget-content\"><span class=\"accssme-widget-text\">La pr\u00f3xima edici\u00f3n estar\u00e1 marcada por el 50 aniversario de Alimentaria, que naci\u00f3 en 1976 como el primer gran sal\u00f3n profesional en Espa\u00f1a dedicado exclusivamente a la industria alimentaria. Medio siglo despu\u00e9s, el certamen ocupar\u00e1 100.000 m\u00b2 distribuidos en siete pabellones, con crecimientos notables como el 41% en la oferta expositiva internacional respecto a la edici\u00f3n anterior.<\/span><\/p>\n<p class=\"accssme-widget-content\"><span class=\"accssme-widget-content\">\u00a0<\/span><span class=\"accssme-widget-text\">As\u00ed, de las m\u00e1s de 3.300 empresas participantes, cerca de 1.000 proceden de 70 pa\u00edses, lo que representa m\u00e1s del 30% del total y confirma el creciente peso global del certamen. Europa (con Polonia como Pa\u00eds de Honor), Asia y Latinoam\u00e9rica concentran una destacada representaci\u00f3n empresarial, reforzando as\u00ed el car\u00e1cter estrat\u00e9gico del sal\u00f3n como punto de encuentro de la industria alimentaria mundial.<\/span><\/p>\n<p class=\"accssme-widget-content\"><span class=\"accssme-widget-content\">\u00a0<\/span><span class=\"accssme-widget-text\">Adem\u00e1s, con el objetivo de impulsar la apertura de nuevos mercados y maximizar las oportunidades comerciales, la organizaci\u00f3n, en colaboraci\u00f3n con el ICEX, ha invitado a 1.500 grandes compradores e importadores de 100 pa\u00edses, as\u00ed como a 1.200 nacionales, con la previsi\u00f3n de superar las 14.500 reuniones de negocio. Entre las compa\u00f1\u00edas internacionales confirmadas figuran KeHE, Bidfood, Bergfood, Cotswold Fayre, Sonae, PriceSmart, Walmart, GPA, La Comer, BigBasket y Alkosto.<\/span><\/p>\n<p class=\"accssme-widget-content\"><span class=\"accssme-widget-content\">\u00a0<\/span><span class=\"accssme-widget-text\">Tambi\u00e9n estar\u00e1n representadas todas las comunidades aut\u00f3nomas espa\u00f1olas, encabezadas por Catalu\u00f1a, Castilla y Le\u00f3n, Andaluc\u00eda, Madrid, Comunidad Valenciana y Murcia, reflejando la fortaleza y diversidad territorial de la industria alimentaria. El certamen reunir\u00e1 tanto a grandes corporaciones como a pymes y empresas familiares. A ello se suma la fidelidad de compa\u00f1\u00edas que han acompa\u00f1ado al sal\u00f3n durante sus 50 a\u00f1os de historia, como bon\u00c0rea, Coca-Cola, Dani, Danone, Damm, Elgorriaga, Helios, Lacasa, Noel, Santiveri o Ybarra, ejemplo de la solidez y continuidad de la industria alimentaria espa\u00f1ola.<\/span><\/p>\n<p class=\"accssme-widget-content\"><span class=\"accssme-widget-content\">\u00a0<\/span><span class=\"accssme-widget-text\">Para\u00a0<strong class=\"accssme-widget-content\">Antoni Llorens<\/strong>, presidente de Alimentaria \u201c<em class=\"accssme-widget-content\">Estamos ante una edici\u00f3n hist\u00f3rica. Alimentaria se ha consolidado como una plataforma \u00fanica para que la industria alimentaria impulse negocio, conocimiento y proyecci\u00f3n global\u201d.<\/em><\/span><\/p>\n<p class=\"accssme-widget-content\"><span class=\"accssme-widget-content\">\u00a0<\/span><\/p>\n<p class=\"accssme-widget-content\"><span class=\"accssme-widget-text\">Alimentaria+Hostelco 2026 se estructurar\u00e1 en diferentes sectores especializados.\u00a0<strong class=\"accssme-widget-content\">Intercarn\u00a0<\/strong>volver\u00e1 a ser el sal\u00f3n m\u00e1s grande de Alimentaria, con 350 empresas en 15.000 m\u00b2, el 25% del total. La oferta se completar\u00e1 con \u00e1reas como\u00a0<strong class=\"accssme-widget-content\">Organic Foods<\/strong>\u00a0y La Plaza Eco,\u00a0<strong class=\"accssme-widget-content\">Alimentaria Trends<\/strong>\u00a0y\u00a0<strong class=\"accssme-widget-content\">Fine Foods<\/strong>, orientadas a la innovaci\u00f3n y al valor a\u00f1adido;\u00a0<strong class=\"accssme-widget-content\">Grocery Foods,<\/strong>\u00a0que re\u00fane la oferta m\u00e1s transversal de la feria;\u00a0<strong class=\"accssme-widget-content\">Coffee, Bakery &amp; Pastry,<\/strong>\u00a0que en su segunda edici\u00f3n duplica su espacio; adem\u00e1s de\u00a0<strong class=\"accssme-widget-content\">Interlact<\/strong>,\u00a0<strong class=\"accssme-widget-content\">Lands of Spain, Snacks, Biscuits &amp; Confectionery, Expoconser, Restaurama<\/strong>\u00a0e\u00a0<strong class=\"accssme-widget-content\">International Pavilions.<\/strong><\/span><\/p>\n<p class=\"accssme-widget-content\"><span class=\"accssme-widget-content\">\u00a0<\/span><\/p>\n<p class=\"accssme-widget-content\"><strong class=\"accssme-widget-content\"><span class=\"accssme-widget-text\">Innovaci\u00f3n y conocimiento, ejes estrat\u00e9gicos<\/span><\/strong><\/p>\n<p class=\"accssme-widget-content\"><span class=\"accssme-widget-text\">La innovaci\u00f3n volver\u00e1 a ser uno de los motores del certamen\u00a0con\u00a0<strong class=\"accssme-widget-content\">The Alimentaria Hub\u00a0<\/strong>como epicentro del conocimiento, las tendencias y la transformaci\u00f3n del sector. Este espacio reunir\u00e1 a m\u00e1s de 200 expertos nacionales e internacionales en foros y seminarios sobre sostenibilidad, digitalizaci\u00f3n, seguridad alimentaria y nuevos h\u00e1bitos de consumo.<\/span><\/p>\n<p class=\"accssme-widget-content\"><span class=\"accssme-widget-content\">\u00a0<\/span><span class=\"accssme-widget-text\">Con m\u00e1s de 300 innovaciones expuestas en Innoval, as\u00ed como las 60 empresas participantes en\u00a0<strong class=\"accssme-widget-content\">Food&amp;Hospitality Startups<\/strong>, el sal\u00f3n se consolida como motor de emprendimiento, transferencia tecnol\u00f3gica y plataforma de lanzamiento de soluciones disruptivas, desde alimentos funcionales y prote\u00ednas vegetales hasta aplicaciones de IA para una nutrici\u00f3n personalizada.<\/span><\/p>\n<p class=\"accssme-widget-content\"><span class=\"accssme-widget-content\">\u00a0<\/span><strong class=\"accssme-widget-content\"><span class=\"accssme-widget-text\">Gran apuesta por el canal Horeca<\/span><\/strong><\/p>\n<p class=\"accssme-widget-content\"><span class=\"accssme-widget-text\">El Horeca y foodservice tendr\u00e1n un papel protagonista con m\u00e1s de 20.000 m\u00b2, 600 empresas y alrededor de 200 actividades pensadas para profesionales vinculados a la restauraci\u00f3n, la hosteler\u00eda y las colectividades.<\/span><\/p>\n<p class=\"accssme-widget-content\"><span class=\"accssme-widget-content\">\u00a0<\/span><span class=\"accssme-widget-text\">El presidente de Hostelco,\u00a0<strong class=\"accssme-widget-content\">Pere Taberner<\/strong>, destaca que \u201c<em class=\"accssme-widget-content\">el crecimiento del espacio dedicado al canal Horeca y foodservice refleja el dinamismo de un sector clave para la industria alimentaria y la hosteler\u00eda\u201d.<\/em><\/span><\/p>\n<p class=\"accssme-widget-content\"><span class=\"accssme-widget-content\">\u00a0<\/span><span class=\"accssme-widget-text\">El certamen estrena una programaci\u00f3n que combinar\u00e1 innovaci\u00f3n, digitalizaci\u00f3n, gastronom\u00eda y an\u00e1lisis de tendencias en actividades dirigidas a profesionales del foodservice, la restauraci\u00f3n y el equipamiento.\u00a0<strong class=\"accssme-widget-content\">The Horeca Hub\u00a0<\/strong>volver\u00e1 a ser un gran punto de encuentro multidisciplinar, que acoger\u00e1\u00a0<strong class=\"accssme-widget-content\">Imagine Foodservice Europe<\/strong>, organizado junto a Marcas de Restauraci\u00f3n, en el que expertos internacionales abordar\u00e1n los principales retos y el valor de la restauraci\u00f3n de marca. The Horeca Hub tambi\u00e9n acoger\u00e1\u00a0<strong class=\"accssme-widget-content\">The Shift<\/strong>, el nuevo espacio de conocimiento estrat\u00e9gico que re\u00fane casos reales, an\u00e1lisis de mercado y contenidos de alto impacto para entender las claves del futuro del foodservice. \u00a0<\/span><\/p>\n<p class=\"accssme-widget-content\"><span class=\"accssme-widget-content\">\u00a0<\/span><span class=\"accssme-widget-text\">Por su parte, los espacios\u00a0<strong class=\"accssme-widget-content\">The Bakery &amp; Pastry Hub\u00a0<\/strong>y\u00a0<strong class=\"accssme-widget-content\">The Coffee Stage\u00a0<\/strong>impulsar\u00e1n la innovaci\u00f3n en panader\u00eda, pasteler\u00eda, chocolater\u00eda, helader\u00eda y caf\u00e9, con la participaci\u00f3n de reconocidos profesionales como Antonio Bachour, Lluc Crusellas, Miquel Guarro, Nikita Harwich o Ram\u00f3n Garriga y actividades especializadas como The Coffee Opportunity concebida para impulsar la visi\u00f3n estrat\u00e9gica del caf\u00e9 dentro del canal Horeca o el\u00a0<strong class=\"accssme-widget-content\">Premio al Mejor Pan<\/strong>, de la mano de Alimentos de Espa\u00f1a.<\/span><\/p>\n<p class=\"accssme-widget-content\"><span class=\"accssme-widget-content\">\u00a0<\/span><span class=\"accssme-widget-text\">El\u00a0<strong class=\"accssme-widget-content\">Primer Campeonato Internacional de Cocina de Alimentaria<\/strong>,\u00a0patrocinado por #alimentosdespa\u00f1a y\u00a0avalado por WorldChefs, los\u00a0<strong class=\"accssme-widget-content\">Horeca Awards<\/strong>, el primer\u00a0<strong class=\"accssme-widget-content\">Campeonato de Baristas Estudiantes<\/strong>\u00a0de Forum Caf\u00e9, y las finales de\u00a0<strong class=\"accssme-widget-content\">Cocinero del A\u00f1o<\/strong>\u00a0y\u00a0<strong class=\"accssme-widget-content\">Camarero del A\u00f1o<\/strong>\u00a0tambi\u00e9n se dar\u00e1n cita en esta edici\u00f3n.<\/span><\/p>\n<p class=\"accssme-widget-content\"><span class=\"accssme-widget-content\">\u00a0<\/span><span class=\"accssme-widget-text\">Alimentaria+Hostelco vuelve a contar con el m\u00e1ximo apoyo y aval de las principales instituciones y asociaciones sectoriales, como ICEX Espa\u00f1a Exportaci\u00f3n e Inversiones, el Ministerio de Agricultura, Pesca y Alimentaci\u00f3n (MAPA), la Federaci\u00f3n Espa\u00f1ola de Industrias de Alimentaci\u00f3n y Bebidas (FIAB), la Asociaci\u00f3n de Fabricantes y Distribuidores (AECOC), la Confederaci\u00f3n Empresarial de Hosteler\u00eda de Espa\u00f1a (CEHE), la Confederaci\u00f3n Espa\u00f1ola de Hoteles y Alojamientos Tur\u00edsticos (CEHAT-ITH), entre otras muchas.<\/span><\/p>\n<\/div>\n<p><a href=\"https:\/\/www.hosteleriadigital.es\/2026\/03\/13\/alimentariahostelco-2026-impulsa-su-liderazgo-en-una-edicion-historica\/\">source<\/a><\/p>","protected":false},"excerpt":{"rendered":"<p>Alimentaria+Hostelco regresa del 23 al 26 de marzo de 2026 al recinto<span class=\"excerpt-hellip\"> [\u2026]<\/span><\/p>\n","protected":false},"author":17,"featured_media":0,"comment_status":"","ping_status":"","sticky":false,"template":"","format":"standard","meta":{"footnotes":""},"categories":[1],"tags":[],"class_list":["post-5352","post","type-post","status-publish","format-standard","hentry","category-noticias-externas"],"yoast_head":"<!-- This site is optimized with the Yoast SEO plugin v27.5 - https:\/\/yoast.com\/product\/yoast-seo-wordpress\/ -->\n<title>Alimentaria+Hostelco 2026 impulsa su liderazgo en una edici\u00f3n hist\u00f3rica - ARA | Asociaci\u00f3n de Restaurantes Alicante<\/title>\n<meta name=\"robots\" content=\"index, follow, max-snippet:-1, max-image-preview:large, max-video-preview:-1\" \/>\n<link rel=\"canonical\" href=\"https:\/\/www.araalicante.com\/en\/alimentariahostelco-2026-impulsa-su-liderazgo-en-una-edicion-historica\/\" \/>\n<meta property=\"og:locale\" content=\"en_GB\" \/>\n<meta property=\"og:type\" content=\"article\" \/>\n<meta property=\"og:title\" content=\"Alimentaria+Hostelco 2026 impulsa su liderazgo en una edici\u00f3n hist\u00f3rica - ARA | Asociaci\u00f3n de Restaurantes Alicante\" \/>\n<meta property=\"og:description\" content=\"Alimentaria+Hostelco regresa del 23 al 26 de marzo de 2026 al recinto [\u2026]\" \/>\n<meta property=\"og:url\" content=\"https:\/\/www.araalicante.com\/en\/alimentariahostelco-2026-impulsa-su-liderazgo-en-una-edicion-historica\/\" \/>\n<meta property=\"og:site_name\" content=\"ARA | Asociaci\u00f3n de Restaurantes Alicante\" \/>\n<meta property=\"article:publisher\" content=\"https:\/\/www.facebook.com\/Ararestaurantesalicante\" \/>\n<meta property=\"article:published_time\" content=\"2026-03-13T19:10:10+00:00\" \/>\n<meta property=\"og:image\" content=\"https:\/\/www.hosteleriadigital.es\/wp-content\/uploads\/2026\/03\/alimentaria-640x325.jpg\" \/>\n<meta name=\"author\" content=\"Antonio Palomera\" \/>\n<meta name=\"twitter:card\" content=\"summary_large_image\" \/>\n<meta name=\"twitter:label1\" content=\"Written by\" \/>\n\t<meta name=\"twitter:data1\" content=\"Antonio Palomera\" \/>\n\t<meta name=\"twitter:label2\" content=\"Estimated reading time\" \/>\n\t<meta name=\"twitter:data2\" content=\"5 minutes\" \/>\n<script type=\"application\/ld+json\" class=\"yoast-schema-graph\">{\"@context\":\"https:\\\/\\\/schema.org\",\"@graph\":[{\"@type\":\"Article\",\"@id\":\"https:\\\/\\\/www.araalicante.com\\\/alimentariahostelco-2026-impulsa-su-liderazgo-en-una-edicion-historica\\\/#article\",\"isPartOf\":{\"@id\":\"https:\\\/\\\/www.araalicante.com\\\/alimentariahostelco-2026-impulsa-su-liderazgo-en-una-edicion-historica\\\/\"},\"author\":{\"name\":\"Antonio Palomera\",\"@id\":\"https:\\\/\\\/www.araalicante.com\\\/#\\\/schema\\\/person\\\/066f68dc3db0406c0829af861c17332f\"},\"headline\":\"Alimentaria+Hostelco 2026 impulsa su liderazgo en una edici\u00f3n hist\u00f3rica\",\"datePublished\":\"2026-03-13T19:10:10+00:00\",\"mainEntityOfPage\":{\"@id\":\"https:\\\/\\\/www.araalicante.com\\\/alimentariahostelco-2026-impulsa-su-liderazgo-en-una-edicion-historica\\\/\"},\"wordCount\":1014,\"publisher\":{\"@id\":\"https:\\\/\\\/www.araalicante.com\\\/#organization\"},\"image\":{\"@id\":\"https:\\\/\\\/www.araalicante.com\\\/alimentariahostelco-2026-impulsa-su-liderazgo-en-una-edicion-historica\\\/#primaryimage\"},\"thumbnailUrl\":\"https:\\\/\\\/www.hosteleriadigital.es\\\/wp-content\\\/uploads\\\/2026\\\/03\\\/alimentaria-640x325.jpg\",\"articleSection\":[\"Noticias externas\"],\"inLanguage\":\"en-GB\"},{\"@type\":\"WebPage\",\"@id\":\"https:\\\/\\\/www.araalicante.com\\\/alimentariahostelco-2026-impulsa-su-liderazgo-en-una-edicion-historica\\\/\",\"url\":\"https:\\\/\\\/www.araalicante.com\\\/alimentariahostelco-2026-impulsa-su-liderazgo-en-una-edicion-historica\\\/\",\"name\":\"Alimentaria+Hostelco 2026 impulsa su liderazgo en una edici\u00f3n hist\u00f3rica - ARA | Asociaci\u00f3n de Restaurantes Alicante\",\"isPartOf\":{\"@id\":\"https:\\\/\\\/www.araalicante.com\\\/#website\"},\"primaryImageOfPage\":{\"@id\":\"https:\\\/\\\/www.araalicante.com\\\/alimentariahostelco-2026-impulsa-su-liderazgo-en-una-edicion-historica\\\/#primaryimage\"},\"image\":{\"@id\":\"https:\\\/\\\/www.araalicante.com\\\/alimentariahostelco-2026-impulsa-su-liderazgo-en-una-edicion-historica\\\/#primaryimage\"},\"thumbnailUrl\":\"https:\\\/\\\/www.hosteleriadigital.es\\\/wp-content\\\/uploads\\\/2026\\\/03\\\/alimentaria-640x325.jpg\",\"datePublished\":\"2026-03-13T19:10:10+00:00\",\"breadcrumb\":{\"@id\":\"https:\\\/\\\/www.araalicante.com\\\/alimentariahostelco-2026-impulsa-su-liderazgo-en-una-edicion-historica\\\/#breadcrumb\"},\"inLanguage\":\"en-GB\",\"potentialAction\":[{\"@type\":\"ReadAction\",\"target\":[\"https:\\\/\\\/www.araalicante.com\\\/alimentariahostelco-2026-impulsa-su-liderazgo-en-una-edicion-historica\\\/\"]}]},{\"@type\":\"ImageObject\",\"inLanguage\":\"en-GB\",\"@id\":\"https:\\\/\\\/www.araalicante.com\\\/alimentariahostelco-2026-impulsa-su-liderazgo-en-una-edicion-historica\\\/#primaryimage\",\"url\":\"https:\\\/\\\/www.hosteleriadigital.es\\\/wp-content\\\/uploads\\\/2026\\\/03\\\/alimentaria-640x325.jpg\",\"contentUrl\":\"https:\\\/\\\/www.hosteleriadigital.es\\\/wp-content\\\/uploads\\\/2026\\\/03\\\/alimentaria-640x325.jpg\"},{\"@type\":\"BreadcrumbList\",\"@id\":\"https:\\\/\\\/www.araalicante.com\\\/alimentariahostelco-2026-impulsa-su-liderazgo-en-una-edicion-historica\\\/#breadcrumb\",\"itemListElement\":[{\"@type\":\"ListItem\",\"position\":1,\"name\":\"Portada\",\"item\":\"https:\\\/\\\/www.araalicante.com\\\/\"},{\"@type\":\"ListItem\",\"position\":2,\"name\":\"Alimentaria+Hostelco 2026 impulsa su liderazgo en una edici\u00f3n hist\u00f3rica\"}]},{\"@type\":\"WebSite\",\"@id\":\"https:\\\/\\\/www.araalicante.com\\\/#website\",\"url\":\"https:\\\/\\\/www.araalicante.com\\\/\",\"name\":\"ARA | Asociaci\u00f3n de Restaurantes Alicante\",\"description\":\"Producto local, restauraci\u00f3n de calidad en Alicante y su provincia\",\"publisher\":{\"@id\":\"https:\\\/\\\/www.araalicante.com\\\/#organization\"},\"potentialAction\":[{\"@type\":\"SearchAction\",\"target\":{\"@type\":\"EntryPoint\",\"urlTemplate\":\"https:\\\/\\\/www.araalicante.com\\\/?s={search_term_string}\"},\"query-input\":{\"@type\":\"PropertyValueSpecification\",\"valueRequired\":true,\"valueName\":\"search_term_string\"}}],\"inLanguage\":\"en-GB\"},{\"@type\":\"Organization\",\"@id\":\"https:\\\/\\\/www.araalicante.com\\\/#organization\",\"name\":\"ARA | Asociaci\u00f3n de Restaurantes Alicante\",\"url\":\"https:\\\/\\\/www.araalicante.com\\\/\",\"logo\":{\"@type\":\"ImageObject\",\"inLanguage\":\"en-GB\",\"@id\":\"https:\\\/\\\/www.araalicante.com\\\/#\\\/schema\\\/logo\\\/image\\\/\",\"url\":\"https:\\\/\\\/www.araalicante.com\\\/wp-content\\\/uploads\\\/2023\\\/09\\\/logoara.png\",\"contentUrl\":\"https:\\\/\\\/www.araalicante.com\\\/wp-content\\\/uploads\\\/2023\\\/09\\\/logoara.png\",\"width\":400,\"height\":85,\"caption\":\"ARA | Asociaci\u00f3n de Restaurantes Alicante\"},\"image\":{\"@id\":\"https:\\\/\\\/www.araalicante.com\\\/#\\\/schema\\\/logo\\\/image\\\/\"},\"sameAs\":[\"https:\\\/\\\/www.facebook.com\\\/Ararestaurantesalicante\",\"https:\\\/\\\/www.instagram.com\\\/ararestaurantesalicante\\\/\"]},{\"@type\":\"Person\",\"@id\":\"https:\\\/\\\/www.araalicante.com\\\/#\\\/schema\\\/person\\\/066f68dc3db0406c0829af861c17332f\",\"name\":\"Antonio Palomera\",\"image\":{\"@type\":\"ImageObject\",\"inLanguage\":\"en-GB\",\"@id\":\"https:\\\/\\\/secure.gravatar.com\\\/avatar\\\/a8378756bb866d8a91ea5808ee291ef099888cc76273b42162b3ab961b9da5df?s=96&d=mm&r=g\",\"url\":\"https:\\\/\\\/secure.gravatar.com\\\/avatar\\\/a8378756bb866d8a91ea5808ee291ef099888cc76273b42162b3ab961b9da5df?s=96&d=mm&r=g\",\"contentUrl\":\"https:\\\/\\\/secure.gravatar.com\\\/avatar\\\/a8378756bb866d8a91ea5808ee291ef099888cc76273b42162b3ab961b9da5df?s=96&d=mm&r=g\",\"caption\":\"Antonio Palomera\"},\"url\":\"https:\\\/\\\/www.araalicante.com\\\/en\\\/author\\\/antonio\\\/\"}]}<\/script>\n<!-- \/ Yoast SEO plugin. -->","yoast_head_json":{"title":"Alimentaria+Hostelco 2026 impulsa su liderazgo en una edici\u00f3n hist\u00f3rica - ARA | Asociaci\u00f3n de Restaurantes Alicante","robots":{"index":"index","follow":"follow","max-snippet":"max-snippet:-1","max-image-preview":"max-image-preview:large","max-video-preview":"max-video-preview:-1"},"canonical":"https:\/\/www.araalicante.com\/en\/alimentariahostelco-2026-impulsa-su-liderazgo-en-una-edicion-historica\/","og_locale":"en_GB","og_type":"article","og_title":"Alimentaria+Hostelco 2026 impulsa su liderazgo en una edici\u00f3n hist\u00f3rica - ARA | Asociaci\u00f3n de Restaurantes Alicante","og_description":"Alimentaria+Hostelco regresa del 23 al 26 de marzo de 2026 al recinto [\u2026]","og_url":"https:\/\/www.araalicante.com\/en\/alimentariahostelco-2026-impulsa-su-liderazgo-en-una-edicion-historica\/","og_site_name":"ARA | Asociaci\u00f3n de Restaurantes Alicante","article_publisher":"https:\/\/www.facebook.com\/Ararestaurantesalicante","article_published_time":"2026-03-13T19:10:10+00:00","og_image":[{"url":"https:\/\/www.hosteleriadigital.es\/wp-content\/uploads\/2026\/03\/alimentaria-640x325.jpg","type":"","width":"","height":""}],"author":"Antonio Palomera","twitter_card":"summary_large_image","twitter_misc":{"Written by":"Antonio Palomera","Estimated reading time":"5 minutes"},"schema":{"@context":"https:\/\/schema.org","@graph":[{"@type":"Article","@id":"https:\/\/www.araalicante.com\/alimentariahostelco-2026-impulsa-su-liderazgo-en-una-edicion-historica\/#article","isPartOf":{"@id":"https:\/\/www.araalicante.com\/alimentariahostelco-2026-impulsa-su-liderazgo-en-una-edicion-historica\/"},"author":{"name":"Antonio Palomera","@id":"https:\/\/www.araalicante.com\/#\/schema\/person\/066f68dc3db0406c0829af861c17332f"},"headline":"Alimentaria+Hostelco 2026 impulsa su liderazgo en una edici\u00f3n hist\u00f3rica","datePublished":"2026-03-13T19:10:10+00:00","mainEntityOfPage":{"@id":"https:\/\/www.araalicante.com\/alimentariahostelco-2026-impulsa-su-liderazgo-en-una-edicion-historica\/"},"wordCount":1014,"publisher":{"@id":"https:\/\/www.araalicante.com\/#organization"},"image":{"@id":"https:\/\/www.araalicante.com\/alimentariahostelco-2026-impulsa-su-liderazgo-en-una-edicion-historica\/#primaryimage"},"thumbnailUrl":"https:\/\/www.hosteleriadigital.es\/wp-content\/uploads\/2026\/03\/alimentaria-640x325.jpg","articleSection":["Noticias externas"],"inLanguage":"en-GB"},{"@type":"WebPage","@id":"https:\/\/www.araalicante.com\/alimentariahostelco-2026-impulsa-su-liderazgo-en-una-edicion-historica\/","url":"https:\/\/www.araalicante.com\/alimentariahostelco-2026-impulsa-su-liderazgo-en-una-edicion-historica\/","name":"Alimentaria+Hostelco 2026 impulsa su liderazgo en una edici\u00f3n hist\u00f3rica - ARA | Asociaci\u00f3n de Restaurantes Alicante","isPartOf":{"@id":"https:\/\/www.araalicante.com\/#website"},"primaryImageOfPage":{"@id":"https:\/\/www.araalicante.com\/alimentariahostelco-2026-impulsa-su-liderazgo-en-una-edicion-historica\/#primaryimage"},"image":{"@id":"https:\/\/www.araalicante.com\/alimentariahostelco-2026-impulsa-su-liderazgo-en-una-edicion-historica\/#primaryimage"},"thumbnailUrl":"https:\/\/www.hosteleriadigital.es\/wp-content\/uploads\/2026\/03\/alimentaria-640x325.jpg","datePublished":"2026-03-13T19:10:10+00:00","breadcrumb":{"@id":"https:\/\/www.araalicante.com\/alimentariahostelco-2026-impulsa-su-liderazgo-en-una-edicion-historica\/#breadcrumb"},"inLanguage":"en-GB","potentialAction":[{"@type":"ReadAction","target":["https:\/\/www.araalicante.com\/alimentariahostelco-2026-impulsa-su-liderazgo-en-una-edicion-historica\/"]}]},{"@type":"ImageObject","inLanguage":"en-GB","@id":"https:\/\/www.araalicante.com\/alimentariahostelco-2026-impulsa-su-liderazgo-en-una-edicion-historica\/#primaryimage","url":"https:\/\/www.hosteleriadigital.es\/wp-content\/uploads\/2026\/03\/alimentaria-640x325.jpg","contentUrl":"https:\/\/www.hosteleriadigital.es\/wp-content\/uploads\/2026\/03\/alimentaria-640x325.jpg"},{"@type":"BreadcrumbList","@id":"https:\/\/www.araalicante.com\/alimentariahostelco-2026-impulsa-su-liderazgo-en-una-edicion-historica\/#breadcrumb","itemListElement":[{"@type":"ListItem","position":1,"name":"Portada","item":"https:\/\/www.araalicante.com\/"},{"@type":"ListItem","position":2,"name":"Alimentaria+Hostelco 2026 impulsa su liderazgo en una edici\u00f3n hist\u00f3rica"}]},{"@type":"WebSite","@id":"https:\/\/www.araalicante.com\/#website","url":"https:\/\/www.araalicante.com\/","name":"ARA | Asociaci\u00f3n de Restaurantes Alicante","description":"Producto local, restauraci\u00f3n de calidad en Alicante y su provincia","publisher":{"@id":"https:\/\/www.araalicante.com\/#organization"},"potentialAction":[{"@type":"SearchAction","target":{"@type":"EntryPoint","urlTemplate":"https:\/\/www.araalicante.com\/?s={search_term_string}"},"query-input":{"@type":"PropertyValueSpecification","valueRequired":true,"valueName":"search_term_string"}}],"inLanguage":"en-GB"},{"@type":"Organization","@id":"https:\/\/www.araalicante.com\/#organization","name":"ARA | Asociaci\u00f3n de Restaurantes Alicante","url":"https:\/\/www.araalicante.com\/","logo":{"@type":"ImageObject","inLanguage":"en-GB","@id":"https:\/\/www.araalicante.com\/#\/schema\/logo\/image\/","url":"https:\/\/www.araalicante.com\/wp-content\/uploads\/2023\/09\/logoara.png","contentUrl":"https:\/\/www.araalicante.com\/wp-content\/uploads\/2023\/09\/logoara.png","width":400,"height":85,"caption":"ARA | Asociaci\u00f3n de Restaurantes Alicante"},"image":{"@id":"https:\/\/www.araalicante.com\/#\/schema\/logo\/image\/"},"sameAs":["https:\/\/www.facebook.com\/Ararestaurantesalicante","https:\/\/www.instagram.com\/ararestaurantesalicante\/"]},{"@type":"Person","@id":"https:\/\/www.araalicante.com\/#\/schema\/person\/066f68dc3db0406c0829af861c17332f","name":"Antonio Palomera","image":{"@type":"ImageObject","inLanguage":"en-GB","@id":"https:\/\/secure.gravatar.com\/avatar\/a8378756bb866d8a91ea5808ee291ef099888cc76273b42162b3ab961b9da5df?s=96&d=mm&r=g","url":"https:\/\/secure.gravatar.com\/avatar\/a8378756bb866d8a91ea5808ee291ef099888cc76273b42162b3ab961b9da5df?s=96&d=mm&r=g","contentUrl":"https:\/\/secure.gravatar.com\/avatar\/a8378756bb866d8a91ea5808ee291ef099888cc76273b42162b3ab961b9da5df?s=96&d=mm&r=g","caption":"Antonio Palomera"},"url":"https:\/\/www.araalicante.com\/en\/author\/antonio\/"}]}},"_links":{"self":[{"href":"https:\/\/www.araalicante.com\/en\/wp-json\/wp\/v2\/posts\/5352","targetHints":{"allow":["GET"]}}],"collection":[{"href":"https:\/\/www.araalicante.com\/en\/wp-json\/wp\/v2\/posts"}],"about":[{"href":"https:\/\/www.araalicante.com\/en\/wp-json\/wp\/v2\/types\/post"}],"author":[{"embeddable":true,"href":"https:\/\/www.araalicante.com\/en\/wp-json\/wp\/v2\/users\/17"}],"replies":[{"embeddable":true,"href":"https:\/\/www.araalicante.com\/en\/wp-json\/wp\/v2\/comments?post=5352"}],"version-history":[{"count":0,"href":"https:\/\/www.araalicante.com\/en\/wp-json\/wp\/v2\/posts\/5352\/revisions"}],"wp:attachment":[{"href":"https:\/\/www.araalicante.com\/en\/wp-json\/wp\/v2\/media?parent=5352"}],"wp:term":[{"taxonomy":"category","embeddable":true,"href":"https:\/\/www.araalicante.com\/en\/wp-json\/wp\/v2\/categories?post=5352"},{"taxonomy":"post_tag","embeddable":true,"href":"https:\/\/www.araalicante.com\/en\/wp-json\/wp\/v2\/tags?post=5352"}],"curies":[{"name":"wp","href":"https:\/\/api.w.org\/{rel}","templated":true}]}}