{"id":5351,"date":"2026-03-13T18:29:37","date_gmt":"2026-03-13T17:29:37","guid":{"rendered":"https:\/\/www.araalicante.com\/los-precios-de-restauracion-subieron-al-45-en-febrero\/"},"modified":"2026-03-13T18:29:37","modified_gmt":"2026-03-13T17:29:37","slug":"los-precios-de-restauracion-subieron-al-45-en-febrero","status":"publish","type":"post","link":"https:\/\/www.araalicante.com\/en\/los-precios-de-restauracion-subieron-al-45-en-febrero\/","title":{"rendered":"Los precios de restauraci\u00f3n subieron al 4,5% en febrero"},"content":{"rendered":"<div>\n<p><img fetchpriority=\"high\" decoding=\"async\" class=\"aligncenter wp-image-34500 size-full lazyload\" src=\"https:\/\/www.hosteleriadigital.es\/wp-content\/uploads\/2026\/03\/IPCFEB26.jpg\" alt=\"\" width=\"663\" height=\"226\"\/><noscript><img loading=\"lazy\" decoding=\"async\" class=\"aligncenter wp-image-34500 size-full lazyload\" src=\"https:\/\/www.hosteleriadigital.es\/wp-content\/uploads\/2026\/03\/IPCFEB26.jpg\" alt=\"\" width=\"663\" height=\"226\" srcset=\"https:\/\/www.hosteleriadigital.es\/wp-content\/uploads\/2026\/03\/IPCFEB26.jpg 663w, https:\/\/www.hosteleriadigital.es\/wp-content\/uploads\/2026\/03\/IPCFEB26-300x102.jpg 300w, https:\/\/www.hosteleriadigital.es\/wp-content\/uploads\/2026\/03\/IPCFEB26-150x51.jpg 150w, https:\/\/www.hosteleriadigital.es\/wp-content\/uploads\/2026\/03\/IPCFEB26-640x218.jpg 640w\" sizes=\"auto, (max-width: 663px) 100vw, 663px\"\/><\/noscript><\/p>\n<p>Los precios de las actividades de <strong>restauraci\u00f3n <\/strong>aumentaron en febrero un 4,5% interanual, sumando dos d\u00e9cimas a la tasa de enero, seg\u00fan los datos del Instituto Nacional de Estad\u00edstica (INE). En comparaci\u00f3n mensual, los precios avanzaron un 0,6%, una d\u00e9cima por encima del aumento de enero. En ambos casos el ritmo de crecimiento es m\u00e1s intenso que el de febrero de 2025.<\/p>\n<p>En las actividades de <strong>alojamiento<\/strong>, los precios se incrementaron un 8,3% en tasa anual, un punto m\u00e1s que en enero. En tasa mensual, se produjo un incremento del 5,2%, frente a la ca\u00edda del mismo porcentaje que tuvo lugar en enero. Al igual que en restauraci\u00f3n, tanto la subida interanual como la mensual, reflejan un crecimiento m\u00e1s intenso que el del a\u00f1o anterior.<\/p>\n<p>Por su parte, el IPC general mantuvo en febrero una tasa anual del 2,3%. Esta estabilidad responde, principalmente, al abaratamiento de los precios de la electricidad -todav\u00eda no afectados por el efecto del conflicto en Oriente Pr\u00f3ximo-, que compens\u00f3 las subidas de pr\u00e1cticamente todo lo dem\u00e1s: combustibles, restauraci\u00f3n y alimentos.<\/p>\n<p><a href=\"https:\/\/www.hosteleriadeespana.es\/publicaciones-hosteleria.html\"><strong>M\u00e1s informaci\u00f3n<\/strong><\/a><\/p>\n<\/div>\n<p><a href=\"https:\/\/www.hosteleriadigital.es\/2026\/03\/13\/los-precios-de-restauracion-subieron-al-45-en-febrero\/\">source<\/a><\/p>","protected":false},"excerpt":{"rendered":"<p>Los precios de las actividades de restauraci\u00f3n aumentaron en febrero un 4,5%<span class=\"excerpt-hellip\"> [\u2026]<\/span><\/p>\n","protected":false},"author":17,"featured_media":0,"comment_status":"","ping_status":"","sticky":false,"template":"","format":"standard","meta":{"footnotes":""},"categories":[1],"tags":[],"class_list":["post-5351","post","type-post","status-publish","format-standard","hentry","category-noticias-externas"],"yoast_head":"<!-- This site is optimized with the Yoast SEO plugin v27.5 - https:\/\/yoast.com\/product\/yoast-seo-wordpress\/ -->\n<title>Los precios de restauraci\u00f3n subieron al 4,5% en febrero - ARA | Asociaci\u00f3n de Restaurantes Alicante<\/title>\n<meta name=\"robots\" content=\"index, follow, max-snippet:-1, max-image-preview:large, max-video-preview:-1\" \/>\n<link rel=\"canonical\" href=\"https:\/\/www.araalicante.com\/en\/los-precios-de-restauracion-subieron-al-45-en-febrero\/\" \/>\n<meta property=\"og:locale\" content=\"en_GB\" \/>\n<meta property=\"og:type\" content=\"article\" \/>\n<meta property=\"og:title\" content=\"Los precios de restauraci\u00f3n subieron al 4,5% en febrero - ARA | Asociaci\u00f3n de Restaurantes Alicante\" \/>\n<meta property=\"og:description\" content=\"Los precios de las actividades de restauraci\u00f3n aumentaron en febrero un 4,5% [\u2026]\" \/>\n<meta property=\"og:url\" content=\"https:\/\/www.araalicante.com\/en\/los-precios-de-restauracion-subieron-al-45-en-febrero\/\" \/>\n<meta property=\"og:site_name\" content=\"ARA | Asociaci\u00f3n de Restaurantes Alicante\" \/>\n<meta property=\"article:publisher\" content=\"https:\/\/www.facebook.com\/Ararestaurantesalicante\" \/>\n<meta property=\"article:published_time\" content=\"2026-03-13T17:29:37+00:00\" \/>\n<meta property=\"og:image\" content=\"https:\/\/www.araalicante.com\/wp-content\/uploads\/2023\/10\/Sin-titulo-1.png\" \/>\n\t<meta property=\"og:image:width\" content=\"200\" \/>\n\t<meta property=\"og:image:height\" content=\"200\" \/>\n\t<meta property=\"og:image:type\" content=\"image\/png\" \/>\n<meta name=\"author\" content=\"Antonio Palomera\" \/>\n<meta name=\"twitter:card\" content=\"summary_large_image\" \/>\n<meta name=\"twitter:label1\" content=\"Written by\" \/>\n\t<meta name=\"twitter:data1\" content=\"Antonio Palomera\" \/>\n\t<meta name=\"twitter:label2\" content=\"Estimated reading time\" \/>\n\t<meta name=\"twitter:data2\" content=\"1 minute\" \/>\n<script type=\"application\/ld+json\" class=\"yoast-schema-graph\">{\"@context\":\"https:\\\/\\\/schema.org\",\"@graph\":[{\"@type\":\"Article\",\"@id\":\"https:\\\/\\\/www.araalicante.com\\\/los-precios-de-restauracion-subieron-al-45-en-febrero\\\/#article\",\"isPartOf\":{\"@id\":\"https:\\\/\\\/www.araalicante.com\\\/los-precios-de-restauracion-subieron-al-45-en-febrero\\\/\"},\"author\":{\"name\":\"Antonio Palomera\",\"@id\":\"https:\\\/\\\/www.araalicante.com\\\/#\\\/schema\\\/person\\\/066f68dc3db0406c0829af861c17332f\"},\"headline\":\"Los precios de restauraci\u00f3n subieron al 4,5% en febrero\",\"datePublished\":\"2026-03-13T17:29:37+00:00\",\"mainEntityOfPage\":{\"@id\":\"https:\\\/\\\/www.araalicante.com\\\/los-precios-de-restauracion-subieron-al-45-en-febrero\\\/\"},\"wordCount\":200,\"publisher\":{\"@id\":\"https:\\\/\\\/www.araalicante.com\\\/#organization\"},\"image\":{\"@id\":\"https:\\\/\\\/www.araalicante.com\\\/los-precios-de-restauracion-subieron-al-45-en-febrero\\\/#primaryimage\"},\"thumbnailUrl\":\"https:\\\/\\\/www.hosteleriadigital.es\\\/wp-content\\\/uploads\\\/2026\\\/03\\\/IPCFEB26.jpg\",\"articleSection\":[\"Noticias externas\"],\"inLanguage\":\"en-GB\"},{\"@type\":\"WebPage\",\"@id\":\"https:\\\/\\\/www.araalicante.com\\\/los-precios-de-restauracion-subieron-al-45-en-febrero\\\/\",\"url\":\"https:\\\/\\\/www.araalicante.com\\\/los-precios-de-restauracion-subieron-al-45-en-febrero\\\/\",\"name\":\"Los precios de restauraci\u00f3n subieron al 4,5% en febrero - ARA | Asociaci\u00f3n de Restaurantes Alicante\",\"isPartOf\":{\"@id\":\"https:\\\/\\\/www.araalicante.com\\\/#website\"},\"primaryImageOfPage\":{\"@id\":\"https:\\\/\\\/www.araalicante.com\\\/los-precios-de-restauracion-subieron-al-45-en-febrero\\\/#primaryimage\"},\"image\":{\"@id\":\"https:\\\/\\\/www.araalicante.com\\\/los-precios-de-restauracion-subieron-al-45-en-febrero\\\/#primaryimage\"},\"thumbnailUrl\":\"https:\\\/\\\/www.hosteleriadigital.es\\\/wp-content\\\/uploads\\\/2026\\\/03\\\/IPCFEB26.jpg\",\"datePublished\":\"2026-03-13T17:29:37+00:00\",\"breadcrumb\":{\"@id\":\"https:\\\/\\\/www.araalicante.com\\\/los-precios-de-restauracion-subieron-al-45-en-febrero\\\/#breadcrumb\"},\"inLanguage\":\"en-GB\",\"potentialAction\":[{\"@type\":\"ReadAction\",\"target\":[\"https:\\\/\\\/www.araalicante.com\\\/los-precios-de-restauracion-subieron-al-45-en-febrero\\\/\"]}]},{\"@type\":\"ImageObject\",\"inLanguage\":\"en-GB\",\"@id\":\"https:\\\/\\\/www.araalicante.com\\\/los-precios-de-restauracion-subieron-al-45-en-febrero\\\/#primaryimage\",\"url\":\"https:\\\/\\\/www.hosteleriadigital.es\\\/wp-content\\\/uploads\\\/2026\\\/03\\\/IPCFEB26.jpg\",\"contentUrl\":\"https:\\\/\\\/www.hosteleriadigital.es\\\/wp-content\\\/uploads\\\/2026\\\/03\\\/IPCFEB26.jpg\"},{\"@type\":\"BreadcrumbList\",\"@id\":\"https:\\\/\\\/www.araalicante.com\\\/los-precios-de-restauracion-subieron-al-45-en-febrero\\\/#breadcrumb\",\"itemListElement\":[{\"@type\":\"ListItem\",\"position\":1,\"name\":\"Portada\",\"item\":\"https:\\\/\\\/www.araalicante.com\\\/\"},{\"@type\":\"ListItem\",\"position\":2,\"name\":\"Los precios de restauraci\u00f3n subieron al 4,5% en febrero\"}]},{\"@type\":\"WebSite\",\"@id\":\"https:\\\/\\\/www.araalicante.com\\\/#website\",\"url\":\"https:\\\/\\\/www.araalicante.com\\\/\",\"name\":\"ARA | Asociaci\u00f3n de Restaurantes Alicante\",\"description\":\"Producto local, restauraci\u00f3n de calidad en Alicante y su provincia\",\"publisher\":{\"@id\":\"https:\\\/\\\/www.araalicante.com\\\/#organization\"},\"potentialAction\":[{\"@type\":\"SearchAction\",\"target\":{\"@type\":\"EntryPoint\",\"urlTemplate\":\"https:\\\/\\\/www.araalicante.com\\\/?s={search_term_string}\"},\"query-input\":{\"@type\":\"PropertyValueSpecification\",\"valueRequired\":true,\"valueName\":\"search_term_string\"}}],\"inLanguage\":\"en-GB\"},{\"@type\":\"Organization\",\"@id\":\"https:\\\/\\\/www.araalicante.com\\\/#organization\",\"name\":\"ARA | Asociaci\u00f3n de Restaurantes Alicante\",\"url\":\"https:\\\/\\\/www.araalicante.com\\\/\",\"logo\":{\"@type\":\"ImageObject\",\"inLanguage\":\"en-GB\",\"@id\":\"https:\\\/\\\/www.araalicante.com\\\/#\\\/schema\\\/logo\\\/image\\\/\",\"url\":\"https:\\\/\\\/www.araalicante.com\\\/wp-content\\\/uploads\\\/2023\\\/09\\\/logoara.png\",\"contentUrl\":\"https:\\\/\\\/www.araalicante.com\\\/wp-content\\\/uploads\\\/2023\\\/09\\\/logoara.png\",\"width\":400,\"height\":85,\"caption\":\"ARA | Asociaci\u00f3n de Restaurantes Alicante\"},\"image\":{\"@id\":\"https:\\\/\\\/www.araalicante.com\\\/#\\\/schema\\\/logo\\\/image\\\/\"},\"sameAs\":[\"https:\\\/\\\/www.facebook.com\\\/Ararestaurantesalicante\",\"https:\\\/\\\/www.instagram.com\\\/ararestaurantesalicante\\\/\"]},{\"@type\":\"Person\",\"@id\":\"https:\\\/\\\/www.araalicante.com\\\/#\\\/schema\\\/person\\\/066f68dc3db0406c0829af861c17332f\",\"name\":\"Antonio Palomera\",\"image\":{\"@type\":\"ImageObject\",\"inLanguage\":\"en-GB\",\"@id\":\"https:\\\/\\\/secure.gravatar.com\\\/avatar\\\/a8378756bb866d8a91ea5808ee291ef099888cc76273b42162b3ab961b9da5df?s=96&d=mm&r=g\",\"url\":\"https:\\\/\\\/secure.gravatar.com\\\/avatar\\\/a8378756bb866d8a91ea5808ee291ef099888cc76273b42162b3ab961b9da5df?s=96&d=mm&r=g\",\"contentUrl\":\"https:\\\/\\\/secure.gravatar.com\\\/avatar\\\/a8378756bb866d8a91ea5808ee291ef099888cc76273b42162b3ab961b9da5df?s=96&d=mm&r=g\",\"caption\":\"Antonio Palomera\"},\"url\":\"https:\\\/\\\/www.araalicante.com\\\/en\\\/author\\\/antonio\\\/\"}]}<\/script>\n<!-- \/ Yoast SEO plugin. -->","yoast_head_json":{"title":"Los precios de restauraci\u00f3n subieron al 4,5% en febrero - ARA | Asociaci\u00f3n de Restaurantes Alicante","robots":{"index":"index","follow":"follow","max-snippet":"max-snippet:-1","max-image-preview":"max-image-preview:large","max-video-preview":"max-video-preview:-1"},"canonical":"https:\/\/www.araalicante.com\/en\/los-precios-de-restauracion-subieron-al-45-en-febrero\/","og_locale":"en_GB","og_type":"article","og_title":"Los precios de restauraci\u00f3n subieron al 4,5% en febrero - ARA | Asociaci\u00f3n de Restaurantes Alicante","og_description":"Los precios de las actividades de restauraci\u00f3n aumentaron en febrero un 4,5% [\u2026]","og_url":"https:\/\/www.araalicante.com\/en\/los-precios-de-restauracion-subieron-al-45-en-febrero\/","og_site_name":"ARA | Asociaci\u00f3n de Restaurantes Alicante","article_publisher":"https:\/\/www.facebook.com\/Ararestaurantesalicante","article_published_time":"2026-03-13T17:29:37+00:00","og_image":[{"width":200,"height":200,"url":"https:\/\/www.araalicante.com\/wp-content\/uploads\/2023\/10\/Sin-titulo-1.png","type":"image\/png"}],"author":"Antonio Palomera","twitter_card":"summary_large_image","twitter_misc":{"Written by":"Antonio Palomera","Estimated reading time":"1 minute"},"schema":{"@context":"https:\/\/schema.org","@graph":[{"@type":"Article","@id":"https:\/\/www.araalicante.com\/los-precios-de-restauracion-subieron-al-45-en-febrero\/#article","isPartOf":{"@id":"https:\/\/www.araalicante.com\/los-precios-de-restauracion-subieron-al-45-en-febrero\/"},"author":{"name":"Antonio Palomera","@id":"https:\/\/www.araalicante.com\/#\/schema\/person\/066f68dc3db0406c0829af861c17332f"},"headline":"Los precios de restauraci\u00f3n subieron al 4,5% en febrero","datePublished":"2026-03-13T17:29:37+00:00","mainEntityOfPage":{"@id":"https:\/\/www.araalicante.com\/los-precios-de-restauracion-subieron-al-45-en-febrero\/"},"wordCount":200,"publisher":{"@id":"https:\/\/www.araalicante.com\/#organization"},"image":{"@id":"https:\/\/www.araalicante.com\/los-precios-de-restauracion-subieron-al-45-en-febrero\/#primaryimage"},"thumbnailUrl":"https:\/\/www.hosteleriadigital.es\/wp-content\/uploads\/2026\/03\/IPCFEB26.jpg","articleSection":["Noticias externas"],"inLanguage":"en-GB"},{"@type":"WebPage","@id":"https:\/\/www.araalicante.com\/los-precios-de-restauracion-subieron-al-45-en-febrero\/","url":"https:\/\/www.araalicante.com\/los-precios-de-restauracion-subieron-al-45-en-febrero\/","name":"Los precios de restauraci\u00f3n subieron al 4,5% en febrero - ARA | Asociaci\u00f3n de Restaurantes Alicante","isPartOf":{"@id":"https:\/\/www.araalicante.com\/#website"},"primaryImageOfPage":{"@id":"https:\/\/www.araalicante.com\/los-precios-de-restauracion-subieron-al-45-en-febrero\/#primaryimage"},"image":{"@id":"https:\/\/www.araalicante.com\/los-precios-de-restauracion-subieron-al-45-en-febrero\/#primaryimage"},"thumbnailUrl":"https:\/\/www.hosteleriadigital.es\/wp-content\/uploads\/2026\/03\/IPCFEB26.jpg","datePublished":"2026-03-13T17:29:37+00:00","breadcrumb":{"@id":"https:\/\/www.araalicante.com\/los-precios-de-restauracion-subieron-al-45-en-febrero\/#breadcrumb"},"inLanguage":"en-GB","potentialAction":[{"@type":"ReadAction","target":["https:\/\/www.araalicante.com\/los-precios-de-restauracion-subieron-al-45-en-febrero\/"]}]},{"@type":"ImageObject","inLanguage":"en-GB","@id":"https:\/\/www.araalicante.com\/los-precios-de-restauracion-subieron-al-45-en-febrero\/#primaryimage","url":"https:\/\/www.hosteleriadigital.es\/wp-content\/uploads\/2026\/03\/IPCFEB26.jpg","contentUrl":"https:\/\/www.hosteleriadigital.es\/wp-content\/uploads\/2026\/03\/IPCFEB26.jpg"},{"@type":"BreadcrumbList","@id":"https:\/\/www.araalicante.com\/los-precios-de-restauracion-subieron-al-45-en-febrero\/#breadcrumb","itemListElement":[{"@type":"ListItem","position":1,"name":"Portada","item":"https:\/\/www.araalicante.com\/"},{"@type":"ListItem","position":2,"name":"Los precios de restauraci\u00f3n subieron al 4,5% en febrero"}]},{"@type":"WebSite","@id":"https:\/\/www.araalicante.com\/#website","url":"https:\/\/www.araalicante.com\/","name":"ARA | Asociaci\u00f3n de Restaurantes Alicante","description":"Producto local, restauraci\u00f3n de calidad en Alicante y su provincia","publisher":{"@id":"https:\/\/www.araalicante.com\/#organization"},"potentialAction":[{"@type":"SearchAction","target":{"@type":"EntryPoint","urlTemplate":"https:\/\/www.araalicante.com\/?s={search_term_string}"},"query-input":{"@type":"PropertyValueSpecification","valueRequired":true,"valueName":"search_term_string"}}],"inLanguage":"en-GB"},{"@type":"Organization","@id":"https:\/\/www.araalicante.com\/#organization","name":"ARA | Asociaci\u00f3n de Restaurantes Alicante","url":"https:\/\/www.araalicante.com\/","logo":{"@type":"ImageObject","inLanguage":"en-GB","@id":"https:\/\/www.araalicante.com\/#\/schema\/logo\/image\/","url":"https:\/\/www.araalicante.com\/wp-content\/uploads\/2023\/09\/logoara.png","contentUrl":"https:\/\/www.araalicante.com\/wp-content\/uploads\/2023\/09\/logoara.png","width":400,"height":85,"caption":"ARA | Asociaci\u00f3n de Restaurantes Alicante"},"image":{"@id":"https:\/\/www.araalicante.com\/#\/schema\/logo\/image\/"},"sameAs":["https:\/\/www.facebook.com\/Ararestaurantesalicante","https:\/\/www.instagram.com\/ararestaurantesalicante\/"]},{"@type":"Person","@id":"https:\/\/www.araalicante.com\/#\/schema\/person\/066f68dc3db0406c0829af861c17332f","name":"Antonio Palomera","image":{"@type":"ImageObject","inLanguage":"en-GB","@id":"https:\/\/secure.gravatar.com\/avatar\/a8378756bb866d8a91ea5808ee291ef099888cc76273b42162b3ab961b9da5df?s=96&d=mm&r=g","url":"https:\/\/secure.gravatar.com\/avatar\/a8378756bb866d8a91ea5808ee291ef099888cc76273b42162b3ab961b9da5df?s=96&d=mm&r=g","contentUrl":"https:\/\/secure.gravatar.com\/avatar\/a8378756bb866d8a91ea5808ee291ef099888cc76273b42162b3ab961b9da5df?s=96&d=mm&r=g","caption":"Antonio Palomera"},"url":"https:\/\/www.araalicante.com\/en\/author\/antonio\/"}]}},"_links":{"self":[{"href":"https:\/\/www.araalicante.com\/en\/wp-json\/wp\/v2\/posts\/5351","targetHints":{"allow":["GET"]}}],"collection":[{"href":"https:\/\/www.araalicante.com\/en\/wp-json\/wp\/v2\/posts"}],"about":[{"href":"https:\/\/www.araalicante.com\/en\/wp-json\/wp\/v2\/types\/post"}],"author":[{"embeddable":true,"href":"https:\/\/www.araalicante.com\/en\/wp-json\/wp\/v2\/users\/17"}],"replies":[{"embeddable":true,"href":"https:\/\/www.araalicante.com\/en\/wp-json\/wp\/v2\/comments?post=5351"}],"version-history":[{"count":0,"href":"https:\/\/www.araalicante.com\/en\/wp-json\/wp\/v2\/posts\/5351\/revisions"}],"wp:attachment":[{"href":"https:\/\/www.araalicante.com\/en\/wp-json\/wp\/v2\/media?parent=5351"}],"wp:term":[{"taxonomy":"category","embeddable":true,"href":"https:\/\/www.araalicante.com\/en\/wp-json\/wp\/v2\/categories?post=5351"},{"taxonomy":"post_tag","embeddable":true,"href":"https:\/\/www.araalicante.com\/en\/wp-json\/wp\/v2\/tags?post=5351"}],"curies":[{"name":"wp","href":"https:\/\/api.w.org\/{rel}","templated":true}]}}