{"id":5350,"date":"2026-03-12T20:40:06","date_gmt":"2026-03-12T19:40:06","guid":{"rendered":"https:\/\/www.araalicante.com\/el-sector-cervecero-espanol-eleva-sus-exportaciones-casi-un-8-y-consolida-su-produccion-en-un-entorno-complejo\/"},"modified":"2026-03-12T20:40:06","modified_gmt":"2026-03-12T19:40:06","slug":"el-sector-cervecero-espanol-eleva-sus-exportaciones-casi-un-8-y-consolida-su-produccion-en-un-entorno-complejo","status":"publish","type":"post","link":"https:\/\/www.araalicante.com\/en\/el-sector-cervecero-espanol-eleva-sus-exportaciones-casi-un-8-y-consolida-su-produccion-en-un-entorno-complejo\/","title":{"rendered":"El sector cervecero espa\u00f1ol eleva sus exportaciones casi un 8% y consolida su producci\u00f3n en un entorno complejo"},"content":{"rendered":"<div>\n<p><img fetchpriority=\"high\" decoding=\"async\" class=\"alignleft wp-image-34463  lazyload\" src=\"https:\/\/www.hosteleriadigital.es\/wp-content\/uploads\/2026\/03\/cerveza-196x300.jpg\" alt=\"\" width=\"248\" height=\"380\"\/><noscript><img loading=\"lazy\" decoding=\"async\" class=\"alignleft wp-image-34463  lazyload\" src=\"https:\/\/www.hosteleriadigital.es\/wp-content\/uploads\/2026\/03\/cerveza-196x300.jpg\" alt=\"\" width=\"248\" height=\"380\" srcset=\"https:\/\/www.hosteleriadigital.es\/wp-content\/uploads\/2026\/03\/cerveza-196x300.jpg 196w, https:\/\/www.hosteleriadigital.es\/wp-content\/uploads\/2026\/03\/cerveza-98x150.jpg 98w, https:\/\/www.hosteleriadigital.es\/wp-content\/uploads\/2026\/03\/cerveza-275x420.jpg 275w, https:\/\/www.hosteleriadigital.es\/wp-content\/uploads\/2026\/03\/cerveza-640x977.jpg 640w, https:\/\/www.hosteleriadigital.es\/wp-content\/uploads\/2026\/03\/cerveza-681x1040.jpg 681w, https:\/\/www.hosteleriadigital.es\/wp-content\/uploads\/2026\/03\/cerveza.jpg 700w\" sizes=\"auto, (max-width: 248px) 100vw, 248px\"\/><\/noscript>La Asamblea General de Cerveceros de Espa\u00f1a ha reunido hoy en Madrid a representantes institucionales, expertos y profesionales del sector para reflexionar sobre el papel de la cerveza en la sociedad espa\u00f1ola. Bajo el concepto <strong>\u201cM\u00e1s que ca\u00f1as\u201d<\/strong>, la jornada ha puesto en valor este gesto cotidiano como parte de la identidad cultural del pa\u00eds y facilitador del bienestar integral, adem\u00e1s de motor econ\u00f3mico clave.<\/p>\n<p>La jornada ha sido inaugurada por el <strong>Ministro de Agricultura, Pesca y Alimentaci\u00f3n, Luis Planas<\/strong>, que remarcaba \u201c<em>para m\u00ed, el sector cervecero es un sector muy maduro y que es una parte fundamental de nuestro sector agroalimentario. Es muy importante que el 90% de la materia prima sea producida en nuestro pa\u00eds, donde en condiciones normales somos autosuficientes en cebada. Por eso, desde el ministerio hemos colaborado y seguiremos trabajando juntos para que el conjunto del sector cervecero pueda continuar desarroll\u00e1ndose y haciendo frente a los retos del futuro<\/em>\u201d.<\/p>\n<p>El presidente del <strong>Consejo Superior de Deportes, Jos\u00e9 Manuel Rodr\u00edguez Uribes<\/strong> ha a\u00f1adido \u201c<em>quiero dar las gracias a los cerveceros, porque sois fundamentales con vuestro patrocinio comprometido y altruista con tant\u00edsimos deportes y deportistas. Y esto es m\u00e1s importante que nunca ahora que desarrollamos una estrategia nacional contra el sedentarismo, para que los j\u00f3venes salgan de las pantallas. Tenemos que pensar en lo que significan esos lugares de ocio donde la gente sale de casa para encontrarse con otros, ya que ayudan a socializar y a estar mejor, tanto desde el punto de vista f\u00edsico como mental<\/em>\u201d.<\/p>\n<p>Por su parte, <strong>Ignacio Rivera, presidente de Cerveceros de Espa\u00f1a<\/strong>, en conversaci\u00f3n con Miki Nadal, presentando el evento, destacaba \u201c<em>una cadena de valor que demuestra una enorme fortaleza. Crecemos en exportaciones porque fuera no solo valoran nuestro producto, sino nuestra forma de disfrutarlo: siempre en compa\u00f1\u00eda y con moderaci\u00f3n. Y precisamente es algo que no debemos perder: en el momento en que vivimos, m\u00e1s conectados en entornos digitales y menos presenciales, tenemos que reivindicar los encuentros y la socializaci\u00f3n, tenemos que reivindicar las ca\u00f1as como una forma de conectar con los dem\u00e1s<\/em>\u201d.<\/p>\n<p>\u00a0<\/p>\n<p>El encuentro sirvi\u00f3 adem\u00e1s como espacio de reflexi\u00f3n sobre lo cotidiano y aquello que hace de la ca\u00f1a un gesto tan nuestro: su capacidad para conectar a las personas y dar forma a muchos de los momentos compartidos. A lo largo de diferentes conversaciones en torno a una cerveza, se abord\u00f3 su consumo desde la sociolog\u00eda, tanto desde la academia como desde la experiencia de la hosteler\u00eda, la historia o el impacto econ\u00f3mico desde el campo hasta el grifo.<\/p>\n<p><strong>\u00a0<\/strong><\/p>\n<p><strong>UN MOTOR DE PROSPERIDAD COMPARTIDA<\/strong><\/p>\n<p>M\u00e1s all\u00e1 de su dimensi\u00f3n social y cultural, la cerveza constituye uno de los motores econ\u00f3micos del pa\u00eds. Cada ca\u00f1a que se sirve impulsa una extensa cadena de valor que conecta el campo, el sector alimentario, la distribuci\u00f3n y la hosteler\u00eda, generando riqueza y empleo en todo el territorio.<\/p>\n<p>En este contexto, el sector cervecero contin\u00faa demostrando su resiliencia en un entorno econ\u00f3mico complejo. <strong>La producci\u00f3n total de cerveza en Espa\u00f1a creci\u00f3 un 0,5% en el \u00faltimo a\u00f1o<\/strong>, mientras que <strong>las exportaciones aumentaron cerca de un 8%, alcanzando el 10% en el caso de la cerveza con alcohol<\/strong>, impulsadas por el creciente reconocimiento internacional de la cerveza espa\u00f1ola.<\/p>\n<p>El sector sostiene adem\u00e1s <strong>m\u00e1s de 540.000 puestos de trabajo en Espa\u00f1a<\/strong>, y por cada empleo directo se generan <strong>1,5 empleos adicionales en la econom\u00eda nacional<a href=\"#_ftn1\" name=\"_ftnref1\">[1]<\/a><\/strong>.<\/p>\n<p>Asimismo, cada ca\u00f1a servida contribuye de forma significativa al conjunto de la econom\u00eda, <strong>generando 81 c\u00e9ntimos de riqueza y aportando 31 c\u00e9ntimos a las arcas p\u00fablicas<\/strong><strong>.<\/strong><\/p>\n<p>Desde el Ministerio de Agricultura, Pesca y Alimentaci\u00f3n, la <strong>secretaria general Ana Rodr\u00edguez Casta\u00f1o<\/strong> puso en valor que \u201c<em>estas cifras demuestran la fortaleza y el dinamismo de toda la cadena agroalimentaria espa\u00f1ola. Para el Ministerio, es un orgullo ver c\u00f3mo el excelente trabajo de nuestros agricultores en el campo se transforma en un producto de calidad que no solo triunfa en el mercado internacional, sino que cohesiona nuestro territorio y genera riqueza en cada eslab\u00f3n, desde el origen hasta el consumidor<\/em>\u201d.<\/p>\n<p><strong>\u00a0<\/strong><\/p>\n<p><strong>EL CATALIZADOR DE NUESTRAS CONEXIONES Y EL BIENESTAR INTEGRAL<\/strong><\/p>\n<p>M\u00e1s all\u00e1 de su impacto econ\u00f3mico, la cerveza ocupa un <strong>lugar central en la vida social espa\u00f1ola<\/strong>. Pedir una ca\u00f1a es uno de esos gestos cotidianos que definen una cultura: una pausa compartida, una conversaci\u00f3n entre amigos o el encuentro que marca el inicio de muchos momentos importantes de nuestra vida social.<\/p>\n<p>En Espa\u00f1a, <strong>el 86% de los consumidores disfruta de la cerveza en compa\u00f1\u00eda de amigos o familiares<a href=\"#_ftn2\" name=\"_ftnref2\">[2]<\/a><\/strong>, y en <strong>m\u00e1s del 90% de las ocasiones su consumo est\u00e1 asociado a la comida<a href=\"#_ftn3\" name=\"_ftnref3\">[3]<\/a><\/strong>, especialmente durante el aperitivo o el tapeo.<\/p>\n<p>Como defini\u00f3 el soci\u00f3logo <strong>Javier Rueda<\/strong>, el papel de la cerveza es del de \u201c<em>un catalizador que activa la vida social en un espacio casi sagrado: el bar. Es el condensador social por excelencia, el lugar donde las conversaciones fluyen y se fortalece la comunidad, algo esencial para nuestro bienestar en un mundo cada vez m\u00e1s digital<\/em>\u201d.<\/p>\n<p>Diversos estudios reflejan adem\u00e1s que <strong>el 84% de los espa\u00f1oles considera que compartir momentos con amigos contribuye significativamente a su bienestar emocional<\/strong>, lo que refuerza el papel de estos espacios de encuentro dentro del estilo de vida espa\u00f1ol.<\/p>\n<p>Un estilo de vida que tambi\u00e9n se ha convertido en uno de los grandes atractivos del pa\u00eds para quienes nos visitan: de hecho,<strong> una de cada cuatro ca\u00f1as producidas en Espa\u00f1a es consumida por un turista, <\/strong>reflejo de c\u00f3mo la cultura de la ca\u00f1a forma parte tambi\u00e9n de la experiencia que Espa\u00f1a proyecta al exterior.<\/p>\n<p><strong>EL CORAZ\u00d3N DE NUESTRAS RELACIONES: LA HOSTELER\u00cdA<\/strong><\/p>\n<p>La hosteler\u00eda constituye el escenario natural de esta cultura de la cerveza y uno de los pilares fundamentales del sector. En muchos municipios espa\u00f1oles, especialmente en entornos rurales, el bar contin\u00faa siendo uno de los principales espacios de encuentro social y de vida comunitaria. De hecho, <strong>en el 14% de los municipios espa\u00f1oles el bar es el \u00faltimo centro de reuni\u00f3n social que queda<a href=\"#_ftn4\" name=\"_ftnref4\">[4]<\/a><\/strong>, convirti\u00e9ndose en un elemento esencial para mantener viva la actividad social y econ\u00f3mica de estos territorios.<\/p>\n<p>La cerveza desempe\u00f1a adem\u00e1s un papel clave dentro del <strong>modelo de hosteler\u00eda espa\u00f1ol<\/strong>, donde compartir una ca\u00f1a forma parte de una forma de encuentro profundamente arraigada en nuestra vida social y tambi\u00e9n en la econom\u00eda de muchos establecimientos. De hecho, <strong>la ca\u00f1a representa aproximadamente el 25% de la facturaci\u00f3n media de los bares<\/strong>, alcanzando <strong>hasta el 40% en entornos rurales<a href=\"#_ftn5\" name=\"_ftnref5\">[5]<\/a><\/strong>.<\/p>\n<p>No obstante, el presidente de <strong>Hosteler\u00eda de Espa\u00f1a, Jos\u00e9 Luis \u00c1lvarez Almeida<\/strong>, advert\u00eda que \u201c<em>la actual coyuntura econ\u00f3mica supone un desaf\u00edo directo para nuestros establecimientos, especialmente para los peque\u00f1os negocios. Por ello, la colaboraci\u00f3n estrat\u00e9gica con el sector cervecero es hoy m\u00e1s importante que nunca para proteger el papel vital que juegan nuestros bares como centros de vida social<\/em>\u201d.<\/p>\n<p><img loading=\"lazy\" decoding=\"async\" class=\"alignnone wp-image-34462 size-full lazyload\" src=\"https:\/\/www.hosteleriadigital.es\/wp-content\/uploads\/2026\/03\/cervecerosportada.jpg\" alt=\"\" width=\"700\" height=\"450\"\/><noscript><img loading=\"lazy\" decoding=\"async\" class=\"alignnone wp-image-34462 size-full lazyload\" src=\"https:\/\/www.hosteleriadigital.es\/wp-content\/uploads\/2026\/03\/cervecerosportada.jpg\" alt=\"\" width=\"700\" height=\"450\" srcset=\"https:\/\/www.hosteleriadigital.es\/wp-content\/uploads\/2026\/03\/cervecerosportada.jpg 700w, https:\/\/www.hosteleriadigital.es\/wp-content\/uploads\/2026\/03\/cervecerosportada-300x194.jpg 300w, https:\/\/www.hosteleriadigital.es\/wp-content\/uploads\/2026\/03\/cervecerosportada-150x96.jpg 150w, https:\/\/www.hosteleriadigital.es\/wp-content\/uploads\/2026\/03\/cervecerosportada-653x420.jpg 653w, https:\/\/www.hosteleriadigital.es\/wp-content\/uploads\/2026\/03\/cervecerosportada-341x220.jpg 341w, https:\/\/www.hosteleriadigital.es\/wp-content\/uploads\/2026\/03\/cervecerosportada-640x411.jpg 640w, https:\/\/www.hosteleriadigital.es\/wp-content\/uploads\/2026\/03\/cervecerosportada-681x438.jpg 681w\" sizes=\"auto, (max-width: 700px) 100vw, 700px\"\/><\/noscript><\/p>\n<p>Aun as\u00ed, la importancia de la cerveza para el sector contin\u00faa siendo evidente: <strong>un bar que sirve alrededor de 107 ca\u00f1as al d\u00eda puede mantener un puesto de trabajo durante todo el a\u00f1o<\/strong>, una realidad que, como apuntaba la hostelera <strong>Lola Creagh, <\/strong>\u201c<em>se vive cada d\u00eda detr\u00e1s de la barra. Lo m\u00e1s importante para m\u00ed es mantener esa combinaci\u00f3n de parroquianos, de clientes habituales, que son la esencia de una taberna tradicional, con quienes nos visitan de otras ciudades o pa\u00edses. Los turistas extranjeros valoran enormemente la cerveza espa\u00f1ola y c\u00f3mo la tomamos, acompa\u00f1ada de un aperitivo o algo de comer y, sobre todo, con esa forma de compartir la vida<\/em>\u201d.<\/p>\n<p><strong>UNA ELECCI\u00d3N PARA CADA MOMENTO <\/strong><\/p>\n<p>Dentro de la diversidad del consumo cervecero, la <strong>cerveza SIN<\/strong> contin\u00faa consolid\u00e1ndose como una de las principales tendencias del sector. En 2025 lo demostraba, con el crecimiento <strong>las ventas de esta variedad en un 4,6%, alcanzando un nuevo m\u00e1ximo hist\u00f3rico de producci\u00f3n<\/strong>, confirmando su creciente protagonismo dentro del mercado cervecero espa\u00f1ol.<\/p>\n<p>Espa\u00f1a se mantiene, as\u00ed como <strong>l\u00edder internacional en producci\u00f3n y consumo de cerveza SIN<\/strong>, reflejo de un modelo de consumo moderado y adaptado a diferentes momentos.<\/p>\n<p>De hecho, <strong>una de cada siete cervezas que se consumen en Espa\u00f1a ya es SIN<a href=\"#_ftn6\" name=\"_ftnref6\">[6]<\/a><\/strong>, y en <strong>el 50% de las ocasiones su consumo est\u00e1 vinculado a la conducci\u00f3n<\/strong>, lo que demuestra su papel como alternativa segura dentro de un modelo de consumo responsable<\/p>\n<p><strong> <img loading=\"lazy\" decoding=\"async\" class=\"aligncenter wp-image-34464 size-full lazyload\" src=\"https:\/\/www.hosteleriadigital.es\/wp-content\/uploads\/2026\/03\/cerveceros2.jpg\" alt=\"\" width=\"700\" height=\"418\"\/><noscript><img loading=\"lazy\" decoding=\"async\" class=\"aligncenter wp-image-34464 size-full lazyload\" src=\"https:\/\/www.hosteleriadigital.es\/wp-content\/uploads\/2026\/03\/cerveceros2.jpg\" alt=\"\" width=\"700\" height=\"418\" srcset=\"https:\/\/www.hosteleriadigital.es\/wp-content\/uploads\/2026\/03\/cerveceros2.jpg 700w, https:\/\/www.hosteleriadigital.es\/wp-content\/uploads\/2026\/03\/cerveceros2-300x179.jpg 300w, https:\/\/www.hosteleriadigital.es\/wp-content\/uploads\/2026\/03\/cerveceros2-150x90.jpg 150w, https:\/\/www.hosteleriadigital.es\/wp-content\/uploads\/2026\/03\/cerveceros2-640x382.jpg 640w, https:\/\/www.hosteleriadigital.es\/wp-content\/uploads\/2026\/03\/cerveceros2-681x407.jpg 681w\" sizes=\"auto, (max-width: 700px) 100vw, 700px\"\/><\/noscript><\/strong><\/p>\n<p><strong>\u00a0<\/strong><\/p>\n<p><strong>LA AUTENTICIDAD Y DE NUESTRA TIERRA<\/strong><\/p>\n<p>El v\u00ednculo emocional con la cerveza nace tambi\u00e9n de su autenticidad y de su profunda conexi\u00f3n con el territorio. Elaborada a partir de ingredientes naturales como el agua, la cebada o el l\u00fapulo, la cerveza mantiene una estrecha relaci\u00f3n con el campo espa\u00f1ol.<\/p>\n<p>Actualmente, en circunstancias normales, <strong>m\u00e1s del 90% de las materias primas utilizadas por el sector son de origen nacional<\/strong>, lo que refuerza el v\u00ednculo entre la cerveza y la agricultura espa\u00f1ola.<\/p>\n<p>Cada vaso de cerveza contiene adem\u00e1s <strong>36 gramos de cebada espa\u00f1ola<\/strong>, reflejo del peso que el sector tiene dentro de la cadena agroalimentaria del pa\u00eds.<\/p>\n<pre><a href=\"#_ftnref1\" name=\"_ftn1\">[1]<\/a> An\u00e1lisis PwC a partir de INE, Eurostat, EUROMONITOR, MAPA y Cerveceros de Espa\u00f1a. 2023\n<a href=\"#_ftnref2\" name=\"_ftn2\">[2]<\/a> Qui\u00e9nes, d\u00f3nde, c\u00f3mo, cu\u00e1nto y cu\u00e1ndo se consume cerveza. 2024. 40dB\n<a href=\"#_ftnref3\" name=\"_ftn3\">[3]<\/a> Compra &amp; Consumo de Cerveza Dentro y Fuera del hogar. 2024. Worldpanel by Kantar\n<a href=\"#_ftnref4\" name=\"_ftn4\">[4]<\/a> Estudio \u201cLa Dimensi\u00f3n Social de la Hosteler\u00eda\u201d. An\u00e1lisis PwC a partir de HORECA DATA (CEHE) y INE\n<a href=\"#_ftnref5\" name=\"_ftn5\">[5]<\/a> An\u00e1lisis PwC a partir de INE, Eurostat, EUROMONITOR, MAPA y Cerveceros de Espa\u00f1a. Datos 2023\n<a href=\"#_ftnref6\" name=\"_ftn6\">[6]<\/a> Informe Anual del Consumo Alimentario 2024, Ministerio de Agricultura, Pesca y Alimentaci\u00f3n<\/pre>\n<\/div>\n<p><a href=\"https:\/\/www.hosteleriadigital.es\/2026\/03\/12\/el-sector-cervecero-espanol-eleva-sus-exportaciones-casi-un-8-y-consolida-su-produccion-en-un-entorno-complejo\/\">source<\/a><\/p>\n","protected":false},"excerpt":{"rendered":"<p>La Asamblea General de Cerveceros de Espa\u00f1a ha reunido hoy en Madrid<span class=\"excerpt-hellip\"> [\u2026]<\/span><\/p>\n","protected":false},"author":17,"featured_media":0,"comment_status":"","ping_status":"","sticky":false,"template":"","format":"standard","meta":{"footnotes":""},"categories":[1],"tags":[],"class_list":["post-5350","post","type-post","status-publish","format-standard","hentry","category-noticias-externas"],"yoast_head":"<!-- This site is optimized with the Yoast SEO plugin v27.5 - https:\/\/yoast.com\/product\/yoast-seo-wordpress\/ -->\n<title>El sector cervecero espa\u00f1ol eleva sus exportaciones casi un 8% y consolida su producci\u00f3n en un entorno complejo - ARA | Asociaci\u00f3n de Restaurantes Alicante<\/title>\n<meta name=\"robots\" content=\"index, follow, max-snippet:-1, max-image-preview:large, max-video-preview:-1\" \/>\n<link rel=\"canonical\" href=\"https:\/\/www.araalicante.com\/en\/el-sector-cervecero-espanol-eleva-sus-exportaciones-casi-un-8-y-consolida-su-produccion-en-un-entorno-complejo\/\" \/>\n<meta property=\"og:locale\" content=\"en_GB\" \/>\n<meta property=\"og:type\" content=\"article\" \/>\n<meta property=\"og:title\" content=\"El sector cervecero espa\u00f1ol eleva sus exportaciones casi un 8% y consolida su producci\u00f3n en un entorno complejo - ARA | Asociaci\u00f3n de Restaurantes Alicante\" \/>\n<meta property=\"og:description\" content=\"La Asamblea General de Cerveceros de Espa\u00f1a ha reunido hoy en Madrid [\u2026]\" \/>\n<meta property=\"og:url\" content=\"https:\/\/www.araalicante.com\/en\/el-sector-cervecero-espanol-eleva-sus-exportaciones-casi-un-8-y-consolida-su-produccion-en-un-entorno-complejo\/\" \/>\n<meta property=\"og:site_name\" content=\"ARA | Asociaci\u00f3n de Restaurantes Alicante\" \/>\n<meta property=\"article:publisher\" content=\"https:\/\/www.facebook.com\/Ararestaurantesalicante\" \/>\n<meta property=\"article:published_time\" content=\"2026-03-12T19:40:06+00:00\" \/>\n<meta property=\"og:image\" content=\"https:\/\/www.araalicante.com\/wp-content\/uploads\/2023\/10\/Sin-titulo-1.png\" \/>\n\t<meta property=\"og:image:width\" content=\"200\" \/>\n\t<meta property=\"og:image:height\" content=\"200\" \/>\n\t<meta property=\"og:image:type\" content=\"image\/png\" \/>\n<meta name=\"author\" content=\"Antonio Palomera\" \/>\n<meta name=\"twitter:card\" content=\"summary_large_image\" \/>\n<meta name=\"twitter:label1\" content=\"Written by\" \/>\n\t<meta name=\"twitter:data1\" content=\"Antonio Palomera\" \/>\n\t<meta name=\"twitter:label2\" content=\"Estimated reading time\" \/>\n\t<meta name=\"twitter:data2\" content=\"8 minutes\" \/>\n<script type=\"application\/ld+json\" class=\"yoast-schema-graph\">{\"@context\":\"https:\\\/\\\/schema.org\",\"@graph\":[{\"@type\":\"Article\",\"@id\":\"https:\\\/\\\/www.araalicante.com\\\/el-sector-cervecero-espanol-eleva-sus-exportaciones-casi-un-8-y-consolida-su-produccion-en-un-entorno-complejo\\\/#article\",\"isPartOf\":{\"@id\":\"https:\\\/\\\/www.araalicante.com\\\/el-sector-cervecero-espanol-eleva-sus-exportaciones-casi-un-8-y-consolida-su-produccion-en-un-entorno-complejo\\\/\"},\"author\":{\"name\":\"Antonio Palomera\",\"@id\":\"https:\\\/\\\/www.araalicante.com\\\/#\\\/schema\\\/person\\\/066f68dc3db0406c0829af861c17332f\"},\"headline\":\"El sector cervecero espa\u00f1ol eleva sus exportaciones casi un 8% y consolida su producci\u00f3n en un entorno complejo\",\"datePublished\":\"2026-03-12T19:40:06+00:00\",\"mainEntityOfPage\":{\"@id\":\"https:\\\/\\\/www.araalicante.com\\\/el-sector-cervecero-espanol-eleva-sus-exportaciones-casi-un-8-y-consolida-su-produccion-en-un-entorno-complejo\\\/\"},\"wordCount\":1608,\"publisher\":{\"@id\":\"https:\\\/\\\/www.araalicante.com\\\/#organization\"},\"image\":{\"@id\":\"https:\\\/\\\/www.araalicante.com\\\/el-sector-cervecero-espanol-eleva-sus-exportaciones-casi-un-8-y-consolida-su-produccion-en-un-entorno-complejo\\\/#primaryimage\"},\"thumbnailUrl\":\"https:\\\/\\\/www.hosteleriadigital.es\\\/wp-content\\\/uploads\\\/2026\\\/03\\\/cerveza-196x300.jpg\",\"articleSection\":[\"Noticias externas\"],\"inLanguage\":\"en-GB\"},{\"@type\":\"WebPage\",\"@id\":\"https:\\\/\\\/www.araalicante.com\\\/el-sector-cervecero-espanol-eleva-sus-exportaciones-casi-un-8-y-consolida-su-produccion-en-un-entorno-complejo\\\/\",\"url\":\"https:\\\/\\\/www.araalicante.com\\\/el-sector-cervecero-espanol-eleva-sus-exportaciones-casi-un-8-y-consolida-su-produccion-en-un-entorno-complejo\\\/\",\"name\":\"El sector cervecero espa\u00f1ol eleva sus exportaciones casi un 8% y consolida su producci\u00f3n en un entorno complejo - ARA | Asociaci\u00f3n de Restaurantes Alicante\",\"isPartOf\":{\"@id\":\"https:\\\/\\\/www.araalicante.com\\\/#website\"},\"primaryImageOfPage\":{\"@id\":\"https:\\\/\\\/www.araalicante.com\\\/el-sector-cervecero-espanol-eleva-sus-exportaciones-casi-un-8-y-consolida-su-produccion-en-un-entorno-complejo\\\/#primaryimage\"},\"image\":{\"@id\":\"https:\\\/\\\/www.araalicante.com\\\/el-sector-cervecero-espanol-eleva-sus-exportaciones-casi-un-8-y-consolida-su-produccion-en-un-entorno-complejo\\\/#primaryimage\"},\"thumbnailUrl\":\"https:\\\/\\\/www.hosteleriadigital.es\\\/wp-content\\\/uploads\\\/2026\\\/03\\\/cerveza-196x300.jpg\",\"datePublished\":\"2026-03-12T19:40:06+00:00\",\"breadcrumb\":{\"@id\":\"https:\\\/\\\/www.araalicante.com\\\/el-sector-cervecero-espanol-eleva-sus-exportaciones-casi-un-8-y-consolida-su-produccion-en-un-entorno-complejo\\\/#breadcrumb\"},\"inLanguage\":\"en-GB\",\"potentialAction\":[{\"@type\":\"ReadAction\",\"target\":[\"https:\\\/\\\/www.araalicante.com\\\/el-sector-cervecero-espanol-eleva-sus-exportaciones-casi-un-8-y-consolida-su-produccion-en-un-entorno-complejo\\\/\"]}]},{\"@type\":\"ImageObject\",\"inLanguage\":\"en-GB\",\"@id\":\"https:\\\/\\\/www.araalicante.com\\\/el-sector-cervecero-espanol-eleva-sus-exportaciones-casi-un-8-y-consolida-su-produccion-en-un-entorno-complejo\\\/#primaryimage\",\"url\":\"https:\\\/\\\/www.hosteleriadigital.es\\\/wp-content\\\/uploads\\\/2026\\\/03\\\/cerveza-196x300.jpg\",\"contentUrl\":\"https:\\\/\\\/www.hosteleriadigital.es\\\/wp-content\\\/uploads\\\/2026\\\/03\\\/cerveza-196x300.jpg\"},{\"@type\":\"BreadcrumbList\",\"@id\":\"https:\\\/\\\/www.araalicante.com\\\/el-sector-cervecero-espanol-eleva-sus-exportaciones-casi-un-8-y-consolida-su-produccion-en-un-entorno-complejo\\\/#breadcrumb\",\"itemListElement\":[{\"@type\":\"ListItem\",\"position\":1,\"name\":\"Portada\",\"item\":\"https:\\\/\\\/www.araalicante.com\\\/\"},{\"@type\":\"ListItem\",\"position\":2,\"name\":\"El sector cervecero espa\u00f1ol eleva sus exportaciones casi un 8% y consolida su producci\u00f3n en un entorno complejo\"}]},{\"@type\":\"WebSite\",\"@id\":\"https:\\\/\\\/www.araalicante.com\\\/#website\",\"url\":\"https:\\\/\\\/www.araalicante.com\\\/\",\"name\":\"ARA | Asociaci\u00f3n de Restaurantes Alicante\",\"description\":\"Producto local, restauraci\u00f3n de calidad en Alicante y su provincia\",\"publisher\":{\"@id\":\"https:\\\/\\\/www.araalicante.com\\\/#organization\"},\"potentialAction\":[{\"@type\":\"SearchAction\",\"target\":{\"@type\":\"EntryPoint\",\"urlTemplate\":\"https:\\\/\\\/www.araalicante.com\\\/?s={search_term_string}\"},\"query-input\":{\"@type\":\"PropertyValueSpecification\",\"valueRequired\":true,\"valueName\":\"search_term_string\"}}],\"inLanguage\":\"en-GB\"},{\"@type\":\"Organization\",\"@id\":\"https:\\\/\\\/www.araalicante.com\\\/#organization\",\"name\":\"ARA | Asociaci\u00f3n de Restaurantes Alicante\",\"url\":\"https:\\\/\\\/www.araalicante.com\\\/\",\"logo\":{\"@type\":\"ImageObject\",\"inLanguage\":\"en-GB\",\"@id\":\"https:\\\/\\\/www.araalicante.com\\\/#\\\/schema\\\/logo\\\/image\\\/\",\"url\":\"https:\\\/\\\/www.araalicante.com\\\/wp-content\\\/uploads\\\/2023\\\/09\\\/logoara.png\",\"contentUrl\":\"https:\\\/\\\/www.araalicante.com\\\/wp-content\\\/uploads\\\/2023\\\/09\\\/logoara.png\",\"width\":400,\"height\":85,\"caption\":\"ARA | Asociaci\u00f3n de Restaurantes Alicante\"},\"image\":{\"@id\":\"https:\\\/\\\/www.araalicante.com\\\/#\\\/schema\\\/logo\\\/image\\\/\"},\"sameAs\":[\"https:\\\/\\\/www.facebook.com\\\/Ararestaurantesalicante\",\"https:\\\/\\\/www.instagram.com\\\/ararestaurantesalicante\\\/\"]},{\"@type\":\"Person\",\"@id\":\"https:\\\/\\\/www.araalicante.com\\\/#\\\/schema\\\/person\\\/066f68dc3db0406c0829af861c17332f\",\"name\":\"Antonio Palomera\",\"image\":{\"@type\":\"ImageObject\",\"inLanguage\":\"en-GB\",\"@id\":\"https:\\\/\\\/secure.gravatar.com\\\/avatar\\\/a8378756bb866d8a91ea5808ee291ef099888cc76273b42162b3ab961b9da5df?s=96&d=mm&r=g\",\"url\":\"https:\\\/\\\/secure.gravatar.com\\\/avatar\\\/a8378756bb866d8a91ea5808ee291ef099888cc76273b42162b3ab961b9da5df?s=96&d=mm&r=g\",\"contentUrl\":\"https:\\\/\\\/secure.gravatar.com\\\/avatar\\\/a8378756bb866d8a91ea5808ee291ef099888cc76273b42162b3ab961b9da5df?s=96&d=mm&r=g\",\"caption\":\"Antonio Palomera\"},\"url\":\"https:\\\/\\\/www.araalicante.com\\\/en\\\/author\\\/antonio\\\/\"}]}<\/script>\n<!-- \/ Yoast SEO plugin. -->","yoast_head_json":{"title":"El sector cervecero espa\u00f1ol eleva sus exportaciones casi un 8% y consolida su producci\u00f3n en un entorno complejo - ARA | Asociaci\u00f3n de Restaurantes Alicante","robots":{"index":"index","follow":"follow","max-snippet":"max-snippet:-1","max-image-preview":"max-image-preview:large","max-video-preview":"max-video-preview:-1"},"canonical":"https:\/\/www.araalicante.com\/en\/el-sector-cervecero-espanol-eleva-sus-exportaciones-casi-un-8-y-consolida-su-produccion-en-un-entorno-complejo\/","og_locale":"en_GB","og_type":"article","og_title":"El sector cervecero espa\u00f1ol eleva sus exportaciones casi un 8% y consolida su producci\u00f3n en un entorno complejo - ARA | Asociaci\u00f3n de Restaurantes Alicante","og_description":"La Asamblea General de Cerveceros de Espa\u00f1a ha reunido hoy en Madrid [\u2026]","og_url":"https:\/\/www.araalicante.com\/en\/el-sector-cervecero-espanol-eleva-sus-exportaciones-casi-un-8-y-consolida-su-produccion-en-un-entorno-complejo\/","og_site_name":"ARA | Asociaci\u00f3n de Restaurantes Alicante","article_publisher":"https:\/\/www.facebook.com\/Ararestaurantesalicante","article_published_time":"2026-03-12T19:40:06+00:00","og_image":[{"width":200,"height":200,"url":"https:\/\/www.araalicante.com\/wp-content\/uploads\/2023\/10\/Sin-titulo-1.png","type":"image\/png"}],"author":"Antonio Palomera","twitter_card":"summary_large_image","twitter_misc":{"Written by":"Antonio Palomera","Estimated reading time":"8 minutes"},"schema":{"@context":"https:\/\/schema.org","@graph":[{"@type":"Article","@id":"https:\/\/www.araalicante.com\/el-sector-cervecero-espanol-eleva-sus-exportaciones-casi-un-8-y-consolida-su-produccion-en-un-entorno-complejo\/#article","isPartOf":{"@id":"https:\/\/www.araalicante.com\/el-sector-cervecero-espanol-eleva-sus-exportaciones-casi-un-8-y-consolida-su-produccion-en-un-entorno-complejo\/"},"author":{"name":"Antonio Palomera","@id":"https:\/\/www.araalicante.com\/#\/schema\/person\/066f68dc3db0406c0829af861c17332f"},"headline":"El sector cervecero espa\u00f1ol eleva sus exportaciones casi un 8% y consolida su producci\u00f3n en un entorno complejo","datePublished":"2026-03-12T19:40:06+00:00","mainEntityOfPage":{"@id":"https:\/\/www.araalicante.com\/el-sector-cervecero-espanol-eleva-sus-exportaciones-casi-un-8-y-consolida-su-produccion-en-un-entorno-complejo\/"},"wordCount":1608,"publisher":{"@id":"https:\/\/www.araalicante.com\/#organization"},"image":{"@id":"https:\/\/www.araalicante.com\/el-sector-cervecero-espanol-eleva-sus-exportaciones-casi-un-8-y-consolida-su-produccion-en-un-entorno-complejo\/#primaryimage"},"thumbnailUrl":"https:\/\/www.hosteleriadigital.es\/wp-content\/uploads\/2026\/03\/cerveza-196x300.jpg","articleSection":["Noticias externas"],"inLanguage":"en-GB"},{"@type":"WebPage","@id":"https:\/\/www.araalicante.com\/el-sector-cervecero-espanol-eleva-sus-exportaciones-casi-un-8-y-consolida-su-produccion-en-un-entorno-complejo\/","url":"https:\/\/www.araalicante.com\/el-sector-cervecero-espanol-eleva-sus-exportaciones-casi-un-8-y-consolida-su-produccion-en-un-entorno-complejo\/","name":"El sector cervecero espa\u00f1ol eleva sus exportaciones casi un 8% y consolida su producci\u00f3n en un entorno complejo - ARA | Asociaci\u00f3n de Restaurantes Alicante","isPartOf":{"@id":"https:\/\/www.araalicante.com\/#website"},"primaryImageOfPage":{"@id":"https:\/\/www.araalicante.com\/el-sector-cervecero-espanol-eleva-sus-exportaciones-casi-un-8-y-consolida-su-produccion-en-un-entorno-complejo\/#primaryimage"},"image":{"@id":"https:\/\/www.araalicante.com\/el-sector-cervecero-espanol-eleva-sus-exportaciones-casi-un-8-y-consolida-su-produccion-en-un-entorno-complejo\/#primaryimage"},"thumbnailUrl":"https:\/\/www.hosteleriadigital.es\/wp-content\/uploads\/2026\/03\/cerveza-196x300.jpg","datePublished":"2026-03-12T19:40:06+00:00","breadcrumb":{"@id":"https:\/\/www.araalicante.com\/el-sector-cervecero-espanol-eleva-sus-exportaciones-casi-un-8-y-consolida-su-produccion-en-un-entorno-complejo\/#breadcrumb"},"inLanguage":"en-GB","potentialAction":[{"@type":"ReadAction","target":["https:\/\/www.araalicante.com\/el-sector-cervecero-espanol-eleva-sus-exportaciones-casi-un-8-y-consolida-su-produccion-en-un-entorno-complejo\/"]}]},{"@type":"ImageObject","inLanguage":"en-GB","@id":"https:\/\/www.araalicante.com\/el-sector-cervecero-espanol-eleva-sus-exportaciones-casi-un-8-y-consolida-su-produccion-en-un-entorno-complejo\/#primaryimage","url":"https:\/\/www.hosteleriadigital.es\/wp-content\/uploads\/2026\/03\/cerveza-196x300.jpg","contentUrl":"https:\/\/www.hosteleriadigital.es\/wp-content\/uploads\/2026\/03\/cerveza-196x300.jpg"},{"@type":"BreadcrumbList","@id":"https:\/\/www.araalicante.com\/el-sector-cervecero-espanol-eleva-sus-exportaciones-casi-un-8-y-consolida-su-produccion-en-un-entorno-complejo\/#breadcrumb","itemListElement":[{"@type":"ListItem","position":1,"name":"Portada","item":"https:\/\/www.araalicante.com\/"},{"@type":"ListItem","position":2,"name":"El sector cervecero espa\u00f1ol eleva sus exportaciones casi un 8% y consolida su producci\u00f3n en un entorno complejo"}]},{"@type":"WebSite","@id":"https:\/\/www.araalicante.com\/#website","url":"https:\/\/www.araalicante.com\/","name":"ARA | Asociaci\u00f3n de Restaurantes Alicante","description":"Producto local, restauraci\u00f3n de calidad en Alicante y su provincia","publisher":{"@id":"https:\/\/www.araalicante.com\/#organization"},"potentialAction":[{"@type":"SearchAction","target":{"@type":"EntryPoint","urlTemplate":"https:\/\/www.araalicante.com\/?s={search_term_string}"},"query-input":{"@type":"PropertyValueSpecification","valueRequired":true,"valueName":"search_term_string"}}],"inLanguage":"en-GB"},{"@type":"Organization","@id":"https:\/\/www.araalicante.com\/#organization","name":"ARA | Asociaci\u00f3n de Restaurantes Alicante","url":"https:\/\/www.araalicante.com\/","logo":{"@type":"ImageObject","inLanguage":"en-GB","@id":"https:\/\/www.araalicante.com\/#\/schema\/logo\/image\/","url":"https:\/\/www.araalicante.com\/wp-content\/uploads\/2023\/09\/logoara.png","contentUrl":"https:\/\/www.araalicante.com\/wp-content\/uploads\/2023\/09\/logoara.png","width":400,"height":85,"caption":"ARA | Asociaci\u00f3n de Restaurantes Alicante"},"image":{"@id":"https:\/\/www.araalicante.com\/#\/schema\/logo\/image\/"},"sameAs":["https:\/\/www.facebook.com\/Ararestaurantesalicante","https:\/\/www.instagram.com\/ararestaurantesalicante\/"]},{"@type":"Person","@id":"https:\/\/www.araalicante.com\/#\/schema\/person\/066f68dc3db0406c0829af861c17332f","name":"Antonio Palomera","image":{"@type":"ImageObject","inLanguage":"en-GB","@id":"https:\/\/secure.gravatar.com\/avatar\/a8378756bb866d8a91ea5808ee291ef099888cc76273b42162b3ab961b9da5df?s=96&d=mm&r=g","url":"https:\/\/secure.gravatar.com\/avatar\/a8378756bb866d8a91ea5808ee291ef099888cc76273b42162b3ab961b9da5df?s=96&d=mm&r=g","contentUrl":"https:\/\/secure.gravatar.com\/avatar\/a8378756bb866d8a91ea5808ee291ef099888cc76273b42162b3ab961b9da5df?s=96&d=mm&r=g","caption":"Antonio Palomera"},"url":"https:\/\/www.araalicante.com\/en\/author\/antonio\/"}]}},"_links":{"self":[{"href":"https:\/\/www.araalicante.com\/en\/wp-json\/wp\/v2\/posts\/5350","targetHints":{"allow":["GET"]}}],"collection":[{"href":"https:\/\/www.araalicante.com\/en\/wp-json\/wp\/v2\/posts"}],"about":[{"href":"https:\/\/www.araalicante.com\/en\/wp-json\/wp\/v2\/types\/post"}],"author":[{"embeddable":true,"href":"https:\/\/www.araalicante.com\/en\/wp-json\/wp\/v2\/users\/17"}],"replies":[{"embeddable":true,"href":"https:\/\/www.araalicante.com\/en\/wp-json\/wp\/v2\/comments?post=5350"}],"version-history":[{"count":0,"href":"https:\/\/www.araalicante.com\/en\/wp-json\/wp\/v2\/posts\/5350\/revisions"}],"wp:attachment":[{"href":"https:\/\/www.araalicante.com\/en\/wp-json\/wp\/v2\/media?parent=5350"}],"wp:term":[{"taxonomy":"category","embeddable":true,"href":"https:\/\/www.araalicante.com\/en\/wp-json\/wp\/v2\/categories?post=5350"},{"taxonomy":"post_tag","embeddable":true,"href":"https:\/\/www.araalicante.com\/en\/wp-json\/wp\/v2\/tags?post=5350"}],"curies":[{"name":"wp","href":"https:\/\/api.w.org\/{rel}","templated":true}]}}