{"id":5348,"date":"2026-03-12T17:19:27","date_gmt":"2026-03-12T16:19:27","guid":{"rendered":"https:\/\/www.araalicante.com\/hosteleria-de-espana-propone-un-paquete-de-medidas-para-garantizar-el-funcionamiento-de-la-actividad-economica\/"},"modified":"2026-03-12T17:19:27","modified_gmt":"2026-03-12T16:19:27","slug":"hosteleria-de-espana-propone-un-paquete-de-medidas-para-garantizar-el-funcionamiento-de-la-actividad-economica","status":"publish","type":"post","link":"https:\/\/www.araalicante.com\/en\/hosteleria-de-espana-propone-un-paquete-de-medidas-para-garantizar-el-funcionamiento-de-la-actividad-economica\/","title":{"rendered":"Hosteler\u00eda de Espa\u00f1a propone un paquete de medidas para garantizar el funcionamiento de la actividad econ\u00f3mica"},"content":{"rendered":"<div id=\"post-34468\">\n<div class=\"td-post-content td-pb-padding-side\">\n<div class=\"td-featured-image-rec\">\n<p> <iframe loading=\"lazy\" class=\"td-youtube-player\" width=\"600\" height=\"560\" referrerpolicy=\"strict-origin-when-cross-origin\" src=\"https:\/\/www.youtube.com\/embed\/HwZmrbcXSbQ?enablejsapi=1&amp;feature=oembed&amp;wmode=opaque&amp;vq=hd720&amp;&amp;&amp;\" frameborder=\"0\" allowfullscreen=\"\" allow=\"autoplay\"><\/iframe><\/p>\n<\/p><\/div>\n<p>Ante el anuncio del Gobierno de un paquete de medidas en el que se est\u00e1 trabajando para garantizar un escudo social\u00a0 para paliar\u00a0 las\u00a0 consecuencias derivadas del conflicto en Oriente Medio, desde Hosteler\u00eda de Espa\u00f1a se plantean una serie de medidas que garanticen la sostenibilidad de un sector clave desde el punto de vista social y que es motor econ\u00f3mico a trav\u00e9s de sus m\u00e1s de 300.000 empresas, que generan 1,87 millones de trabajo de manera estable\u00a0 y que genera el 6,7% del PIB.<\/p>\n<p>Medidas propuestas por Hosteler\u00eda de Espa\u00f1a:<\/p>\n<ul>\n<li><strong>Garantizar<\/strong> el funcionamiento de la <strong>actividad econ\u00f3mica.<\/strong><\/li>\n<li><strong>Preservar el empleo<\/strong> y el poder adquisitivo de las familias.<\/li>\n<li><strong>Protecci\u00f3n de la cadena log\u00edstica<\/strong> y de suministro, garantizando el amparo del sector primario espa\u00f1ol y de toda la cadena de valor agroalimentaria derivada.<\/li>\n<li><strong>Reducir los impuestos especiales en la energ\u00eda<\/strong> (carburantes y electricidad), que garanticen la contenci\u00f3n de la inflaci\u00f3n.<\/li>\n<li>Incentivar la actividad econ\u00f3mica, la inversi\u00f3n, el consumo y a <strong>Espa\u00f1a como destino tur\u00edstico<\/strong>, como motor econ\u00f3mico, especialmente en momentos de inestabilidad e incertidumbre geopol\u00edtica.<\/li>\n<li><strong>Reducir la fiscalidad<\/strong> y los costes de generaci\u00f3n y el mantenimiento del empleo.<\/li>\n<li><strong>Deflactar el impuesto sobre la renta <\/strong>para garantizar el poder adquisitivo de las familias, que impacta en su capacidad de compra y libertad de elecci\u00f3n de consumo. Una propuesta que no tiene nada que ver con medidas de intervenci\u00f3n o asistencialistas, con las que Hosteler\u00eda de Espa\u00f1a no est\u00e1 de acuerdo. 7<\/li>\n<\/ul>\n<p>Este paquete de medidas es especialmente urgente\u00a0 en un momento marcado por el\u00a0 estancamiento de la demanda nacional , condicionado por la p\u00e9rdida de renta disponible de las familias, a lo que se suma el aumento de los costes de producci\u00f3n. La restauraci\u00f3n cerr\u00f3 2025 con una p\u00e9rdida de rentabilidad de 0,9%, que se mantiene en los primeros meses de este a\u00f1o.<\/p>\n<\/div>\n<footer> <span class=\"td-page-meta\" itemprop=\"author\" itemscope=\"\" itemtype=\"https:\/\/schema.org\/Person\"><meta itemprop=\"name\" content=\"Redacci\u00f3n HD\"\/><meta itemprop=\"url\" content=\"https:\/\/www.hosteleriadigital.es\/author\/maria\/\"\/><\/span><meta itemprop=\"datePublished\" content=\"2026-03-12T12:37:47+01:00\"\/><meta itemprop=\"dateModified\" content=\"2026-03-12T13:39:05+01:00\"\/><meta itemscope=\"\" itemprop=\"mainEntityOfPage\" itemtype=\"https:\/\/schema.org\/WebPage\" itemid=\"https:\/\/www.hosteleriadigital.es\/2026\/03\/12\/hosteleria-de-espana-propone-paquete-de-medidas-para-garantizar-el-funcionamiento-de-la-actividad-economica\/\"\/><span class=\"td-page-meta\" itemprop=\"publisher\" itemscope=\"\" itemtype=\"https:\/\/schema.org\/Organization\"><span class=\"td-page-meta\" itemprop=\"logo\" itemscope=\"\" itemtype=\"https:\/\/schema.org\/ImageObject\"><meta itemprop=\"url\" content=\"https:\/\/www.hosteleriadigital.es\/wp-content\/uploads\/2018\/12\/logo-272x90.png\"\/><\/span><meta itemprop=\"name\" content=\"Hosteleria Digital\"\/><\/span><meta itemprop=\"headline \" content=\"Hosteler\u00eda de Espa\u00f1a propone un paquete de medidas para garantizar el funcionamiento de la actividad econ\u00f3mica\"\/><span class=\"td-page-meta\" itemprop=\"image\" itemscope=\"\" itemtype=\"https:\/\/schema.org\/ImageObject\"><meta itemprop=\"url\" content=\"https:\/\/www.hosteleriadigital.es\/wp-content\/uploads\/2026\/03\/JA-hosteleria-digital.jpg\"\/><meta itemprop=\"width\" content=\"700\"\/><meta itemprop=\"height\" content=\"467\"\/><\/span><\/footer>\n<\/div>\n<p><a href=\"https:\/\/www.hosteleriadigital.es\/2026\/03\/12\/hosteleria-de-espana-propone-paquete-de-medidas-para-garantizar-el-funcionamiento-de-la-actividad-economica\/\">source<\/a><\/p>","protected":false},"excerpt":{"rendered":"<p>Ante el anuncio del Gobierno de un paquete de medidas en el<span class=\"excerpt-hellip\"> [\u2026]<\/span><\/p>\n","protected":false},"author":17,"featured_media":0,"comment_status":"","ping_status":"","sticky":false,"template":"","format":"standard","meta":{"footnotes":""},"categories":[1],"tags":[],"class_list":["post-5348","post","type-post","status-publish","format-standard","hentry","category-noticias-externas"],"yoast_head":"<!-- This site is optimized with the Yoast SEO plugin v27.5 - https:\/\/yoast.com\/product\/yoast-seo-wordpress\/ -->\n<title>Hosteler\u00eda de Espa\u00f1a propone un paquete de medidas para garantizar el funcionamiento de la actividad econ\u00f3mica - ARA | Asociaci\u00f3n de Restaurantes Alicante<\/title>\n<meta name=\"robots\" content=\"index, follow, max-snippet:-1, max-image-preview:large, max-video-preview:-1\" \/>\n<link rel=\"canonical\" href=\"https:\/\/www.araalicante.com\/en\/hosteleria-de-espana-propone-un-paquete-de-medidas-para-garantizar-el-funcionamiento-de-la-actividad-economica\/\" \/>\n<meta property=\"og:locale\" content=\"en_GB\" \/>\n<meta property=\"og:type\" content=\"article\" \/>\n<meta property=\"og:title\" content=\"Hosteler\u00eda de Espa\u00f1a propone un paquete de medidas para garantizar el funcionamiento de la actividad econ\u00f3mica - ARA | Asociaci\u00f3n de Restaurantes Alicante\" \/>\n<meta property=\"og:description\" content=\"Ante el anuncio del Gobierno de un paquete de medidas en el [\u2026]\" \/>\n<meta property=\"og:url\" content=\"https:\/\/www.araalicante.com\/en\/hosteleria-de-espana-propone-un-paquete-de-medidas-para-garantizar-el-funcionamiento-de-la-actividad-economica\/\" \/>\n<meta property=\"og:site_name\" content=\"ARA | Asociaci\u00f3n de Restaurantes Alicante\" \/>\n<meta property=\"article:publisher\" content=\"https:\/\/www.facebook.com\/Ararestaurantesalicante\" \/>\n<meta property=\"article:published_time\" content=\"2026-03-12T16:19:27+00:00\" \/>\n<meta property=\"og:image\" content=\"https:\/\/www.araalicante.com\/wp-content\/uploads\/2023\/10\/Sin-titulo-1.png\" \/>\n\t<meta property=\"og:image:width\" content=\"200\" \/>\n\t<meta property=\"og:image:height\" content=\"200\" \/>\n\t<meta property=\"og:image:type\" content=\"image\/png\" \/>\n<meta name=\"author\" content=\"Antonio Palomera\" \/>\n<meta name=\"twitter:card\" content=\"summary_large_image\" \/>\n<meta name=\"twitter:label1\" content=\"Written by\" \/>\n\t<meta name=\"twitter:data1\" content=\"Antonio Palomera\" \/>\n\t<meta name=\"twitter:label2\" content=\"Estimated reading time\" \/>\n\t<meta name=\"twitter:data2\" content=\"2 minutes\" \/>\n<script type=\"application\/ld+json\" class=\"yoast-schema-graph\">{\"@context\":\"https:\\\/\\\/schema.org\",\"@graph\":[{\"@type\":\"Article\",\"@id\":\"https:\\\/\\\/www.araalicante.com\\\/hosteleria-de-espana-propone-un-paquete-de-medidas-para-garantizar-el-funcionamiento-de-la-actividad-economica\\\/#article\",\"isPartOf\":{\"@id\":\"https:\\\/\\\/www.araalicante.com\\\/hosteleria-de-espana-propone-un-paquete-de-medidas-para-garantizar-el-funcionamiento-de-la-actividad-economica\\\/\"},\"author\":{\"name\":\"Antonio Palomera\",\"@id\":\"https:\\\/\\\/www.araalicante.com\\\/#\\\/schema\\\/person\\\/066f68dc3db0406c0829af861c17332f\"},\"headline\":\"Hosteler\u00eda de Espa\u00f1a propone un paquete de medidas para garantizar el funcionamiento de la actividad econ\u00f3mica\",\"datePublished\":\"2026-03-12T16:19:27+00:00\",\"mainEntityOfPage\":{\"@id\":\"https:\\\/\\\/www.araalicante.com\\\/hosteleria-de-espana-propone-un-paquete-de-medidas-para-garantizar-el-funcionamiento-de-la-actividad-economica\\\/\"},\"wordCount\":343,\"publisher\":{\"@id\":\"https:\\\/\\\/www.araalicante.com\\\/#organization\"},\"articleSection\":[\"Noticias externas\"],\"inLanguage\":\"en-GB\"},{\"@type\":\"WebPage\",\"@id\":\"https:\\\/\\\/www.araalicante.com\\\/hosteleria-de-espana-propone-un-paquete-de-medidas-para-garantizar-el-funcionamiento-de-la-actividad-economica\\\/\",\"url\":\"https:\\\/\\\/www.araalicante.com\\\/hosteleria-de-espana-propone-un-paquete-de-medidas-para-garantizar-el-funcionamiento-de-la-actividad-economica\\\/\",\"name\":\"Hosteler\u00eda de Espa\u00f1a propone un paquete de medidas para garantizar el funcionamiento de la actividad econ\u00f3mica - ARA | Asociaci\u00f3n de Restaurantes Alicante\",\"isPartOf\":{\"@id\":\"https:\\\/\\\/www.araalicante.com\\\/#website\"},\"datePublished\":\"2026-03-12T16:19:27+00:00\",\"breadcrumb\":{\"@id\":\"https:\\\/\\\/www.araalicante.com\\\/hosteleria-de-espana-propone-un-paquete-de-medidas-para-garantizar-el-funcionamiento-de-la-actividad-economica\\\/#breadcrumb\"},\"inLanguage\":\"en-GB\",\"potentialAction\":[{\"@type\":\"ReadAction\",\"target\":[\"https:\\\/\\\/www.araalicante.com\\\/hosteleria-de-espana-propone-un-paquete-de-medidas-para-garantizar-el-funcionamiento-de-la-actividad-economica\\\/\"]}]},{\"@type\":\"BreadcrumbList\",\"@id\":\"https:\\\/\\\/www.araalicante.com\\\/hosteleria-de-espana-propone-un-paquete-de-medidas-para-garantizar-el-funcionamiento-de-la-actividad-economica\\\/#breadcrumb\",\"itemListElement\":[{\"@type\":\"ListItem\",\"position\":1,\"name\":\"Portada\",\"item\":\"https:\\\/\\\/www.araalicante.com\\\/\"},{\"@type\":\"ListItem\",\"position\":2,\"name\":\"Hosteler\u00eda de Espa\u00f1a propone un paquete de medidas para garantizar el funcionamiento de la actividad econ\u00f3mica\"}]},{\"@type\":\"WebSite\",\"@id\":\"https:\\\/\\\/www.araalicante.com\\\/#website\",\"url\":\"https:\\\/\\\/www.araalicante.com\\\/\",\"name\":\"ARA | Asociaci\u00f3n de Restaurantes Alicante\",\"description\":\"Producto local, restauraci\u00f3n de calidad en Alicante y su provincia\",\"publisher\":{\"@id\":\"https:\\\/\\\/www.araalicante.com\\\/#organization\"},\"potentialAction\":[{\"@type\":\"SearchAction\",\"target\":{\"@type\":\"EntryPoint\",\"urlTemplate\":\"https:\\\/\\\/www.araalicante.com\\\/?s={search_term_string}\"},\"query-input\":{\"@type\":\"PropertyValueSpecification\",\"valueRequired\":true,\"valueName\":\"search_term_string\"}}],\"inLanguage\":\"en-GB\"},{\"@type\":\"Organization\",\"@id\":\"https:\\\/\\\/www.araalicante.com\\\/#organization\",\"name\":\"ARA | Asociaci\u00f3n de Restaurantes Alicante\",\"url\":\"https:\\\/\\\/www.araalicante.com\\\/\",\"logo\":{\"@type\":\"ImageObject\",\"inLanguage\":\"en-GB\",\"@id\":\"https:\\\/\\\/www.araalicante.com\\\/#\\\/schema\\\/logo\\\/image\\\/\",\"url\":\"https:\\\/\\\/www.araalicante.com\\\/wp-content\\\/uploads\\\/2023\\\/09\\\/logoara.png\",\"contentUrl\":\"https:\\\/\\\/www.araalicante.com\\\/wp-content\\\/uploads\\\/2023\\\/09\\\/logoara.png\",\"width\":400,\"height\":85,\"caption\":\"ARA | Asociaci\u00f3n de Restaurantes Alicante\"},\"image\":{\"@id\":\"https:\\\/\\\/www.araalicante.com\\\/#\\\/schema\\\/logo\\\/image\\\/\"},\"sameAs\":[\"https:\\\/\\\/www.facebook.com\\\/Ararestaurantesalicante\",\"https:\\\/\\\/www.instagram.com\\\/ararestaurantesalicante\\\/\"]},{\"@type\":\"Person\",\"@id\":\"https:\\\/\\\/www.araalicante.com\\\/#\\\/schema\\\/person\\\/066f68dc3db0406c0829af861c17332f\",\"name\":\"Antonio Palomera\",\"image\":{\"@type\":\"ImageObject\",\"inLanguage\":\"en-GB\",\"@id\":\"https:\\\/\\\/secure.gravatar.com\\\/avatar\\\/a8378756bb866d8a91ea5808ee291ef099888cc76273b42162b3ab961b9da5df?s=96&d=mm&r=g\",\"url\":\"https:\\\/\\\/secure.gravatar.com\\\/avatar\\\/a8378756bb866d8a91ea5808ee291ef099888cc76273b42162b3ab961b9da5df?s=96&d=mm&r=g\",\"contentUrl\":\"https:\\\/\\\/secure.gravatar.com\\\/avatar\\\/a8378756bb866d8a91ea5808ee291ef099888cc76273b42162b3ab961b9da5df?s=96&d=mm&r=g\",\"caption\":\"Antonio Palomera\"},\"url\":\"https:\\\/\\\/www.araalicante.com\\\/en\\\/author\\\/antonio\\\/\"}]}<\/script>\n<!-- \/ Yoast SEO plugin. -->","yoast_head_json":{"title":"Hosteler\u00eda de Espa\u00f1a propone un paquete de medidas para garantizar el funcionamiento de la actividad econ\u00f3mica - ARA | Asociaci\u00f3n de Restaurantes Alicante","robots":{"index":"index","follow":"follow","max-snippet":"max-snippet:-1","max-image-preview":"max-image-preview:large","max-video-preview":"max-video-preview:-1"},"canonical":"https:\/\/www.araalicante.com\/en\/hosteleria-de-espana-propone-un-paquete-de-medidas-para-garantizar-el-funcionamiento-de-la-actividad-economica\/","og_locale":"en_GB","og_type":"article","og_title":"Hosteler\u00eda de Espa\u00f1a propone un paquete de medidas para garantizar el funcionamiento de la actividad econ\u00f3mica - ARA | Asociaci\u00f3n de Restaurantes Alicante","og_description":"Ante el anuncio del Gobierno de un paquete de medidas en el [\u2026]","og_url":"https:\/\/www.araalicante.com\/en\/hosteleria-de-espana-propone-un-paquete-de-medidas-para-garantizar-el-funcionamiento-de-la-actividad-economica\/","og_site_name":"ARA | Asociaci\u00f3n de Restaurantes Alicante","article_publisher":"https:\/\/www.facebook.com\/Ararestaurantesalicante","article_published_time":"2026-03-12T16:19:27+00:00","og_image":[{"width":200,"height":200,"url":"https:\/\/www.araalicante.com\/wp-content\/uploads\/2023\/10\/Sin-titulo-1.png","type":"image\/png"}],"author":"Antonio Palomera","twitter_card":"summary_large_image","twitter_misc":{"Written by":"Antonio Palomera","Estimated reading time":"2 minutes"},"schema":{"@context":"https:\/\/schema.org","@graph":[{"@type":"Article","@id":"https:\/\/www.araalicante.com\/hosteleria-de-espana-propone-un-paquete-de-medidas-para-garantizar-el-funcionamiento-de-la-actividad-economica\/#article","isPartOf":{"@id":"https:\/\/www.araalicante.com\/hosteleria-de-espana-propone-un-paquete-de-medidas-para-garantizar-el-funcionamiento-de-la-actividad-economica\/"},"author":{"name":"Antonio Palomera","@id":"https:\/\/www.araalicante.com\/#\/schema\/person\/066f68dc3db0406c0829af861c17332f"},"headline":"Hosteler\u00eda de Espa\u00f1a propone un paquete de medidas para garantizar el funcionamiento de la actividad econ\u00f3mica","datePublished":"2026-03-12T16:19:27+00:00","mainEntityOfPage":{"@id":"https:\/\/www.araalicante.com\/hosteleria-de-espana-propone-un-paquete-de-medidas-para-garantizar-el-funcionamiento-de-la-actividad-economica\/"},"wordCount":343,"publisher":{"@id":"https:\/\/www.araalicante.com\/#organization"},"articleSection":["Noticias externas"],"inLanguage":"en-GB"},{"@type":"WebPage","@id":"https:\/\/www.araalicante.com\/hosteleria-de-espana-propone-un-paquete-de-medidas-para-garantizar-el-funcionamiento-de-la-actividad-economica\/","url":"https:\/\/www.araalicante.com\/hosteleria-de-espana-propone-un-paquete-de-medidas-para-garantizar-el-funcionamiento-de-la-actividad-economica\/","name":"Hosteler\u00eda de Espa\u00f1a propone un paquete de medidas para garantizar el funcionamiento de la actividad econ\u00f3mica - ARA | Asociaci\u00f3n de Restaurantes Alicante","isPartOf":{"@id":"https:\/\/www.araalicante.com\/#website"},"datePublished":"2026-03-12T16:19:27+00:00","breadcrumb":{"@id":"https:\/\/www.araalicante.com\/hosteleria-de-espana-propone-un-paquete-de-medidas-para-garantizar-el-funcionamiento-de-la-actividad-economica\/#breadcrumb"},"inLanguage":"en-GB","potentialAction":[{"@type":"ReadAction","target":["https:\/\/www.araalicante.com\/hosteleria-de-espana-propone-un-paquete-de-medidas-para-garantizar-el-funcionamiento-de-la-actividad-economica\/"]}]},{"@type":"BreadcrumbList","@id":"https:\/\/www.araalicante.com\/hosteleria-de-espana-propone-un-paquete-de-medidas-para-garantizar-el-funcionamiento-de-la-actividad-economica\/#breadcrumb","itemListElement":[{"@type":"ListItem","position":1,"name":"Portada","item":"https:\/\/www.araalicante.com\/"},{"@type":"ListItem","position":2,"name":"Hosteler\u00eda de Espa\u00f1a propone un paquete de medidas para garantizar el funcionamiento de la actividad econ\u00f3mica"}]},{"@type":"WebSite","@id":"https:\/\/www.araalicante.com\/#website","url":"https:\/\/www.araalicante.com\/","name":"ARA | Asociaci\u00f3n de Restaurantes Alicante","description":"Producto local, restauraci\u00f3n de calidad en Alicante y su provincia","publisher":{"@id":"https:\/\/www.araalicante.com\/#organization"},"potentialAction":[{"@type":"SearchAction","target":{"@type":"EntryPoint","urlTemplate":"https:\/\/www.araalicante.com\/?s={search_term_string}"},"query-input":{"@type":"PropertyValueSpecification","valueRequired":true,"valueName":"search_term_string"}}],"inLanguage":"en-GB"},{"@type":"Organization","@id":"https:\/\/www.araalicante.com\/#organization","name":"ARA | Asociaci\u00f3n de Restaurantes Alicante","url":"https:\/\/www.araalicante.com\/","logo":{"@type":"ImageObject","inLanguage":"en-GB","@id":"https:\/\/www.araalicante.com\/#\/schema\/logo\/image\/","url":"https:\/\/www.araalicante.com\/wp-content\/uploads\/2023\/09\/logoara.png","contentUrl":"https:\/\/www.araalicante.com\/wp-content\/uploads\/2023\/09\/logoara.png","width":400,"height":85,"caption":"ARA | Asociaci\u00f3n de Restaurantes Alicante"},"image":{"@id":"https:\/\/www.araalicante.com\/#\/schema\/logo\/image\/"},"sameAs":["https:\/\/www.facebook.com\/Ararestaurantesalicante","https:\/\/www.instagram.com\/ararestaurantesalicante\/"]},{"@type":"Person","@id":"https:\/\/www.araalicante.com\/#\/schema\/person\/066f68dc3db0406c0829af861c17332f","name":"Antonio Palomera","image":{"@type":"ImageObject","inLanguage":"en-GB","@id":"https:\/\/secure.gravatar.com\/avatar\/a8378756bb866d8a91ea5808ee291ef099888cc76273b42162b3ab961b9da5df?s=96&d=mm&r=g","url":"https:\/\/secure.gravatar.com\/avatar\/a8378756bb866d8a91ea5808ee291ef099888cc76273b42162b3ab961b9da5df?s=96&d=mm&r=g","contentUrl":"https:\/\/secure.gravatar.com\/avatar\/a8378756bb866d8a91ea5808ee291ef099888cc76273b42162b3ab961b9da5df?s=96&d=mm&r=g","caption":"Antonio Palomera"},"url":"https:\/\/www.araalicante.com\/en\/author\/antonio\/"}]}},"_links":{"self":[{"href":"https:\/\/www.araalicante.com\/en\/wp-json\/wp\/v2\/posts\/5348","targetHints":{"allow":["GET"]}}],"collection":[{"href":"https:\/\/www.araalicante.com\/en\/wp-json\/wp\/v2\/posts"}],"about":[{"href":"https:\/\/www.araalicante.com\/en\/wp-json\/wp\/v2\/types\/post"}],"author":[{"embeddable":true,"href":"https:\/\/www.araalicante.com\/en\/wp-json\/wp\/v2\/users\/17"}],"replies":[{"embeddable":true,"href":"https:\/\/www.araalicante.com\/en\/wp-json\/wp\/v2\/comments?post=5348"}],"version-history":[{"count":0,"href":"https:\/\/www.araalicante.com\/en\/wp-json\/wp\/v2\/posts\/5348\/revisions"}],"wp:attachment":[{"href":"https:\/\/www.araalicante.com\/en\/wp-json\/wp\/v2\/media?parent=5348"}],"wp:term":[{"taxonomy":"category","embeddable":true,"href":"https:\/\/www.araalicante.com\/en\/wp-json\/wp\/v2\/categories?post=5348"},{"taxonomy":"post_tag","embeddable":true,"href":"https:\/\/www.araalicante.com\/en\/wp-json\/wp\/v2\/tags?post=5348"}],"curies":[{"name":"wp","href":"https:\/\/api.w.org\/{rel}","templated":true}]}}