{"id":5214,"date":"2025-12-05T22:09:07","date_gmt":"2025-12-05T21:09:07","guid":{"rendered":"https:\/\/www.araalicante.com\/el-salon-chino-y-carlos-gumiel-protagonistas-del-quinto-video-promocional-de-la-federacion-de-turismo-y-hosteleria-de-guadalajara\/"},"modified":"2025-12-05T22:09:07","modified_gmt":"2025-12-05T21:09:07","slug":"el-salon-chino-y-carlos-gumiel-protagonistas-del-quinto-video-promocional-de-la-federacion-de-turismo-y-hosteleria-de-guadalajara","status":"publish","type":"post","link":"https:\/\/www.araalicante.com\/en\/el-salon-chino-y-carlos-gumiel-protagonistas-del-quinto-video-promocional-de-la-federacion-de-turismo-y-hosteleria-de-guadalajara\/","title":{"rendered":"El Sal\u00f3n Chino y Carlos Gumiel protagonistas del quinto v\u00eddeo promocional de la Federaci\u00f3n de Turismo y Hosteler\u00eda de Guadalajara"},"content":{"rendered":"<div>\n<div class=\"td-featured-image-rec\">\n<div class=\"td-post-featured-image\"><a href=\"https:\/\/www.hosteleriadigital.es\/wp-content\/uploads\/2025\/12\/Guadalajara.jpg\" data-caption=\"\"><img loading=\"lazy\" decoding=\"async\" width=\"300\" height=\"350\" class=\"entry-thumb td-modal-image\" src=\"https:\/\/www.hosteleriadigital.es\/wp-content\/uploads\/2025\/12\/Guadalajara-300x350.jpg\" alt=\"\" title=\"Guadalajara\"\/><\/a><\/div>\n<\/div>\n<p>La Federaci\u00f3n Provincial de Turismo y Hosteler\u00eda de Guadalajara, integrada en CEOE-CEPYME Guadalajara, en colaboraci\u00f3n con la Concejal\u00eda de Turismo del Ayuntamiento de Guadalajara, contin\u00faa con su campa\u00f1a de promoci\u00f3n gastron\u00f3mica y cultural con el lanzamiento del quinto v\u00eddeo de la serie dedicada a mostrar los principales monumentos, espacios emblem\u00e1ticos y la riqueza culinaria de la ciudad.<\/p>\n<p>En esta ocasi\u00f3n, el Sal\u00f3n Chino, ubicado en el Palacio de la Cotilla, se convierte en el escenario protagonista, acompa\u00f1ado por el chef Carlos Gumiel del restaurante Biosfera de Guadalajara.<\/p>\n<p>En el v\u00eddeo, Gumiel gu\u00eda al espectador por este singular espacio, una noble casona de Los Torres del siglo XVI. A finales del siglo XIX, sus propietarios eran los marqueses de Villamejor, Ana de Torres e Ignacio de Figueroa, padres del conde de Romanones. De aquella \u00e9poca se conserva el Sal\u00f3n Chino, decorado todav\u00eda con el papel pintado original, seg\u00fan el estilo de la dinast\u00eda Qing, cuya rareza en Espa\u00f1a le otorga un valor excepcional.<\/p>\n<p>Adem\u00e1s de la visita patrimonial, el chef prepara en los jardines de la Cotilla un plato de sushi con trucha de nuestra tierra, que no es otra cosa que un lomo de trucha macerado con sal y miel. A lo que se le a\u00f1adir\u00e1 un poco de arroz y crema de queso de la alcarria, polen, trufa y aguacate.<\/p>\n<p>Con esta iniciativa, la Federaci\u00f3n Provincial de Turismo y Hosteler\u00eda de Guadalajara, integrada en CEOE-CEPYME Guadalajara, y el Ayuntamiento buscan impulsar el turismo local, destacar la riqueza patrimonial y gastron\u00f3mica de Guadalajara y fomentar el \u201cboca a boca\u201d entre los visitantes, invitando tanto a vecinos como a turistas a descubrir y redescubrir la ciudad.<\/p>\n<p>En los pr\u00f3ximos meses se lanzar\u00e1n nuevos v\u00eddeos dedicados a otros monumentos y espacios singulares de Guadalajara, protagonizados por reconocidos chefs locales que seguir\u00e1n mostrando el maridaje entre historia, cultura y cocina alcarre\u00f1a.<\/p>\n<p>La Federaci\u00f3n Provincial de Turismo y Hosteler\u00eda de Guadalajara reafirma as\u00ed su compromiso con la promoci\u00f3n de los recursos tur\u00edsticos, gastron\u00f3micos y culturales de la provincia, contribuyendo a poner en valor sus productos, alojamientos, paisajes y la hospitalidad que caracteriza a esta tierra.<\/p>\n<p><a href=\"https:\/\/www.youtube.com\/watch?v=Fw8K5atw_3w\">Ver v\u00eddeo completo<\/a><\/p>\n<\/div>\n<p><a href=\"https:\/\/www.hosteleriadigital.es\/2025\/12\/05\/el-salon-chino-y-carlos-gumiel-protagonistas-del-quinto-video-promocional-de-la-federacion-de-turismo-y-hosteleria-de-guadalajara\/\">source<\/a><\/p>","protected":false},"excerpt":{"rendered":"<p>La Federaci\u00f3n Provincial de Turismo y Hosteler\u00eda de Guadalajara, integrada en CEOE-CEPYME<span class=\"excerpt-hellip\"> [\u2026]<\/span><\/p>\n","protected":false},"author":17,"featured_media":0,"comment_status":"","ping_status":"","sticky":false,"template":"","format":"standard","meta":{"footnotes":""},"categories":[1],"tags":[],"class_list":["post-5214","post","type-post","status-publish","format-standard","hentry","category-noticias-externas"],"yoast_head":"<!-- This site is optimized with the Yoast SEO plugin v27.4 - https:\/\/yoast.com\/product\/yoast-seo-wordpress\/ -->\n<title>El Sal\u00f3n Chino y Carlos Gumiel protagonistas del quinto v\u00eddeo promocional de la Federaci\u00f3n de Turismo y Hosteler\u00eda de Guadalajara - ARA | Asociaci\u00f3n de Restaurantes Alicante<\/title>\n<meta name=\"robots\" content=\"index, follow, max-snippet:-1, max-image-preview:large, max-video-preview:-1\" \/>\n<link rel=\"canonical\" href=\"https:\/\/www.araalicante.com\/en\/el-salon-chino-y-carlos-gumiel-protagonistas-del-quinto-video-promocional-de-la-federacion-de-turismo-y-hosteleria-de-guadalajara\/\" \/>\n<meta property=\"og:locale\" content=\"en_GB\" \/>\n<meta property=\"og:type\" content=\"article\" \/>\n<meta property=\"og:title\" content=\"El Sal\u00f3n Chino y Carlos Gumiel protagonistas del quinto v\u00eddeo promocional de la Federaci\u00f3n de Turismo y Hosteler\u00eda de Guadalajara - ARA | Asociaci\u00f3n de Restaurantes Alicante\" \/>\n<meta property=\"og:description\" content=\"La Federaci\u00f3n Provincial de Turismo y Hosteler\u00eda de Guadalajara, integrada en CEOE-CEPYME [\u2026]\" \/>\n<meta property=\"og:url\" content=\"https:\/\/www.araalicante.com\/en\/el-salon-chino-y-carlos-gumiel-protagonistas-del-quinto-video-promocional-de-la-federacion-de-turismo-y-hosteleria-de-guadalajara\/\" \/>\n<meta property=\"og:site_name\" content=\"ARA | Asociaci\u00f3n de Restaurantes Alicante\" \/>\n<meta property=\"article:publisher\" content=\"https:\/\/www.facebook.com\/Ararestaurantesalicante\" \/>\n<meta property=\"article:published_time\" content=\"2025-12-05T21:09:07+00:00\" \/>\n<meta property=\"og:image\" content=\"https:\/\/www.hosteleriadigital.es\/wp-content\/uploads\/2025\/12\/Guadalajara-300x350.jpg\" \/>\n<meta name=\"author\" content=\"Antonio Palomera\" \/>\n<meta name=\"twitter:card\" content=\"summary_large_image\" \/>\n<meta name=\"twitter:label1\" content=\"Written by\" \/>\n\t<meta name=\"twitter:data1\" content=\"Antonio Palomera\" \/>\n\t<meta name=\"twitter:label2\" content=\"Estimated reading time\" \/>\n\t<meta name=\"twitter:data2\" content=\"2 minutes\" \/>\n<script type=\"application\/ld+json\" class=\"yoast-schema-graph\">{\"@context\":\"https:\\\/\\\/schema.org\",\"@graph\":[{\"@type\":\"Article\",\"@id\":\"https:\\\/\\\/www.araalicante.com\\\/el-salon-chino-y-carlos-gumiel-protagonistas-del-quinto-video-promocional-de-la-federacion-de-turismo-y-hosteleria-de-guadalajara\\\/#article\",\"isPartOf\":{\"@id\":\"https:\\\/\\\/www.araalicante.com\\\/el-salon-chino-y-carlos-gumiel-protagonistas-del-quinto-video-promocional-de-la-federacion-de-turismo-y-hosteleria-de-guadalajara\\\/\"},\"author\":{\"name\":\"Antonio Palomera\",\"@id\":\"https:\\\/\\\/www.araalicante.com\\\/#\\\/schema\\\/person\\\/066f68dc3db0406c0829af861c17332f\"},\"headline\":\"El Sal\u00f3n Chino y Carlos Gumiel protagonistas del quinto v\u00eddeo promocional de la Federaci\u00f3n de Turismo y Hosteler\u00eda de Guadalajara\",\"datePublished\":\"2025-12-05T21:09:07+00:00\",\"mainEntityOfPage\":{\"@id\":\"https:\\\/\\\/www.araalicante.com\\\/el-salon-chino-y-carlos-gumiel-protagonistas-del-quinto-video-promocional-de-la-federacion-de-turismo-y-hosteleria-de-guadalajara\\\/\"},\"wordCount\":415,\"publisher\":{\"@id\":\"https:\\\/\\\/www.araalicante.com\\\/#organization\"},\"image\":{\"@id\":\"https:\\\/\\\/www.araalicante.com\\\/el-salon-chino-y-carlos-gumiel-protagonistas-del-quinto-video-promocional-de-la-federacion-de-turismo-y-hosteleria-de-guadalajara\\\/#primaryimage\"},\"thumbnailUrl\":\"https:\\\/\\\/www.hosteleriadigital.es\\\/wp-content\\\/uploads\\\/2025\\\/12\\\/Guadalajara-300x350.jpg\",\"articleSection\":[\"Noticias externas\"],\"inLanguage\":\"en-GB\"},{\"@type\":\"WebPage\",\"@id\":\"https:\\\/\\\/www.araalicante.com\\\/el-salon-chino-y-carlos-gumiel-protagonistas-del-quinto-video-promocional-de-la-federacion-de-turismo-y-hosteleria-de-guadalajara\\\/\",\"url\":\"https:\\\/\\\/www.araalicante.com\\\/el-salon-chino-y-carlos-gumiel-protagonistas-del-quinto-video-promocional-de-la-federacion-de-turismo-y-hosteleria-de-guadalajara\\\/\",\"name\":\"El Sal\u00f3n Chino y Carlos Gumiel protagonistas del quinto v\u00eddeo promocional de la Federaci\u00f3n de Turismo y Hosteler\u00eda de Guadalajara - ARA | Asociaci\u00f3n de Restaurantes Alicante\",\"isPartOf\":{\"@id\":\"https:\\\/\\\/www.araalicante.com\\\/#website\"},\"primaryImageOfPage\":{\"@id\":\"https:\\\/\\\/www.araalicante.com\\\/el-salon-chino-y-carlos-gumiel-protagonistas-del-quinto-video-promocional-de-la-federacion-de-turismo-y-hosteleria-de-guadalajara\\\/#primaryimage\"},\"image\":{\"@id\":\"https:\\\/\\\/www.araalicante.com\\\/el-salon-chino-y-carlos-gumiel-protagonistas-del-quinto-video-promocional-de-la-federacion-de-turismo-y-hosteleria-de-guadalajara\\\/#primaryimage\"},\"thumbnailUrl\":\"https:\\\/\\\/www.hosteleriadigital.es\\\/wp-content\\\/uploads\\\/2025\\\/12\\\/Guadalajara-300x350.jpg\",\"datePublished\":\"2025-12-05T21:09:07+00:00\",\"breadcrumb\":{\"@id\":\"https:\\\/\\\/www.araalicante.com\\\/el-salon-chino-y-carlos-gumiel-protagonistas-del-quinto-video-promocional-de-la-federacion-de-turismo-y-hosteleria-de-guadalajara\\\/#breadcrumb\"},\"inLanguage\":\"en-GB\",\"potentialAction\":[{\"@type\":\"ReadAction\",\"target\":[\"https:\\\/\\\/www.araalicante.com\\\/el-salon-chino-y-carlos-gumiel-protagonistas-del-quinto-video-promocional-de-la-federacion-de-turismo-y-hosteleria-de-guadalajara\\\/\"]}]},{\"@type\":\"ImageObject\",\"inLanguage\":\"en-GB\",\"@id\":\"https:\\\/\\\/www.araalicante.com\\\/el-salon-chino-y-carlos-gumiel-protagonistas-del-quinto-video-promocional-de-la-federacion-de-turismo-y-hosteleria-de-guadalajara\\\/#primaryimage\",\"url\":\"https:\\\/\\\/www.hosteleriadigital.es\\\/wp-content\\\/uploads\\\/2025\\\/12\\\/Guadalajara-300x350.jpg\",\"contentUrl\":\"https:\\\/\\\/www.hosteleriadigital.es\\\/wp-content\\\/uploads\\\/2025\\\/12\\\/Guadalajara-300x350.jpg\"},{\"@type\":\"BreadcrumbList\",\"@id\":\"https:\\\/\\\/www.araalicante.com\\\/el-salon-chino-y-carlos-gumiel-protagonistas-del-quinto-video-promocional-de-la-federacion-de-turismo-y-hosteleria-de-guadalajara\\\/#breadcrumb\",\"itemListElement\":[{\"@type\":\"ListItem\",\"position\":1,\"name\":\"Portada\",\"item\":\"https:\\\/\\\/www.araalicante.com\\\/\"},{\"@type\":\"ListItem\",\"position\":2,\"name\":\"El Sal\u00f3n Chino y Carlos Gumiel protagonistas del quinto v\u00eddeo promocional de la Federaci\u00f3n de Turismo y Hosteler\u00eda de Guadalajara\"}]},{\"@type\":\"WebSite\",\"@id\":\"https:\\\/\\\/www.araalicante.com\\\/#website\",\"url\":\"https:\\\/\\\/www.araalicante.com\\\/\",\"name\":\"ARA | Asociaci\u00f3n de Restaurantes Alicante\",\"description\":\"Producto local, restauraci\u00f3n de calidad en Alicante y su provincia\",\"publisher\":{\"@id\":\"https:\\\/\\\/www.araalicante.com\\\/#organization\"},\"potentialAction\":[{\"@type\":\"SearchAction\",\"target\":{\"@type\":\"EntryPoint\",\"urlTemplate\":\"https:\\\/\\\/www.araalicante.com\\\/?s={search_term_string}\"},\"query-input\":{\"@type\":\"PropertyValueSpecification\",\"valueRequired\":true,\"valueName\":\"search_term_string\"}}],\"inLanguage\":\"en-GB\"},{\"@type\":\"Organization\",\"@id\":\"https:\\\/\\\/www.araalicante.com\\\/#organization\",\"name\":\"ARA | Asociaci\u00f3n de Restaurantes Alicante\",\"url\":\"https:\\\/\\\/www.araalicante.com\\\/\",\"logo\":{\"@type\":\"ImageObject\",\"inLanguage\":\"en-GB\",\"@id\":\"https:\\\/\\\/www.araalicante.com\\\/#\\\/schema\\\/logo\\\/image\\\/\",\"url\":\"https:\\\/\\\/www.araalicante.com\\\/wp-content\\\/uploads\\\/2023\\\/09\\\/logoara.png\",\"contentUrl\":\"https:\\\/\\\/www.araalicante.com\\\/wp-content\\\/uploads\\\/2023\\\/09\\\/logoara.png\",\"width\":400,\"height\":85,\"caption\":\"ARA | Asociaci\u00f3n de Restaurantes Alicante\"},\"image\":{\"@id\":\"https:\\\/\\\/www.araalicante.com\\\/#\\\/schema\\\/logo\\\/image\\\/\"},\"sameAs\":[\"https:\\\/\\\/www.facebook.com\\\/Ararestaurantesalicante\",\"https:\\\/\\\/www.instagram.com\\\/ararestaurantesalicante\\\/\"]},{\"@type\":\"Person\",\"@id\":\"https:\\\/\\\/www.araalicante.com\\\/#\\\/schema\\\/person\\\/066f68dc3db0406c0829af861c17332f\",\"name\":\"Antonio Palomera\",\"image\":{\"@type\":\"ImageObject\",\"inLanguage\":\"en-GB\",\"@id\":\"https:\\\/\\\/secure.gravatar.com\\\/avatar\\\/a8378756bb866d8a91ea5808ee291ef099888cc76273b42162b3ab961b9da5df?s=96&d=mm&r=g\",\"url\":\"https:\\\/\\\/secure.gravatar.com\\\/avatar\\\/a8378756bb866d8a91ea5808ee291ef099888cc76273b42162b3ab961b9da5df?s=96&d=mm&r=g\",\"contentUrl\":\"https:\\\/\\\/secure.gravatar.com\\\/avatar\\\/a8378756bb866d8a91ea5808ee291ef099888cc76273b42162b3ab961b9da5df?s=96&d=mm&r=g\",\"caption\":\"Antonio Palomera\"},\"url\":\"https:\\\/\\\/www.araalicante.com\\\/en\\\/author\\\/antonio\\\/\"}]}<\/script>\n<!-- \/ Yoast SEO plugin. -->","yoast_head_json":{"title":"El Sal\u00f3n Chino y Carlos Gumiel protagonistas del quinto v\u00eddeo promocional de la Federaci\u00f3n de Turismo y Hosteler\u00eda de Guadalajara - ARA | Asociaci\u00f3n de Restaurantes Alicante","robots":{"index":"index","follow":"follow","max-snippet":"max-snippet:-1","max-image-preview":"max-image-preview:large","max-video-preview":"max-video-preview:-1"},"canonical":"https:\/\/www.araalicante.com\/en\/el-salon-chino-y-carlos-gumiel-protagonistas-del-quinto-video-promocional-de-la-federacion-de-turismo-y-hosteleria-de-guadalajara\/","og_locale":"en_GB","og_type":"article","og_title":"El Sal\u00f3n Chino y Carlos Gumiel protagonistas del quinto v\u00eddeo promocional de la Federaci\u00f3n de Turismo y Hosteler\u00eda de Guadalajara - ARA | Asociaci\u00f3n de Restaurantes Alicante","og_description":"La Federaci\u00f3n Provincial de Turismo y Hosteler\u00eda de Guadalajara, integrada en CEOE-CEPYME [\u2026]","og_url":"https:\/\/www.araalicante.com\/en\/el-salon-chino-y-carlos-gumiel-protagonistas-del-quinto-video-promocional-de-la-federacion-de-turismo-y-hosteleria-de-guadalajara\/","og_site_name":"ARA | Asociaci\u00f3n de Restaurantes Alicante","article_publisher":"https:\/\/www.facebook.com\/Ararestaurantesalicante","article_published_time":"2025-12-05T21:09:07+00:00","og_image":[{"url":"https:\/\/www.hosteleriadigital.es\/wp-content\/uploads\/2025\/12\/Guadalajara-300x350.jpg","type":"","width":"","height":""}],"author":"Antonio Palomera","twitter_card":"summary_large_image","twitter_misc":{"Written by":"Antonio Palomera","Estimated reading time":"2 minutes"},"schema":{"@context":"https:\/\/schema.org","@graph":[{"@type":"Article","@id":"https:\/\/www.araalicante.com\/el-salon-chino-y-carlos-gumiel-protagonistas-del-quinto-video-promocional-de-la-federacion-de-turismo-y-hosteleria-de-guadalajara\/#article","isPartOf":{"@id":"https:\/\/www.araalicante.com\/el-salon-chino-y-carlos-gumiel-protagonistas-del-quinto-video-promocional-de-la-federacion-de-turismo-y-hosteleria-de-guadalajara\/"},"author":{"name":"Antonio Palomera","@id":"https:\/\/www.araalicante.com\/#\/schema\/person\/066f68dc3db0406c0829af861c17332f"},"headline":"El Sal\u00f3n Chino y Carlos Gumiel protagonistas del quinto v\u00eddeo promocional de la Federaci\u00f3n de Turismo y Hosteler\u00eda de Guadalajara","datePublished":"2025-12-05T21:09:07+00:00","mainEntityOfPage":{"@id":"https:\/\/www.araalicante.com\/el-salon-chino-y-carlos-gumiel-protagonistas-del-quinto-video-promocional-de-la-federacion-de-turismo-y-hosteleria-de-guadalajara\/"},"wordCount":415,"publisher":{"@id":"https:\/\/www.araalicante.com\/#organization"},"image":{"@id":"https:\/\/www.araalicante.com\/el-salon-chino-y-carlos-gumiel-protagonistas-del-quinto-video-promocional-de-la-federacion-de-turismo-y-hosteleria-de-guadalajara\/#primaryimage"},"thumbnailUrl":"https:\/\/www.hosteleriadigital.es\/wp-content\/uploads\/2025\/12\/Guadalajara-300x350.jpg","articleSection":["Noticias externas"],"inLanguage":"en-GB"},{"@type":"WebPage","@id":"https:\/\/www.araalicante.com\/el-salon-chino-y-carlos-gumiel-protagonistas-del-quinto-video-promocional-de-la-federacion-de-turismo-y-hosteleria-de-guadalajara\/","url":"https:\/\/www.araalicante.com\/el-salon-chino-y-carlos-gumiel-protagonistas-del-quinto-video-promocional-de-la-federacion-de-turismo-y-hosteleria-de-guadalajara\/","name":"El Sal\u00f3n Chino y Carlos Gumiel protagonistas del quinto v\u00eddeo promocional de la Federaci\u00f3n de Turismo y Hosteler\u00eda de Guadalajara - ARA | Asociaci\u00f3n de Restaurantes Alicante","isPartOf":{"@id":"https:\/\/www.araalicante.com\/#website"},"primaryImageOfPage":{"@id":"https:\/\/www.araalicante.com\/el-salon-chino-y-carlos-gumiel-protagonistas-del-quinto-video-promocional-de-la-federacion-de-turismo-y-hosteleria-de-guadalajara\/#primaryimage"},"image":{"@id":"https:\/\/www.araalicante.com\/el-salon-chino-y-carlos-gumiel-protagonistas-del-quinto-video-promocional-de-la-federacion-de-turismo-y-hosteleria-de-guadalajara\/#primaryimage"},"thumbnailUrl":"https:\/\/www.hosteleriadigital.es\/wp-content\/uploads\/2025\/12\/Guadalajara-300x350.jpg","datePublished":"2025-12-05T21:09:07+00:00","breadcrumb":{"@id":"https:\/\/www.araalicante.com\/el-salon-chino-y-carlos-gumiel-protagonistas-del-quinto-video-promocional-de-la-federacion-de-turismo-y-hosteleria-de-guadalajara\/#breadcrumb"},"inLanguage":"en-GB","potentialAction":[{"@type":"ReadAction","target":["https:\/\/www.araalicante.com\/el-salon-chino-y-carlos-gumiel-protagonistas-del-quinto-video-promocional-de-la-federacion-de-turismo-y-hosteleria-de-guadalajara\/"]}]},{"@type":"ImageObject","inLanguage":"en-GB","@id":"https:\/\/www.araalicante.com\/el-salon-chino-y-carlos-gumiel-protagonistas-del-quinto-video-promocional-de-la-federacion-de-turismo-y-hosteleria-de-guadalajara\/#primaryimage","url":"https:\/\/www.hosteleriadigital.es\/wp-content\/uploads\/2025\/12\/Guadalajara-300x350.jpg","contentUrl":"https:\/\/www.hosteleriadigital.es\/wp-content\/uploads\/2025\/12\/Guadalajara-300x350.jpg"},{"@type":"BreadcrumbList","@id":"https:\/\/www.araalicante.com\/el-salon-chino-y-carlos-gumiel-protagonistas-del-quinto-video-promocional-de-la-federacion-de-turismo-y-hosteleria-de-guadalajara\/#breadcrumb","itemListElement":[{"@type":"ListItem","position":1,"name":"Portada","item":"https:\/\/www.araalicante.com\/"},{"@type":"ListItem","position":2,"name":"El Sal\u00f3n Chino y Carlos Gumiel protagonistas del quinto v\u00eddeo promocional de la Federaci\u00f3n de Turismo y Hosteler\u00eda de Guadalajara"}]},{"@type":"WebSite","@id":"https:\/\/www.araalicante.com\/#website","url":"https:\/\/www.araalicante.com\/","name":"ARA | Asociaci\u00f3n de Restaurantes Alicante","description":"Producto local, restauraci\u00f3n de calidad en Alicante y su provincia","publisher":{"@id":"https:\/\/www.araalicante.com\/#organization"},"potentialAction":[{"@type":"SearchAction","target":{"@type":"EntryPoint","urlTemplate":"https:\/\/www.araalicante.com\/?s={search_term_string}"},"query-input":{"@type":"PropertyValueSpecification","valueRequired":true,"valueName":"search_term_string"}}],"inLanguage":"en-GB"},{"@type":"Organization","@id":"https:\/\/www.araalicante.com\/#organization","name":"ARA | Asociaci\u00f3n de Restaurantes Alicante","url":"https:\/\/www.araalicante.com\/","logo":{"@type":"ImageObject","inLanguage":"en-GB","@id":"https:\/\/www.araalicante.com\/#\/schema\/logo\/image\/","url":"https:\/\/www.araalicante.com\/wp-content\/uploads\/2023\/09\/logoara.png","contentUrl":"https:\/\/www.araalicante.com\/wp-content\/uploads\/2023\/09\/logoara.png","width":400,"height":85,"caption":"ARA | Asociaci\u00f3n de Restaurantes Alicante"},"image":{"@id":"https:\/\/www.araalicante.com\/#\/schema\/logo\/image\/"},"sameAs":["https:\/\/www.facebook.com\/Ararestaurantesalicante","https:\/\/www.instagram.com\/ararestaurantesalicante\/"]},{"@type":"Person","@id":"https:\/\/www.araalicante.com\/#\/schema\/person\/066f68dc3db0406c0829af861c17332f","name":"Antonio Palomera","image":{"@type":"ImageObject","inLanguage":"en-GB","@id":"https:\/\/secure.gravatar.com\/avatar\/a8378756bb866d8a91ea5808ee291ef099888cc76273b42162b3ab961b9da5df?s=96&d=mm&r=g","url":"https:\/\/secure.gravatar.com\/avatar\/a8378756bb866d8a91ea5808ee291ef099888cc76273b42162b3ab961b9da5df?s=96&d=mm&r=g","contentUrl":"https:\/\/secure.gravatar.com\/avatar\/a8378756bb866d8a91ea5808ee291ef099888cc76273b42162b3ab961b9da5df?s=96&d=mm&r=g","caption":"Antonio Palomera"},"url":"https:\/\/www.araalicante.com\/en\/author\/antonio\/"}]}},"_links":{"self":[{"href":"https:\/\/www.araalicante.com\/en\/wp-json\/wp\/v2\/posts\/5214","targetHints":{"allow":["GET"]}}],"collection":[{"href":"https:\/\/www.araalicante.com\/en\/wp-json\/wp\/v2\/posts"}],"about":[{"href":"https:\/\/www.araalicante.com\/en\/wp-json\/wp\/v2\/types\/post"}],"author":[{"embeddable":true,"href":"https:\/\/www.araalicante.com\/en\/wp-json\/wp\/v2\/users\/17"}],"replies":[{"embeddable":true,"href":"https:\/\/www.araalicante.com\/en\/wp-json\/wp\/v2\/comments?post=5214"}],"version-history":[{"count":0,"href":"https:\/\/www.araalicante.com\/en\/wp-json\/wp\/v2\/posts\/5214\/revisions"}],"wp:attachment":[{"href":"https:\/\/www.araalicante.com\/en\/wp-json\/wp\/v2\/media?parent=5214"}],"wp:term":[{"taxonomy":"category","embeddable":true,"href":"https:\/\/www.araalicante.com\/en\/wp-json\/wp\/v2\/categories?post=5214"},{"taxonomy":"post_tag","embeddable":true,"href":"https:\/\/www.araalicante.com\/en\/wp-json\/wp\/v2\/tags?post=5214"}],"curies":[{"name":"wp","href":"https:\/\/api.w.org\/{rel}","templated":true}]}}