{"id":5213,"date":"2025-12-04T22:38:55","date_gmt":"2025-12-04T21:38:55","guid":{"rendered":"https:\/\/www.araalicante.com\/lactalis-foodservice-convoca-la-xvi-edicion-del-concurso-bocados-con-queso-en-madrid-fusion-2026\/"},"modified":"2025-12-04T22:38:55","modified_gmt":"2025-12-04T21:38:55","slug":"lactalis-foodservice-convoca-la-xvi-edicion-del-concurso-bocados-con-queso-en-madrid-fusion-2026","status":"publish","type":"post","link":"https:\/\/www.araalicante.com\/en\/lactalis-foodservice-convoca-la-xvi-edicion-del-concurso-bocados-con-queso-en-madrid-fusion-2026\/","title":{"rendered":"Lactalis Foodservice convoca la XVI edici\u00f3n del concurso \u201cBocados con queso\u201d en Madrid Fusi\u00f3n 2026"},"content":{"rendered":"<div>\n<p><strong>\u00a0<\/strong>Lactalis Foodservice convoca la <strong>XVI edici\u00f3n del concurso \u201cBocados con queso\u201d<\/strong>, que este a\u00f1o incorpora una novedad especial: por primera vez todos los bocados presentados deber\u00e1n elaborarse <strong>exclusivamente con Flor de Esgueva<\/strong>, la variedad premium de queso de oveja de leche cruda, elaborada en Pe\u00f1afiel (Valladolid), reconocida por su sabor intenso y su car\u00e1cter artesanal, y que ofrece m\u00faltiples posibilidades culinarias. A partir de ahora, el nombre del concurso pasa a ser <strong>\u201cBocados con Flor de Esgueva\u201d.<\/strong><\/p>\n<p>El certamen, consolidado como referente en el mundo del queso en Espa\u00f1a, se celebrar\u00e1 en el marco de <strong>Madrid Fusi\u00f3n Alimentos de Espa\u00f1a 2026,<\/strong> entre el 26 y el 28 de enero, en el stand de <strong>Hosteler\u00eda de Espa\u00f1a<\/strong>. Profesionales y estudiantes de cocina est\u00e1n invitados a participar y a sorprender al jurado con <strong>tapas innovadoras<\/strong>, donde Flor de Esgueva ser\u00e1 el ingrediente protagonista.<\/p>\n<p><img fetchpriority=\"high\" decoding=\"async\" class=\"alignleft wp-image-33715 size-medium lazyload\" src=\"https:\/\/www.hosteleriadigital.es\/wp-content\/uploads\/2025\/12\/latcalislogo-300x242.jpg\" alt=\"\" width=\"300\" height=\"242\"\/><noscript><img loading=\"lazy\" decoding=\"async\" class=\"alignleft wp-image-33715 size-medium lazyload\" src=\"https:\/\/www.hosteleriadigital.es\/wp-content\/uploads\/2025\/12\/latcalislogo-300x242.jpg\" alt=\"\" width=\"300\" height=\"242\" srcset=\"https:\/\/www.hosteleriadigital.es\/wp-content\/uploads\/2025\/12\/latcalislogo-300x242.jpg 300w, https:\/\/www.hosteleriadigital.es\/wp-content\/uploads\/2025\/12\/latcalislogo-150x121.jpg 150w, https:\/\/www.hosteleriadigital.es\/wp-content\/uploads\/2025\/12\/latcalislogo-520x420.jpg 520w, https:\/\/www.hosteleriadigital.es\/wp-content\/uploads\/2025\/12\/latcalislogo-640x517.jpg 640w, https:\/\/www.hosteleriadigital.es\/wp-content\/uploads\/2025\/12\/latcalislogo-681x550.jpg 681w, https:\/\/www.hosteleriadigital.es\/wp-content\/uploads\/2025\/12\/latcalislogo.jpg 700w\" sizes=\"auto, (max-width: 300px) 100vw, 300px\"\/><\/noscript>En su compromiso por acompa\u00f1ar al profesional de la restauraci\u00f3n, Lactalis Foodservice acude un a\u00f1o m\u00e1s a Madrid Fusi\u00f3n Alimentos de Espa\u00f1a, con este concurso ya tradicional, que busca <strong>poner en valor la creatividad en el uso del queso en la alta cocina<\/strong>, detectar futuros talentos y servir de inspiraci\u00f3n a los chefs actuales.<\/p>\n<p>El concurso est\u00e1 abierto tanto a profesionales como a estudiantes de restauraci\u00f3n, gastronom\u00eda y hosteler\u00eda. Las bases legales y el formulario de inscripci\u00f3n pueden descargarse en nuestra web: <a href=\"http:\/\/www.lactalisfoodservice.es\/\">www.lactalisfoodservice.es<\/a>. El plazo de presentaci\u00f3n de candidaturas se cierra el <strong>domingo 11 de enero de 2026 a las 23:59h.<\/strong><\/p>\n<p>Este concurso demuestra una vez m\u00e1s la cercan\u00eda de Lactalis Foodservice con el canal HORECA y con el desarrollo del talento profesional, a trav\u00e9s de m\u00faltiples iniciativas dirigidas a baristas, hosteleros y restauradores de toda Espa\u00f1a. Entre ellas, la formaci\u00f3n especializada que se ofrece a trav\u00e9s de la plataforma online <strong>Lactacademy <\/strong>(<a href=\"https:\/\/lactacademy.com\">https:\/\/lactacademy.com<\/a>), as\u00ed como el acompa\u00f1amiento continuado que permite a los profesionales implementar experiencias diferenciales y productos con valor a\u00f1adido para las personas consumidoras.<\/p>\n<p>\u00a0<\/p>\n<\/div>\n<p><a href=\"https:\/\/www.hosteleriadigital.es\/2025\/12\/04\/lactalis-foodservice-convoca-la-xvi-edicion-del-concurso-bocados-con-queso-en-madrid-fusion-2026\/\">source<\/a><\/p>","protected":false},"excerpt":{"rendered":"<p>\u00a0Lactalis Foodservice convoca la XVI edici\u00f3n del concurso \u201cBocados con queso\u201d, que<span class=\"excerpt-hellip\"> [\u2026]<\/span><\/p>\n","protected":false},"author":17,"featured_media":0,"comment_status":"","ping_status":"","sticky":false,"template":"","format":"standard","meta":{"footnotes":""},"categories":[1],"tags":[],"class_list":["post-5213","post","type-post","status-publish","format-standard","hentry","category-noticias-externas"],"yoast_head":"<!-- This site is optimized with the Yoast SEO plugin v27.4 - https:\/\/yoast.com\/product\/yoast-seo-wordpress\/ -->\n<title>Lactalis Foodservice convoca la XVI edici\u00f3n del concurso \u201cBocados con queso\u201d en Madrid Fusi\u00f3n 2026 - ARA | Asociaci\u00f3n de Restaurantes Alicante<\/title>\n<meta name=\"robots\" content=\"index, follow, max-snippet:-1, max-image-preview:large, max-video-preview:-1\" \/>\n<link rel=\"canonical\" href=\"https:\/\/www.araalicante.com\/en\/lactalis-foodservice-convoca-la-xvi-edicion-del-concurso-bocados-con-queso-en-madrid-fusion-2026\/\" \/>\n<meta property=\"og:locale\" content=\"en_GB\" \/>\n<meta property=\"og:type\" content=\"article\" \/>\n<meta property=\"og:title\" content=\"Lactalis Foodservice convoca la XVI edici\u00f3n del concurso \u201cBocados con queso\u201d en Madrid Fusi\u00f3n 2026 - ARA | Asociaci\u00f3n de Restaurantes Alicante\" \/>\n<meta property=\"og:description\" content=\"\u00a0Lactalis Foodservice convoca la XVI edici\u00f3n del concurso \u201cBocados con queso\u201d, que [\u2026]\" \/>\n<meta property=\"og:url\" content=\"https:\/\/www.araalicante.com\/en\/lactalis-foodservice-convoca-la-xvi-edicion-del-concurso-bocados-con-queso-en-madrid-fusion-2026\/\" \/>\n<meta property=\"og:site_name\" content=\"ARA | Asociaci\u00f3n de Restaurantes Alicante\" \/>\n<meta property=\"article:publisher\" content=\"https:\/\/www.facebook.com\/Ararestaurantesalicante\" \/>\n<meta property=\"article:published_time\" content=\"2025-12-04T21:38:55+00:00\" \/>\n<meta property=\"og:image\" content=\"https:\/\/www.araalicante.com\/wp-content\/uploads\/2023\/10\/Sin-titulo-1.png\" \/>\n\t<meta property=\"og:image:width\" content=\"200\" \/>\n\t<meta property=\"og:image:height\" content=\"200\" \/>\n\t<meta property=\"og:image:type\" content=\"image\/png\" \/>\n<meta name=\"author\" content=\"Antonio Palomera\" \/>\n<meta name=\"twitter:card\" content=\"summary_large_image\" \/>\n<meta name=\"twitter:label1\" content=\"Written by\" \/>\n\t<meta name=\"twitter:data1\" content=\"Antonio Palomera\" \/>\n\t<meta name=\"twitter:label2\" content=\"Estimated reading time\" \/>\n\t<meta name=\"twitter:data2\" content=\"2 minutes\" \/>\n<script type=\"application\/ld+json\" class=\"yoast-schema-graph\">{\"@context\":\"https:\\\/\\\/schema.org\",\"@graph\":[{\"@type\":\"Article\",\"@id\":\"https:\\\/\\\/www.araalicante.com\\\/lactalis-foodservice-convoca-la-xvi-edicion-del-concurso-bocados-con-queso-en-madrid-fusion-2026\\\/#article\",\"isPartOf\":{\"@id\":\"https:\\\/\\\/www.araalicante.com\\\/lactalis-foodservice-convoca-la-xvi-edicion-del-concurso-bocados-con-queso-en-madrid-fusion-2026\\\/\"},\"author\":{\"name\":\"Antonio Palomera\",\"@id\":\"https:\\\/\\\/www.araalicante.com\\\/#\\\/schema\\\/person\\\/066f68dc3db0406c0829af861c17332f\"},\"headline\":\"Lactalis Foodservice convoca la XVI edici\u00f3n del concurso \u201cBocados con queso\u201d en Madrid Fusi\u00f3n 2026\",\"datePublished\":\"2025-12-04T21:38:55+00:00\",\"mainEntityOfPage\":{\"@id\":\"https:\\\/\\\/www.araalicante.com\\\/lactalis-foodservice-convoca-la-xvi-edicion-del-concurso-bocados-con-queso-en-madrid-fusion-2026\\\/\"},\"wordCount\":365,\"publisher\":{\"@id\":\"https:\\\/\\\/www.araalicante.com\\\/#organization\"},\"image\":{\"@id\":\"https:\\\/\\\/www.araalicante.com\\\/lactalis-foodservice-convoca-la-xvi-edicion-del-concurso-bocados-con-queso-en-madrid-fusion-2026\\\/#primaryimage\"},\"thumbnailUrl\":\"https:\\\/\\\/www.hosteleriadigital.es\\\/wp-content\\\/uploads\\\/2025\\\/12\\\/latcalislogo-300x242.jpg\",\"articleSection\":[\"Noticias externas\"],\"inLanguage\":\"en-GB\"},{\"@type\":\"WebPage\",\"@id\":\"https:\\\/\\\/www.araalicante.com\\\/lactalis-foodservice-convoca-la-xvi-edicion-del-concurso-bocados-con-queso-en-madrid-fusion-2026\\\/\",\"url\":\"https:\\\/\\\/www.araalicante.com\\\/lactalis-foodservice-convoca-la-xvi-edicion-del-concurso-bocados-con-queso-en-madrid-fusion-2026\\\/\",\"name\":\"Lactalis Foodservice convoca la XVI edici\u00f3n del concurso \u201cBocados con queso\u201d en Madrid Fusi\u00f3n 2026 - ARA | Asociaci\u00f3n de Restaurantes Alicante\",\"isPartOf\":{\"@id\":\"https:\\\/\\\/www.araalicante.com\\\/#website\"},\"primaryImageOfPage\":{\"@id\":\"https:\\\/\\\/www.araalicante.com\\\/lactalis-foodservice-convoca-la-xvi-edicion-del-concurso-bocados-con-queso-en-madrid-fusion-2026\\\/#primaryimage\"},\"image\":{\"@id\":\"https:\\\/\\\/www.araalicante.com\\\/lactalis-foodservice-convoca-la-xvi-edicion-del-concurso-bocados-con-queso-en-madrid-fusion-2026\\\/#primaryimage\"},\"thumbnailUrl\":\"https:\\\/\\\/www.hosteleriadigital.es\\\/wp-content\\\/uploads\\\/2025\\\/12\\\/latcalislogo-300x242.jpg\",\"datePublished\":\"2025-12-04T21:38:55+00:00\",\"breadcrumb\":{\"@id\":\"https:\\\/\\\/www.araalicante.com\\\/lactalis-foodservice-convoca-la-xvi-edicion-del-concurso-bocados-con-queso-en-madrid-fusion-2026\\\/#breadcrumb\"},\"inLanguage\":\"en-GB\",\"potentialAction\":[{\"@type\":\"ReadAction\",\"target\":[\"https:\\\/\\\/www.araalicante.com\\\/lactalis-foodservice-convoca-la-xvi-edicion-del-concurso-bocados-con-queso-en-madrid-fusion-2026\\\/\"]}]},{\"@type\":\"ImageObject\",\"inLanguage\":\"en-GB\",\"@id\":\"https:\\\/\\\/www.araalicante.com\\\/lactalis-foodservice-convoca-la-xvi-edicion-del-concurso-bocados-con-queso-en-madrid-fusion-2026\\\/#primaryimage\",\"url\":\"https:\\\/\\\/www.hosteleriadigital.es\\\/wp-content\\\/uploads\\\/2025\\\/12\\\/latcalislogo-300x242.jpg\",\"contentUrl\":\"https:\\\/\\\/www.hosteleriadigital.es\\\/wp-content\\\/uploads\\\/2025\\\/12\\\/latcalislogo-300x242.jpg\"},{\"@type\":\"BreadcrumbList\",\"@id\":\"https:\\\/\\\/www.araalicante.com\\\/lactalis-foodservice-convoca-la-xvi-edicion-del-concurso-bocados-con-queso-en-madrid-fusion-2026\\\/#breadcrumb\",\"itemListElement\":[{\"@type\":\"ListItem\",\"position\":1,\"name\":\"Portada\",\"item\":\"https:\\\/\\\/www.araalicante.com\\\/\"},{\"@type\":\"ListItem\",\"position\":2,\"name\":\"Lactalis Foodservice convoca la XVI edici\u00f3n del concurso \u201cBocados con queso\u201d en Madrid Fusi\u00f3n 2026\"}]},{\"@type\":\"WebSite\",\"@id\":\"https:\\\/\\\/www.araalicante.com\\\/#website\",\"url\":\"https:\\\/\\\/www.araalicante.com\\\/\",\"name\":\"ARA | Asociaci\u00f3n de Restaurantes Alicante\",\"description\":\"Producto local, restauraci\u00f3n de calidad en Alicante y su provincia\",\"publisher\":{\"@id\":\"https:\\\/\\\/www.araalicante.com\\\/#organization\"},\"potentialAction\":[{\"@type\":\"SearchAction\",\"target\":{\"@type\":\"EntryPoint\",\"urlTemplate\":\"https:\\\/\\\/www.araalicante.com\\\/?s={search_term_string}\"},\"query-input\":{\"@type\":\"PropertyValueSpecification\",\"valueRequired\":true,\"valueName\":\"search_term_string\"}}],\"inLanguage\":\"en-GB\"},{\"@type\":\"Organization\",\"@id\":\"https:\\\/\\\/www.araalicante.com\\\/#organization\",\"name\":\"ARA | Asociaci\u00f3n de Restaurantes Alicante\",\"url\":\"https:\\\/\\\/www.araalicante.com\\\/\",\"logo\":{\"@type\":\"ImageObject\",\"inLanguage\":\"en-GB\",\"@id\":\"https:\\\/\\\/www.araalicante.com\\\/#\\\/schema\\\/logo\\\/image\\\/\",\"url\":\"https:\\\/\\\/www.araalicante.com\\\/wp-content\\\/uploads\\\/2023\\\/09\\\/logoara.png\",\"contentUrl\":\"https:\\\/\\\/www.araalicante.com\\\/wp-content\\\/uploads\\\/2023\\\/09\\\/logoara.png\",\"width\":400,\"height\":85,\"caption\":\"ARA | Asociaci\u00f3n de Restaurantes Alicante\"},\"image\":{\"@id\":\"https:\\\/\\\/www.araalicante.com\\\/#\\\/schema\\\/logo\\\/image\\\/\"},\"sameAs\":[\"https:\\\/\\\/www.facebook.com\\\/Ararestaurantesalicante\",\"https:\\\/\\\/www.instagram.com\\\/ararestaurantesalicante\\\/\"]},{\"@type\":\"Person\",\"@id\":\"https:\\\/\\\/www.araalicante.com\\\/#\\\/schema\\\/person\\\/066f68dc3db0406c0829af861c17332f\",\"name\":\"Antonio Palomera\",\"image\":{\"@type\":\"ImageObject\",\"inLanguage\":\"en-GB\",\"@id\":\"https:\\\/\\\/secure.gravatar.com\\\/avatar\\\/a8378756bb866d8a91ea5808ee291ef099888cc76273b42162b3ab961b9da5df?s=96&d=mm&r=g\",\"url\":\"https:\\\/\\\/secure.gravatar.com\\\/avatar\\\/a8378756bb866d8a91ea5808ee291ef099888cc76273b42162b3ab961b9da5df?s=96&d=mm&r=g\",\"contentUrl\":\"https:\\\/\\\/secure.gravatar.com\\\/avatar\\\/a8378756bb866d8a91ea5808ee291ef099888cc76273b42162b3ab961b9da5df?s=96&d=mm&r=g\",\"caption\":\"Antonio Palomera\"},\"url\":\"https:\\\/\\\/www.araalicante.com\\\/en\\\/author\\\/antonio\\\/\"}]}<\/script>\n<!-- \/ Yoast SEO plugin. -->","yoast_head_json":{"title":"Lactalis Foodservice convoca la XVI edici\u00f3n del concurso \u201cBocados con queso\u201d en Madrid Fusi\u00f3n 2026 - ARA | Asociaci\u00f3n de Restaurantes Alicante","robots":{"index":"index","follow":"follow","max-snippet":"max-snippet:-1","max-image-preview":"max-image-preview:large","max-video-preview":"max-video-preview:-1"},"canonical":"https:\/\/www.araalicante.com\/en\/lactalis-foodservice-convoca-la-xvi-edicion-del-concurso-bocados-con-queso-en-madrid-fusion-2026\/","og_locale":"en_GB","og_type":"article","og_title":"Lactalis Foodservice convoca la XVI edici\u00f3n del concurso \u201cBocados con queso\u201d en Madrid Fusi\u00f3n 2026 - ARA | Asociaci\u00f3n de Restaurantes Alicante","og_description":"\u00a0Lactalis Foodservice convoca la XVI edici\u00f3n del concurso \u201cBocados con queso\u201d, que [\u2026]","og_url":"https:\/\/www.araalicante.com\/en\/lactalis-foodservice-convoca-la-xvi-edicion-del-concurso-bocados-con-queso-en-madrid-fusion-2026\/","og_site_name":"ARA | Asociaci\u00f3n de Restaurantes Alicante","article_publisher":"https:\/\/www.facebook.com\/Ararestaurantesalicante","article_published_time":"2025-12-04T21:38:55+00:00","og_image":[{"width":200,"height":200,"url":"https:\/\/www.araalicante.com\/wp-content\/uploads\/2023\/10\/Sin-titulo-1.png","type":"image\/png"}],"author":"Antonio Palomera","twitter_card":"summary_large_image","twitter_misc":{"Written by":"Antonio Palomera","Estimated reading time":"2 minutes"},"schema":{"@context":"https:\/\/schema.org","@graph":[{"@type":"Article","@id":"https:\/\/www.araalicante.com\/lactalis-foodservice-convoca-la-xvi-edicion-del-concurso-bocados-con-queso-en-madrid-fusion-2026\/#article","isPartOf":{"@id":"https:\/\/www.araalicante.com\/lactalis-foodservice-convoca-la-xvi-edicion-del-concurso-bocados-con-queso-en-madrid-fusion-2026\/"},"author":{"name":"Antonio Palomera","@id":"https:\/\/www.araalicante.com\/#\/schema\/person\/066f68dc3db0406c0829af861c17332f"},"headline":"Lactalis Foodservice convoca la XVI edici\u00f3n del concurso \u201cBocados con queso\u201d en Madrid Fusi\u00f3n 2026","datePublished":"2025-12-04T21:38:55+00:00","mainEntityOfPage":{"@id":"https:\/\/www.araalicante.com\/lactalis-foodservice-convoca-la-xvi-edicion-del-concurso-bocados-con-queso-en-madrid-fusion-2026\/"},"wordCount":365,"publisher":{"@id":"https:\/\/www.araalicante.com\/#organization"},"image":{"@id":"https:\/\/www.araalicante.com\/lactalis-foodservice-convoca-la-xvi-edicion-del-concurso-bocados-con-queso-en-madrid-fusion-2026\/#primaryimage"},"thumbnailUrl":"https:\/\/www.hosteleriadigital.es\/wp-content\/uploads\/2025\/12\/latcalislogo-300x242.jpg","articleSection":["Noticias externas"],"inLanguage":"en-GB"},{"@type":"WebPage","@id":"https:\/\/www.araalicante.com\/lactalis-foodservice-convoca-la-xvi-edicion-del-concurso-bocados-con-queso-en-madrid-fusion-2026\/","url":"https:\/\/www.araalicante.com\/lactalis-foodservice-convoca-la-xvi-edicion-del-concurso-bocados-con-queso-en-madrid-fusion-2026\/","name":"Lactalis Foodservice convoca la XVI edici\u00f3n del concurso \u201cBocados con queso\u201d en Madrid Fusi\u00f3n 2026 - ARA | Asociaci\u00f3n de Restaurantes Alicante","isPartOf":{"@id":"https:\/\/www.araalicante.com\/#website"},"primaryImageOfPage":{"@id":"https:\/\/www.araalicante.com\/lactalis-foodservice-convoca-la-xvi-edicion-del-concurso-bocados-con-queso-en-madrid-fusion-2026\/#primaryimage"},"image":{"@id":"https:\/\/www.araalicante.com\/lactalis-foodservice-convoca-la-xvi-edicion-del-concurso-bocados-con-queso-en-madrid-fusion-2026\/#primaryimage"},"thumbnailUrl":"https:\/\/www.hosteleriadigital.es\/wp-content\/uploads\/2025\/12\/latcalislogo-300x242.jpg","datePublished":"2025-12-04T21:38:55+00:00","breadcrumb":{"@id":"https:\/\/www.araalicante.com\/lactalis-foodservice-convoca-la-xvi-edicion-del-concurso-bocados-con-queso-en-madrid-fusion-2026\/#breadcrumb"},"inLanguage":"en-GB","potentialAction":[{"@type":"ReadAction","target":["https:\/\/www.araalicante.com\/lactalis-foodservice-convoca-la-xvi-edicion-del-concurso-bocados-con-queso-en-madrid-fusion-2026\/"]}]},{"@type":"ImageObject","inLanguage":"en-GB","@id":"https:\/\/www.araalicante.com\/lactalis-foodservice-convoca-la-xvi-edicion-del-concurso-bocados-con-queso-en-madrid-fusion-2026\/#primaryimage","url":"https:\/\/www.hosteleriadigital.es\/wp-content\/uploads\/2025\/12\/latcalislogo-300x242.jpg","contentUrl":"https:\/\/www.hosteleriadigital.es\/wp-content\/uploads\/2025\/12\/latcalislogo-300x242.jpg"},{"@type":"BreadcrumbList","@id":"https:\/\/www.araalicante.com\/lactalis-foodservice-convoca-la-xvi-edicion-del-concurso-bocados-con-queso-en-madrid-fusion-2026\/#breadcrumb","itemListElement":[{"@type":"ListItem","position":1,"name":"Portada","item":"https:\/\/www.araalicante.com\/"},{"@type":"ListItem","position":2,"name":"Lactalis Foodservice convoca la XVI edici\u00f3n del concurso \u201cBocados con queso\u201d en Madrid Fusi\u00f3n 2026"}]},{"@type":"WebSite","@id":"https:\/\/www.araalicante.com\/#website","url":"https:\/\/www.araalicante.com\/","name":"ARA | Asociaci\u00f3n de Restaurantes Alicante","description":"Producto local, restauraci\u00f3n de calidad en Alicante y su provincia","publisher":{"@id":"https:\/\/www.araalicante.com\/#organization"},"potentialAction":[{"@type":"SearchAction","target":{"@type":"EntryPoint","urlTemplate":"https:\/\/www.araalicante.com\/?s={search_term_string}"},"query-input":{"@type":"PropertyValueSpecification","valueRequired":true,"valueName":"search_term_string"}}],"inLanguage":"en-GB"},{"@type":"Organization","@id":"https:\/\/www.araalicante.com\/#organization","name":"ARA | Asociaci\u00f3n de Restaurantes Alicante","url":"https:\/\/www.araalicante.com\/","logo":{"@type":"ImageObject","inLanguage":"en-GB","@id":"https:\/\/www.araalicante.com\/#\/schema\/logo\/image\/","url":"https:\/\/www.araalicante.com\/wp-content\/uploads\/2023\/09\/logoara.png","contentUrl":"https:\/\/www.araalicante.com\/wp-content\/uploads\/2023\/09\/logoara.png","width":400,"height":85,"caption":"ARA | Asociaci\u00f3n de Restaurantes Alicante"},"image":{"@id":"https:\/\/www.araalicante.com\/#\/schema\/logo\/image\/"},"sameAs":["https:\/\/www.facebook.com\/Ararestaurantesalicante","https:\/\/www.instagram.com\/ararestaurantesalicante\/"]},{"@type":"Person","@id":"https:\/\/www.araalicante.com\/#\/schema\/person\/066f68dc3db0406c0829af861c17332f","name":"Antonio Palomera","image":{"@type":"ImageObject","inLanguage":"en-GB","@id":"https:\/\/secure.gravatar.com\/avatar\/a8378756bb866d8a91ea5808ee291ef099888cc76273b42162b3ab961b9da5df?s=96&d=mm&r=g","url":"https:\/\/secure.gravatar.com\/avatar\/a8378756bb866d8a91ea5808ee291ef099888cc76273b42162b3ab961b9da5df?s=96&d=mm&r=g","contentUrl":"https:\/\/secure.gravatar.com\/avatar\/a8378756bb866d8a91ea5808ee291ef099888cc76273b42162b3ab961b9da5df?s=96&d=mm&r=g","caption":"Antonio Palomera"},"url":"https:\/\/www.araalicante.com\/en\/author\/antonio\/"}]}},"_links":{"self":[{"href":"https:\/\/www.araalicante.com\/en\/wp-json\/wp\/v2\/posts\/5213","targetHints":{"allow":["GET"]}}],"collection":[{"href":"https:\/\/www.araalicante.com\/en\/wp-json\/wp\/v2\/posts"}],"about":[{"href":"https:\/\/www.araalicante.com\/en\/wp-json\/wp\/v2\/types\/post"}],"author":[{"embeddable":true,"href":"https:\/\/www.araalicante.com\/en\/wp-json\/wp\/v2\/users\/17"}],"replies":[{"embeddable":true,"href":"https:\/\/www.araalicante.com\/en\/wp-json\/wp\/v2\/comments?post=5213"}],"version-history":[{"count":0,"href":"https:\/\/www.araalicante.com\/en\/wp-json\/wp\/v2\/posts\/5213\/revisions"}],"wp:attachment":[{"href":"https:\/\/www.araalicante.com\/en\/wp-json\/wp\/v2\/media?parent=5213"}],"wp:term":[{"taxonomy":"category","embeddable":true,"href":"https:\/\/www.araalicante.com\/en\/wp-json\/wp\/v2\/categories?post=5213"},{"taxonomy":"post_tag","embeddable":true,"href":"https:\/\/www.araalicante.com\/en\/wp-json\/wp\/v2\/tags?post=5213"}],"curies":[{"name":"wp","href":"https:\/\/api.w.org\/{rel}","templated":true}]}}