{"id":5211,"date":"2025-12-04T19:16:33","date_gmt":"2025-12-04T18:16:33","guid":{"rendered":"https:\/\/www.araalicante.com\/salamanca-presenta-su-tradicional-guia-del-cocido\/"},"modified":"2025-12-04T19:16:33","modified_gmt":"2025-12-04T18:16:33","slug":"salamanca-presenta-su-tradicional-guia-del-cocido","status":"publish","type":"post","link":"https:\/\/www.araalicante.com\/en\/salamanca-presenta-su-tradicional-guia-del-cocido\/","title":{"rendered":"Salamanca presenta su tradicional Gu\u00eda del Cocido"},"content":{"rendered":"<div>\n<p><img fetchpriority=\"high\" decoding=\"async\" class=\"alignleft wp-image-33727 lazyload\" src=\"https:\/\/www.hosteleriadigital.es\/wp-content\/uploads\/2025\/12\/cocidosalamanca.jpg\" alt=\"\" width=\"371\" height=\"667\"\/><noscript><img loading=\"lazy\" decoding=\"async\" class=\"alignleft wp-image-33727 lazyload\" src=\"https:\/\/www.hosteleriadigital.es\/wp-content\/uploads\/2025\/12\/cocidosalamanca.jpg\" alt=\"\" width=\"371\" height=\"667\" srcset=\"https:\/\/www.hosteleriadigital.es\/wp-content\/uploads\/2025\/12\/cocidosalamanca.jpg 511w, https:\/\/www.hosteleriadigital.es\/wp-content\/uploads\/2025\/12\/cocidosalamanca-167x300.jpg 167w, https:\/\/www.hosteleriadigital.es\/wp-content\/uploads\/2025\/12\/cocidosalamanca-83x150.jpg 83w, https:\/\/www.hosteleriadigital.es\/wp-content\/uploads\/2025\/12\/cocidosalamanca-234x420.jpg 234w\" sizes=\"auto, (max-width: 371px) 100vw, 371px\"\/><\/noscript>La Asociaci\u00f3n de Empresarios de Hosteler\u00eda de Salamanca ha presentado\u00a0 la <strong>Gu\u00eda del Cocido Salamanca y Provincia 2026<\/strong>, un proyecto que celebra su <strong>und\u00e9cima edici\u00f3n consecutiva<\/strong>, consolid\u00e1ndose como una cita imprescindible en el calendario gastron\u00f3mico de la provincia.<\/p>\n<p>En el acto, celebrado en las instalaciones de la Escuela de Hosteler\u00eda de Santa Marta de Tormes, han participado:<\/p>\n<ul>\n<li><strong>Soraya S\u00e1nchez Garc\u00eda<\/strong>, concejala de Escuela de Hosteler\u00eda y Consumo.<\/li>\n<li><strong>Juan Carlos Zaballos Mart\u00ednez<\/strong>, diputado provincial de Turismo de la Diputaci\u00f3n de Salamanca, quien ha subrayado el compromiso con la promoci\u00f3n de nuestra provincia a trav\u00e9s de su rica tradici\u00f3n culinaria.<\/li>\n<li><strong>Jorge Carlos Moro corredera. <\/strong>Presidente de la Asociaci\u00f3n de Empresarios de Hosteler\u00eda de Salamanca.<\/li>\n<\/ul>\n<p>El presidente de la Asociaci\u00f3n de Empresarios de Hosteler\u00eda de Salamanca ha agradecido el apoyo de las instituciones, patrocinadores y colaboradores, as\u00ed como la participaci\u00f3n de los 21 establecimientos incluidos este a\u00f1o en la Gu\u00eda, de los cuales 7 se encuentran en la provincia y 14 en la capital.<\/p>\n<p><strong>Una experiencia gastron\u00f3mica que une tradici\u00f3n y modernidad.<\/strong><br \/>La Gu\u00eda del Cocido tiene como objetivo promocionar y poner en valor uno de los platos m\u00e1s representativos de la cocina espa\u00f1ola. A trav\u00e9s de este proyecto, se facilita informaci\u00f3n detallada sobre los establecimientos participantes, sus especialidades, horarios y precios. Adem\u00e1s, todos ellos estar\u00e1n identificados con una acreditaci\u00f3n oficial para garantizar una experiencia uniforme y de calidad.<\/p>\n<p>Con esta iniciativa, se busca atraer tanto a turistas como a residentes de Salamanca y su provincia, quienes cada a\u00f1o manifiestan una gran acogida a este evento que refuerza la proyecci\u00f3n de nuestras tradiciones gastron\u00f3micas.<br \/>El \u00e9xito de esta actividad no ser\u00eda posible sin el apoyo de los colaboradores y patrocinadores:<br \/>Diputaci\u00f3n de Salamanca, Ayuntamiento y Escuela de Hosteler\u00eda de Santa Marta de Tormes, Turismo de Salamanca, C\u00e1mara de Comercio, CES, Red Mediar\u00eda, Sabadell, Iberelectrica, Grupo Mahou, Salamanca en Bandeja, Ruta del Vino Sierra de Francia, Sierra de Salamanca, Hergaher y Marca de Garant\u00eda Garbanzo de Pedrosillo.<\/p>\n<p><strong>\u00a0<\/strong><strong>DEGUSTACION <\/strong><\/p>\n<p>El evento ha culminado con la degustaci\u00f3n de un cocido preparado por los alumnos de la Escuela de Hosteler\u00eda de Santa Marta de Tormes, un claro ejemplo del talento y dedicaci\u00f3n de las nuevas generaciones en el sector.<\/p>\n<p>\u00a0<\/p>\n<\/div>\n<p><a href=\"https:\/\/www.hosteleriadigital.es\/2025\/12\/04\/salamanca-presenta-su-tradicional-guia-del-cocido\/\">source<\/a><\/p>","protected":false},"excerpt":{"rendered":"<p>La Asociaci\u00f3n de Empresarios de Hosteler\u00eda de Salamanca ha presentado\u00a0 la Gu\u00eda<span class=\"excerpt-hellip\"> [\u2026]<\/span><\/p>\n","protected":false},"author":17,"featured_media":0,"comment_status":"","ping_status":"","sticky":false,"template":"","format":"standard","meta":{"footnotes":""},"categories":[1],"tags":[],"class_list":["post-5211","post","type-post","status-publish","format-standard","hentry","category-noticias-externas"],"yoast_head":"<!-- This site is optimized with the Yoast SEO plugin v27.4 - https:\/\/yoast.com\/product\/yoast-seo-wordpress\/ -->\n<title>Salamanca presenta su tradicional Gu\u00eda del Cocido - ARA | Asociaci\u00f3n de Restaurantes Alicante<\/title>\n<meta name=\"robots\" content=\"index, follow, max-snippet:-1, max-image-preview:large, max-video-preview:-1\" \/>\n<link rel=\"canonical\" href=\"https:\/\/www.araalicante.com\/en\/salamanca-presenta-su-tradicional-guia-del-cocido\/\" \/>\n<meta property=\"og:locale\" content=\"en_GB\" \/>\n<meta property=\"og:type\" content=\"article\" \/>\n<meta property=\"og:title\" content=\"Salamanca presenta su tradicional Gu\u00eda del Cocido - ARA | Asociaci\u00f3n de Restaurantes Alicante\" \/>\n<meta property=\"og:description\" content=\"La Asociaci\u00f3n de Empresarios de Hosteler\u00eda de Salamanca ha presentado\u00a0 la Gu\u00eda [\u2026]\" \/>\n<meta property=\"og:url\" content=\"https:\/\/www.araalicante.com\/en\/salamanca-presenta-su-tradicional-guia-del-cocido\/\" \/>\n<meta property=\"og:site_name\" content=\"ARA | Asociaci\u00f3n de Restaurantes Alicante\" \/>\n<meta property=\"article:publisher\" content=\"https:\/\/www.facebook.com\/Ararestaurantesalicante\" \/>\n<meta property=\"article:published_time\" content=\"2025-12-04T18:16:33+00:00\" \/>\n<meta property=\"og:image\" content=\"https:\/\/www.araalicante.com\/wp-content\/uploads\/2023\/10\/Sin-titulo-1.png\" \/>\n\t<meta property=\"og:image:width\" content=\"200\" \/>\n\t<meta property=\"og:image:height\" content=\"200\" \/>\n\t<meta property=\"og:image:type\" content=\"image\/png\" \/>\n<meta name=\"author\" content=\"Antonio Palomera\" \/>\n<meta name=\"twitter:card\" content=\"summary_large_image\" \/>\n<meta name=\"twitter:label1\" content=\"Written by\" \/>\n\t<meta name=\"twitter:data1\" content=\"Antonio Palomera\" \/>\n\t<meta name=\"twitter:label2\" content=\"Estimated reading time\" \/>\n\t<meta name=\"twitter:data2\" content=\"2 minutes\" \/>\n<script type=\"application\/ld+json\" class=\"yoast-schema-graph\">{\"@context\":\"https:\\\/\\\/schema.org\",\"@graph\":[{\"@type\":\"Article\",\"@id\":\"https:\\\/\\\/www.araalicante.com\\\/salamanca-presenta-su-tradicional-guia-del-cocido\\\/#article\",\"isPartOf\":{\"@id\":\"https:\\\/\\\/www.araalicante.com\\\/salamanca-presenta-su-tradicional-guia-del-cocido\\\/\"},\"author\":{\"name\":\"Antonio Palomera\",\"@id\":\"https:\\\/\\\/www.araalicante.com\\\/#\\\/schema\\\/person\\\/066f68dc3db0406c0829af861c17332f\"},\"headline\":\"Salamanca presenta su tradicional Gu\u00eda del Cocido\",\"datePublished\":\"2025-12-04T18:16:33+00:00\",\"mainEntityOfPage\":{\"@id\":\"https:\\\/\\\/www.araalicante.com\\\/salamanca-presenta-su-tradicional-guia-del-cocido\\\/\"},\"wordCount\":412,\"publisher\":{\"@id\":\"https:\\\/\\\/www.araalicante.com\\\/#organization\"},\"image\":{\"@id\":\"https:\\\/\\\/www.araalicante.com\\\/salamanca-presenta-su-tradicional-guia-del-cocido\\\/#primaryimage\"},\"thumbnailUrl\":\"https:\\\/\\\/www.hosteleriadigital.es\\\/wp-content\\\/uploads\\\/2025\\\/12\\\/cocidosalamanca.jpg\",\"articleSection\":[\"Noticias externas\"],\"inLanguage\":\"en-GB\"},{\"@type\":\"WebPage\",\"@id\":\"https:\\\/\\\/www.araalicante.com\\\/salamanca-presenta-su-tradicional-guia-del-cocido\\\/\",\"url\":\"https:\\\/\\\/www.araalicante.com\\\/salamanca-presenta-su-tradicional-guia-del-cocido\\\/\",\"name\":\"Salamanca presenta su tradicional Gu\u00eda del Cocido - ARA | Asociaci\u00f3n de Restaurantes Alicante\",\"isPartOf\":{\"@id\":\"https:\\\/\\\/www.araalicante.com\\\/#website\"},\"primaryImageOfPage\":{\"@id\":\"https:\\\/\\\/www.araalicante.com\\\/salamanca-presenta-su-tradicional-guia-del-cocido\\\/#primaryimage\"},\"image\":{\"@id\":\"https:\\\/\\\/www.araalicante.com\\\/salamanca-presenta-su-tradicional-guia-del-cocido\\\/#primaryimage\"},\"thumbnailUrl\":\"https:\\\/\\\/www.hosteleriadigital.es\\\/wp-content\\\/uploads\\\/2025\\\/12\\\/cocidosalamanca.jpg\",\"datePublished\":\"2025-12-04T18:16:33+00:00\",\"breadcrumb\":{\"@id\":\"https:\\\/\\\/www.araalicante.com\\\/salamanca-presenta-su-tradicional-guia-del-cocido\\\/#breadcrumb\"},\"inLanguage\":\"en-GB\",\"potentialAction\":[{\"@type\":\"ReadAction\",\"target\":[\"https:\\\/\\\/www.araalicante.com\\\/salamanca-presenta-su-tradicional-guia-del-cocido\\\/\"]}]},{\"@type\":\"ImageObject\",\"inLanguage\":\"en-GB\",\"@id\":\"https:\\\/\\\/www.araalicante.com\\\/salamanca-presenta-su-tradicional-guia-del-cocido\\\/#primaryimage\",\"url\":\"https:\\\/\\\/www.hosteleriadigital.es\\\/wp-content\\\/uploads\\\/2025\\\/12\\\/cocidosalamanca.jpg\",\"contentUrl\":\"https:\\\/\\\/www.hosteleriadigital.es\\\/wp-content\\\/uploads\\\/2025\\\/12\\\/cocidosalamanca.jpg\"},{\"@type\":\"BreadcrumbList\",\"@id\":\"https:\\\/\\\/www.araalicante.com\\\/salamanca-presenta-su-tradicional-guia-del-cocido\\\/#breadcrumb\",\"itemListElement\":[{\"@type\":\"ListItem\",\"position\":1,\"name\":\"Portada\",\"item\":\"https:\\\/\\\/www.araalicante.com\\\/\"},{\"@type\":\"ListItem\",\"position\":2,\"name\":\"Salamanca presenta su tradicional Gu\u00eda del Cocido\"}]},{\"@type\":\"WebSite\",\"@id\":\"https:\\\/\\\/www.araalicante.com\\\/#website\",\"url\":\"https:\\\/\\\/www.araalicante.com\\\/\",\"name\":\"ARA | Asociaci\u00f3n de Restaurantes Alicante\",\"description\":\"Producto local, restauraci\u00f3n de calidad en Alicante y su provincia\",\"publisher\":{\"@id\":\"https:\\\/\\\/www.araalicante.com\\\/#organization\"},\"potentialAction\":[{\"@type\":\"SearchAction\",\"target\":{\"@type\":\"EntryPoint\",\"urlTemplate\":\"https:\\\/\\\/www.araalicante.com\\\/?s={search_term_string}\"},\"query-input\":{\"@type\":\"PropertyValueSpecification\",\"valueRequired\":true,\"valueName\":\"search_term_string\"}}],\"inLanguage\":\"en-GB\"},{\"@type\":\"Organization\",\"@id\":\"https:\\\/\\\/www.araalicante.com\\\/#organization\",\"name\":\"ARA | Asociaci\u00f3n de Restaurantes Alicante\",\"url\":\"https:\\\/\\\/www.araalicante.com\\\/\",\"logo\":{\"@type\":\"ImageObject\",\"inLanguage\":\"en-GB\",\"@id\":\"https:\\\/\\\/www.araalicante.com\\\/#\\\/schema\\\/logo\\\/image\\\/\",\"url\":\"https:\\\/\\\/www.araalicante.com\\\/wp-content\\\/uploads\\\/2023\\\/09\\\/logoara.png\",\"contentUrl\":\"https:\\\/\\\/www.araalicante.com\\\/wp-content\\\/uploads\\\/2023\\\/09\\\/logoara.png\",\"width\":400,\"height\":85,\"caption\":\"ARA | Asociaci\u00f3n de Restaurantes Alicante\"},\"image\":{\"@id\":\"https:\\\/\\\/www.araalicante.com\\\/#\\\/schema\\\/logo\\\/image\\\/\"},\"sameAs\":[\"https:\\\/\\\/www.facebook.com\\\/Ararestaurantesalicante\",\"https:\\\/\\\/www.instagram.com\\\/ararestaurantesalicante\\\/\"]},{\"@type\":\"Person\",\"@id\":\"https:\\\/\\\/www.araalicante.com\\\/#\\\/schema\\\/person\\\/066f68dc3db0406c0829af861c17332f\",\"name\":\"Antonio Palomera\",\"image\":{\"@type\":\"ImageObject\",\"inLanguage\":\"en-GB\",\"@id\":\"https:\\\/\\\/secure.gravatar.com\\\/avatar\\\/a8378756bb866d8a91ea5808ee291ef099888cc76273b42162b3ab961b9da5df?s=96&d=mm&r=g\",\"url\":\"https:\\\/\\\/secure.gravatar.com\\\/avatar\\\/a8378756bb866d8a91ea5808ee291ef099888cc76273b42162b3ab961b9da5df?s=96&d=mm&r=g\",\"contentUrl\":\"https:\\\/\\\/secure.gravatar.com\\\/avatar\\\/a8378756bb866d8a91ea5808ee291ef099888cc76273b42162b3ab961b9da5df?s=96&d=mm&r=g\",\"caption\":\"Antonio Palomera\"},\"url\":\"https:\\\/\\\/www.araalicante.com\\\/en\\\/author\\\/antonio\\\/\"}]}<\/script>\n<!-- \/ Yoast SEO plugin. -->","yoast_head_json":{"title":"Salamanca presenta su tradicional Gu\u00eda del Cocido - ARA | Asociaci\u00f3n de Restaurantes Alicante","robots":{"index":"index","follow":"follow","max-snippet":"max-snippet:-1","max-image-preview":"max-image-preview:large","max-video-preview":"max-video-preview:-1"},"canonical":"https:\/\/www.araalicante.com\/en\/salamanca-presenta-su-tradicional-guia-del-cocido\/","og_locale":"en_GB","og_type":"article","og_title":"Salamanca presenta su tradicional Gu\u00eda del Cocido - ARA | Asociaci\u00f3n de Restaurantes Alicante","og_description":"La Asociaci\u00f3n de Empresarios de Hosteler\u00eda de Salamanca ha presentado\u00a0 la Gu\u00eda [\u2026]","og_url":"https:\/\/www.araalicante.com\/en\/salamanca-presenta-su-tradicional-guia-del-cocido\/","og_site_name":"ARA | Asociaci\u00f3n de Restaurantes Alicante","article_publisher":"https:\/\/www.facebook.com\/Ararestaurantesalicante","article_published_time":"2025-12-04T18:16:33+00:00","og_image":[{"width":200,"height":200,"url":"https:\/\/www.araalicante.com\/wp-content\/uploads\/2023\/10\/Sin-titulo-1.png","type":"image\/png"}],"author":"Antonio Palomera","twitter_card":"summary_large_image","twitter_misc":{"Written by":"Antonio Palomera","Estimated reading time":"2 minutes"},"schema":{"@context":"https:\/\/schema.org","@graph":[{"@type":"Article","@id":"https:\/\/www.araalicante.com\/salamanca-presenta-su-tradicional-guia-del-cocido\/#article","isPartOf":{"@id":"https:\/\/www.araalicante.com\/salamanca-presenta-su-tradicional-guia-del-cocido\/"},"author":{"name":"Antonio Palomera","@id":"https:\/\/www.araalicante.com\/#\/schema\/person\/066f68dc3db0406c0829af861c17332f"},"headline":"Salamanca presenta su tradicional Gu\u00eda del Cocido","datePublished":"2025-12-04T18:16:33+00:00","mainEntityOfPage":{"@id":"https:\/\/www.araalicante.com\/salamanca-presenta-su-tradicional-guia-del-cocido\/"},"wordCount":412,"publisher":{"@id":"https:\/\/www.araalicante.com\/#organization"},"image":{"@id":"https:\/\/www.araalicante.com\/salamanca-presenta-su-tradicional-guia-del-cocido\/#primaryimage"},"thumbnailUrl":"https:\/\/www.hosteleriadigital.es\/wp-content\/uploads\/2025\/12\/cocidosalamanca.jpg","articleSection":["Noticias externas"],"inLanguage":"en-GB"},{"@type":"WebPage","@id":"https:\/\/www.araalicante.com\/salamanca-presenta-su-tradicional-guia-del-cocido\/","url":"https:\/\/www.araalicante.com\/salamanca-presenta-su-tradicional-guia-del-cocido\/","name":"Salamanca presenta su tradicional Gu\u00eda del Cocido - ARA | Asociaci\u00f3n de Restaurantes Alicante","isPartOf":{"@id":"https:\/\/www.araalicante.com\/#website"},"primaryImageOfPage":{"@id":"https:\/\/www.araalicante.com\/salamanca-presenta-su-tradicional-guia-del-cocido\/#primaryimage"},"image":{"@id":"https:\/\/www.araalicante.com\/salamanca-presenta-su-tradicional-guia-del-cocido\/#primaryimage"},"thumbnailUrl":"https:\/\/www.hosteleriadigital.es\/wp-content\/uploads\/2025\/12\/cocidosalamanca.jpg","datePublished":"2025-12-04T18:16:33+00:00","breadcrumb":{"@id":"https:\/\/www.araalicante.com\/salamanca-presenta-su-tradicional-guia-del-cocido\/#breadcrumb"},"inLanguage":"en-GB","potentialAction":[{"@type":"ReadAction","target":["https:\/\/www.araalicante.com\/salamanca-presenta-su-tradicional-guia-del-cocido\/"]}]},{"@type":"ImageObject","inLanguage":"en-GB","@id":"https:\/\/www.araalicante.com\/salamanca-presenta-su-tradicional-guia-del-cocido\/#primaryimage","url":"https:\/\/www.hosteleriadigital.es\/wp-content\/uploads\/2025\/12\/cocidosalamanca.jpg","contentUrl":"https:\/\/www.hosteleriadigital.es\/wp-content\/uploads\/2025\/12\/cocidosalamanca.jpg"},{"@type":"BreadcrumbList","@id":"https:\/\/www.araalicante.com\/salamanca-presenta-su-tradicional-guia-del-cocido\/#breadcrumb","itemListElement":[{"@type":"ListItem","position":1,"name":"Portada","item":"https:\/\/www.araalicante.com\/"},{"@type":"ListItem","position":2,"name":"Salamanca presenta su tradicional Gu\u00eda del Cocido"}]},{"@type":"WebSite","@id":"https:\/\/www.araalicante.com\/#website","url":"https:\/\/www.araalicante.com\/","name":"ARA | Asociaci\u00f3n de Restaurantes Alicante","description":"Producto local, restauraci\u00f3n de calidad en Alicante y su provincia","publisher":{"@id":"https:\/\/www.araalicante.com\/#organization"},"potentialAction":[{"@type":"SearchAction","target":{"@type":"EntryPoint","urlTemplate":"https:\/\/www.araalicante.com\/?s={search_term_string}"},"query-input":{"@type":"PropertyValueSpecification","valueRequired":true,"valueName":"search_term_string"}}],"inLanguage":"en-GB"},{"@type":"Organization","@id":"https:\/\/www.araalicante.com\/#organization","name":"ARA | Asociaci\u00f3n de Restaurantes Alicante","url":"https:\/\/www.araalicante.com\/","logo":{"@type":"ImageObject","inLanguage":"en-GB","@id":"https:\/\/www.araalicante.com\/#\/schema\/logo\/image\/","url":"https:\/\/www.araalicante.com\/wp-content\/uploads\/2023\/09\/logoara.png","contentUrl":"https:\/\/www.araalicante.com\/wp-content\/uploads\/2023\/09\/logoara.png","width":400,"height":85,"caption":"ARA | Asociaci\u00f3n de Restaurantes Alicante"},"image":{"@id":"https:\/\/www.araalicante.com\/#\/schema\/logo\/image\/"},"sameAs":["https:\/\/www.facebook.com\/Ararestaurantesalicante","https:\/\/www.instagram.com\/ararestaurantesalicante\/"]},{"@type":"Person","@id":"https:\/\/www.araalicante.com\/#\/schema\/person\/066f68dc3db0406c0829af861c17332f","name":"Antonio Palomera","image":{"@type":"ImageObject","inLanguage":"en-GB","@id":"https:\/\/secure.gravatar.com\/avatar\/a8378756bb866d8a91ea5808ee291ef099888cc76273b42162b3ab961b9da5df?s=96&d=mm&r=g","url":"https:\/\/secure.gravatar.com\/avatar\/a8378756bb866d8a91ea5808ee291ef099888cc76273b42162b3ab961b9da5df?s=96&d=mm&r=g","contentUrl":"https:\/\/secure.gravatar.com\/avatar\/a8378756bb866d8a91ea5808ee291ef099888cc76273b42162b3ab961b9da5df?s=96&d=mm&r=g","caption":"Antonio Palomera"},"url":"https:\/\/www.araalicante.com\/en\/author\/antonio\/"}]}},"_links":{"self":[{"href":"https:\/\/www.araalicante.com\/en\/wp-json\/wp\/v2\/posts\/5211","targetHints":{"allow":["GET"]}}],"collection":[{"href":"https:\/\/www.araalicante.com\/en\/wp-json\/wp\/v2\/posts"}],"about":[{"href":"https:\/\/www.araalicante.com\/en\/wp-json\/wp\/v2\/types\/post"}],"author":[{"embeddable":true,"href":"https:\/\/www.araalicante.com\/en\/wp-json\/wp\/v2\/users\/17"}],"replies":[{"embeddable":true,"href":"https:\/\/www.araalicante.com\/en\/wp-json\/wp\/v2\/comments?post=5211"}],"version-history":[{"count":0,"href":"https:\/\/www.araalicante.com\/en\/wp-json\/wp\/v2\/posts\/5211\/revisions"}],"wp:attachment":[{"href":"https:\/\/www.araalicante.com\/en\/wp-json\/wp\/v2\/media?parent=5211"}],"wp:term":[{"taxonomy":"category","embeddable":true,"href":"https:\/\/www.araalicante.com\/en\/wp-json\/wp\/v2\/categories?post=5211"},{"taxonomy":"post_tag","embeddable":true,"href":"https:\/\/www.araalicante.com\/en\/wp-json\/wp\/v2\/tags?post=5211"}],"curies":[{"name":"wp","href":"https:\/\/api.w.org\/{rel}","templated":true}]}}