{"id":5209,"date":"2025-12-04T05:47:21","date_gmt":"2025-12-04T04:47:21","guid":{"rendered":"https:\/\/www.araalicante.com\/moratoria-de-un-ano-en-la-entrada-en-vigor-del-verifactu\/"},"modified":"2025-12-04T05:47:21","modified_gmt":"2025-12-04T04:47:21","slug":"moratoria-de-un-ano-en-la-entrada-en-vigor-del-verifactu","status":"publish","type":"post","link":"https:\/\/www.araalicante.com\/en\/moratoria-de-un-ano-en-la-entrada-en-vigor-del-verifactu\/","title":{"rendered":"Moratoria de un a\u00f1o en la entrada en vigor del Verifactu"},"content":{"rendered":"<div>\n<div class=\"td-featured-image-rec\">\n<div class=\"td-post-featured-image\"><a href=\"https:\/\/www.hosteleriadigital.es\/wp-content\/uploads\/2025\/12\/verifactu.jpg\" data-caption=\"\"><img loading=\"lazy\" decoding=\"async\" width=\"300\" height=\"350\" class=\"entry-thumb td-modal-image\" src=\"https:\/\/www.hosteleriadigital.es\/wp-content\/uploads\/2025\/12\/verifactu-300x350.jpg\" alt=\"\" title=\"verifactu\"\/><\/a><\/div>\n<\/div>\n<p>Tal y como hab\u00eda solicitado Hosteler\u00eda de Espa\u00f1a en diferentes reuniones con la Agencia Estatal de Administraci\u00f3n Tributaria, el Consejo de Ministros ha anunciado\u00a0 la moratoria de entrada en vigor del VERIFACTU un a\u00f1o. Se trata de una medida necesaria ante la falta de informaci\u00f3n y planificaci\u00f3n por parte de la Administraci\u00f3n central .<\/p>\n<p>En este marco, el Gobierno ha aprobado un Real Decreto-ley que introduce una modificaci\u00f3n sustancial del Real Decreto 1007\/2023, de 5 de diciembre, conocido como <em>Reglamento Verifactu<\/em>, el cual establec\u00eda los requisitos que deben cumplir los sistemas inform\u00e1ticos de facturaci\u00f3n utilizados por pymes y trabajadores aut\u00f3nomos. Dicha modificaci\u00f3n consiste en aplazar un a\u00f1o la exigibilidad de estos requisitos, trasladando el inicio de su aplicaci\u00f3n a 2027.<\/p>\n<p>Inicialmente, la entrada en vigor del Reglamento estaba prevista para el 1 de enero de 2026 en el caso de los contribuyentes sujetos al Impuesto sobre Sociedades. Para el resto de empresas y aut\u00f3nomos que utilizan sistemas inform\u00e1ticos de facturaci\u00f3n, el plazo fijado era el 1 de julio de 2026. Sin embargo, el nuevo texto legal establece una ampliaci\u00f3n generalizada de los plazos, motivada por la necesidad de seguir adecuando los desarrollos tecnol\u00f3gicos y de asegurar una implementaci\u00f3n ordenada, coordinada y eficaz en todos los sectores afectados.<\/p>\n<p>En consecuencia, <strong>el nuevo calendario oficial queda establecido del siguiente modo:<\/strong><\/p>\n<ul>\n<li>Empresas obligadas inicialmente el 1 de enero de 2026 (principalmente contribuyentes del Impuesto sobre Sociedades):<br \/><strong>Nueva fecha de exigibilidad: 1 de enero de 2027.<\/strong><\/li>\n<li>Empresas y aut\u00f3nomos que deb\u00edan aplicar el Verifactu a partir del 1 de julio de 2026:<br \/><strong>Nueva fecha de exigibilidad: 1 de julio de 2027.<\/strong><\/li>\n<\/ul>\n<p>Este ajuste supone, de facto, el alineamiento del calendario con las peticiones trasladadas por nuestras asociaciones durante las reuniones con la AEAT, donde expusimos la necesidad de disponer de un margen temporal razonable para adaptar, verificar e implementar los sistemas de facturaci\u00f3n conforme a los requisitos t\u00e9cnicos definitivos<\/p>\n<\/div>\n<p><a href=\"https:\/\/www.hosteleriadigital.es\/2025\/12\/03\/moratoria-de-un-ano-en-la-entrada-en-vigor-del-verifactu\/\">source<\/a><\/p>","protected":false},"excerpt":{"rendered":"<p>Tal y como hab\u00eda solicitado Hosteler\u00eda de Espa\u00f1a en diferentes reuniones con<span class=\"excerpt-hellip\"> [\u2026]<\/span><\/p>\n","protected":false},"author":17,"featured_media":0,"comment_status":"","ping_status":"","sticky":false,"template":"","format":"standard","meta":{"footnotes":""},"categories":[1],"tags":[],"class_list":["post-5209","post","type-post","status-publish","format-standard","hentry","category-noticias-externas"],"yoast_head":"<!-- This site is optimized with the Yoast SEO plugin v27.4 - https:\/\/yoast.com\/product\/yoast-seo-wordpress\/ -->\n<title>Moratoria de un a\u00f1o en la entrada en vigor del Verifactu - ARA | Asociaci\u00f3n de Restaurantes Alicante<\/title>\n<meta name=\"robots\" content=\"index, follow, max-snippet:-1, max-image-preview:large, max-video-preview:-1\" \/>\n<link rel=\"canonical\" href=\"https:\/\/www.araalicante.com\/en\/moratoria-de-un-ano-en-la-entrada-en-vigor-del-verifactu\/\" \/>\n<meta property=\"og:locale\" content=\"en_GB\" \/>\n<meta property=\"og:type\" content=\"article\" \/>\n<meta property=\"og:title\" content=\"Moratoria de un a\u00f1o en la entrada en vigor del Verifactu - ARA | Asociaci\u00f3n de Restaurantes Alicante\" \/>\n<meta property=\"og:description\" content=\"Tal y como hab\u00eda solicitado Hosteler\u00eda de Espa\u00f1a en diferentes reuniones con [\u2026]\" \/>\n<meta property=\"og:url\" content=\"https:\/\/www.araalicante.com\/en\/moratoria-de-un-ano-en-la-entrada-en-vigor-del-verifactu\/\" \/>\n<meta property=\"og:site_name\" content=\"ARA | Asociaci\u00f3n de Restaurantes Alicante\" \/>\n<meta property=\"article:publisher\" content=\"https:\/\/www.facebook.com\/Ararestaurantesalicante\" \/>\n<meta property=\"article:published_time\" content=\"2025-12-04T04:47:21+00:00\" \/>\n<meta property=\"og:image\" content=\"https:\/\/www.hosteleriadigital.es\/wp-content\/uploads\/2025\/12\/verifactu-300x350.jpg\" \/>\n<meta name=\"author\" content=\"Antonio Palomera\" \/>\n<meta name=\"twitter:card\" content=\"summary_large_image\" \/>\n<meta name=\"twitter:label1\" content=\"Written by\" \/>\n\t<meta name=\"twitter:data1\" content=\"Antonio Palomera\" \/>\n\t<meta name=\"twitter:label2\" content=\"Estimated reading time\" \/>\n\t<meta name=\"twitter:data2\" content=\"2 minutes\" \/>\n<script type=\"application\/ld+json\" class=\"yoast-schema-graph\">{\"@context\":\"https:\\\/\\\/schema.org\",\"@graph\":[{\"@type\":\"Article\",\"@id\":\"https:\\\/\\\/www.araalicante.com\\\/moratoria-de-un-ano-en-la-entrada-en-vigor-del-verifactu\\\/#article\",\"isPartOf\":{\"@id\":\"https:\\\/\\\/www.araalicante.com\\\/moratoria-de-un-ano-en-la-entrada-en-vigor-del-verifactu\\\/\"},\"author\":{\"name\":\"Antonio Palomera\",\"@id\":\"https:\\\/\\\/www.araalicante.com\\\/#\\\/schema\\\/person\\\/066f68dc3db0406c0829af861c17332f\"},\"headline\":\"Moratoria de un a\u00f1o en la entrada en vigor del Verifactu\",\"datePublished\":\"2025-12-04T04:47:21+00:00\",\"mainEntityOfPage\":{\"@id\":\"https:\\\/\\\/www.araalicante.com\\\/moratoria-de-un-ano-en-la-entrada-en-vigor-del-verifactu\\\/\"},\"wordCount\":338,\"publisher\":{\"@id\":\"https:\\\/\\\/www.araalicante.com\\\/#organization\"},\"image\":{\"@id\":\"https:\\\/\\\/www.araalicante.com\\\/moratoria-de-un-ano-en-la-entrada-en-vigor-del-verifactu\\\/#primaryimage\"},\"thumbnailUrl\":\"https:\\\/\\\/www.hosteleriadigital.es\\\/wp-content\\\/uploads\\\/2025\\\/12\\\/verifactu-300x350.jpg\",\"articleSection\":[\"Noticias externas\"],\"inLanguage\":\"en-GB\"},{\"@type\":\"WebPage\",\"@id\":\"https:\\\/\\\/www.araalicante.com\\\/moratoria-de-un-ano-en-la-entrada-en-vigor-del-verifactu\\\/\",\"url\":\"https:\\\/\\\/www.araalicante.com\\\/moratoria-de-un-ano-en-la-entrada-en-vigor-del-verifactu\\\/\",\"name\":\"Moratoria de un a\u00f1o en la entrada en vigor del Verifactu - ARA | Asociaci\u00f3n de Restaurantes Alicante\",\"isPartOf\":{\"@id\":\"https:\\\/\\\/www.araalicante.com\\\/#website\"},\"primaryImageOfPage\":{\"@id\":\"https:\\\/\\\/www.araalicante.com\\\/moratoria-de-un-ano-en-la-entrada-en-vigor-del-verifactu\\\/#primaryimage\"},\"image\":{\"@id\":\"https:\\\/\\\/www.araalicante.com\\\/moratoria-de-un-ano-en-la-entrada-en-vigor-del-verifactu\\\/#primaryimage\"},\"thumbnailUrl\":\"https:\\\/\\\/www.hosteleriadigital.es\\\/wp-content\\\/uploads\\\/2025\\\/12\\\/verifactu-300x350.jpg\",\"datePublished\":\"2025-12-04T04:47:21+00:00\",\"breadcrumb\":{\"@id\":\"https:\\\/\\\/www.araalicante.com\\\/moratoria-de-un-ano-en-la-entrada-en-vigor-del-verifactu\\\/#breadcrumb\"},\"inLanguage\":\"en-GB\",\"potentialAction\":[{\"@type\":\"ReadAction\",\"target\":[\"https:\\\/\\\/www.araalicante.com\\\/moratoria-de-un-ano-en-la-entrada-en-vigor-del-verifactu\\\/\"]}]},{\"@type\":\"ImageObject\",\"inLanguage\":\"en-GB\",\"@id\":\"https:\\\/\\\/www.araalicante.com\\\/moratoria-de-un-ano-en-la-entrada-en-vigor-del-verifactu\\\/#primaryimage\",\"url\":\"https:\\\/\\\/www.hosteleriadigital.es\\\/wp-content\\\/uploads\\\/2025\\\/12\\\/verifactu-300x350.jpg\",\"contentUrl\":\"https:\\\/\\\/www.hosteleriadigital.es\\\/wp-content\\\/uploads\\\/2025\\\/12\\\/verifactu-300x350.jpg\"},{\"@type\":\"BreadcrumbList\",\"@id\":\"https:\\\/\\\/www.araalicante.com\\\/moratoria-de-un-ano-en-la-entrada-en-vigor-del-verifactu\\\/#breadcrumb\",\"itemListElement\":[{\"@type\":\"ListItem\",\"position\":1,\"name\":\"Portada\",\"item\":\"https:\\\/\\\/www.araalicante.com\\\/\"},{\"@type\":\"ListItem\",\"position\":2,\"name\":\"Moratoria de un a\u00f1o en la entrada en vigor del Verifactu\"}]},{\"@type\":\"WebSite\",\"@id\":\"https:\\\/\\\/www.araalicante.com\\\/#website\",\"url\":\"https:\\\/\\\/www.araalicante.com\\\/\",\"name\":\"ARA | Asociaci\u00f3n de Restaurantes Alicante\",\"description\":\"Producto local, restauraci\u00f3n de calidad en Alicante y su provincia\",\"publisher\":{\"@id\":\"https:\\\/\\\/www.araalicante.com\\\/#organization\"},\"potentialAction\":[{\"@type\":\"SearchAction\",\"target\":{\"@type\":\"EntryPoint\",\"urlTemplate\":\"https:\\\/\\\/www.araalicante.com\\\/?s={search_term_string}\"},\"query-input\":{\"@type\":\"PropertyValueSpecification\",\"valueRequired\":true,\"valueName\":\"search_term_string\"}}],\"inLanguage\":\"en-GB\"},{\"@type\":\"Organization\",\"@id\":\"https:\\\/\\\/www.araalicante.com\\\/#organization\",\"name\":\"ARA | Asociaci\u00f3n de Restaurantes Alicante\",\"url\":\"https:\\\/\\\/www.araalicante.com\\\/\",\"logo\":{\"@type\":\"ImageObject\",\"inLanguage\":\"en-GB\",\"@id\":\"https:\\\/\\\/www.araalicante.com\\\/#\\\/schema\\\/logo\\\/image\\\/\",\"url\":\"https:\\\/\\\/www.araalicante.com\\\/wp-content\\\/uploads\\\/2023\\\/09\\\/logoara.png\",\"contentUrl\":\"https:\\\/\\\/www.araalicante.com\\\/wp-content\\\/uploads\\\/2023\\\/09\\\/logoara.png\",\"width\":400,\"height\":85,\"caption\":\"ARA | Asociaci\u00f3n de Restaurantes Alicante\"},\"image\":{\"@id\":\"https:\\\/\\\/www.araalicante.com\\\/#\\\/schema\\\/logo\\\/image\\\/\"},\"sameAs\":[\"https:\\\/\\\/www.facebook.com\\\/Ararestaurantesalicante\",\"https:\\\/\\\/www.instagram.com\\\/ararestaurantesalicante\\\/\"]},{\"@type\":\"Person\",\"@id\":\"https:\\\/\\\/www.araalicante.com\\\/#\\\/schema\\\/person\\\/066f68dc3db0406c0829af861c17332f\",\"name\":\"Antonio Palomera\",\"image\":{\"@type\":\"ImageObject\",\"inLanguage\":\"en-GB\",\"@id\":\"https:\\\/\\\/secure.gravatar.com\\\/avatar\\\/a8378756bb866d8a91ea5808ee291ef099888cc76273b42162b3ab961b9da5df?s=96&d=mm&r=g\",\"url\":\"https:\\\/\\\/secure.gravatar.com\\\/avatar\\\/a8378756bb866d8a91ea5808ee291ef099888cc76273b42162b3ab961b9da5df?s=96&d=mm&r=g\",\"contentUrl\":\"https:\\\/\\\/secure.gravatar.com\\\/avatar\\\/a8378756bb866d8a91ea5808ee291ef099888cc76273b42162b3ab961b9da5df?s=96&d=mm&r=g\",\"caption\":\"Antonio Palomera\"},\"url\":\"https:\\\/\\\/www.araalicante.com\\\/en\\\/author\\\/antonio\\\/\"}]}<\/script>\n<!-- \/ Yoast SEO plugin. -->","yoast_head_json":{"title":"Moratoria de un a\u00f1o en la entrada en vigor del Verifactu - ARA | Asociaci\u00f3n de Restaurantes Alicante","robots":{"index":"index","follow":"follow","max-snippet":"max-snippet:-1","max-image-preview":"max-image-preview:large","max-video-preview":"max-video-preview:-1"},"canonical":"https:\/\/www.araalicante.com\/en\/moratoria-de-un-ano-en-la-entrada-en-vigor-del-verifactu\/","og_locale":"en_GB","og_type":"article","og_title":"Moratoria de un a\u00f1o en la entrada en vigor del Verifactu - ARA | Asociaci\u00f3n de Restaurantes Alicante","og_description":"Tal y como hab\u00eda solicitado Hosteler\u00eda de Espa\u00f1a en diferentes reuniones con [\u2026]","og_url":"https:\/\/www.araalicante.com\/en\/moratoria-de-un-ano-en-la-entrada-en-vigor-del-verifactu\/","og_site_name":"ARA | Asociaci\u00f3n de Restaurantes Alicante","article_publisher":"https:\/\/www.facebook.com\/Ararestaurantesalicante","article_published_time":"2025-12-04T04:47:21+00:00","og_image":[{"url":"https:\/\/www.hosteleriadigital.es\/wp-content\/uploads\/2025\/12\/verifactu-300x350.jpg","type":"","width":"","height":""}],"author":"Antonio Palomera","twitter_card":"summary_large_image","twitter_misc":{"Written by":"Antonio Palomera","Estimated reading time":"2 minutes"},"schema":{"@context":"https:\/\/schema.org","@graph":[{"@type":"Article","@id":"https:\/\/www.araalicante.com\/moratoria-de-un-ano-en-la-entrada-en-vigor-del-verifactu\/#article","isPartOf":{"@id":"https:\/\/www.araalicante.com\/moratoria-de-un-ano-en-la-entrada-en-vigor-del-verifactu\/"},"author":{"name":"Antonio Palomera","@id":"https:\/\/www.araalicante.com\/#\/schema\/person\/066f68dc3db0406c0829af861c17332f"},"headline":"Moratoria de un a\u00f1o en la entrada en vigor del Verifactu","datePublished":"2025-12-04T04:47:21+00:00","mainEntityOfPage":{"@id":"https:\/\/www.araalicante.com\/moratoria-de-un-ano-en-la-entrada-en-vigor-del-verifactu\/"},"wordCount":338,"publisher":{"@id":"https:\/\/www.araalicante.com\/#organization"},"image":{"@id":"https:\/\/www.araalicante.com\/moratoria-de-un-ano-en-la-entrada-en-vigor-del-verifactu\/#primaryimage"},"thumbnailUrl":"https:\/\/www.hosteleriadigital.es\/wp-content\/uploads\/2025\/12\/verifactu-300x350.jpg","articleSection":["Noticias externas"],"inLanguage":"en-GB"},{"@type":"WebPage","@id":"https:\/\/www.araalicante.com\/moratoria-de-un-ano-en-la-entrada-en-vigor-del-verifactu\/","url":"https:\/\/www.araalicante.com\/moratoria-de-un-ano-en-la-entrada-en-vigor-del-verifactu\/","name":"Moratoria de un a\u00f1o en la entrada en vigor del Verifactu - ARA | Asociaci\u00f3n de Restaurantes Alicante","isPartOf":{"@id":"https:\/\/www.araalicante.com\/#website"},"primaryImageOfPage":{"@id":"https:\/\/www.araalicante.com\/moratoria-de-un-ano-en-la-entrada-en-vigor-del-verifactu\/#primaryimage"},"image":{"@id":"https:\/\/www.araalicante.com\/moratoria-de-un-ano-en-la-entrada-en-vigor-del-verifactu\/#primaryimage"},"thumbnailUrl":"https:\/\/www.hosteleriadigital.es\/wp-content\/uploads\/2025\/12\/verifactu-300x350.jpg","datePublished":"2025-12-04T04:47:21+00:00","breadcrumb":{"@id":"https:\/\/www.araalicante.com\/moratoria-de-un-ano-en-la-entrada-en-vigor-del-verifactu\/#breadcrumb"},"inLanguage":"en-GB","potentialAction":[{"@type":"ReadAction","target":["https:\/\/www.araalicante.com\/moratoria-de-un-ano-en-la-entrada-en-vigor-del-verifactu\/"]}]},{"@type":"ImageObject","inLanguage":"en-GB","@id":"https:\/\/www.araalicante.com\/moratoria-de-un-ano-en-la-entrada-en-vigor-del-verifactu\/#primaryimage","url":"https:\/\/www.hosteleriadigital.es\/wp-content\/uploads\/2025\/12\/verifactu-300x350.jpg","contentUrl":"https:\/\/www.hosteleriadigital.es\/wp-content\/uploads\/2025\/12\/verifactu-300x350.jpg"},{"@type":"BreadcrumbList","@id":"https:\/\/www.araalicante.com\/moratoria-de-un-ano-en-la-entrada-en-vigor-del-verifactu\/#breadcrumb","itemListElement":[{"@type":"ListItem","position":1,"name":"Portada","item":"https:\/\/www.araalicante.com\/"},{"@type":"ListItem","position":2,"name":"Moratoria de un a\u00f1o en la entrada en vigor del Verifactu"}]},{"@type":"WebSite","@id":"https:\/\/www.araalicante.com\/#website","url":"https:\/\/www.araalicante.com\/","name":"ARA | Asociaci\u00f3n de Restaurantes Alicante","description":"Producto local, restauraci\u00f3n de calidad en Alicante y su provincia","publisher":{"@id":"https:\/\/www.araalicante.com\/#organization"},"potentialAction":[{"@type":"SearchAction","target":{"@type":"EntryPoint","urlTemplate":"https:\/\/www.araalicante.com\/?s={search_term_string}"},"query-input":{"@type":"PropertyValueSpecification","valueRequired":true,"valueName":"search_term_string"}}],"inLanguage":"en-GB"},{"@type":"Organization","@id":"https:\/\/www.araalicante.com\/#organization","name":"ARA | Asociaci\u00f3n de Restaurantes Alicante","url":"https:\/\/www.araalicante.com\/","logo":{"@type":"ImageObject","inLanguage":"en-GB","@id":"https:\/\/www.araalicante.com\/#\/schema\/logo\/image\/","url":"https:\/\/www.araalicante.com\/wp-content\/uploads\/2023\/09\/logoara.png","contentUrl":"https:\/\/www.araalicante.com\/wp-content\/uploads\/2023\/09\/logoara.png","width":400,"height":85,"caption":"ARA | Asociaci\u00f3n de Restaurantes Alicante"},"image":{"@id":"https:\/\/www.araalicante.com\/#\/schema\/logo\/image\/"},"sameAs":["https:\/\/www.facebook.com\/Ararestaurantesalicante","https:\/\/www.instagram.com\/ararestaurantesalicante\/"]},{"@type":"Person","@id":"https:\/\/www.araalicante.com\/#\/schema\/person\/066f68dc3db0406c0829af861c17332f","name":"Antonio Palomera","image":{"@type":"ImageObject","inLanguage":"en-GB","@id":"https:\/\/secure.gravatar.com\/avatar\/a8378756bb866d8a91ea5808ee291ef099888cc76273b42162b3ab961b9da5df?s=96&d=mm&r=g","url":"https:\/\/secure.gravatar.com\/avatar\/a8378756bb866d8a91ea5808ee291ef099888cc76273b42162b3ab961b9da5df?s=96&d=mm&r=g","contentUrl":"https:\/\/secure.gravatar.com\/avatar\/a8378756bb866d8a91ea5808ee291ef099888cc76273b42162b3ab961b9da5df?s=96&d=mm&r=g","caption":"Antonio Palomera"},"url":"https:\/\/www.araalicante.com\/en\/author\/antonio\/"}]}},"_links":{"self":[{"href":"https:\/\/www.araalicante.com\/en\/wp-json\/wp\/v2\/posts\/5209","targetHints":{"allow":["GET"]}}],"collection":[{"href":"https:\/\/www.araalicante.com\/en\/wp-json\/wp\/v2\/posts"}],"about":[{"href":"https:\/\/www.araalicante.com\/en\/wp-json\/wp\/v2\/types\/post"}],"author":[{"embeddable":true,"href":"https:\/\/www.araalicante.com\/en\/wp-json\/wp\/v2\/users\/17"}],"replies":[{"embeddable":true,"href":"https:\/\/www.araalicante.com\/en\/wp-json\/wp\/v2\/comments?post=5209"}],"version-history":[{"count":0,"href":"https:\/\/www.araalicante.com\/en\/wp-json\/wp\/v2\/posts\/5209\/revisions"}],"wp:attachment":[{"href":"https:\/\/www.araalicante.com\/en\/wp-json\/wp\/v2\/media?parent=5209"}],"wp:term":[{"taxonomy":"category","embeddable":true,"href":"https:\/\/www.araalicante.com\/en\/wp-json\/wp\/v2\/categories?post=5209"},{"taxonomy":"post_tag","embeddable":true,"href":"https:\/\/www.araalicante.com\/en\/wp-json\/wp\/v2\/tags?post=5209"}],"curies":[{"name":"wp","href":"https:\/\/api.w.org\/{rel}","templated":true}]}}