{"id":5208,"date":"2025-12-04T03:48:08","date_gmt":"2025-12-04T02:48:08","guid":{"rendered":"https:\/\/www.araalicante.com\/navidades-montoro-2025\/"},"modified":"2025-12-04T03:48:08","modified_gmt":"2025-12-04T02:48:08","slug":"navidades-montoro-2025","status":"publish","type":"post","link":"https:\/\/www.araalicante.com\/en\/navidades-montoro-2025\/","title":{"rendered":"Navidades Montoro 2025"},"content":{"rendered":"<div id=\"post-11559\">\n<div class=\"eltd-post-image-holder\">\n<div class=\"eltd-post-image\">\n\t\t\t<img width=\"1080\" height=\"1080\" src=\"https:\/\/www.grupomontoro.es\/wp-content\/uploads\/2024\/11\/2024-11-21_ESPACIO-MONTORO_S021270.png\" class=\"attachment-full size-full wp-post-image\" alt=\"\" decoding=\"async\" fetchpriority=\"high\" srcset=\"https:\/\/www.grupomontoro.es\/wp-content\/uploads\/2024\/11\/2024-11-21_ESPACIO-MONTORO_S021270.png 1080w, https:\/\/www.grupomontoro.es\/wp-content\/uploads\/2024\/11\/2024-11-21_ESPACIO-MONTORO_S021270-300x300.png 300w, https:\/\/www.grupomontoro.es\/wp-content\/uploads\/2024\/11\/2024-11-21_ESPACIO-MONTORO_S021270-1024x1024.png 1024w, https:\/\/www.grupomontoro.es\/wp-content\/uploads\/2024\/11\/2024-11-21_ESPACIO-MONTORO_S021270-150x150.png 150w, https:\/\/www.grupomontoro.es\/wp-content\/uploads\/2024\/11\/2024-11-21_ESPACIO-MONTORO_S021270-768x768.png 768w, https:\/\/www.grupomontoro.es\/wp-content\/uploads\/2024\/11\/2024-11-21_ESPACIO-MONTORO_S021270-550x550.png 550w, https:\/\/www.grupomontoro.es\/wp-content\/uploads\/2024\/11\/2024-11-21_ESPACIO-MONTORO_S021270-1000x1000.png 1000w\" sizes=\"(max-width: 1080px) 100vw, 1080px\"\/>\t<\/div>\n<\/p><\/div>\n<div class=\"eltd-post-text\">\n<h3 class=\"eltd-post-title\">\n\tNavidades Montoro 2025<\/h3>\n<p class=\"has-black-color has-text-color has-link-color wp-elements-d99f0edb7038818704d3aab924bac982\">PEDIDOS EN EL <strong><mark style=\"background-color:rgba(0, 0, 0, 0)\" class=\"has-inline-color has-luminous-vivid-amber-color\"><a href=\"https:\/\/wa.me\/34618615141\" target=\"_blank\" rel=\"noreferrer noopener\">618 615 141<\/a><\/mark> (LLAMADA O WHATSAPP)<\/strong><\/p>\n<h5 class=\"wp-block-heading\">Men\u00fas para Nochebuena, Navidad, Nochevieja o A\u00f1o Nuevo. <\/h5>\n<p class=\"has-black-color has-text-color\">La oferta de men\u00fas para estas fiestas de Grupo Montoro ya est\u00e1 aqu\u00ed. Olv\u00eddate de la cocina y disfruta al m\u00e1ximo de una velada inolvidable junto a los que m\u00e1s quieres. <\/p>\n<p class=\"has-black-color has-luminous-vivid-amber-background-color has-text-color has-background has-link-color has-small-font-size wp-elements-f7f91f088d0ed238628d6dc4f5666503\"><strong><a href=\"https:\/\/www.grupomontoro.es\/wp-content\/uploads\/2025\/12\/NAVIDAD_2025_STORIES_FEED.pdf\" target=\"_blank\" rel=\"noreferrer noopener\">CONSULTA LA OFERTA<\/a><\/strong><\/p>\n<h3 class=\"wp-block-heading has-black-color has-text-color\">C\u00f3mo reservar<\/h3>\n<h5 class=\"wp-block-heading has-luminous-vivid-amber-color has-text-color has-link-color wp-elements-9ae9dd50408bad13dc28244b15a00770\">PEDIDOS EN EL <mark style=\"background-color:rgba(0, 0, 0, 0)\" class=\"has-inline-color has-luminous-vivid-amber-color\"><strong><a href=\"https:\/\/wa.me\/34618615141\" target=\"_blank\" rel=\"noreferrer noopener\">618 615 141<\/a><\/strong><\/mark> (WHATSAPP)<\/h5>\n<p class=\"has-black-color has-text-color has-small-font-size\"><strong><mark style=\"background-color:rgba(0, 0, 0, 0)\" class=\"has-inline-color has-black-color\">Los requisitos<\/mark><\/strong><mark style=\"background-color:rgba(0, 0, 0, 0)\" class=\"has-inline-color has-black-color\"><strong> para reservar tus men\u00fas, <\/strong><\/mark><strong><mark style=\"background-color:rgba(0, 0, 0, 0)\" class=\"has-inline-color has-black-color\">y recogerlos en nuestras instalaciones, son los siguientes:<\/mark><\/strong><\/p>\n<ol class=\"wp-block-list\">\n<li class=\"has-black-color has-text-color has-link-color has-small-font-size wp-elements-eef1983728c43efe491e5ea88ddc883d\">Decide qu\u00e9 men\u00fas quieres reservar de la oferta Navide\u00f1a. Ya mismo puedes realizar el pedido, y podr\u00e1s hacerlo hasta 24 horas antes del d\u00eda de la recogida.<\/li>\n<li class=\"has-black-color has-text-color has-link-color has-small-font-size wp-elements-4532eb74441fdc713b7968da23036c22\">Las reservas solamente se atender\u00e1n por tel\u00e9fono y por WhatsApp. Deber\u00e1s llamar en horario de atenci\u00f3n al cliente de 10:00 a 17:00 horas y de Lunes a Viernes, al tel\u00e9fono de Grupo Montoro: <strong>618 615 141<\/strong><\/li>\n<li class=\"has-black-color has-text-color has-link-color has-small-font-size wp-elements-cdf9c0fe825179024b66b76d74c18bbb\">Los pedidos son para recoger en nuestro local, calle Fernando Alfaya 8 de Alicante. No hay servicio a domicilio.<\/li>\n<li class=\"has-black-color has-text-color has-link-color has-small-font-size wp-elements-6f169e244d61a1e7c9d34d58ca75999b\">Los pedidos se recoger\u00e1n los d\u00edas 24 y 31 de Diciembre de 11:00 a 14:00 horas. Los roscones de Reyes se recoger\u00e1n el d\u00eda 5 de Enero de 11:00 a 14:00 horas<\/li>\n<li class=\"has-black-color has-text-color has-link-color has-small-font-size wp-elements-3e193e75b5c2254895df8ae1bf2ea6f2\">El pago podr\u00e1 realizarse en efectivo o tarjeta en el establecimiento, el mismo d\u00eda de la recogida del pedido.<\/li>\n<\/ol>\n<figure class=\"wp-block-gallery has-nested-images columns-default is-cropped wp-block-gallery-1 is-layout-flex wp-block-gallery-is-layout-flex\">\n<figure class=\"wp-block-image size-large\"><img loading=\"lazy\" decoding=\"async\" width=\"1024\" height=\"1024\" data-id=\"11100\" src=\"https:\/\/www.grupomontoro.es\/wp-content\/uploads\/2024\/11\/2024-11-21_ESPACIO-MONTORO_S021084-1024x1024.png\" alt=\"\" class=\"wp-image-11100\" srcset=\"https:\/\/www.grupomontoro.es\/wp-content\/uploads\/2024\/11\/2024-11-21_ESPACIO-MONTORO_S021084-1024x1024.png 1024w, https:\/\/www.grupomontoro.es\/wp-content\/uploads\/2024\/11\/2024-11-21_ESPACIO-MONTORO_S021084-300x300.png 300w, https:\/\/www.grupomontoro.es\/wp-content\/uploads\/2024\/11\/2024-11-21_ESPACIO-MONTORO_S021084-150x150.png 150w, https:\/\/www.grupomontoro.es\/wp-content\/uploads\/2024\/11\/2024-11-21_ESPACIO-MONTORO_S021084-768x768.png 768w, https:\/\/www.grupomontoro.es\/wp-content\/uploads\/2024\/11\/2024-11-21_ESPACIO-MONTORO_S021084-550x550.png 550w, https:\/\/www.grupomontoro.es\/wp-content\/uploads\/2024\/11\/2024-11-21_ESPACIO-MONTORO_S021084-1000x1000.png 1000w, https:\/\/www.grupomontoro.es\/wp-content\/uploads\/2024\/11\/2024-11-21_ESPACIO-MONTORO_S021084.png 1080w\" sizes=\"auto, (max-width: 1024px) 100vw, 1024px\"\/><\/figure>\n<figure class=\"wp-block-image size-large\"><img loading=\"lazy\" decoding=\"async\" width=\"1024\" height=\"1024\" data-id=\"11101\" src=\"https:\/\/www.grupomontoro.es\/wp-content\/uploads\/2024\/11\/2024-11-21_ESPACIO-MONTORO_S021101-1024x1024.png\" alt=\"\" class=\"wp-image-11101\" srcset=\"https:\/\/www.grupomontoro.es\/wp-content\/uploads\/2024\/11\/2024-11-21_ESPACIO-MONTORO_S021101-1024x1024.png 1024w, https:\/\/www.grupomontoro.es\/wp-content\/uploads\/2024\/11\/2024-11-21_ESPACIO-MONTORO_S021101-300x300.png 300w, https:\/\/www.grupomontoro.es\/wp-content\/uploads\/2024\/11\/2024-11-21_ESPACIO-MONTORO_S021101-150x150.png 150w, https:\/\/www.grupomontoro.es\/wp-content\/uploads\/2024\/11\/2024-11-21_ESPACIO-MONTORO_S021101-768x768.png 768w, https:\/\/www.grupomontoro.es\/wp-content\/uploads\/2024\/11\/2024-11-21_ESPACIO-MONTORO_S021101-550x550.png 550w, https:\/\/www.grupomontoro.es\/wp-content\/uploads\/2024\/11\/2024-11-21_ESPACIO-MONTORO_S021101-1000x1000.png 1000w, https:\/\/www.grupomontoro.es\/wp-content\/uploads\/2024\/11\/2024-11-21_ESPACIO-MONTORO_S021101.png 1080w\" sizes=\"auto, (max-width: 1024px) 100vw, 1024px\"\/><\/figure>\n<figure class=\"wp-block-image size-large\"><img loading=\"lazy\" decoding=\"async\" width=\"1024\" height=\"1024\" data-id=\"11104\" src=\"https:\/\/www.grupomontoro.es\/wp-content\/uploads\/2024\/11\/2024-11-21_ESPACIO-MONTORO_S021171-1024x1024.png\" alt=\"\" class=\"wp-image-11104\" srcset=\"https:\/\/www.grupomontoro.es\/wp-content\/uploads\/2024\/11\/2024-11-21_ESPACIO-MONTORO_S021171-1024x1024.png 1024w, https:\/\/www.grupomontoro.es\/wp-content\/uploads\/2024\/11\/2024-11-21_ESPACIO-MONTORO_S021171-300x300.png 300w, https:\/\/www.grupomontoro.es\/wp-content\/uploads\/2024\/11\/2024-11-21_ESPACIO-MONTORO_S021171-150x150.png 150w, https:\/\/www.grupomontoro.es\/wp-content\/uploads\/2024\/11\/2024-11-21_ESPACIO-MONTORO_S021171-768x768.png 768w, https:\/\/www.grupomontoro.es\/wp-content\/uploads\/2024\/11\/2024-11-21_ESPACIO-MONTORO_S021171-550x550.png 550w, https:\/\/www.grupomontoro.es\/wp-content\/uploads\/2024\/11\/2024-11-21_ESPACIO-MONTORO_S021171-1000x1000.png 1000w, https:\/\/www.grupomontoro.es\/wp-content\/uploads\/2024\/11\/2024-11-21_ESPACIO-MONTORO_S021171.png 1080w\" sizes=\"auto, (max-width: 1024px) 100vw, 1024px\"\/><\/figure>\n<figure class=\"wp-block-image size-large\"><img loading=\"lazy\" decoding=\"async\" width=\"1024\" height=\"1024\" data-id=\"11105\" src=\"https:\/\/www.grupomontoro.es\/wp-content\/uploads\/2024\/11\/2024-11-21_ESPACIO-MONTORO_S021179-1024x1024.png\" alt=\"\" class=\"wp-image-11105\" srcset=\"https:\/\/www.grupomontoro.es\/wp-content\/uploads\/2024\/11\/2024-11-21_ESPACIO-MONTORO_S021179-1024x1024.png 1024w, https:\/\/www.grupomontoro.es\/wp-content\/uploads\/2024\/11\/2024-11-21_ESPACIO-MONTORO_S021179-300x300.png 300w, https:\/\/www.grupomontoro.es\/wp-content\/uploads\/2024\/11\/2024-11-21_ESPACIO-MONTORO_S021179-150x150.png 150w, https:\/\/www.grupomontoro.es\/wp-content\/uploads\/2024\/11\/2024-11-21_ESPACIO-MONTORO_S021179-768x768.png 768w, https:\/\/www.grupomontoro.es\/wp-content\/uploads\/2024\/11\/2024-11-21_ESPACIO-MONTORO_S021179-550x550.png 550w, https:\/\/www.grupomontoro.es\/wp-content\/uploads\/2024\/11\/2024-11-21_ESPACIO-MONTORO_S021179-1000x1000.png 1000w, https:\/\/www.grupomontoro.es\/wp-content\/uploads\/2024\/11\/2024-11-21_ESPACIO-MONTORO_S021179.png 1080w\" sizes=\"auto, (max-width: 1024px) 100vw, 1024px\"\/><\/figure>\n<figure class=\"wp-block-image size-large\"><img loading=\"lazy\" decoding=\"async\" width=\"1024\" height=\"1024\" data-id=\"11108\" src=\"https:\/\/www.grupomontoro.es\/wp-content\/uploads\/2024\/11\/2024-11-21_ESPACIO-MONTORO_S021222-1024x1024.png\" alt=\"\" class=\"wp-image-11108\" srcset=\"https:\/\/www.grupomontoro.es\/wp-content\/uploads\/2024\/11\/2024-11-21_ESPACIO-MONTORO_S021222-1024x1024.png 1024w, https:\/\/www.grupomontoro.es\/wp-content\/uploads\/2024\/11\/2024-11-21_ESPACIO-MONTORO_S021222-300x300.png 300w, https:\/\/www.grupomontoro.es\/wp-content\/uploads\/2024\/11\/2024-11-21_ESPACIO-MONTORO_S021222-150x150.png 150w, https:\/\/www.grupomontoro.es\/wp-content\/uploads\/2024\/11\/2024-11-21_ESPACIO-MONTORO_S021222-768x768.png 768w, https:\/\/www.grupomontoro.es\/wp-content\/uploads\/2024\/11\/2024-11-21_ESPACIO-MONTORO_S021222-550x550.png 550w, https:\/\/www.grupomontoro.es\/wp-content\/uploads\/2024\/11\/2024-11-21_ESPACIO-MONTORO_S021222-1000x1000.png 1000w, https:\/\/www.grupomontoro.es\/wp-content\/uploads\/2024\/11\/2024-11-21_ESPACIO-MONTORO_S021222.png 1080w\" sizes=\"auto, (max-width: 1024px) 100vw, 1024px\"\/><\/figure>\n<figure class=\"wp-block-image size-large\"><img loading=\"lazy\" decoding=\"async\" width=\"1024\" height=\"1024\" data-id=\"11109\" src=\"https:\/\/www.grupomontoro.es\/wp-content\/uploads\/2024\/11\/2024-11-21_ESPACIO-MONTORO_S021239-1024x1024.png\" alt=\"\" class=\"wp-image-11109\" srcset=\"https:\/\/www.grupomontoro.es\/wp-content\/uploads\/2024\/11\/2024-11-21_ESPACIO-MONTORO_S021239-1024x1024.png 1024w, https:\/\/www.grupomontoro.es\/wp-content\/uploads\/2024\/11\/2024-11-21_ESPACIO-MONTORO_S021239-300x300.png 300w, https:\/\/www.grupomontoro.es\/wp-content\/uploads\/2024\/11\/2024-11-21_ESPACIO-MONTORO_S021239-150x150.png 150w, https:\/\/www.grupomontoro.es\/wp-content\/uploads\/2024\/11\/2024-11-21_ESPACIO-MONTORO_S021239-768x768.png 768w, https:\/\/www.grupomontoro.es\/wp-content\/uploads\/2024\/11\/2024-11-21_ESPACIO-MONTORO_S021239-550x550.png 550w, https:\/\/www.grupomontoro.es\/wp-content\/uploads\/2024\/11\/2024-11-21_ESPACIO-MONTORO_S021239-1000x1000.png 1000w, https:\/\/www.grupomontoro.es\/wp-content\/uploads\/2024\/11\/2024-11-21_ESPACIO-MONTORO_S021239.png 1080w\" sizes=\"auto, (max-width: 1024px) 100vw, 1024px\"\/><\/figure>\n<figure class=\"wp-block-image size-large\"><img loading=\"lazy\" decoding=\"async\" width=\"1024\" height=\"1024\" data-id=\"11110\" src=\"https:\/\/www.grupomontoro.es\/wp-content\/uploads\/2024\/11\/2024-11-21_ESPACIO-MONTORO_S021270-1024x1024.png\" alt=\"\" class=\"wp-image-11110\" srcset=\"https:\/\/www.grupomontoro.es\/wp-content\/uploads\/2024\/11\/2024-11-21_ESPACIO-MONTORO_S021270-1024x1024.png 1024w, https:\/\/www.grupomontoro.es\/wp-content\/uploads\/2024\/11\/2024-11-21_ESPACIO-MONTORO_S021270-300x300.png 300w, https:\/\/www.grupomontoro.es\/wp-content\/uploads\/2024\/11\/2024-11-21_ESPACIO-MONTORO_S021270-150x150.png 150w, https:\/\/www.grupomontoro.es\/wp-content\/uploads\/2024\/11\/2024-11-21_ESPACIO-MONTORO_S021270-768x768.png 768w, https:\/\/www.grupomontoro.es\/wp-content\/uploads\/2024\/11\/2024-11-21_ESPACIO-MONTORO_S021270-550x550.png 550w, https:\/\/www.grupomontoro.es\/wp-content\/uploads\/2024\/11\/2024-11-21_ESPACIO-MONTORO_S021270-1000x1000.png 1000w, https:\/\/www.grupomontoro.es\/wp-content\/uploads\/2024\/11\/2024-11-21_ESPACIO-MONTORO_S021270.png 1080w\" sizes=\"auto, (max-width: 1024px) 100vw, 1024px\"\/><\/figure>\n<figure class=\"wp-block-image size-large\"><img loading=\"lazy\" decoding=\"async\" width=\"1024\" height=\"1024\" data-id=\"11111\" src=\"https:\/\/www.grupomontoro.es\/wp-content\/uploads\/2024\/11\/2024-11-21_ESPACIO-MONTORO_S021305-1024x1024.png\" alt=\"\" class=\"wp-image-11111\" srcset=\"https:\/\/www.grupomontoro.es\/wp-content\/uploads\/2024\/11\/2024-11-21_ESPACIO-MONTORO_S021305-1024x1024.png 1024w, https:\/\/www.grupomontoro.es\/wp-content\/uploads\/2024\/11\/2024-11-21_ESPACIO-MONTORO_S021305-300x300.png 300w, https:\/\/www.grupomontoro.es\/wp-content\/uploads\/2024\/11\/2024-11-21_ESPACIO-MONTORO_S021305-150x150.png 150w, https:\/\/www.grupomontoro.es\/wp-content\/uploads\/2024\/11\/2024-11-21_ESPACIO-MONTORO_S021305-768x768.png 768w, https:\/\/www.grupomontoro.es\/wp-content\/uploads\/2024\/11\/2024-11-21_ESPACIO-MONTORO_S021305-550x550.png 550w, https:\/\/www.grupomontoro.es\/wp-content\/uploads\/2024\/11\/2024-11-21_ESPACIO-MONTORO_S021305-1000x1000.png 1000w, https:\/\/www.grupomontoro.es\/wp-content\/uploads\/2024\/11\/2024-11-21_ESPACIO-MONTORO_S021305.png 1080w\" sizes=\"auto, (max-width: 1024px) 100vw, 1024px\"\/><\/figure>\n<\/figure><\/div>\n<\/div>\n<p><a href=\"https:\/\/www.grupomontoro.es\/navidades-montoro-2025\/\">source<\/a><\/p>","protected":false},"excerpt":{"rendered":"<p>Navidades Montoro 2025 PEDIDOS EN EL 618 615 141 (LLAMADA O WHATSAPP)<span class=\"excerpt-hellip\"> [\u2026]<\/span><\/p>\n","protected":false},"author":17,"featured_media":0,"comment_status":"","ping_status":"","sticky":false,"template":"","format":"standard","meta":{"footnotes":""},"categories":[1],"tags":[],"class_list":["post-5208","post","type-post","status-publish","format-standard","hentry","category-noticias-externas"],"yoast_head":"<!-- This site is optimized with the Yoast SEO plugin v27.4 - https:\/\/yoast.com\/product\/yoast-seo-wordpress\/ -->\n<title>Navidades Montoro 2025 - ARA | Asociaci\u00f3n de Restaurantes Alicante<\/title>\n<meta name=\"robots\" content=\"index, follow, max-snippet:-1, max-image-preview:large, max-video-preview:-1\" \/>\n<link rel=\"canonical\" href=\"https:\/\/www.araalicante.com\/en\/navidades-montoro-2025\/\" \/>\n<meta property=\"og:locale\" content=\"en_GB\" \/>\n<meta property=\"og:type\" content=\"article\" \/>\n<meta property=\"og:title\" content=\"Navidades Montoro 2025 - ARA | Asociaci\u00f3n de Restaurantes Alicante\" \/>\n<meta property=\"og:description\" content=\"Navidades Montoro 2025 PEDIDOS EN EL 618 615 141 (LLAMADA O WHATSAPP) [\u2026]\" \/>\n<meta property=\"og:url\" content=\"https:\/\/www.araalicante.com\/en\/navidades-montoro-2025\/\" \/>\n<meta property=\"og:site_name\" content=\"ARA | Asociaci\u00f3n de Restaurantes Alicante\" \/>\n<meta property=\"article:publisher\" content=\"https:\/\/www.facebook.com\/Ararestaurantesalicante\" \/>\n<meta property=\"article:published_time\" content=\"2025-12-04T02:48:08+00:00\" \/>\n<meta property=\"og:image\" content=\"https:\/\/www.grupomontoro.es\/wp-content\/uploads\/2024\/11\/2024-11-21_ESPACIO-MONTORO_S021270.png\" \/>\n<meta name=\"author\" content=\"Antonio Palomera\" \/>\n<meta name=\"twitter:card\" content=\"summary_large_image\" \/>\n<meta name=\"twitter:label1\" content=\"Written by\" \/>\n\t<meta name=\"twitter:data1\" content=\"Antonio Palomera\" \/>\n\t<meta name=\"twitter:label2\" content=\"Estimated reading time\" \/>\n\t<meta name=\"twitter:data2\" content=\"1 minute\" \/>\n<script type=\"application\/ld+json\" class=\"yoast-schema-graph\">{\"@context\":\"https:\\\/\\\/schema.org\",\"@graph\":[{\"@type\":\"Article\",\"@id\":\"https:\\\/\\\/www.araalicante.com\\\/navidades-montoro-2025\\\/#article\",\"isPartOf\":{\"@id\":\"https:\\\/\\\/www.araalicante.com\\\/navidades-montoro-2025\\\/\"},\"author\":{\"name\":\"Antonio Palomera\",\"@id\":\"https:\\\/\\\/www.araalicante.com\\\/#\\\/schema\\\/person\\\/066f68dc3db0406c0829af861c17332f\"},\"headline\":\"Navidades Montoro 2025\",\"datePublished\":\"2025-12-04T02:48:08+00:00\",\"mainEntityOfPage\":{\"@id\":\"https:\\\/\\\/www.araalicante.com\\\/navidades-montoro-2025\\\/\"},\"wordCount\":214,\"publisher\":{\"@id\":\"https:\\\/\\\/www.araalicante.com\\\/#organization\"},\"image\":{\"@id\":\"https:\\\/\\\/www.araalicante.com\\\/navidades-montoro-2025\\\/#primaryimage\"},\"thumbnailUrl\":\"https:\\\/\\\/www.grupomontoro.es\\\/wp-content\\\/uploads\\\/2024\\\/11\\\/2024-11-21_ESPACIO-MONTORO_S021270.png\",\"articleSection\":[\"Noticias externas\"],\"inLanguage\":\"en-GB\"},{\"@type\":\"WebPage\",\"@id\":\"https:\\\/\\\/www.araalicante.com\\\/navidades-montoro-2025\\\/\",\"url\":\"https:\\\/\\\/www.araalicante.com\\\/navidades-montoro-2025\\\/\",\"name\":\"Navidades Montoro 2025 - ARA | Asociaci\u00f3n de Restaurantes Alicante\",\"isPartOf\":{\"@id\":\"https:\\\/\\\/www.araalicante.com\\\/#website\"},\"primaryImageOfPage\":{\"@id\":\"https:\\\/\\\/www.araalicante.com\\\/navidades-montoro-2025\\\/#primaryimage\"},\"image\":{\"@id\":\"https:\\\/\\\/www.araalicante.com\\\/navidades-montoro-2025\\\/#primaryimage\"},\"thumbnailUrl\":\"https:\\\/\\\/www.grupomontoro.es\\\/wp-content\\\/uploads\\\/2024\\\/11\\\/2024-11-21_ESPACIO-MONTORO_S021270.png\",\"datePublished\":\"2025-12-04T02:48:08+00:00\",\"breadcrumb\":{\"@id\":\"https:\\\/\\\/www.araalicante.com\\\/navidades-montoro-2025\\\/#breadcrumb\"},\"inLanguage\":\"en-GB\",\"potentialAction\":[{\"@type\":\"ReadAction\",\"target\":[\"https:\\\/\\\/www.araalicante.com\\\/navidades-montoro-2025\\\/\"]}]},{\"@type\":\"ImageObject\",\"inLanguage\":\"en-GB\",\"@id\":\"https:\\\/\\\/www.araalicante.com\\\/navidades-montoro-2025\\\/#primaryimage\",\"url\":\"https:\\\/\\\/www.grupomontoro.es\\\/wp-content\\\/uploads\\\/2024\\\/11\\\/2024-11-21_ESPACIO-MONTORO_S021270.png\",\"contentUrl\":\"https:\\\/\\\/www.grupomontoro.es\\\/wp-content\\\/uploads\\\/2024\\\/11\\\/2024-11-21_ESPACIO-MONTORO_S021270.png\"},{\"@type\":\"BreadcrumbList\",\"@id\":\"https:\\\/\\\/www.araalicante.com\\\/navidades-montoro-2025\\\/#breadcrumb\",\"itemListElement\":[{\"@type\":\"ListItem\",\"position\":1,\"name\":\"Portada\",\"item\":\"https:\\\/\\\/www.araalicante.com\\\/\"},{\"@type\":\"ListItem\",\"position\":2,\"name\":\"Navidades Montoro 2025\"}]},{\"@type\":\"WebSite\",\"@id\":\"https:\\\/\\\/www.araalicante.com\\\/#website\",\"url\":\"https:\\\/\\\/www.araalicante.com\\\/\",\"name\":\"ARA | Asociaci\u00f3n de Restaurantes Alicante\",\"description\":\"Producto local, restauraci\u00f3n de calidad en Alicante y su provincia\",\"publisher\":{\"@id\":\"https:\\\/\\\/www.araalicante.com\\\/#organization\"},\"potentialAction\":[{\"@type\":\"SearchAction\",\"target\":{\"@type\":\"EntryPoint\",\"urlTemplate\":\"https:\\\/\\\/www.araalicante.com\\\/?s={search_term_string}\"},\"query-input\":{\"@type\":\"PropertyValueSpecification\",\"valueRequired\":true,\"valueName\":\"search_term_string\"}}],\"inLanguage\":\"en-GB\"},{\"@type\":\"Organization\",\"@id\":\"https:\\\/\\\/www.araalicante.com\\\/#organization\",\"name\":\"ARA | Asociaci\u00f3n de Restaurantes Alicante\",\"url\":\"https:\\\/\\\/www.araalicante.com\\\/\",\"logo\":{\"@type\":\"ImageObject\",\"inLanguage\":\"en-GB\",\"@id\":\"https:\\\/\\\/www.araalicante.com\\\/#\\\/schema\\\/logo\\\/image\\\/\",\"url\":\"https:\\\/\\\/www.araalicante.com\\\/wp-content\\\/uploads\\\/2023\\\/09\\\/logoara.png\",\"contentUrl\":\"https:\\\/\\\/www.araalicante.com\\\/wp-content\\\/uploads\\\/2023\\\/09\\\/logoara.png\",\"width\":400,\"height\":85,\"caption\":\"ARA | Asociaci\u00f3n de Restaurantes Alicante\"},\"image\":{\"@id\":\"https:\\\/\\\/www.araalicante.com\\\/#\\\/schema\\\/logo\\\/image\\\/\"},\"sameAs\":[\"https:\\\/\\\/www.facebook.com\\\/Ararestaurantesalicante\",\"https:\\\/\\\/www.instagram.com\\\/ararestaurantesalicante\\\/\"]},{\"@type\":\"Person\",\"@id\":\"https:\\\/\\\/www.araalicante.com\\\/#\\\/schema\\\/person\\\/066f68dc3db0406c0829af861c17332f\",\"name\":\"Antonio Palomera\",\"image\":{\"@type\":\"ImageObject\",\"inLanguage\":\"en-GB\",\"@id\":\"https:\\\/\\\/secure.gravatar.com\\\/avatar\\\/a8378756bb866d8a91ea5808ee291ef099888cc76273b42162b3ab961b9da5df?s=96&d=mm&r=g\",\"url\":\"https:\\\/\\\/secure.gravatar.com\\\/avatar\\\/a8378756bb866d8a91ea5808ee291ef099888cc76273b42162b3ab961b9da5df?s=96&d=mm&r=g\",\"contentUrl\":\"https:\\\/\\\/secure.gravatar.com\\\/avatar\\\/a8378756bb866d8a91ea5808ee291ef099888cc76273b42162b3ab961b9da5df?s=96&d=mm&r=g\",\"caption\":\"Antonio Palomera\"},\"url\":\"https:\\\/\\\/www.araalicante.com\\\/en\\\/author\\\/antonio\\\/\"}]}<\/script>\n<!-- \/ Yoast SEO plugin. -->","yoast_head_json":{"title":"Navidades Montoro 2025 - ARA | Asociaci\u00f3n de Restaurantes Alicante","robots":{"index":"index","follow":"follow","max-snippet":"max-snippet:-1","max-image-preview":"max-image-preview:large","max-video-preview":"max-video-preview:-1"},"canonical":"https:\/\/www.araalicante.com\/en\/navidades-montoro-2025\/","og_locale":"en_GB","og_type":"article","og_title":"Navidades Montoro 2025 - ARA | Asociaci\u00f3n de Restaurantes Alicante","og_description":"Navidades Montoro 2025 PEDIDOS EN EL 618 615 141 (LLAMADA O WHATSAPP) [\u2026]","og_url":"https:\/\/www.araalicante.com\/en\/navidades-montoro-2025\/","og_site_name":"ARA | Asociaci\u00f3n de Restaurantes Alicante","article_publisher":"https:\/\/www.facebook.com\/Ararestaurantesalicante","article_published_time":"2025-12-04T02:48:08+00:00","og_image":[{"url":"https:\/\/www.grupomontoro.es\/wp-content\/uploads\/2024\/11\/2024-11-21_ESPACIO-MONTORO_S021270.png","type":"","width":"","height":""}],"author":"Antonio Palomera","twitter_card":"summary_large_image","twitter_misc":{"Written by":"Antonio Palomera","Estimated reading time":"1 minute"},"schema":{"@context":"https:\/\/schema.org","@graph":[{"@type":"Article","@id":"https:\/\/www.araalicante.com\/navidades-montoro-2025\/#article","isPartOf":{"@id":"https:\/\/www.araalicante.com\/navidades-montoro-2025\/"},"author":{"name":"Antonio Palomera","@id":"https:\/\/www.araalicante.com\/#\/schema\/person\/066f68dc3db0406c0829af861c17332f"},"headline":"Navidades Montoro 2025","datePublished":"2025-12-04T02:48:08+00:00","mainEntityOfPage":{"@id":"https:\/\/www.araalicante.com\/navidades-montoro-2025\/"},"wordCount":214,"publisher":{"@id":"https:\/\/www.araalicante.com\/#organization"},"image":{"@id":"https:\/\/www.araalicante.com\/navidades-montoro-2025\/#primaryimage"},"thumbnailUrl":"https:\/\/www.grupomontoro.es\/wp-content\/uploads\/2024\/11\/2024-11-21_ESPACIO-MONTORO_S021270.png","articleSection":["Noticias externas"],"inLanguage":"en-GB"},{"@type":"WebPage","@id":"https:\/\/www.araalicante.com\/navidades-montoro-2025\/","url":"https:\/\/www.araalicante.com\/navidades-montoro-2025\/","name":"Navidades Montoro 2025 - ARA | Asociaci\u00f3n de Restaurantes Alicante","isPartOf":{"@id":"https:\/\/www.araalicante.com\/#website"},"primaryImageOfPage":{"@id":"https:\/\/www.araalicante.com\/navidades-montoro-2025\/#primaryimage"},"image":{"@id":"https:\/\/www.araalicante.com\/navidades-montoro-2025\/#primaryimage"},"thumbnailUrl":"https:\/\/www.grupomontoro.es\/wp-content\/uploads\/2024\/11\/2024-11-21_ESPACIO-MONTORO_S021270.png","datePublished":"2025-12-04T02:48:08+00:00","breadcrumb":{"@id":"https:\/\/www.araalicante.com\/navidades-montoro-2025\/#breadcrumb"},"inLanguage":"en-GB","potentialAction":[{"@type":"ReadAction","target":["https:\/\/www.araalicante.com\/navidades-montoro-2025\/"]}]},{"@type":"ImageObject","inLanguage":"en-GB","@id":"https:\/\/www.araalicante.com\/navidades-montoro-2025\/#primaryimage","url":"https:\/\/www.grupomontoro.es\/wp-content\/uploads\/2024\/11\/2024-11-21_ESPACIO-MONTORO_S021270.png","contentUrl":"https:\/\/www.grupomontoro.es\/wp-content\/uploads\/2024\/11\/2024-11-21_ESPACIO-MONTORO_S021270.png"},{"@type":"BreadcrumbList","@id":"https:\/\/www.araalicante.com\/navidades-montoro-2025\/#breadcrumb","itemListElement":[{"@type":"ListItem","position":1,"name":"Portada","item":"https:\/\/www.araalicante.com\/"},{"@type":"ListItem","position":2,"name":"Navidades Montoro 2025"}]},{"@type":"WebSite","@id":"https:\/\/www.araalicante.com\/#website","url":"https:\/\/www.araalicante.com\/","name":"ARA | Asociaci\u00f3n de Restaurantes Alicante","description":"Producto local, restauraci\u00f3n de calidad en Alicante y su provincia","publisher":{"@id":"https:\/\/www.araalicante.com\/#organization"},"potentialAction":[{"@type":"SearchAction","target":{"@type":"EntryPoint","urlTemplate":"https:\/\/www.araalicante.com\/?s={search_term_string}"},"query-input":{"@type":"PropertyValueSpecification","valueRequired":true,"valueName":"search_term_string"}}],"inLanguage":"en-GB"},{"@type":"Organization","@id":"https:\/\/www.araalicante.com\/#organization","name":"ARA | Asociaci\u00f3n de Restaurantes Alicante","url":"https:\/\/www.araalicante.com\/","logo":{"@type":"ImageObject","inLanguage":"en-GB","@id":"https:\/\/www.araalicante.com\/#\/schema\/logo\/image\/","url":"https:\/\/www.araalicante.com\/wp-content\/uploads\/2023\/09\/logoara.png","contentUrl":"https:\/\/www.araalicante.com\/wp-content\/uploads\/2023\/09\/logoara.png","width":400,"height":85,"caption":"ARA | Asociaci\u00f3n de Restaurantes Alicante"},"image":{"@id":"https:\/\/www.araalicante.com\/#\/schema\/logo\/image\/"},"sameAs":["https:\/\/www.facebook.com\/Ararestaurantesalicante","https:\/\/www.instagram.com\/ararestaurantesalicante\/"]},{"@type":"Person","@id":"https:\/\/www.araalicante.com\/#\/schema\/person\/066f68dc3db0406c0829af861c17332f","name":"Antonio Palomera","image":{"@type":"ImageObject","inLanguage":"en-GB","@id":"https:\/\/secure.gravatar.com\/avatar\/a8378756bb866d8a91ea5808ee291ef099888cc76273b42162b3ab961b9da5df?s=96&d=mm&r=g","url":"https:\/\/secure.gravatar.com\/avatar\/a8378756bb866d8a91ea5808ee291ef099888cc76273b42162b3ab961b9da5df?s=96&d=mm&r=g","contentUrl":"https:\/\/secure.gravatar.com\/avatar\/a8378756bb866d8a91ea5808ee291ef099888cc76273b42162b3ab961b9da5df?s=96&d=mm&r=g","caption":"Antonio Palomera"},"url":"https:\/\/www.araalicante.com\/en\/author\/antonio\/"}]}},"_links":{"self":[{"href":"https:\/\/www.araalicante.com\/en\/wp-json\/wp\/v2\/posts\/5208","targetHints":{"allow":["GET"]}}],"collection":[{"href":"https:\/\/www.araalicante.com\/en\/wp-json\/wp\/v2\/posts"}],"about":[{"href":"https:\/\/www.araalicante.com\/en\/wp-json\/wp\/v2\/types\/post"}],"author":[{"embeddable":true,"href":"https:\/\/www.araalicante.com\/en\/wp-json\/wp\/v2\/users\/17"}],"replies":[{"embeddable":true,"href":"https:\/\/www.araalicante.com\/en\/wp-json\/wp\/v2\/comments?post=5208"}],"version-history":[{"count":0,"href":"https:\/\/www.araalicante.com\/en\/wp-json\/wp\/v2\/posts\/5208\/revisions"}],"wp:attachment":[{"href":"https:\/\/www.araalicante.com\/en\/wp-json\/wp\/v2\/media?parent=5208"}],"wp:term":[{"taxonomy":"category","embeddable":true,"href":"https:\/\/www.araalicante.com\/en\/wp-json\/wp\/v2\/categories?post=5208"},{"taxonomy":"post_tag","embeddable":true,"href":"https:\/\/www.araalicante.com\/en\/wp-json\/wp\/v2\/tags?post=5208"}],"curies":[{"name":"wp","href":"https:\/\/api.w.org\/{rel}","templated":true}]}}