{"id":5203,"date":"2025-12-01T22:20:28","date_gmt":"2025-12-01T21:20:28","guid":{"rendered":"https:\/\/www.araalicante.com\/como-organizar-eventos-especiales-en-tu-local\/"},"modified":"2025-12-01T22:20:28","modified_gmt":"2025-12-01T21:20:28","slug":"como-organizar-eventos-especiales-en-tu-local","status":"publish","type":"post","link":"https:\/\/www.araalicante.com\/en\/como-organizar-eventos-especiales-en-tu-local\/","title":{"rendered":"\u00bfC\u00f3mo organizar eventos especiales en tu local?"},"content":{"rendered":"<div id=\"post-33676\">\n<div class=\"td-post-content td-pb-padding-side\"> <!-- image --><\/p>\n<div class=\"td-post-featured-image\"><a href=\"https:\/\/www.hosteleriadigital.es\/wp-content\/uploads\/2025\/12\/formacion-campus-3.jpg\" data-caption=\"\"><img loading=\"lazy\" decoding=\"async\" width=\"640\" height=\"340\" class=\"entry-thumb td-modal-image\" src=\"https:\/\/www.hosteleriadigital.es\/wp-content\/uploads\/2025\/12\/formacion-campus-3-640x340.jpg\" srcset=\"https:\/\/www.hosteleriadigital.es\/wp-content\/uploads\/2025\/12\/formacion-campus-3-640x340.jpg 640w, https:\/\/www.hosteleriadigital.es\/wp-content\/uploads\/2025\/12\/formacion-campus-3-300x160.jpg 300w, https:\/\/www.hosteleriadigital.es\/wp-content\/uploads\/2025\/12\/formacion-campus-3-150x80.jpg 150w, https:\/\/www.hosteleriadigital.es\/wp-content\/uploads\/2025\/12\/formacion-campus-3-768x409.jpg 768w, https:\/\/www.hosteleriadigital.es\/wp-content\/uploads\/2025\/12\/formacion-campus-3-790x420.jpg 790w, https:\/\/www.hosteleriadigital.es\/wp-content\/uploads\/2025\/12\/formacion-campus-3-681x362.jpg 681w, https:\/\/www.hosteleriadigital.es\/wp-content\/uploads\/2025\/12\/formacion-campus-3.jpg 940w\" sizes=\"auto, (max-width: 640px) 100vw, 640px\" alt=\"\" title=\"formacion-campus-3\"\/><\/a><\/div>\n<p> <!-- content --><\/p>\n<p><h3>Marca tus objetivos<\/h3>\n<\/p>\n<div class=\"text\">\n<p>Los eventos poseen una impresionante capacidad de comunicaci\u00f3n, por eso, es necesario establecer de manera precisa los objetivos que se pretenden lograr, adem\u00e1s de implementar un s\u00f3lido plan de seguimiento para asegurar su efectividad. Otro punto importante radica en identificar a qui\u00e9n va dirigido tu evento. La elecci\u00f3n de tu p\u00fablico objetivo tendr\u00e1 un gran impacto en la estructuraci\u00f3n del contenido del acontecimiento.<\/p>\n<\/div>\n<p><h3>Crea un calendario de trabajo<\/h3>\n<\/p>\n<div class=\"row\">\n<div class=\"col-sm-6\">\n<div class=\"text\">\n<p>Es fundamental elaborar un calendario de tareas para tener controlado el antes, durante y el despu\u00e9s del evento.<\/p>\n<\/div>\n<div class=\"unorder-list\">\n<ul class=\"rest\">\n<li>Fecha y lugar del evento.<\/li>\n<li>Esquema con la distribuci\u00f3n de tareas para todo el personal.<\/li>\n<li>Lista de invitados y medios de comunicaci\u00f3n.<\/li>\n<li>Lista del mobiliario necesario.<\/li>\n<li>Estimaci\u00f3n presupuestaria.<\/li>\n<li>Plazos y tiempos de desarrollo del trabajo.<\/li>\n<\/ul>\n<\/div>\n<\/div>\n<div class=\"title mt-30 mb-30\">\n<h3>\u00a1Marca la diferencia!<\/h3>\n<p><img fetchpriority=\"high\" decoding=\"async\" class=\"alignleft lazyload\" src=\"https:\/\/campushosteleria.es\/uploads\/T0yqjZ.jpeg\" alt=\"\" width=\"279\" height=\"200\"\/><noscript><img loading=\"lazy\" decoding=\"async\" class=\"alignleft lazyload\" src=\"https:\/\/campushosteleria.es\/uploads\/T0yqjZ.jpeg\" alt=\"\" width=\"279\" height=\"200\"\/><\/noscript><\/p>\n<\/div>\n<div class=\"text\">\n<p>Para destacar, debes lograr crear una experiencia \u00fanica con tu evento y transmitir la esencia de tu marca. No s\u00f3lo las palabras comunicar\u00e1n, sino que todo tendr\u00e1 un impacto, desde la iluminaci\u00f3n hasta las invitaciones, pasando por los colores corporativos, el entorno, la presencia en l\u00ednea y la p\u00e1gina de inicio. Todo se convertir\u00e1 en parte integral de la comunicaci\u00f3n de tu evento.<\/p>\n<\/div>\n<p><h3>Aprovecha las redes sociales<\/h3>\n<\/p>\n<div class=\"text\">\n<p>Es muy importante difundir tu evento a trav\u00e9s de las redes sociales. Hay diferentes formas de darlo a conocer:<\/p>\n<\/div>\n<div class=\"unorder-list\">\n<ul class=\"rest\">\n<li>Realiza campa\u00f1as de mailing.<\/li>\n<li>Crea un hashtag espec\u00edfico para el evento y trabaja para que la gente lo relacione contigo.<\/li>\n<li>Promociona la obtenci\u00f3n de regalos por acudir al evento.<\/li>\n<li>Comparte fotos y videos del proceso de organizaci\u00f3n a diario para humanizar tu marca.<\/li>\n<li>Publica informaci\u00f3n relevante sobre el evento en tus publicaciones.<\/li>\n<\/ul>\n<\/div>\n<p><h3>Realiza una evaluaci\u00f3n final del evento<\/h3>\n<\/p>\n<div class=\"text\">\n<p>Cuando tu evento haya finalizado, es importante realizar una evaluaci\u00f3n final para conocer los puntos d\u00e9biles y fuertes que ha tenido.<\/p>\n<p>Tu evaluaci\u00f3n final puede incluir:<\/p>\n<\/div>\n<div class=\"unorder-list mb-30\">\n<ul class=\"rest\">\n<li>An\u00e1lisis del alcance del hashtag.<\/li>\n<li>Examinaci\u00f3n del comportamiento y la retroalimentaci\u00f3n de los asistentes.<\/li>\n<li>Lleva a cabo encuestas en las redes sociales.<\/li>\n<li>Los aspectos financieros cerrados y resueltos.<\/li>\n<li>Crea un video de agradecimiento que resuma brevemente el evento.<\/li>\n<li>Comparte las fotos en tu sitio web y en las redes sociales.<\/li>\n<\/ul>\n<\/div>\n<div class=\"text\">\n<p>Si quieres organizar un evento en tu restaurante, elige a tu p\u00fablico objetivo y marca tu objetivo. En nuestro curso\u00a0<a title=\"\" href=\"http:\/\/https\/\/campushosteleria.es\/es\/formacion\/tu-marca-personal-en-la-hosteleria\/d\">\u00abTu marca personal en la hosteler\u00eda\u00bb<\/a>\u00a0certificado y avalado por\u00a0<a href=\"https:\/\/www.cehe.es\/\">Hosteler\u00eda de Espa\u00f1a<\/a>\u00a0obtendr\u00e1s los conocimientos necesarios para entender la importancia de crear, cuidar y potenciar tu marca personal. Todo ello, mediante un buen uso de las redes sociales y dando a conocer estrategias de marca personal aplicadas a la hosteler\u00eda y, de esta manera, organizar un evento desde 0 con \u00e9xito.<\/p>\n<p>Por eso, desde Campus Hosteler\u00eda te animamos a que no dejes de aprender y te mantengas al d\u00eda de todo lo que ocurre en el sector. Recuerda que la formaci\u00f3n es la clave para el \u00e9xito. Para m\u00e1s informaci\u00f3n puedes ponerte en contacto con nosotros a trav\u00e9s de este\u00a0<a title=\"\" href=\"https:\/\/campushosteleria.es\/es\/contacto\">enlace<\/a>.<\/p>\n<\/div>\n<\/div>\n<\/div>\n<footer> <!-- post pagination --> <!-- review --> <!-- next prev --> <!-- author box --> <!-- meta --><span class=\"td-page-meta\" itemprop=\"author\" itemscope=\"\" itemtype=\"https:\/\/schema.org\/Person\"><meta itemprop=\"name\" content=\"Redacci\u00f3n HD\"\/><meta itemprop=\"url\" content=\"https:\/\/www.hosteleriadigital.es\/author\/fehrfehr\/\"\/><\/span><meta itemprop=\"datePublished\" content=\"2025-12-01T09:59:22+01:00\"\/><meta itemprop=\"dateModified\" content=\"2025-12-01T09:59:22+01:00\"\/><meta itemscope=\"\" itemprop=\"mainEntityOfPage\" itemtype=\"https:\/\/schema.org\/WebPage\" itemid=\"https:\/\/www.hosteleriadigital.es\/2025\/12\/01\/como-organizar-eventos-especiales-en-tu-local\/\"\/><span class=\"td-page-meta\" itemprop=\"publisher\" itemscope=\"\" itemtype=\"https:\/\/schema.org\/Organization\"><span class=\"td-page-meta\" itemprop=\"logo\" itemscope=\"\" itemtype=\"https:\/\/schema.org\/ImageObject\"><meta itemprop=\"url\" content=\"https:\/\/www.hosteleriadigital.es\/wp-content\/uploads\/2018\/12\/logo-272x90.png\"\/><\/span><meta itemprop=\"name\" content=\"Hosteleria Digital\"\/><\/span><meta itemprop=\"headline \" content=\"\u00bfC\u00f3mo organizar eventos especiales en tu local?\"\/><span class=\"td-page-meta\" itemprop=\"image\" itemscope=\"\" itemtype=\"https:\/\/schema.org\/ImageObject\"><meta itemprop=\"url\" content=\"https:\/\/www.hosteleriadigital.es\/wp-content\/uploads\/2025\/12\/formacion-campus-3.jpg\"\/><meta itemprop=\"width\" content=\"940\"\/><meta itemprop=\"height\" content=\"500\"\/><\/span><\/footer>\n<\/div>\n<p><a href=\"https:\/\/www.hosteleriadigital.es\/2025\/12\/01\/como-organizar-eventos-especiales-en-tu-local\/\">source<\/a><\/p>","protected":false},"excerpt":{"rendered":"<p>Marca tus objetivos Los eventos poseen una impresionante capacidad de comunicaci\u00f3n, por<span class=\"excerpt-hellip\"> [\u2026]<\/span><\/p>\n","protected":false},"author":17,"featured_media":0,"comment_status":"","ping_status":"","sticky":false,"template":"","format":"standard","meta":{"footnotes":""},"categories":[1],"tags":[],"class_list":["post-5203","post","type-post","status-publish","format-standard","hentry","category-noticias-externas"],"yoast_head":"<!-- This site is optimized with the Yoast SEO plugin v27.4 - https:\/\/yoast.com\/product\/yoast-seo-wordpress\/ -->\n<title>\u00bfC\u00f3mo organizar eventos especiales en tu local? - ARA | Asociaci\u00f3n de Restaurantes Alicante<\/title>\n<meta name=\"robots\" content=\"index, follow, max-snippet:-1, max-image-preview:large, max-video-preview:-1\" \/>\n<link rel=\"canonical\" href=\"https:\/\/www.araalicante.com\/en\/como-organizar-eventos-especiales-en-tu-local\/\" \/>\n<meta property=\"og:locale\" content=\"en_GB\" \/>\n<meta property=\"og:type\" content=\"article\" \/>\n<meta property=\"og:title\" content=\"\u00bfC\u00f3mo organizar eventos especiales en tu local? - ARA | Asociaci\u00f3n de Restaurantes Alicante\" \/>\n<meta property=\"og:description\" content=\"Marca tus objetivos Los eventos poseen una impresionante capacidad de comunicaci\u00f3n, por [\u2026]\" \/>\n<meta property=\"og:url\" content=\"https:\/\/www.araalicante.com\/en\/como-organizar-eventos-especiales-en-tu-local\/\" \/>\n<meta property=\"og:site_name\" content=\"ARA | Asociaci\u00f3n de Restaurantes Alicante\" \/>\n<meta property=\"article:publisher\" content=\"https:\/\/www.facebook.com\/Ararestaurantesalicante\" \/>\n<meta property=\"article:published_time\" content=\"2025-12-01T21:20:28+00:00\" \/>\n<meta property=\"og:image\" content=\"https:\/\/www.hosteleriadigital.es\/wp-content\/uploads\/2025\/12\/formacion-campus-3-640x340.jpg\" \/>\n<meta name=\"author\" content=\"Antonio Palomera\" \/>\n<meta name=\"twitter:card\" content=\"summary_large_image\" \/>\n<meta name=\"twitter:label1\" content=\"Written by\" \/>\n\t<meta name=\"twitter:data1\" content=\"Antonio Palomera\" \/>\n\t<meta name=\"twitter:label2\" content=\"Estimated reading time\" \/>\n\t<meta name=\"twitter:data2\" content=\"3 minutes\" \/>\n<script type=\"application\/ld+json\" class=\"yoast-schema-graph\">{\"@context\":\"https:\\\/\\\/schema.org\",\"@graph\":[{\"@type\":\"Article\",\"@id\":\"https:\\\/\\\/www.araalicante.com\\\/como-organizar-eventos-especiales-en-tu-local\\\/#article\",\"isPartOf\":{\"@id\":\"https:\\\/\\\/www.araalicante.com\\\/como-organizar-eventos-especiales-en-tu-local\\\/\"},\"author\":{\"name\":\"Antonio Palomera\",\"@id\":\"https:\\\/\\\/www.araalicante.com\\\/#\\\/schema\\\/person\\\/066f68dc3db0406c0829af861c17332f\"},\"headline\":\"\u00bfC\u00f3mo organizar eventos especiales en tu local?\",\"datePublished\":\"2025-12-01T21:20:28+00:00\",\"mainEntityOfPage\":{\"@id\":\"https:\\\/\\\/www.araalicante.com\\\/como-organizar-eventos-especiales-en-tu-local\\\/\"},\"wordCount\":529,\"publisher\":{\"@id\":\"https:\\\/\\\/www.araalicante.com\\\/#organization\"},\"image\":{\"@id\":\"https:\\\/\\\/www.araalicante.com\\\/como-organizar-eventos-especiales-en-tu-local\\\/#primaryimage\"},\"thumbnailUrl\":\"https:\\\/\\\/www.hosteleriadigital.es\\\/wp-content\\\/uploads\\\/2025\\\/12\\\/formacion-campus-3-640x340.jpg\",\"articleSection\":[\"Noticias externas\"],\"inLanguage\":\"en-GB\"},{\"@type\":\"WebPage\",\"@id\":\"https:\\\/\\\/www.araalicante.com\\\/como-organizar-eventos-especiales-en-tu-local\\\/\",\"url\":\"https:\\\/\\\/www.araalicante.com\\\/como-organizar-eventos-especiales-en-tu-local\\\/\",\"name\":\"\u00bfC\u00f3mo organizar eventos especiales en tu local? - ARA | Asociaci\u00f3n de Restaurantes Alicante\",\"isPartOf\":{\"@id\":\"https:\\\/\\\/www.araalicante.com\\\/#website\"},\"primaryImageOfPage\":{\"@id\":\"https:\\\/\\\/www.araalicante.com\\\/como-organizar-eventos-especiales-en-tu-local\\\/#primaryimage\"},\"image\":{\"@id\":\"https:\\\/\\\/www.araalicante.com\\\/como-organizar-eventos-especiales-en-tu-local\\\/#primaryimage\"},\"thumbnailUrl\":\"https:\\\/\\\/www.hosteleriadigital.es\\\/wp-content\\\/uploads\\\/2025\\\/12\\\/formacion-campus-3-640x340.jpg\",\"datePublished\":\"2025-12-01T21:20:28+00:00\",\"breadcrumb\":{\"@id\":\"https:\\\/\\\/www.araalicante.com\\\/como-organizar-eventos-especiales-en-tu-local\\\/#breadcrumb\"},\"inLanguage\":\"en-GB\",\"potentialAction\":[{\"@type\":\"ReadAction\",\"target\":[\"https:\\\/\\\/www.araalicante.com\\\/como-organizar-eventos-especiales-en-tu-local\\\/\"]}]},{\"@type\":\"ImageObject\",\"inLanguage\":\"en-GB\",\"@id\":\"https:\\\/\\\/www.araalicante.com\\\/como-organizar-eventos-especiales-en-tu-local\\\/#primaryimage\",\"url\":\"https:\\\/\\\/www.hosteleriadigital.es\\\/wp-content\\\/uploads\\\/2025\\\/12\\\/formacion-campus-3-640x340.jpg\",\"contentUrl\":\"https:\\\/\\\/www.hosteleriadigital.es\\\/wp-content\\\/uploads\\\/2025\\\/12\\\/formacion-campus-3-640x340.jpg\"},{\"@type\":\"BreadcrumbList\",\"@id\":\"https:\\\/\\\/www.araalicante.com\\\/como-organizar-eventos-especiales-en-tu-local\\\/#breadcrumb\",\"itemListElement\":[{\"@type\":\"ListItem\",\"position\":1,\"name\":\"Portada\",\"item\":\"https:\\\/\\\/www.araalicante.com\\\/\"},{\"@type\":\"ListItem\",\"position\":2,\"name\":\"\u00bfC\u00f3mo organizar eventos especiales en tu local?\"}]},{\"@type\":\"WebSite\",\"@id\":\"https:\\\/\\\/www.araalicante.com\\\/#website\",\"url\":\"https:\\\/\\\/www.araalicante.com\\\/\",\"name\":\"ARA | Asociaci\u00f3n de Restaurantes Alicante\",\"description\":\"Producto local, restauraci\u00f3n de calidad en Alicante y su provincia\",\"publisher\":{\"@id\":\"https:\\\/\\\/www.araalicante.com\\\/#organization\"},\"potentialAction\":[{\"@type\":\"SearchAction\",\"target\":{\"@type\":\"EntryPoint\",\"urlTemplate\":\"https:\\\/\\\/www.araalicante.com\\\/?s={search_term_string}\"},\"query-input\":{\"@type\":\"PropertyValueSpecification\",\"valueRequired\":true,\"valueName\":\"search_term_string\"}}],\"inLanguage\":\"en-GB\"},{\"@type\":\"Organization\",\"@id\":\"https:\\\/\\\/www.araalicante.com\\\/#organization\",\"name\":\"ARA | Asociaci\u00f3n de Restaurantes Alicante\",\"url\":\"https:\\\/\\\/www.araalicante.com\\\/\",\"logo\":{\"@type\":\"ImageObject\",\"inLanguage\":\"en-GB\",\"@id\":\"https:\\\/\\\/www.araalicante.com\\\/#\\\/schema\\\/logo\\\/image\\\/\",\"url\":\"https:\\\/\\\/www.araalicante.com\\\/wp-content\\\/uploads\\\/2023\\\/09\\\/logoara.png\",\"contentUrl\":\"https:\\\/\\\/www.araalicante.com\\\/wp-content\\\/uploads\\\/2023\\\/09\\\/logoara.png\",\"width\":400,\"height\":85,\"caption\":\"ARA | Asociaci\u00f3n de Restaurantes Alicante\"},\"image\":{\"@id\":\"https:\\\/\\\/www.araalicante.com\\\/#\\\/schema\\\/logo\\\/image\\\/\"},\"sameAs\":[\"https:\\\/\\\/www.facebook.com\\\/Ararestaurantesalicante\",\"https:\\\/\\\/www.instagram.com\\\/ararestaurantesalicante\\\/\"]},{\"@type\":\"Person\",\"@id\":\"https:\\\/\\\/www.araalicante.com\\\/#\\\/schema\\\/person\\\/066f68dc3db0406c0829af861c17332f\",\"name\":\"Antonio Palomera\",\"image\":{\"@type\":\"ImageObject\",\"inLanguage\":\"en-GB\",\"@id\":\"https:\\\/\\\/secure.gravatar.com\\\/avatar\\\/a8378756bb866d8a91ea5808ee291ef099888cc76273b42162b3ab961b9da5df?s=96&d=mm&r=g\",\"url\":\"https:\\\/\\\/secure.gravatar.com\\\/avatar\\\/a8378756bb866d8a91ea5808ee291ef099888cc76273b42162b3ab961b9da5df?s=96&d=mm&r=g\",\"contentUrl\":\"https:\\\/\\\/secure.gravatar.com\\\/avatar\\\/a8378756bb866d8a91ea5808ee291ef099888cc76273b42162b3ab961b9da5df?s=96&d=mm&r=g\",\"caption\":\"Antonio Palomera\"},\"url\":\"https:\\\/\\\/www.araalicante.com\\\/en\\\/author\\\/antonio\\\/\"}]}<\/script>\n<!-- \/ Yoast SEO plugin. -->","yoast_head_json":{"title":"\u00bfC\u00f3mo organizar eventos especiales en tu local? - ARA | Asociaci\u00f3n de Restaurantes Alicante","robots":{"index":"index","follow":"follow","max-snippet":"max-snippet:-1","max-image-preview":"max-image-preview:large","max-video-preview":"max-video-preview:-1"},"canonical":"https:\/\/www.araalicante.com\/en\/como-organizar-eventos-especiales-en-tu-local\/","og_locale":"en_GB","og_type":"article","og_title":"\u00bfC\u00f3mo organizar eventos especiales en tu local? - ARA | Asociaci\u00f3n de Restaurantes Alicante","og_description":"Marca tus objetivos Los eventos poseen una impresionante capacidad de comunicaci\u00f3n, por [\u2026]","og_url":"https:\/\/www.araalicante.com\/en\/como-organizar-eventos-especiales-en-tu-local\/","og_site_name":"ARA | Asociaci\u00f3n de Restaurantes Alicante","article_publisher":"https:\/\/www.facebook.com\/Ararestaurantesalicante","article_published_time":"2025-12-01T21:20:28+00:00","og_image":[{"url":"https:\/\/www.hosteleriadigital.es\/wp-content\/uploads\/2025\/12\/formacion-campus-3-640x340.jpg","type":"","width":"","height":""}],"author":"Antonio Palomera","twitter_card":"summary_large_image","twitter_misc":{"Written by":"Antonio Palomera","Estimated reading time":"3 minutes"},"schema":{"@context":"https:\/\/schema.org","@graph":[{"@type":"Article","@id":"https:\/\/www.araalicante.com\/como-organizar-eventos-especiales-en-tu-local\/#article","isPartOf":{"@id":"https:\/\/www.araalicante.com\/como-organizar-eventos-especiales-en-tu-local\/"},"author":{"name":"Antonio Palomera","@id":"https:\/\/www.araalicante.com\/#\/schema\/person\/066f68dc3db0406c0829af861c17332f"},"headline":"\u00bfC\u00f3mo organizar eventos especiales en tu local?","datePublished":"2025-12-01T21:20:28+00:00","mainEntityOfPage":{"@id":"https:\/\/www.araalicante.com\/como-organizar-eventos-especiales-en-tu-local\/"},"wordCount":529,"publisher":{"@id":"https:\/\/www.araalicante.com\/#organization"},"image":{"@id":"https:\/\/www.araalicante.com\/como-organizar-eventos-especiales-en-tu-local\/#primaryimage"},"thumbnailUrl":"https:\/\/www.hosteleriadigital.es\/wp-content\/uploads\/2025\/12\/formacion-campus-3-640x340.jpg","articleSection":["Noticias externas"],"inLanguage":"en-GB"},{"@type":"WebPage","@id":"https:\/\/www.araalicante.com\/como-organizar-eventos-especiales-en-tu-local\/","url":"https:\/\/www.araalicante.com\/como-organizar-eventos-especiales-en-tu-local\/","name":"\u00bfC\u00f3mo organizar eventos especiales en tu local? - ARA | Asociaci\u00f3n de Restaurantes Alicante","isPartOf":{"@id":"https:\/\/www.araalicante.com\/#website"},"primaryImageOfPage":{"@id":"https:\/\/www.araalicante.com\/como-organizar-eventos-especiales-en-tu-local\/#primaryimage"},"image":{"@id":"https:\/\/www.araalicante.com\/como-organizar-eventos-especiales-en-tu-local\/#primaryimage"},"thumbnailUrl":"https:\/\/www.hosteleriadigital.es\/wp-content\/uploads\/2025\/12\/formacion-campus-3-640x340.jpg","datePublished":"2025-12-01T21:20:28+00:00","breadcrumb":{"@id":"https:\/\/www.araalicante.com\/como-organizar-eventos-especiales-en-tu-local\/#breadcrumb"},"inLanguage":"en-GB","potentialAction":[{"@type":"ReadAction","target":["https:\/\/www.araalicante.com\/como-organizar-eventos-especiales-en-tu-local\/"]}]},{"@type":"ImageObject","inLanguage":"en-GB","@id":"https:\/\/www.araalicante.com\/como-organizar-eventos-especiales-en-tu-local\/#primaryimage","url":"https:\/\/www.hosteleriadigital.es\/wp-content\/uploads\/2025\/12\/formacion-campus-3-640x340.jpg","contentUrl":"https:\/\/www.hosteleriadigital.es\/wp-content\/uploads\/2025\/12\/formacion-campus-3-640x340.jpg"},{"@type":"BreadcrumbList","@id":"https:\/\/www.araalicante.com\/como-organizar-eventos-especiales-en-tu-local\/#breadcrumb","itemListElement":[{"@type":"ListItem","position":1,"name":"Portada","item":"https:\/\/www.araalicante.com\/"},{"@type":"ListItem","position":2,"name":"\u00bfC\u00f3mo organizar eventos especiales en tu local?"}]},{"@type":"WebSite","@id":"https:\/\/www.araalicante.com\/#website","url":"https:\/\/www.araalicante.com\/","name":"ARA | Asociaci\u00f3n de Restaurantes Alicante","description":"Producto local, restauraci\u00f3n de calidad en Alicante y su provincia","publisher":{"@id":"https:\/\/www.araalicante.com\/#organization"},"potentialAction":[{"@type":"SearchAction","target":{"@type":"EntryPoint","urlTemplate":"https:\/\/www.araalicante.com\/?s={search_term_string}"},"query-input":{"@type":"PropertyValueSpecification","valueRequired":true,"valueName":"search_term_string"}}],"inLanguage":"en-GB"},{"@type":"Organization","@id":"https:\/\/www.araalicante.com\/#organization","name":"ARA | Asociaci\u00f3n de Restaurantes Alicante","url":"https:\/\/www.araalicante.com\/","logo":{"@type":"ImageObject","inLanguage":"en-GB","@id":"https:\/\/www.araalicante.com\/#\/schema\/logo\/image\/","url":"https:\/\/www.araalicante.com\/wp-content\/uploads\/2023\/09\/logoara.png","contentUrl":"https:\/\/www.araalicante.com\/wp-content\/uploads\/2023\/09\/logoara.png","width":400,"height":85,"caption":"ARA | Asociaci\u00f3n de Restaurantes Alicante"},"image":{"@id":"https:\/\/www.araalicante.com\/#\/schema\/logo\/image\/"},"sameAs":["https:\/\/www.facebook.com\/Ararestaurantesalicante","https:\/\/www.instagram.com\/ararestaurantesalicante\/"]},{"@type":"Person","@id":"https:\/\/www.araalicante.com\/#\/schema\/person\/066f68dc3db0406c0829af861c17332f","name":"Antonio Palomera","image":{"@type":"ImageObject","inLanguage":"en-GB","@id":"https:\/\/secure.gravatar.com\/avatar\/a8378756bb866d8a91ea5808ee291ef099888cc76273b42162b3ab961b9da5df?s=96&d=mm&r=g","url":"https:\/\/secure.gravatar.com\/avatar\/a8378756bb866d8a91ea5808ee291ef099888cc76273b42162b3ab961b9da5df?s=96&d=mm&r=g","contentUrl":"https:\/\/secure.gravatar.com\/avatar\/a8378756bb866d8a91ea5808ee291ef099888cc76273b42162b3ab961b9da5df?s=96&d=mm&r=g","caption":"Antonio Palomera"},"url":"https:\/\/www.araalicante.com\/en\/author\/antonio\/"}]}},"_links":{"self":[{"href":"https:\/\/www.araalicante.com\/en\/wp-json\/wp\/v2\/posts\/5203","targetHints":{"allow":["GET"]}}],"collection":[{"href":"https:\/\/www.araalicante.com\/en\/wp-json\/wp\/v2\/posts"}],"about":[{"href":"https:\/\/www.araalicante.com\/en\/wp-json\/wp\/v2\/types\/post"}],"author":[{"embeddable":true,"href":"https:\/\/www.araalicante.com\/en\/wp-json\/wp\/v2\/users\/17"}],"replies":[{"embeddable":true,"href":"https:\/\/www.araalicante.com\/en\/wp-json\/wp\/v2\/comments?post=5203"}],"version-history":[{"count":0,"href":"https:\/\/www.araalicante.com\/en\/wp-json\/wp\/v2\/posts\/5203\/revisions"}],"wp:attachment":[{"href":"https:\/\/www.araalicante.com\/en\/wp-json\/wp\/v2\/media?parent=5203"}],"wp:term":[{"taxonomy":"category","embeddable":true,"href":"https:\/\/www.araalicante.com\/en\/wp-json\/wp\/v2\/categories?post=5203"},{"taxonomy":"post_tag","embeddable":true,"href":"https:\/\/www.araalicante.com\/en\/wp-json\/wp\/v2\/tags?post=5203"}],"curies":[{"name":"wp","href":"https:\/\/api.w.org\/{rel}","templated":true}]}}