{"id":5070,"date":"2025-10-15T18:35:25","date_gmt":"2025-10-15T16:35:25","guid":{"rendered":"https:\/\/www.araalicante.com\/makro-reune-a-mas-de-1-200-hosteleros-en-el-decimo-aniversario-del-dia-de-la-hosteleria\/"},"modified":"2025-10-15T18:35:25","modified_gmt":"2025-10-15T16:35:25","slug":"makro-reune-a-mas-de-1-200-hosteleros-en-el-decimo-aniversario-del-dia-de-la-hosteleria","status":"publish","type":"post","link":"https:\/\/www.araalicante.com\/en\/makro-reune-a-mas-de-1-200-hosteleros-en-el-decimo-aniversario-del-dia-de-la-hosteleria\/","title":{"rendered":"Makro re\u00fane a m\u00e1s de 1.200 hosteleros en el d\u00e9cimo aniversario del D\u00eda de la Hosteler\u00eda"},"content":{"rendered":"<div>\n<div class=\"td-post-featured-image\"><a href=\"https:\/\/www.hosteleriadigital.es\/wp-content\/uploads\/2025\/10\/makrodiahosteleriaportada-scaled.jpg\" data-caption=\"\"><img loading=\"lazy\" decoding=\"async\" width=\"640\" height=\"344\" class=\"entry-thumb td-modal-image\" src=\"https:\/\/www.hosteleriadigital.es\/wp-content\/uploads\/2025\/10\/makrodiahosteleriaportada-640x344.jpg\" srcset=\"https:\/\/www.hosteleriadigital.es\/wp-content\/uploads\/2025\/10\/makrodiahosteleriaportada-640x344.jpg 640w, https:\/\/www.hosteleriadigital.es\/wp-content\/uploads\/2025\/10\/makrodiahosteleriaportada-300x160.jpg 300w, https:\/\/www.hosteleriadigital.es\/wp-content\/uploads\/2025\/10\/makrodiahosteleriaportada-1024x551.jpg 1024w, https:\/\/www.hosteleriadigital.es\/wp-content\/uploads\/2025\/10\/makrodiahosteleriaportada-150x81.jpg 150w, https:\/\/www.hosteleriadigital.es\/wp-content\/uploads\/2025\/10\/makrodiahosteleriaportada-768x413.jpg 768w, https:\/\/www.hosteleriadigital.es\/wp-content\/uploads\/2025\/10\/makrodiahosteleriaportada-1536x826.jpg 1536w, https:\/\/www.hosteleriadigital.es\/wp-content\/uploads\/2025\/10\/makrodiahosteleriaportada-2048x1102.jpg 2048w, https:\/\/www.hosteleriadigital.es\/wp-content\/uploads\/2025\/10\/makrodiahosteleriaportada-781x420.jpg 781w, https:\/\/www.hosteleriadigital.es\/wp-content\/uploads\/2025\/10\/makrodiahosteleriaportada-681x366.jpg 681w, https:\/\/www.hosteleriadigital.es\/wp-content\/uploads\/2025\/10\/makrodiahosteleriaportada-scaled.jpg 1200w\" sizes=\"auto, (max-width: 640px) 100vw, 640px\" alt=\"\" title=\"makrodiahosteleriaportada\"\/><\/a><\/div>\n<p>Con motivo del <strong>D\u00eda de la Hosteler\u00eda<\/strong>, Makro ha <strong>rendido homenaje a la hosteler\u00eda espa\u00f1ola<\/strong> en la <strong>Gran Fiesta de la Hosteler\u00eda<\/strong>, un evento dirigido a todos los profesionales del sector, que este a\u00f1o celebra su <strong>d\u00e9cimo aniversario<\/strong> bajo el lema <strong>\u201c10 a\u00f1os celebrando la Hosteler\u00eda\u201d<\/strong>.<\/p>\n<p>El acto, que ha tenido lugar en el <strong>Palacio de Cibeles de Madrid<\/strong>, ha contado con la presencia de Almudena Ma\u00edllo, <strong>concejal delegada de Turismo del ayuntamiento de Madrid<\/strong>; Jos\u00e9 Luis \u00c1lvarez Almeida, <strong>presidente de Hosteler\u00eda de Espa\u00f1a<\/strong>; Bertrand Mothe, <strong>CEO de Makro Espa\u00f1a<\/strong>, as\u00ed como representantes de asociaciones de hosteler\u00eda de todo el pa\u00eds.<\/p>\n<p>\u201c<em>Cuando hablamos de hosteler\u00eda hay que hablar de algo m\u00e1s que de el hecho de que es un motor econ\u00f3mico, la hosteler\u00eda tambi\u00e9n es solidaridad, innovaci\u00f3n, cuidado, tradici\u00f3n, legado familiar y es identidad<\/em>\u201d, ha se\u00f1alado Almudena Ma\u00edllo, <strong>concejal delegada de Turismo ayuntamiento de Madrid. <\/strong><em>\u201c<\/em><em>Detr\u00e1s de cada comensal que disfruta de nuestra gran gastronom\u00eda, hay miles de profesionales perfectamente coordinados para ofrecer lo mejor que sabemos hacer. Madrid hoy es un destino gastron\u00f3mico de referencia en el mundo, y no por casualidad. Quien viene a Madrid en busca de una experiencia se encuentra con una ciudad donde siglos de historia se abrazan con la vanguardia. Una ciudad en la que explosionan el cocido m\u00e1s castizo o la cocina de autor m\u00e1s innovadora. Hoy sin duda la hosteler\u00eda es Marca Madrid y Marca Espa\u00f1a, as\u00ed que larga vida a la hosteler\u00eda\u201d, <\/em>ha continuado.<\/p>\n<p>Por su parte<strong>, Chema Le\u00f3n, director de marketing de Makro, <\/strong>ha afirmado: <em>\u201cCelebrar hoy el d\u00e9cimo aniversario del D\u00eda de la Hosteler\u00eda, junto a la hosteler\u00eda espa\u00f1ola, es un honor que solo nos impulsa a seguir avanzando. Durante esta d\u00e9cada hemos sido testigos y part\u00edcipes del gran talento que existe en Espa\u00f1a y que eleva a nuestro pa\u00eds a la posici\u00f3n de referente gastron\u00f3mico internacional. \u00a0En Makro seguiremos escuchando las necesidades de los hosteleros y trabajando para hacerles m\u00e1s f\u00e1cil el d\u00eda a d\u00eda en las compras de sus negocios\u201d.\u00a0<\/em><\/p>\n<p>Jos\u00e9 Luis \u00c1lvarez Almeida, <strong>presidente de Hosteler\u00eda de Espa\u00f1a<\/strong> ha se\u00f1alado: \u201c<em>Los que est\u00e1is haciendo todos los d\u00edas lo mejor para que los turistas y los clientes se vayan satisfechos de nuestro pa\u00eds y nuestra econom\u00eda siga creciendo, sois vosotros, los hosteleros. Representamos el 6,7 % del PIB nacional, pero este no solamente es un dato, es el dato que nos anima a seguir trabajando por la hosteler\u00eda y por nuestras casas y nuestras familias. Quiero agradecer a Makro que lleve diez a\u00f1os luchando por nosotros, por este D\u00eda de la Hosteler\u00eda, un d\u00eda muy especial en el que intentamos ser los mejores embajadores de nuestro sector\u201d.<\/em><\/p>\n<p><strong><u>Una oda a la hosteler\u00eda en el coraz\u00f3n de Madrid<\/u><\/strong><\/p>\n<p>Durante esta d\u00e9cima edici\u00f3n del D\u00eda de la Hosteler\u00eda, <strong>Makro ha reunido en el Palacio de Cibeles de Madrid a m\u00e1s de 1.200 personas<\/strong> entre clientes, proveedores, colaboradores y empleados, en una jornada cargada de reconocimiento, divulgaci\u00f3n y entretenimiento.<\/p>\n<p><img fetchpriority=\"high\" decoding=\"async\" class=\"alignnone wp-image-33126 size-full lazyload\" src=\"https:\/\/www.hosteleriadigital.es\/wp-content\/uploads\/2025\/10\/makrodiahosteleria.jpg\" alt=\"\" width=\"700\" height=\"308\"\/><noscript><img loading=\"lazy\" decoding=\"async\" class=\"alignnone wp-image-33126 size-full lazyload\" src=\"https:\/\/www.hosteleriadigital.es\/wp-content\/uploads\/2025\/10\/makrodiahosteleria.jpg\" alt=\"\" width=\"700\" height=\"308\" srcset=\"https:\/\/www.hosteleriadigital.es\/wp-content\/uploads\/2025\/10\/makrodiahosteleria.jpg 700w, https:\/\/www.hosteleriadigital.es\/wp-content\/uploads\/2025\/10\/makrodiahosteleria-300x132.jpg 300w, https:\/\/www.hosteleriadigital.es\/wp-content\/uploads\/2025\/10\/makrodiahosteleria-150x66.jpg 150w, https:\/\/www.hosteleriadigital.es\/wp-content\/uploads\/2025\/10\/makrodiahosteleria-640x282.jpg 640w, https:\/\/www.hosteleriadigital.es\/wp-content\/uploads\/2025\/10\/makrodiahosteleria-681x300.jpg 681w\" sizes=\"auto, (max-width: 700px) 100vw, 700px\"\/><\/noscript><\/p>\n<p>Tras la apertura institucional del evento por parte de Almudena Ma\u00edllo, <strong>concejal delegada de Turismo del ayuntamiento de Madrid, <\/strong>Bertrand Mothe,<strong> CEO de Makro <\/strong>y Jos\u00e9 Luis \u00c1lvarez Almeida, <strong>presidente de Hosteler\u00eda de Espa\u00f1a<\/strong>, han hecho entrega de un plato conmemorativo por el D\u00eda de Hosteler\u00eda a ocho profesionales del sector por los valores que aportan a la hosteler\u00eda con su trabajo. <strong>Pepa Mu\u00f1oz<\/strong>, de El Q\u00fcenco de Pepa, reconocida con el valor \u201c<strong>Solidaridad<\/strong>\u201d; <strong>Gregorio Contreras<\/strong>, de Lardhy Restaurante, premiado en el valor \u201c<strong>Cultura Gastron\u00f3mica<\/strong>\u201d; <strong>Carlos Maldonado<\/strong>, de restaurante Ra\u00edces y escuela hosteler\u00eda Semillas, premiado en el valor \u201c<strong>Inserci\u00f3n Social<\/strong>\u201d; <strong>Ram\u00f3n Freixa<\/strong>, con su restaurante Tradici\u00f3n, premiado en el valor \u201c<strong>Tradici\u00f3n<\/strong>\u201d; <strong>Teresa Guti\u00e9rrez, <\/strong>con su restaurante Azafr\u00e1n, premiada en el valor \u201c<strong>Vertebrador Social<\/strong>\u201d; Carlos Casillas, con su restaurante Barro, premiado en el valor \u201c<strong>Vanguardia<\/strong>\u201d; <strong>\u00cd\u00f1igo Lavado<\/strong>, de restaurante Itzuli, premiado por el valor \u201c<strong>Familia<\/strong>\u201d; y <strong>Jos\u00e9 Rold\u00e1n<\/strong>, de obrador El Brillante y nombrado mejor panadero del mundo en 2025, premiado en el valor \u201c<strong>Marca Espa\u00f1a<\/strong>\u201d.<\/p>\n<p>Como acci\u00f3n especial por el d\u00e9cimo aniversario, <strong>Makro ha presentado<\/strong> el \u201c<a href=\"https:\/\/www.youtube.com\/watch?v=5tT2FaD59dM\">Himno de la hosteler\u00eda<\/a>\u201d, <strong>una pieza con la que la compa\u00f1\u00eda ha querido homenajear a todos los hoteleros que con su esfuerzo hacen que la gastronom\u00eda forme parte de la cultura, <\/strong>y en la que <strong>han participado<\/strong> <strong>una<\/strong> <strong>treintena de hosteleros<\/strong>, entre ellos,<strong> reconocidos chefs, <\/strong>como <strong>I\u00f1aki Aldrey, Marcos Mor\u00e1n, Xune Andrade, Juan Sahuquillo y Javi Sanz o Germ\u00e1n Carizo<\/strong>, as\u00ed como con la <strong>colaboraci\u00f3n de Pepe Solla en la letra. <\/strong><\/p>\n<p><strong>\u00a0<\/strong>Tras ello, la fiesta continu\u00f3 con <strong>actuaciones musicales como la del cantante David Otero,<\/strong> en un evento donde la gastronom\u00eda fue la aut\u00e9ntica protagonista. Los asistentes pudieron disfrutar de las <strong>degustaciones<\/strong> ofrecidas en los m\u00e1s de 10 puestos gastron\u00f3micos de las marcas colaboradoras de este d\u00eda.<\/p>\n<p><strong><u>14 de octubre, D\u00eda de la Hosteler\u00eda<\/u><\/strong><\/p>\n<p>El <strong>D\u00eda de la Hosteler\u00eda <\/strong>es una iniciativa impulsada por Makro en 2016 con la colaboraci\u00f3n de Hosteler\u00eda de Espa\u00f1a y Facyre, que se celebra en numerosas ciudades de toda la geograf\u00eda espa\u00f1ola. Su objetivo es reconocer todo lo que los profesionales hosteleros aportan a la sociedad y poner en valor su trabajo y dedicaci\u00f3n, que hacen del sector uno de los principales motores econ\u00f3micos del pa\u00eds. A lo largo de estos diez a\u00f1os en los que la compa\u00f1\u00eda ha venido celebrando el D\u00eda de la Hosteler\u00eda, m\u00e1s de 40 empresas y otros tantos chefs han colaborado en activaciones desarrolladas por Makro.<\/p>\n<p>\u00a0<\/p>\n<\/div>\n<p><a href=\"https:\/\/www.hosteleriadigital.es\/2025\/10\/15\/makro-reune-a-mas-de-1-200-hosteleros-en-el-decimo-aniversario-del-dia-de-la-hosteleria\/\">source<\/a><\/p>","protected":false},"excerpt":{"rendered":"<p>Con motivo del D\u00eda de la Hosteler\u00eda, Makro ha rendido homenaje a<span class=\"excerpt-hellip\"> [\u2026]<\/span><\/p>\n","protected":false},"author":17,"featured_media":0,"comment_status":"","ping_status":"","sticky":false,"template":"","format":"standard","meta":{"footnotes":""},"categories":[1],"tags":[],"class_list":["post-5070","post","type-post","status-publish","format-standard","hentry","category-noticias-externas"],"yoast_head":"<!-- This site is optimized with the Yoast SEO plugin v27.5 - https:\/\/yoast.com\/product\/yoast-seo-wordpress\/ -->\n<title>Makro re\u00fane a m\u00e1s de 1.200 hosteleros en el d\u00e9cimo aniversario del D\u00eda de la Hosteler\u00eda - ARA | Asociaci\u00f3n de Restaurantes Alicante<\/title>\n<meta name=\"robots\" content=\"index, follow, max-snippet:-1, max-image-preview:large, max-video-preview:-1\" \/>\n<link rel=\"canonical\" href=\"https:\/\/www.araalicante.com\/en\/makro-reune-a-mas-de-1-200-hosteleros-en-el-decimo-aniversario-del-dia-de-la-hosteleria\/\" \/>\n<meta property=\"og:locale\" content=\"en_GB\" \/>\n<meta property=\"og:type\" content=\"article\" \/>\n<meta property=\"og:title\" content=\"Makro re\u00fane a m\u00e1s de 1.200 hosteleros en el d\u00e9cimo aniversario del D\u00eda de la Hosteler\u00eda - ARA | Asociaci\u00f3n de Restaurantes Alicante\" \/>\n<meta property=\"og:description\" content=\"Con motivo del D\u00eda de la Hosteler\u00eda, Makro ha rendido homenaje a [\u2026]\" \/>\n<meta property=\"og:url\" content=\"https:\/\/www.araalicante.com\/en\/makro-reune-a-mas-de-1-200-hosteleros-en-el-decimo-aniversario-del-dia-de-la-hosteleria\/\" \/>\n<meta property=\"og:site_name\" content=\"ARA | Asociaci\u00f3n de Restaurantes Alicante\" \/>\n<meta property=\"article:publisher\" content=\"https:\/\/www.facebook.com\/Ararestaurantesalicante\" \/>\n<meta property=\"article:published_time\" content=\"2025-10-15T16:35:25+00:00\" \/>\n<meta property=\"og:image\" content=\"https:\/\/www.hosteleriadigital.es\/wp-content\/uploads\/2025\/10\/makrodiahosteleriaportada-640x344.jpg\" \/>\n<meta name=\"author\" content=\"Antonio Palomera\" \/>\n<meta name=\"twitter:card\" content=\"summary_large_image\" \/>\n<meta name=\"twitter:label1\" content=\"Written by\" \/>\n\t<meta name=\"twitter:data1\" content=\"Antonio Palomera\" \/>\n\t<meta name=\"twitter:label2\" content=\"Estimated reading time\" \/>\n\t<meta name=\"twitter:data2\" content=\"5 minutes\" \/>\n<script type=\"application\/ld+json\" class=\"yoast-schema-graph\">{\"@context\":\"https:\\\/\\\/schema.org\",\"@graph\":[{\"@type\":\"Article\",\"@id\":\"https:\\\/\\\/www.araalicante.com\\\/makro-reune-a-mas-de-1-200-hosteleros-en-el-decimo-aniversario-del-dia-de-la-hosteleria\\\/#article\",\"isPartOf\":{\"@id\":\"https:\\\/\\\/www.araalicante.com\\\/makro-reune-a-mas-de-1-200-hosteleros-en-el-decimo-aniversario-del-dia-de-la-hosteleria\\\/\"},\"author\":{\"name\":\"Antonio Palomera\",\"@id\":\"https:\\\/\\\/www.araalicante.com\\\/#\\\/schema\\\/person\\\/066f68dc3db0406c0829af861c17332f\"},\"headline\":\"Makro re\u00fane a m\u00e1s de 1.200 hosteleros en el d\u00e9cimo aniversario del D\u00eda de la Hosteler\u00eda\",\"datePublished\":\"2025-10-15T16:35:25+00:00\",\"mainEntityOfPage\":{\"@id\":\"https:\\\/\\\/www.araalicante.com\\\/makro-reune-a-mas-de-1-200-hosteleros-en-el-decimo-aniversario-del-dia-de-la-hosteleria\\\/\"},\"wordCount\":1021,\"publisher\":{\"@id\":\"https:\\\/\\\/www.araalicante.com\\\/#organization\"},\"image\":{\"@id\":\"https:\\\/\\\/www.araalicante.com\\\/makro-reune-a-mas-de-1-200-hosteleros-en-el-decimo-aniversario-del-dia-de-la-hosteleria\\\/#primaryimage\"},\"thumbnailUrl\":\"https:\\\/\\\/www.hosteleriadigital.es\\\/wp-content\\\/uploads\\\/2025\\\/10\\\/makrodiahosteleriaportada-640x344.jpg\",\"articleSection\":[\"Noticias externas\"],\"inLanguage\":\"en-GB\"},{\"@type\":\"WebPage\",\"@id\":\"https:\\\/\\\/www.araalicante.com\\\/makro-reune-a-mas-de-1-200-hosteleros-en-el-decimo-aniversario-del-dia-de-la-hosteleria\\\/\",\"url\":\"https:\\\/\\\/www.araalicante.com\\\/makro-reune-a-mas-de-1-200-hosteleros-en-el-decimo-aniversario-del-dia-de-la-hosteleria\\\/\",\"name\":\"Makro re\u00fane a m\u00e1s de 1.200 hosteleros en el d\u00e9cimo aniversario del D\u00eda de la Hosteler\u00eda - ARA | Asociaci\u00f3n de Restaurantes Alicante\",\"isPartOf\":{\"@id\":\"https:\\\/\\\/www.araalicante.com\\\/#website\"},\"primaryImageOfPage\":{\"@id\":\"https:\\\/\\\/www.araalicante.com\\\/makro-reune-a-mas-de-1-200-hosteleros-en-el-decimo-aniversario-del-dia-de-la-hosteleria\\\/#primaryimage\"},\"image\":{\"@id\":\"https:\\\/\\\/www.araalicante.com\\\/makro-reune-a-mas-de-1-200-hosteleros-en-el-decimo-aniversario-del-dia-de-la-hosteleria\\\/#primaryimage\"},\"thumbnailUrl\":\"https:\\\/\\\/www.hosteleriadigital.es\\\/wp-content\\\/uploads\\\/2025\\\/10\\\/makrodiahosteleriaportada-640x344.jpg\",\"datePublished\":\"2025-10-15T16:35:25+00:00\",\"breadcrumb\":{\"@id\":\"https:\\\/\\\/www.araalicante.com\\\/makro-reune-a-mas-de-1-200-hosteleros-en-el-decimo-aniversario-del-dia-de-la-hosteleria\\\/#breadcrumb\"},\"inLanguage\":\"en-GB\",\"potentialAction\":[{\"@type\":\"ReadAction\",\"target\":[\"https:\\\/\\\/www.araalicante.com\\\/makro-reune-a-mas-de-1-200-hosteleros-en-el-decimo-aniversario-del-dia-de-la-hosteleria\\\/\"]}]},{\"@type\":\"ImageObject\",\"inLanguage\":\"en-GB\",\"@id\":\"https:\\\/\\\/www.araalicante.com\\\/makro-reune-a-mas-de-1-200-hosteleros-en-el-decimo-aniversario-del-dia-de-la-hosteleria\\\/#primaryimage\",\"url\":\"https:\\\/\\\/www.hosteleriadigital.es\\\/wp-content\\\/uploads\\\/2025\\\/10\\\/makrodiahosteleriaportada-640x344.jpg\",\"contentUrl\":\"https:\\\/\\\/www.hosteleriadigital.es\\\/wp-content\\\/uploads\\\/2025\\\/10\\\/makrodiahosteleriaportada-640x344.jpg\"},{\"@type\":\"BreadcrumbList\",\"@id\":\"https:\\\/\\\/www.araalicante.com\\\/makro-reune-a-mas-de-1-200-hosteleros-en-el-decimo-aniversario-del-dia-de-la-hosteleria\\\/#breadcrumb\",\"itemListElement\":[{\"@type\":\"ListItem\",\"position\":1,\"name\":\"Portada\",\"item\":\"https:\\\/\\\/www.araalicante.com\\\/\"},{\"@type\":\"ListItem\",\"position\":2,\"name\":\"Makro re\u00fane a m\u00e1s de 1.200 hosteleros en el d\u00e9cimo aniversario del D\u00eda de la Hosteler\u00eda\"}]},{\"@type\":\"WebSite\",\"@id\":\"https:\\\/\\\/www.araalicante.com\\\/#website\",\"url\":\"https:\\\/\\\/www.araalicante.com\\\/\",\"name\":\"ARA | Asociaci\u00f3n de Restaurantes Alicante\",\"description\":\"Producto local, restauraci\u00f3n de calidad en Alicante y su provincia\",\"publisher\":{\"@id\":\"https:\\\/\\\/www.araalicante.com\\\/#organization\"},\"potentialAction\":[{\"@type\":\"SearchAction\",\"target\":{\"@type\":\"EntryPoint\",\"urlTemplate\":\"https:\\\/\\\/www.araalicante.com\\\/?s={search_term_string}\"},\"query-input\":{\"@type\":\"PropertyValueSpecification\",\"valueRequired\":true,\"valueName\":\"search_term_string\"}}],\"inLanguage\":\"en-GB\"},{\"@type\":\"Organization\",\"@id\":\"https:\\\/\\\/www.araalicante.com\\\/#organization\",\"name\":\"ARA | Asociaci\u00f3n de Restaurantes Alicante\",\"url\":\"https:\\\/\\\/www.araalicante.com\\\/\",\"logo\":{\"@type\":\"ImageObject\",\"inLanguage\":\"en-GB\",\"@id\":\"https:\\\/\\\/www.araalicante.com\\\/#\\\/schema\\\/logo\\\/image\\\/\",\"url\":\"https:\\\/\\\/www.araalicante.com\\\/wp-content\\\/uploads\\\/2023\\\/09\\\/logoara.png\",\"contentUrl\":\"https:\\\/\\\/www.araalicante.com\\\/wp-content\\\/uploads\\\/2023\\\/09\\\/logoara.png\",\"width\":400,\"height\":85,\"caption\":\"ARA | Asociaci\u00f3n de Restaurantes Alicante\"},\"image\":{\"@id\":\"https:\\\/\\\/www.araalicante.com\\\/#\\\/schema\\\/logo\\\/image\\\/\"},\"sameAs\":[\"https:\\\/\\\/www.facebook.com\\\/Ararestaurantesalicante\",\"https:\\\/\\\/www.instagram.com\\\/ararestaurantesalicante\\\/\"]},{\"@type\":\"Person\",\"@id\":\"https:\\\/\\\/www.araalicante.com\\\/#\\\/schema\\\/person\\\/066f68dc3db0406c0829af861c17332f\",\"name\":\"Antonio Palomera\",\"image\":{\"@type\":\"ImageObject\",\"inLanguage\":\"en-GB\",\"@id\":\"https:\\\/\\\/secure.gravatar.com\\\/avatar\\\/a8378756bb866d8a91ea5808ee291ef099888cc76273b42162b3ab961b9da5df?s=96&d=mm&r=g\",\"url\":\"https:\\\/\\\/secure.gravatar.com\\\/avatar\\\/a8378756bb866d8a91ea5808ee291ef099888cc76273b42162b3ab961b9da5df?s=96&d=mm&r=g\",\"contentUrl\":\"https:\\\/\\\/secure.gravatar.com\\\/avatar\\\/a8378756bb866d8a91ea5808ee291ef099888cc76273b42162b3ab961b9da5df?s=96&d=mm&r=g\",\"caption\":\"Antonio Palomera\"},\"url\":\"https:\\\/\\\/www.araalicante.com\\\/en\\\/author\\\/antonio\\\/\"}]}<\/script>\n<!-- \/ Yoast SEO plugin. -->","yoast_head_json":{"title":"Makro re\u00fane a m\u00e1s de 1.200 hosteleros en el d\u00e9cimo aniversario del D\u00eda de la Hosteler\u00eda - ARA | Asociaci\u00f3n de Restaurantes Alicante","robots":{"index":"index","follow":"follow","max-snippet":"max-snippet:-1","max-image-preview":"max-image-preview:large","max-video-preview":"max-video-preview:-1"},"canonical":"https:\/\/www.araalicante.com\/en\/makro-reune-a-mas-de-1-200-hosteleros-en-el-decimo-aniversario-del-dia-de-la-hosteleria\/","og_locale":"en_GB","og_type":"article","og_title":"Makro re\u00fane a m\u00e1s de 1.200 hosteleros en el d\u00e9cimo aniversario del D\u00eda de la Hosteler\u00eda - ARA | Asociaci\u00f3n de Restaurantes Alicante","og_description":"Con motivo del D\u00eda de la Hosteler\u00eda, Makro ha rendido homenaje a [\u2026]","og_url":"https:\/\/www.araalicante.com\/en\/makro-reune-a-mas-de-1-200-hosteleros-en-el-decimo-aniversario-del-dia-de-la-hosteleria\/","og_site_name":"ARA | Asociaci\u00f3n de Restaurantes Alicante","article_publisher":"https:\/\/www.facebook.com\/Ararestaurantesalicante","article_published_time":"2025-10-15T16:35:25+00:00","og_image":[{"url":"https:\/\/www.hosteleriadigital.es\/wp-content\/uploads\/2025\/10\/makrodiahosteleriaportada-640x344.jpg","type":"","width":"","height":""}],"author":"Antonio Palomera","twitter_card":"summary_large_image","twitter_misc":{"Written by":"Antonio Palomera","Estimated reading time":"5 minutes"},"schema":{"@context":"https:\/\/schema.org","@graph":[{"@type":"Article","@id":"https:\/\/www.araalicante.com\/makro-reune-a-mas-de-1-200-hosteleros-en-el-decimo-aniversario-del-dia-de-la-hosteleria\/#article","isPartOf":{"@id":"https:\/\/www.araalicante.com\/makro-reune-a-mas-de-1-200-hosteleros-en-el-decimo-aniversario-del-dia-de-la-hosteleria\/"},"author":{"name":"Antonio Palomera","@id":"https:\/\/www.araalicante.com\/#\/schema\/person\/066f68dc3db0406c0829af861c17332f"},"headline":"Makro re\u00fane a m\u00e1s de 1.200 hosteleros en el d\u00e9cimo aniversario del D\u00eda de la Hosteler\u00eda","datePublished":"2025-10-15T16:35:25+00:00","mainEntityOfPage":{"@id":"https:\/\/www.araalicante.com\/makro-reune-a-mas-de-1-200-hosteleros-en-el-decimo-aniversario-del-dia-de-la-hosteleria\/"},"wordCount":1021,"publisher":{"@id":"https:\/\/www.araalicante.com\/#organization"},"image":{"@id":"https:\/\/www.araalicante.com\/makro-reune-a-mas-de-1-200-hosteleros-en-el-decimo-aniversario-del-dia-de-la-hosteleria\/#primaryimage"},"thumbnailUrl":"https:\/\/www.hosteleriadigital.es\/wp-content\/uploads\/2025\/10\/makrodiahosteleriaportada-640x344.jpg","articleSection":["Noticias externas"],"inLanguage":"en-GB"},{"@type":"WebPage","@id":"https:\/\/www.araalicante.com\/makro-reune-a-mas-de-1-200-hosteleros-en-el-decimo-aniversario-del-dia-de-la-hosteleria\/","url":"https:\/\/www.araalicante.com\/makro-reune-a-mas-de-1-200-hosteleros-en-el-decimo-aniversario-del-dia-de-la-hosteleria\/","name":"Makro re\u00fane a m\u00e1s de 1.200 hosteleros en el d\u00e9cimo aniversario del D\u00eda de la Hosteler\u00eda - ARA | Asociaci\u00f3n de Restaurantes Alicante","isPartOf":{"@id":"https:\/\/www.araalicante.com\/#website"},"primaryImageOfPage":{"@id":"https:\/\/www.araalicante.com\/makro-reune-a-mas-de-1-200-hosteleros-en-el-decimo-aniversario-del-dia-de-la-hosteleria\/#primaryimage"},"image":{"@id":"https:\/\/www.araalicante.com\/makro-reune-a-mas-de-1-200-hosteleros-en-el-decimo-aniversario-del-dia-de-la-hosteleria\/#primaryimage"},"thumbnailUrl":"https:\/\/www.hosteleriadigital.es\/wp-content\/uploads\/2025\/10\/makrodiahosteleriaportada-640x344.jpg","datePublished":"2025-10-15T16:35:25+00:00","breadcrumb":{"@id":"https:\/\/www.araalicante.com\/makro-reune-a-mas-de-1-200-hosteleros-en-el-decimo-aniversario-del-dia-de-la-hosteleria\/#breadcrumb"},"inLanguage":"en-GB","potentialAction":[{"@type":"ReadAction","target":["https:\/\/www.araalicante.com\/makro-reune-a-mas-de-1-200-hosteleros-en-el-decimo-aniversario-del-dia-de-la-hosteleria\/"]}]},{"@type":"ImageObject","inLanguage":"en-GB","@id":"https:\/\/www.araalicante.com\/makro-reune-a-mas-de-1-200-hosteleros-en-el-decimo-aniversario-del-dia-de-la-hosteleria\/#primaryimage","url":"https:\/\/www.hosteleriadigital.es\/wp-content\/uploads\/2025\/10\/makrodiahosteleriaportada-640x344.jpg","contentUrl":"https:\/\/www.hosteleriadigital.es\/wp-content\/uploads\/2025\/10\/makrodiahosteleriaportada-640x344.jpg"},{"@type":"BreadcrumbList","@id":"https:\/\/www.araalicante.com\/makro-reune-a-mas-de-1-200-hosteleros-en-el-decimo-aniversario-del-dia-de-la-hosteleria\/#breadcrumb","itemListElement":[{"@type":"ListItem","position":1,"name":"Portada","item":"https:\/\/www.araalicante.com\/"},{"@type":"ListItem","position":2,"name":"Makro re\u00fane a m\u00e1s de 1.200 hosteleros en el d\u00e9cimo aniversario del D\u00eda de la Hosteler\u00eda"}]},{"@type":"WebSite","@id":"https:\/\/www.araalicante.com\/#website","url":"https:\/\/www.araalicante.com\/","name":"ARA | Asociaci\u00f3n de Restaurantes Alicante","description":"Producto local, restauraci\u00f3n de calidad en Alicante y su provincia","publisher":{"@id":"https:\/\/www.araalicante.com\/#organization"},"potentialAction":[{"@type":"SearchAction","target":{"@type":"EntryPoint","urlTemplate":"https:\/\/www.araalicante.com\/?s={search_term_string}"},"query-input":{"@type":"PropertyValueSpecification","valueRequired":true,"valueName":"search_term_string"}}],"inLanguage":"en-GB"},{"@type":"Organization","@id":"https:\/\/www.araalicante.com\/#organization","name":"ARA | Asociaci\u00f3n de Restaurantes Alicante","url":"https:\/\/www.araalicante.com\/","logo":{"@type":"ImageObject","inLanguage":"en-GB","@id":"https:\/\/www.araalicante.com\/#\/schema\/logo\/image\/","url":"https:\/\/www.araalicante.com\/wp-content\/uploads\/2023\/09\/logoara.png","contentUrl":"https:\/\/www.araalicante.com\/wp-content\/uploads\/2023\/09\/logoara.png","width":400,"height":85,"caption":"ARA | Asociaci\u00f3n de Restaurantes Alicante"},"image":{"@id":"https:\/\/www.araalicante.com\/#\/schema\/logo\/image\/"},"sameAs":["https:\/\/www.facebook.com\/Ararestaurantesalicante","https:\/\/www.instagram.com\/ararestaurantesalicante\/"]},{"@type":"Person","@id":"https:\/\/www.araalicante.com\/#\/schema\/person\/066f68dc3db0406c0829af861c17332f","name":"Antonio Palomera","image":{"@type":"ImageObject","inLanguage":"en-GB","@id":"https:\/\/secure.gravatar.com\/avatar\/a8378756bb866d8a91ea5808ee291ef099888cc76273b42162b3ab961b9da5df?s=96&d=mm&r=g","url":"https:\/\/secure.gravatar.com\/avatar\/a8378756bb866d8a91ea5808ee291ef099888cc76273b42162b3ab961b9da5df?s=96&d=mm&r=g","contentUrl":"https:\/\/secure.gravatar.com\/avatar\/a8378756bb866d8a91ea5808ee291ef099888cc76273b42162b3ab961b9da5df?s=96&d=mm&r=g","caption":"Antonio Palomera"},"url":"https:\/\/www.araalicante.com\/en\/author\/antonio\/"}]}},"_links":{"self":[{"href":"https:\/\/www.araalicante.com\/en\/wp-json\/wp\/v2\/posts\/5070","targetHints":{"allow":["GET"]}}],"collection":[{"href":"https:\/\/www.araalicante.com\/en\/wp-json\/wp\/v2\/posts"}],"about":[{"href":"https:\/\/www.araalicante.com\/en\/wp-json\/wp\/v2\/types\/post"}],"author":[{"embeddable":true,"href":"https:\/\/www.araalicante.com\/en\/wp-json\/wp\/v2\/users\/17"}],"replies":[{"embeddable":true,"href":"https:\/\/www.araalicante.com\/en\/wp-json\/wp\/v2\/comments?post=5070"}],"version-history":[{"count":0,"href":"https:\/\/www.araalicante.com\/en\/wp-json\/wp\/v2\/posts\/5070\/revisions"}],"wp:attachment":[{"href":"https:\/\/www.araalicante.com\/en\/wp-json\/wp\/v2\/media?parent=5070"}],"wp:term":[{"taxonomy":"category","embeddable":true,"href":"https:\/\/www.araalicante.com\/en\/wp-json\/wp\/v2\/categories?post=5070"},{"taxonomy":"post_tag","embeddable":true,"href":"https:\/\/www.araalicante.com\/en\/wp-json\/wp\/v2\/tags?post=5070"}],"curies":[{"name":"wp","href":"https:\/\/api.w.org\/{rel}","templated":true}]}}