{"id":4897,"date":"2025-06-23T12:16:00","date_gmt":"2025-06-23T10:16:00","guid":{"rendered":"https:\/\/www.araalicante.com\/las-pernoctaciones-en-hoteles-bajan-en-mayo-con-descenso-de-las-de-extranjeros\/"},"modified":"2025-06-23T12:16:00","modified_gmt":"2025-06-23T10:16:00","slug":"las-pernoctaciones-en-hoteles-bajan-en-mayo-con-descenso-de-las-de-extranjeros","status":"publish","type":"post","link":"https:\/\/www.araalicante.com\/en\/las-pernoctaciones-en-hoteles-bajan-en-mayo-con-descenso-de-las-de-extranjeros\/","title":{"rendered":"Las pernoctaciones en hoteles bajan en mayo, con descenso de las de extranjeros"},"content":{"rendered":"<div>\n<p><img fetchpriority=\"high\" decoding=\"async\" class=\"aligncenter wp-image-32446 size-full lazyload\" src=\"https:\/\/www.hosteleriadigital.es\/wp-content\/uploads\/2025\/06\/Ocupacion-Hotelera-may25.jpg\" alt=\"\" width=\"520\" height=\"320\"\/><noscript><img loading=\"lazy\" decoding=\"async\" class=\"aligncenter wp-image-32446 size-full lazyload\" src=\"https:\/\/www.hosteleriadigital.es\/wp-content\/uploads\/2025\/06\/Ocupacion-Hotelera-may25.jpg\" alt=\"\" width=\"520\" height=\"320\" srcset=\"https:\/\/www.hosteleriadigital.es\/wp-content\/uploads\/2025\/06\/Ocupacion-Hotelera-may25.jpg 520w, https:\/\/www.hosteleriadigital.es\/wp-content\/uploads\/2025\/06\/Ocupacion-Hotelera-may25-300x185.jpg 300w, https:\/\/www.hosteleriadigital.es\/wp-content\/uploads\/2025\/06\/Ocupacion-Hotelera-may25-150x92.jpg 150w\" sizes=\"auto, (max-width: 520px) 100vw, 520px\"\/><\/noscript><\/p>\n<p>Las pernoctaciones en hoteles descendieron en mayo un 0,4% respecto al mismo mes del a\u00f1o anterior, con un total de 35,5 millones, seg\u00fan los datos de la Encuesta de Ocupaci\u00f3n Hotelera del INE. Las noches de los espa\u00f1oles aumentaron un 2,5% hasta de 10,9 millones, mientras que las de los extranjeros descendieron un 1,6%, hasta 24,7 millones.<\/p>\n<p>En los cinco primeros meses del a\u00f1o, las pernoctaciones permanecieron invariables respecto al mismo per\u00edodo de 2024, con 122,3 millones. Las de los espa\u00f1oles suponen un 0,4% menos, mientras que las de los extranjeros aumentaron un 0,2%.<\/p>\n<p><strong>Andaluc\u00eda<\/strong>, <strong>Catalu\u00f1a y la Comunidad Valenciana<\/strong> fueron los destinos principales de los espa\u00f1oles en mayo, con el 20,3%, 14,5% y 11,8% del total de las pernoctaciones, respectivamente. Por su parte, <strong>Baleares<\/strong> fue el destino m\u00e1s visitado por los extranjeros, con el 30,4% de las pernoctaciones, seguido de <strong>Canarias <\/strong>y <strong>Catalu\u00f1a<\/strong>, que representan el 18,2% y el 18,1% del total, respectivamente.<\/p>\n<p>Por zonas tur\u00edsticas, isla de Mallorca registr\u00f3 el mayor n\u00famero de pernoctaciones, con m\u00e1s de 6,2 millones, y los puntos tur\u00edsticos con m\u00e1s pernoctaciones fueron Madrid, Barcelona y Calvi\u00e0.<\/p>\n<p><strong>El \u00cdndice de Precios Hoteleros (IPH) subi\u00f3 un 5,7% <\/strong>en mayo respecto al mismo mes de 2024 que supone 1,2 puntos menos que en abril, y 2,3 puntos menos que el \u00edndice de mayo del a\u00f1o anterior. La mayor subida tuvo lugar en Arag\u00f3n (9,8%), mientras que Cantabria tuvo el descenso m\u00e1s acusado (-0,9%). Por categor\u00edas, el mayor incremento de precios tuvo lugar en los hostales de dos y tres estrellas (9,8%).<\/p>\n<p><strong>Los hoteles facturaron<\/strong> por cada habitaci\u00f3n ocupada una media de 118 euros en mayo, <strong>un 5,6% m\u00e1s<\/strong> que en el mismo mes de 2024, y el ingreso medio diario por habitaci\u00f3n disponible (RevPAR), condicionado por la ocupaci\u00f3n registrada en los hoteles, alcanz\u00f3 los 82,9 euros, con un aumento de un 5,6%.<\/p>\n<\/div>\n<p><a href=\"https:\/\/www.hosteleriadigital.es\/2025\/06\/23\/las-pernoctaciones-en-hoteles-bajan-en-mayo-con-descenso-de-las-de-extranjeros\/\">source<\/a><\/p>","protected":false},"excerpt":{"rendered":"<p>Las pernoctaciones en hoteles descendieron en mayo un 0,4% respecto al mismo<span class=\"excerpt-hellip\"> [\u2026]<\/span><\/p>\n","protected":false},"author":17,"featured_media":0,"comment_status":"","ping_status":"","sticky":false,"template":"","format":"standard","meta":{"footnotes":""},"categories":[1],"tags":[],"class_list":["post-4897","post","type-post","status-publish","format-standard","hentry","category-noticias-externas"],"yoast_head":"<!-- This site is optimized with the Yoast SEO plugin v27.4 - https:\/\/yoast.com\/product\/yoast-seo-wordpress\/ -->\n<title>Las pernoctaciones en hoteles bajan en mayo, con descenso de las de extranjeros - ARA | Asociaci\u00f3n de Restaurantes Alicante<\/title>\n<meta name=\"robots\" content=\"index, follow, max-snippet:-1, max-image-preview:large, max-video-preview:-1\" \/>\n<link rel=\"canonical\" href=\"https:\/\/www.araalicante.com\/en\/las-pernoctaciones-en-hoteles-bajan-en-mayo-con-descenso-de-las-de-extranjeros\/\" \/>\n<meta property=\"og:locale\" content=\"en_GB\" \/>\n<meta property=\"og:type\" content=\"article\" \/>\n<meta property=\"og:title\" content=\"Las pernoctaciones en hoteles bajan en mayo, con descenso de las de extranjeros - ARA | Asociaci\u00f3n de Restaurantes Alicante\" \/>\n<meta property=\"og:description\" content=\"Las pernoctaciones en hoteles descendieron en mayo un 0,4% respecto al mismo [\u2026]\" \/>\n<meta property=\"og:url\" content=\"https:\/\/www.araalicante.com\/en\/las-pernoctaciones-en-hoteles-bajan-en-mayo-con-descenso-de-las-de-extranjeros\/\" \/>\n<meta property=\"og:site_name\" content=\"ARA | Asociaci\u00f3n de Restaurantes Alicante\" \/>\n<meta property=\"article:publisher\" content=\"https:\/\/www.facebook.com\/Ararestaurantesalicante\" \/>\n<meta property=\"article:published_time\" content=\"2025-06-23T10:16:00+00:00\" \/>\n<meta property=\"og:image\" content=\"https:\/\/www.araalicante.com\/wp-content\/uploads\/2023\/10\/Sin-titulo-1.png\" \/>\n\t<meta property=\"og:image:width\" content=\"200\" \/>\n\t<meta property=\"og:image:height\" content=\"200\" \/>\n\t<meta property=\"og:image:type\" content=\"image\/png\" \/>\n<meta name=\"author\" content=\"Antonio Palomera\" \/>\n<meta name=\"twitter:card\" content=\"summary_large_image\" \/>\n<meta name=\"twitter:label1\" content=\"Written by\" \/>\n\t<meta name=\"twitter:data1\" content=\"Antonio Palomera\" \/>\n\t<meta name=\"twitter:label2\" content=\"Estimated reading time\" \/>\n\t<meta name=\"twitter:data2\" content=\"2 minutes\" \/>\n<script type=\"application\/ld+json\" class=\"yoast-schema-graph\">{\"@context\":\"https:\\\/\\\/schema.org\",\"@graph\":[{\"@type\":\"Article\",\"@id\":\"https:\\\/\\\/www.araalicante.com\\\/las-pernoctaciones-en-hoteles-bajan-en-mayo-con-descenso-de-las-de-extranjeros\\\/#article\",\"isPartOf\":{\"@id\":\"https:\\\/\\\/www.araalicante.com\\\/las-pernoctaciones-en-hoteles-bajan-en-mayo-con-descenso-de-las-de-extranjeros\\\/\"},\"author\":{\"name\":\"Antonio Palomera\",\"@id\":\"https:\\\/\\\/www.araalicante.com\\\/#\\\/schema\\\/person\\\/066f68dc3db0406c0829af861c17332f\"},\"headline\":\"Las pernoctaciones en hoteles bajan en mayo, con descenso de las de extranjeros\",\"datePublished\":\"2025-06-23T10:16:00+00:00\",\"mainEntityOfPage\":{\"@id\":\"https:\\\/\\\/www.araalicante.com\\\/las-pernoctaciones-en-hoteles-bajan-en-mayo-con-descenso-de-las-de-extranjeros\\\/\"},\"wordCount\":317,\"publisher\":{\"@id\":\"https:\\\/\\\/www.araalicante.com\\\/#organization\"},\"image\":{\"@id\":\"https:\\\/\\\/www.araalicante.com\\\/las-pernoctaciones-en-hoteles-bajan-en-mayo-con-descenso-de-las-de-extranjeros\\\/#primaryimage\"},\"thumbnailUrl\":\"https:\\\/\\\/www.hosteleriadigital.es\\\/wp-content\\\/uploads\\\/2025\\\/06\\\/Ocupacion-Hotelera-may25.jpg\",\"articleSection\":[\"Noticias externas\"],\"inLanguage\":\"en-GB\"},{\"@type\":\"WebPage\",\"@id\":\"https:\\\/\\\/www.araalicante.com\\\/las-pernoctaciones-en-hoteles-bajan-en-mayo-con-descenso-de-las-de-extranjeros\\\/\",\"url\":\"https:\\\/\\\/www.araalicante.com\\\/las-pernoctaciones-en-hoteles-bajan-en-mayo-con-descenso-de-las-de-extranjeros\\\/\",\"name\":\"Las pernoctaciones en hoteles bajan en mayo, con descenso de las de extranjeros - ARA | Asociaci\u00f3n de Restaurantes Alicante\",\"isPartOf\":{\"@id\":\"https:\\\/\\\/www.araalicante.com\\\/#website\"},\"primaryImageOfPage\":{\"@id\":\"https:\\\/\\\/www.araalicante.com\\\/las-pernoctaciones-en-hoteles-bajan-en-mayo-con-descenso-de-las-de-extranjeros\\\/#primaryimage\"},\"image\":{\"@id\":\"https:\\\/\\\/www.araalicante.com\\\/las-pernoctaciones-en-hoteles-bajan-en-mayo-con-descenso-de-las-de-extranjeros\\\/#primaryimage\"},\"thumbnailUrl\":\"https:\\\/\\\/www.hosteleriadigital.es\\\/wp-content\\\/uploads\\\/2025\\\/06\\\/Ocupacion-Hotelera-may25.jpg\",\"datePublished\":\"2025-06-23T10:16:00+00:00\",\"breadcrumb\":{\"@id\":\"https:\\\/\\\/www.araalicante.com\\\/las-pernoctaciones-en-hoteles-bajan-en-mayo-con-descenso-de-las-de-extranjeros\\\/#breadcrumb\"},\"inLanguage\":\"en-GB\",\"potentialAction\":[{\"@type\":\"ReadAction\",\"target\":[\"https:\\\/\\\/www.araalicante.com\\\/las-pernoctaciones-en-hoteles-bajan-en-mayo-con-descenso-de-las-de-extranjeros\\\/\"]}]},{\"@type\":\"ImageObject\",\"inLanguage\":\"en-GB\",\"@id\":\"https:\\\/\\\/www.araalicante.com\\\/las-pernoctaciones-en-hoteles-bajan-en-mayo-con-descenso-de-las-de-extranjeros\\\/#primaryimage\",\"url\":\"https:\\\/\\\/www.hosteleriadigital.es\\\/wp-content\\\/uploads\\\/2025\\\/06\\\/Ocupacion-Hotelera-may25.jpg\",\"contentUrl\":\"https:\\\/\\\/www.hosteleriadigital.es\\\/wp-content\\\/uploads\\\/2025\\\/06\\\/Ocupacion-Hotelera-may25.jpg\"},{\"@type\":\"BreadcrumbList\",\"@id\":\"https:\\\/\\\/www.araalicante.com\\\/las-pernoctaciones-en-hoteles-bajan-en-mayo-con-descenso-de-las-de-extranjeros\\\/#breadcrumb\",\"itemListElement\":[{\"@type\":\"ListItem\",\"position\":1,\"name\":\"Portada\",\"item\":\"https:\\\/\\\/www.araalicante.com\\\/\"},{\"@type\":\"ListItem\",\"position\":2,\"name\":\"Las pernoctaciones en hoteles bajan en mayo, con descenso de las de extranjeros\"}]},{\"@type\":\"WebSite\",\"@id\":\"https:\\\/\\\/www.araalicante.com\\\/#website\",\"url\":\"https:\\\/\\\/www.araalicante.com\\\/\",\"name\":\"ARA | Asociaci\u00f3n de Restaurantes Alicante\",\"description\":\"Producto local, restauraci\u00f3n de calidad en Alicante y su provincia\",\"publisher\":{\"@id\":\"https:\\\/\\\/www.araalicante.com\\\/#organization\"},\"potentialAction\":[{\"@type\":\"SearchAction\",\"target\":{\"@type\":\"EntryPoint\",\"urlTemplate\":\"https:\\\/\\\/www.araalicante.com\\\/?s={search_term_string}\"},\"query-input\":{\"@type\":\"PropertyValueSpecification\",\"valueRequired\":true,\"valueName\":\"search_term_string\"}}],\"inLanguage\":\"en-GB\"},{\"@type\":\"Organization\",\"@id\":\"https:\\\/\\\/www.araalicante.com\\\/#organization\",\"name\":\"ARA | Asociaci\u00f3n de Restaurantes Alicante\",\"url\":\"https:\\\/\\\/www.araalicante.com\\\/\",\"logo\":{\"@type\":\"ImageObject\",\"inLanguage\":\"en-GB\",\"@id\":\"https:\\\/\\\/www.araalicante.com\\\/#\\\/schema\\\/logo\\\/image\\\/\",\"url\":\"https:\\\/\\\/www.araalicante.com\\\/wp-content\\\/uploads\\\/2023\\\/09\\\/logoara.png\",\"contentUrl\":\"https:\\\/\\\/www.araalicante.com\\\/wp-content\\\/uploads\\\/2023\\\/09\\\/logoara.png\",\"width\":400,\"height\":85,\"caption\":\"ARA | Asociaci\u00f3n de Restaurantes Alicante\"},\"image\":{\"@id\":\"https:\\\/\\\/www.araalicante.com\\\/#\\\/schema\\\/logo\\\/image\\\/\"},\"sameAs\":[\"https:\\\/\\\/www.facebook.com\\\/Ararestaurantesalicante\",\"https:\\\/\\\/www.instagram.com\\\/ararestaurantesalicante\\\/\"]},{\"@type\":\"Person\",\"@id\":\"https:\\\/\\\/www.araalicante.com\\\/#\\\/schema\\\/person\\\/066f68dc3db0406c0829af861c17332f\",\"name\":\"Antonio Palomera\",\"image\":{\"@type\":\"ImageObject\",\"inLanguage\":\"en-GB\",\"@id\":\"https:\\\/\\\/secure.gravatar.com\\\/avatar\\\/a8378756bb866d8a91ea5808ee291ef099888cc76273b42162b3ab961b9da5df?s=96&d=mm&r=g\",\"url\":\"https:\\\/\\\/secure.gravatar.com\\\/avatar\\\/a8378756bb866d8a91ea5808ee291ef099888cc76273b42162b3ab961b9da5df?s=96&d=mm&r=g\",\"contentUrl\":\"https:\\\/\\\/secure.gravatar.com\\\/avatar\\\/a8378756bb866d8a91ea5808ee291ef099888cc76273b42162b3ab961b9da5df?s=96&d=mm&r=g\",\"caption\":\"Antonio Palomera\"},\"url\":\"https:\\\/\\\/www.araalicante.com\\\/en\\\/author\\\/antonio\\\/\"}]}<\/script>\n<!-- \/ Yoast SEO plugin. -->","yoast_head_json":{"title":"Las pernoctaciones en hoteles bajan en mayo, con descenso de las de extranjeros - ARA | Asociaci\u00f3n de Restaurantes Alicante","robots":{"index":"index","follow":"follow","max-snippet":"max-snippet:-1","max-image-preview":"max-image-preview:large","max-video-preview":"max-video-preview:-1"},"canonical":"https:\/\/www.araalicante.com\/en\/las-pernoctaciones-en-hoteles-bajan-en-mayo-con-descenso-de-las-de-extranjeros\/","og_locale":"en_GB","og_type":"article","og_title":"Las pernoctaciones en hoteles bajan en mayo, con descenso de las de extranjeros - ARA | Asociaci\u00f3n de Restaurantes Alicante","og_description":"Las pernoctaciones en hoteles descendieron en mayo un 0,4% respecto al mismo [\u2026]","og_url":"https:\/\/www.araalicante.com\/en\/las-pernoctaciones-en-hoteles-bajan-en-mayo-con-descenso-de-las-de-extranjeros\/","og_site_name":"ARA | Asociaci\u00f3n de Restaurantes Alicante","article_publisher":"https:\/\/www.facebook.com\/Ararestaurantesalicante","article_published_time":"2025-06-23T10:16:00+00:00","og_image":[{"width":200,"height":200,"url":"https:\/\/www.araalicante.com\/wp-content\/uploads\/2023\/10\/Sin-titulo-1.png","type":"image\/png"}],"author":"Antonio Palomera","twitter_card":"summary_large_image","twitter_misc":{"Written by":"Antonio Palomera","Estimated reading time":"2 minutes"},"schema":{"@context":"https:\/\/schema.org","@graph":[{"@type":"Article","@id":"https:\/\/www.araalicante.com\/las-pernoctaciones-en-hoteles-bajan-en-mayo-con-descenso-de-las-de-extranjeros\/#article","isPartOf":{"@id":"https:\/\/www.araalicante.com\/las-pernoctaciones-en-hoteles-bajan-en-mayo-con-descenso-de-las-de-extranjeros\/"},"author":{"name":"Antonio Palomera","@id":"https:\/\/www.araalicante.com\/#\/schema\/person\/066f68dc3db0406c0829af861c17332f"},"headline":"Las pernoctaciones en hoteles bajan en mayo, con descenso de las de extranjeros","datePublished":"2025-06-23T10:16:00+00:00","mainEntityOfPage":{"@id":"https:\/\/www.araalicante.com\/las-pernoctaciones-en-hoteles-bajan-en-mayo-con-descenso-de-las-de-extranjeros\/"},"wordCount":317,"publisher":{"@id":"https:\/\/www.araalicante.com\/#organization"},"image":{"@id":"https:\/\/www.araalicante.com\/las-pernoctaciones-en-hoteles-bajan-en-mayo-con-descenso-de-las-de-extranjeros\/#primaryimage"},"thumbnailUrl":"https:\/\/www.hosteleriadigital.es\/wp-content\/uploads\/2025\/06\/Ocupacion-Hotelera-may25.jpg","articleSection":["Noticias externas"],"inLanguage":"en-GB"},{"@type":"WebPage","@id":"https:\/\/www.araalicante.com\/las-pernoctaciones-en-hoteles-bajan-en-mayo-con-descenso-de-las-de-extranjeros\/","url":"https:\/\/www.araalicante.com\/las-pernoctaciones-en-hoteles-bajan-en-mayo-con-descenso-de-las-de-extranjeros\/","name":"Las pernoctaciones en hoteles bajan en mayo, con descenso de las de extranjeros - ARA | Asociaci\u00f3n de Restaurantes Alicante","isPartOf":{"@id":"https:\/\/www.araalicante.com\/#website"},"primaryImageOfPage":{"@id":"https:\/\/www.araalicante.com\/las-pernoctaciones-en-hoteles-bajan-en-mayo-con-descenso-de-las-de-extranjeros\/#primaryimage"},"image":{"@id":"https:\/\/www.araalicante.com\/las-pernoctaciones-en-hoteles-bajan-en-mayo-con-descenso-de-las-de-extranjeros\/#primaryimage"},"thumbnailUrl":"https:\/\/www.hosteleriadigital.es\/wp-content\/uploads\/2025\/06\/Ocupacion-Hotelera-may25.jpg","datePublished":"2025-06-23T10:16:00+00:00","breadcrumb":{"@id":"https:\/\/www.araalicante.com\/las-pernoctaciones-en-hoteles-bajan-en-mayo-con-descenso-de-las-de-extranjeros\/#breadcrumb"},"inLanguage":"en-GB","potentialAction":[{"@type":"ReadAction","target":["https:\/\/www.araalicante.com\/las-pernoctaciones-en-hoteles-bajan-en-mayo-con-descenso-de-las-de-extranjeros\/"]}]},{"@type":"ImageObject","inLanguage":"en-GB","@id":"https:\/\/www.araalicante.com\/las-pernoctaciones-en-hoteles-bajan-en-mayo-con-descenso-de-las-de-extranjeros\/#primaryimage","url":"https:\/\/www.hosteleriadigital.es\/wp-content\/uploads\/2025\/06\/Ocupacion-Hotelera-may25.jpg","contentUrl":"https:\/\/www.hosteleriadigital.es\/wp-content\/uploads\/2025\/06\/Ocupacion-Hotelera-may25.jpg"},{"@type":"BreadcrumbList","@id":"https:\/\/www.araalicante.com\/las-pernoctaciones-en-hoteles-bajan-en-mayo-con-descenso-de-las-de-extranjeros\/#breadcrumb","itemListElement":[{"@type":"ListItem","position":1,"name":"Portada","item":"https:\/\/www.araalicante.com\/"},{"@type":"ListItem","position":2,"name":"Las pernoctaciones en hoteles bajan en mayo, con descenso de las de extranjeros"}]},{"@type":"WebSite","@id":"https:\/\/www.araalicante.com\/#website","url":"https:\/\/www.araalicante.com\/","name":"ARA | Asociaci\u00f3n de Restaurantes Alicante","description":"Producto local, restauraci\u00f3n de calidad en Alicante y su provincia","publisher":{"@id":"https:\/\/www.araalicante.com\/#organization"},"potentialAction":[{"@type":"SearchAction","target":{"@type":"EntryPoint","urlTemplate":"https:\/\/www.araalicante.com\/?s={search_term_string}"},"query-input":{"@type":"PropertyValueSpecification","valueRequired":true,"valueName":"search_term_string"}}],"inLanguage":"en-GB"},{"@type":"Organization","@id":"https:\/\/www.araalicante.com\/#organization","name":"ARA | Asociaci\u00f3n de Restaurantes Alicante","url":"https:\/\/www.araalicante.com\/","logo":{"@type":"ImageObject","inLanguage":"en-GB","@id":"https:\/\/www.araalicante.com\/#\/schema\/logo\/image\/","url":"https:\/\/www.araalicante.com\/wp-content\/uploads\/2023\/09\/logoara.png","contentUrl":"https:\/\/www.araalicante.com\/wp-content\/uploads\/2023\/09\/logoara.png","width":400,"height":85,"caption":"ARA | Asociaci\u00f3n de Restaurantes Alicante"},"image":{"@id":"https:\/\/www.araalicante.com\/#\/schema\/logo\/image\/"},"sameAs":["https:\/\/www.facebook.com\/Ararestaurantesalicante","https:\/\/www.instagram.com\/ararestaurantesalicante\/"]},{"@type":"Person","@id":"https:\/\/www.araalicante.com\/#\/schema\/person\/066f68dc3db0406c0829af861c17332f","name":"Antonio Palomera","image":{"@type":"ImageObject","inLanguage":"en-GB","@id":"https:\/\/secure.gravatar.com\/avatar\/a8378756bb866d8a91ea5808ee291ef099888cc76273b42162b3ab961b9da5df?s=96&d=mm&r=g","url":"https:\/\/secure.gravatar.com\/avatar\/a8378756bb866d8a91ea5808ee291ef099888cc76273b42162b3ab961b9da5df?s=96&d=mm&r=g","contentUrl":"https:\/\/secure.gravatar.com\/avatar\/a8378756bb866d8a91ea5808ee291ef099888cc76273b42162b3ab961b9da5df?s=96&d=mm&r=g","caption":"Antonio Palomera"},"url":"https:\/\/www.araalicante.com\/en\/author\/antonio\/"}]}},"_links":{"self":[{"href":"https:\/\/www.araalicante.com\/en\/wp-json\/wp\/v2\/posts\/4897","targetHints":{"allow":["GET"]}}],"collection":[{"href":"https:\/\/www.araalicante.com\/en\/wp-json\/wp\/v2\/posts"}],"about":[{"href":"https:\/\/www.araalicante.com\/en\/wp-json\/wp\/v2\/types\/post"}],"author":[{"embeddable":true,"href":"https:\/\/www.araalicante.com\/en\/wp-json\/wp\/v2\/users\/17"}],"replies":[{"embeddable":true,"href":"https:\/\/www.araalicante.com\/en\/wp-json\/wp\/v2\/comments?post=4897"}],"version-history":[{"count":0,"href":"https:\/\/www.araalicante.com\/en\/wp-json\/wp\/v2\/posts\/4897\/revisions"}],"wp:attachment":[{"href":"https:\/\/www.araalicante.com\/en\/wp-json\/wp\/v2\/media?parent=4897"}],"wp:term":[{"taxonomy":"category","embeddable":true,"href":"https:\/\/www.araalicante.com\/en\/wp-json\/wp\/v2\/categories?post=4897"},{"taxonomy":"post_tag","embeddable":true,"href":"https:\/\/www.araalicante.com\/en\/wp-json\/wp\/v2\/tags?post=4897"}],"curies":[{"name":"wp","href":"https:\/\/api.w.org\/{rel}","templated":true}]}}