{"id":4896,"date":"2025-06-23T08:55:36","date_gmt":"2025-06-23T06:55:36","guid":{"rendered":"https:\/\/www.araalicante.com\/avora-un-ejemplo-de-colaboracion-y-compromiso-con-la-proteccion-de-nuestro-entorno\/"},"modified":"2025-06-23T08:55:36","modified_gmt":"2025-06-23T06:55:36","slug":"avora-un-ejemplo-de-colaboracion-y-compromiso-con-la-proteccion-de-nuestro-entorno","status":"publish","type":"post","link":"https:\/\/www.araalicante.com\/en\/avora-un-ejemplo-de-colaboracion-y-compromiso-con-la-proteccion-de-nuestro-entorno\/","title":{"rendered":"\u00c1vora, un ejemplo de colaboraci\u00f3n y compromiso con la protecci\u00f3n de nuestro entorno"},"content":{"rendered":"<div>\n<p><a href=\"https:\/\/www.hosteleriadigital.es\/wp-content\/uploads\/2025\/06\/avora-foto-1.jpg\"><img fetchpriority=\"high\" decoding=\"async\" class=\"alignleft wp-image-32384 lazyload\" src=\"https:\/\/www.hosteleriadigital.es\/wp-content\/uploads\/2025\/06\/avora-foto-1.jpg\" alt=\"\" width=\"266\" height=\"354\"\/><noscript><img loading=\"lazy\" decoding=\"async\" class=\"alignleft wp-image-32384 lazyload\" src=\"https:\/\/www.hosteleriadigital.es\/wp-content\/uploads\/2025\/06\/avora-foto-1.jpg\" alt=\"\" width=\"266\" height=\"354\" srcset=\"https:\/\/www.hosteleriadigital.es\/wp-content\/uploads\/2025\/06\/avora-foto-1.jpg 596w, https:\/\/www.hosteleriadigital.es\/wp-content\/uploads\/2025\/06\/avora-foto-1-225x300.jpg 225w, https:\/\/www.hosteleriadigital.es\/wp-content\/uploads\/2025\/06\/avora-foto-1-112x150.jpg 112w, https:\/\/www.hosteleriadigital.es\/wp-content\/uploads\/2025\/06\/avora-foto-1-315x420.jpg 315w\" sizes=\"auto, (max-width: 266px) 100vw, 266px\"\/><\/noscript><\/a>\u00c1vora es la asociaci\u00f3n que ha impulsado el sector del tabaco para dar una respuesta conjunta a la normativa de responsabilidad ampliada del productor, que afecta a los productos del tabaco con filtros y los filtros de tabaco con pl\u00e1stico. Esta iniciativa se enmarca en lo que se conoce como un <em>Sistema Colectivo de Responsabilidad Ampliada del Productor<\/em> o SCRAP.<\/p>\n<p>El sector lleva trabajando de manera coordinada durante m\u00e1s de cinco a\u00f1os para estar preparado ante la publicaci\u00f3n de esta normativa. La Mesa del Tabaco ha liderado la creaci\u00f3n de \u00c1vora, anticip\u00e1ndose a las obligaciones legales, evaluando distintos escenarios t\u00e9cnicos y poniendo en marcha campa\u00f1as de comunicaci\u00f3n.<\/p>\n<p>Este hito refleja el compromiso del sector del tabaco con la sostenibilidad. <strong>Gracias a esta capacidad de anticipaci\u00f3n y compromiso, \u00c1vora ya estaba plenamente operativa<\/strong> en el momento en el que el Real Decreto 1093\/2024 de 22 de octubre por el que se regula la gesti\u00f3n de los residuos de los productos del tabaco con filtros y de los filtros comercializados para utilizarse con productos del tabaco que contengan pl\u00e1stico y que sean de un solo uso se public\u00f3.<\/p>\n<p>La asociaci\u00f3n \u00c1vora, en l\u00ednea con la Directiva (UE) 2019\/904 de 5 de junio de 2019 relativa a la reducci\u00f3n del impacto de determinados productos de pl\u00e1stico en el medio ambiente y la Ley 7\/2022, de 8 de abril, de residuos y suelos contaminados para una econom\u00eda circular, tiene como objetivo la prevenci\u00f3n de la basura dispersa en nuestro entorno, cambiar comportamientos para que los fumadores desechen el residuo colilla de manera responsable y lograr as\u00ed un entorno m\u00e1s limpio.<\/p>\n<h2><strong>Desde el 2019 concienciando sobre la importancia de prevenir la basura dispersa<\/strong><\/h2>\n<p>Las campa\u00f1as de concienciaci\u00f3n son una prioridad para \u00c1vora, convencidos de su papel clave en la transformaci\u00f3n de h\u00e1bitos y comportamientos. Por eso, gran parte de nuestros esfuerzos se centran en este \u00e1mbito.<\/p>\n<p>Una de las principales iniciativas es la <strong>campa\u00f1a Depende de TODOS<\/strong>, puesta en marcha en 2019 por parte de la Mesa del Tabaco. Su objetivo es doble: por un lado, dar a conocer el uso del cenicero port\u00e1til como una soluci\u00f3n pr\u00e1ctica para que los fumadores desechen correctamente sus colillas; por otro, sensibilizar sobre la importancia de cuidar el entorno y prevenir la contaminaci\u00f3n. Estos ceniceros port\u00e1tiles y reutilizables se distribuyen gratuitamente en lugares y eventos donde se concentra un alto n\u00famero de fumadores adultos. Algunos ejemplos son las Fallas de Valencia, el Carnaval de C\u00e1diz, la Semana Santa de M\u00e1laga, mercadillos de productores o festivales culturales en entornos naturales.<\/p>\n<p><a href=\"https:\/\/www.hosteleriadigital.es\/wp-content\/uploads\/2025\/06\/avora-foto-2.jpg\"><img loading=\"lazy\" decoding=\"async\" class=\"alignleft size-full wp-image-32383 lazyload\" src=\"https:\/\/www.hosteleriadigital.es\/wp-content\/uploads\/2025\/06\/avora-foto-2.jpg\" alt=\"\" width=\"675\" height=\"389\"\/><noscript><img loading=\"lazy\" decoding=\"async\" class=\"alignleft size-full wp-image-32383 lazyload\" src=\"https:\/\/www.hosteleriadigital.es\/wp-content\/uploads\/2025\/06\/avora-foto-2.jpg\" alt=\"\" width=\"675\" height=\"389\" srcset=\"https:\/\/www.hosteleriadigital.es\/wp-content\/uploads\/2025\/06\/avora-foto-2.jpg 675w, https:\/\/www.hosteleriadigital.es\/wp-content\/uploads\/2025\/06\/avora-foto-2-300x173.jpg 300w, https:\/\/www.hosteleriadigital.es\/wp-content\/uploads\/2025\/06\/avora-foto-2-150x86.jpg 150w, https:\/\/www.hosteleriadigital.es\/wp-content\/uploads\/2025\/06\/avora-foto-2-640x369.jpg 640w\" sizes=\"auto, (max-width: 675px) 100vw, 675px\"\/><\/noscript><\/a><\/p>\n<p>Desde el inicio de esta campa\u00f1a se han repartido m\u00e1s de 320.000 ceniceros y durante este verano esperamos repartir m\u00e1s de 60.000. Las encuestas realizadas muestran que esta medida est\u00e1 muy bien valorada por los fumadores, quienes la perciben como una herramienta \u00fatil y un gesto positivo hacia el medio ambiente.<\/p>\n<h2><strong>La Hosteler\u00eda, pieza fundamental para promover un comportamiento responsable en el correcto desecho de las colillas.<\/strong><\/h2>\n<p>Con la entrada en vigor del Real Decreto 1093\/2024 de 22 de octubre que regula la responsabilidad ampliada del productor de los filtros de tabaco con pl\u00e1stico, <strong>los establecimientos hosteleros tienen un papel importante para facilitar que el fumador deseche adecuadamente las colillas.<\/strong><\/p>\n<p><strong>En primer lugar, deben contar con infraestructuras espec\u00edficas para la recogida de colillas en las zonas donde se permite fumar<\/strong>. En la pr\u00e1ctica, esto significa disponer de ceniceros adecuados, una medida que ya est\u00e1 implementada en todos los locales.<\/p>\n<p>Las colillas son residuos municipales cuya gesti\u00f3n recae en los ayuntamientos, <strong>los establecimientos deben asegurarse de vaciar los ceniceros en los contenedores de fracci\u00f3n resto<\/strong>, no es necesaria una recogida separada.<\/p>\n<p>Adem\u00e1s, <strong>aquellos establecimientos que dispongan de una m\u00e1quina PVR para venta de tabaco<\/strong> <strong>tienen una<\/strong> <strong>nueva responsabilidad<\/strong>: <strong>informar a los consumidores sobre como desechar adecuadamente las colillas<\/strong>.<\/p>\n<h2><strong>\u00bfEn qu\u00e9 consiste esta obligaci\u00f3n?<\/strong><\/h2>\n<p>Cualquier establecimiento que comercialice productos del tabaco con filtros o filtros sueltos que contengan pl\u00e1stico tiene el deber de <strong>informar claramente a los consumidores<\/strong> <strong>sobre c\u00f3mo desechar adecuadamente las colillas<\/strong> entre los que se incluyen <strong>los establecimientos con m\u00e1quinas PVR para la venta de tabaco.<\/strong><\/p>\n<p>\u00c1vora, ha tomado la iniciativa de facilitar el cumplimiento de esta obligaci\u00f3n informando a los sectores implicados, as\u00ed como desarrollando una serie de materiales, tanto digitales como en formato f\u00edsico, con el lema <strong>`No dejes basura, deja ejemplo\u2019<\/strong>, para facilitar a los establecimientos afectados, su cumplimiento.<\/p>\n<h2><strong><a href=\"https:\/\/www.hosteleriadigital.es\/wp-content\/uploads\/2025\/06\/avora-foto-3.jpg\"><img loading=\"lazy\" decoding=\"async\" class=\"alignleft wp-image-32382 lazyload\" src=\"https:\/\/www.hosteleriadigital.es\/wp-content\/uploads\/2025\/06\/avora-foto-3.jpg\" alt=\"\" width=\"266\" height=\"538\"\/><noscript><img loading=\"lazy\" decoding=\"async\" class=\"alignleft wp-image-32382 lazyload\" src=\"https:\/\/www.hosteleriadigital.es\/wp-content\/uploads\/2025\/06\/avora-foto-3.jpg\" alt=\"\" width=\"266\" height=\"538\" srcset=\"https:\/\/www.hosteleriadigital.es\/wp-content\/uploads\/2025\/06\/avora-foto-3.jpg 424w, https:\/\/www.hosteleriadigital.es\/wp-content\/uploads\/2025\/06\/avora-foto-3-148x300.jpg 148w, https:\/\/www.hosteleriadigital.es\/wp-content\/uploads\/2025\/06\/avora-foto-3-74x150.jpg 74w, https:\/\/www.hosteleriadigital.es\/wp-content\/uploads\/2025\/06\/avora-foto-3-208x420.jpg 208w\" sizes=\"auto, (max-width: 266px) 100vw, 266px\"\/><\/noscript><\/a>\u00bfQu\u00e9 deben hacer los establecimientos con m\u00e1quinas PVR?<\/strong><\/h2>\n<p>Informar al fumador en un lugar visible sobre la necesidad de desechar adecuadamente las colillas y no arrojarlas al suelo. En los casos en los que las m\u00e1quinas PVR dispongan de pantallas digitales, estas podr\u00e1n mostrar la imagen de la campa\u00f1a.<\/p>\n<p><strong>La implicaci\u00f3n activa de los hosteleros en esta labor es fundamental<\/strong>. M\u00e1s all\u00e1 de una obligaci\u00f3n legal, esta iniciativa representa una oportunidad para reforzar la imagen del sector como agente responsable y comprometido. Contribuir a un entorno m\u00e1s limpio est\u00e1 en manos de todos. Informar correctamente sobre\u00a0como desechar adecuadamente las colillas es el primer paso.<\/p>\n<h2\/>\n<h2><strong>Documentaci\u00f3n disponible en la web de \u00c1vora<\/strong><\/h2>\n<ul>\n<li>Descargar desde la <a href=\"https:\/\/asociacionavora.es\/sensibilizacion-puntos-de-venta\/\">web de \u00c1vora<\/a> los banners digitales para incluir en pantallas de m\u00e1quinas expendedoras o armarios inteligentes.<\/li>\n<li>Descargar el adhesivo desde la misma web en castellano, catal\u00e1n, gallego, euskera o valenciano.<\/li>\n<\/ul>\n<p>Con la contribuci\u00f3n de la hosteler\u00eda a esa labor informativa, se suman esfuerzos para prevenir la basura dispersa y promover h\u00e1bitos responsables.<\/p>\n<p>Desde \u00c1vora estamos a vuestra disposici\u00f3n, no dudes en ponerte en contacto con nosotros para lo que necesites. As\u00ed mismo, te invito a visitar nuestra p\u00e1gina web donde podr\u00e1s informarte de toda la actividad que hacemos.<\/p>\n<p>\u00a1Gracias por apoyar esta campa\u00f1a y por contribuir a un futuro m\u00e1s limpio!<\/p>\n<p><a href=\"https:\/\/asociacionavora.es\/\">https:\/\/asociacionavora.es\/<\/a><\/p>\n<\/div>\n<p><a href=\"https:\/\/www.hosteleriadigital.es\/2025\/06\/23\/avora-un-ejemplo-de-colaboracion-y-compromiso-con-la-proteccion-de-nuestro-entorno\/\">source<\/a><\/p>","protected":false},"excerpt":{"rendered":"<p>\u00c1vora es la asociaci\u00f3n que ha impulsado el sector del tabaco para<span class=\"excerpt-hellip\"> [\u2026]<\/span><\/p>\n","protected":false},"author":17,"featured_media":0,"comment_status":"","ping_status":"","sticky":false,"template":"","format":"standard","meta":{"footnotes":""},"categories":[1],"tags":[],"class_list":["post-4896","post","type-post","status-publish","format-standard","hentry","category-noticias-externas"],"yoast_head":"<!-- This site is optimized with the Yoast SEO plugin v27.4 - https:\/\/yoast.com\/product\/yoast-seo-wordpress\/ -->\n<title>\u00c1vora, un ejemplo de colaboraci\u00f3n y compromiso con la protecci\u00f3n de nuestro entorno - ARA | Asociaci\u00f3n de Restaurantes Alicante<\/title>\n<meta name=\"robots\" content=\"index, follow, max-snippet:-1, max-image-preview:large, max-video-preview:-1\" \/>\n<link rel=\"canonical\" href=\"https:\/\/www.araalicante.com\/en\/avora-un-ejemplo-de-colaboracion-y-compromiso-con-la-proteccion-de-nuestro-entorno\/\" \/>\n<meta property=\"og:locale\" content=\"en_GB\" \/>\n<meta property=\"og:type\" content=\"article\" \/>\n<meta property=\"og:title\" content=\"\u00c1vora, un ejemplo de colaboraci\u00f3n y compromiso con la protecci\u00f3n de nuestro entorno - ARA | Asociaci\u00f3n de Restaurantes Alicante\" \/>\n<meta property=\"og:description\" content=\"\u00c1vora es la asociaci\u00f3n que ha impulsado el sector del tabaco para [\u2026]\" \/>\n<meta property=\"og:url\" content=\"https:\/\/www.araalicante.com\/en\/avora-un-ejemplo-de-colaboracion-y-compromiso-con-la-proteccion-de-nuestro-entorno\/\" \/>\n<meta property=\"og:site_name\" content=\"ARA | Asociaci\u00f3n de Restaurantes Alicante\" \/>\n<meta property=\"article:publisher\" content=\"https:\/\/www.facebook.com\/Ararestaurantesalicante\" \/>\n<meta property=\"article:published_time\" content=\"2025-06-23T06:55:36+00:00\" \/>\n<meta property=\"og:image\" content=\"https:\/\/www.araalicante.com\/wp-content\/uploads\/2023\/10\/Sin-titulo-1.png\" \/>\n\t<meta property=\"og:image:width\" content=\"200\" \/>\n\t<meta property=\"og:image:height\" content=\"200\" \/>\n\t<meta property=\"og:image:type\" content=\"image\/png\" \/>\n<meta name=\"author\" content=\"Antonio Palomera\" \/>\n<meta name=\"twitter:card\" content=\"summary_large_image\" \/>\n<meta name=\"twitter:label1\" content=\"Written by\" \/>\n\t<meta name=\"twitter:data1\" content=\"Antonio Palomera\" \/>\n\t<meta name=\"twitter:label2\" content=\"Estimated reading time\" \/>\n\t<meta name=\"twitter:data2\" content=\"5 minutes\" \/>\n<script type=\"application\/ld+json\" class=\"yoast-schema-graph\">{\"@context\":\"https:\\\/\\\/schema.org\",\"@graph\":[{\"@type\":\"Article\",\"@id\":\"https:\\\/\\\/www.araalicante.com\\\/avora-un-ejemplo-de-colaboracion-y-compromiso-con-la-proteccion-de-nuestro-entorno\\\/#article\",\"isPartOf\":{\"@id\":\"https:\\\/\\\/www.araalicante.com\\\/avora-un-ejemplo-de-colaboracion-y-compromiso-con-la-proteccion-de-nuestro-entorno\\\/\"},\"author\":{\"name\":\"Antonio Palomera\",\"@id\":\"https:\\\/\\\/www.araalicante.com\\\/#\\\/schema\\\/person\\\/066f68dc3db0406c0829af861c17332f\"},\"headline\":\"\u00c1vora, un ejemplo de colaboraci\u00f3n y compromiso con la protecci\u00f3n de nuestro entorno\",\"datePublished\":\"2025-06-23T06:55:36+00:00\",\"mainEntityOfPage\":{\"@id\":\"https:\\\/\\\/www.araalicante.com\\\/avora-un-ejemplo-de-colaboracion-y-compromiso-con-la-proteccion-de-nuestro-entorno\\\/\"},\"wordCount\":1015,\"publisher\":{\"@id\":\"https:\\\/\\\/www.araalicante.com\\\/#organization\"},\"image\":{\"@id\":\"https:\\\/\\\/www.araalicante.com\\\/avora-un-ejemplo-de-colaboracion-y-compromiso-con-la-proteccion-de-nuestro-entorno\\\/#primaryimage\"},\"thumbnailUrl\":\"https:\\\/\\\/www.hosteleriadigital.es\\\/wp-content\\\/uploads\\\/2025\\\/06\\\/avora-foto-1.jpg\",\"articleSection\":[\"Noticias externas\"],\"inLanguage\":\"en-GB\"},{\"@type\":\"WebPage\",\"@id\":\"https:\\\/\\\/www.araalicante.com\\\/avora-un-ejemplo-de-colaboracion-y-compromiso-con-la-proteccion-de-nuestro-entorno\\\/\",\"url\":\"https:\\\/\\\/www.araalicante.com\\\/avora-un-ejemplo-de-colaboracion-y-compromiso-con-la-proteccion-de-nuestro-entorno\\\/\",\"name\":\"\u00c1vora, un ejemplo de colaboraci\u00f3n y compromiso con la protecci\u00f3n de nuestro entorno - ARA | Asociaci\u00f3n de Restaurantes Alicante\",\"isPartOf\":{\"@id\":\"https:\\\/\\\/www.araalicante.com\\\/#website\"},\"primaryImageOfPage\":{\"@id\":\"https:\\\/\\\/www.araalicante.com\\\/avora-un-ejemplo-de-colaboracion-y-compromiso-con-la-proteccion-de-nuestro-entorno\\\/#primaryimage\"},\"image\":{\"@id\":\"https:\\\/\\\/www.araalicante.com\\\/avora-un-ejemplo-de-colaboracion-y-compromiso-con-la-proteccion-de-nuestro-entorno\\\/#primaryimage\"},\"thumbnailUrl\":\"https:\\\/\\\/www.hosteleriadigital.es\\\/wp-content\\\/uploads\\\/2025\\\/06\\\/avora-foto-1.jpg\",\"datePublished\":\"2025-06-23T06:55:36+00:00\",\"breadcrumb\":{\"@id\":\"https:\\\/\\\/www.araalicante.com\\\/avora-un-ejemplo-de-colaboracion-y-compromiso-con-la-proteccion-de-nuestro-entorno\\\/#breadcrumb\"},\"inLanguage\":\"en-GB\",\"potentialAction\":[{\"@type\":\"ReadAction\",\"target\":[\"https:\\\/\\\/www.araalicante.com\\\/avora-un-ejemplo-de-colaboracion-y-compromiso-con-la-proteccion-de-nuestro-entorno\\\/\"]}]},{\"@type\":\"ImageObject\",\"inLanguage\":\"en-GB\",\"@id\":\"https:\\\/\\\/www.araalicante.com\\\/avora-un-ejemplo-de-colaboracion-y-compromiso-con-la-proteccion-de-nuestro-entorno\\\/#primaryimage\",\"url\":\"https:\\\/\\\/www.hosteleriadigital.es\\\/wp-content\\\/uploads\\\/2025\\\/06\\\/avora-foto-1.jpg\",\"contentUrl\":\"https:\\\/\\\/www.hosteleriadigital.es\\\/wp-content\\\/uploads\\\/2025\\\/06\\\/avora-foto-1.jpg\"},{\"@type\":\"BreadcrumbList\",\"@id\":\"https:\\\/\\\/www.araalicante.com\\\/avora-un-ejemplo-de-colaboracion-y-compromiso-con-la-proteccion-de-nuestro-entorno\\\/#breadcrumb\",\"itemListElement\":[{\"@type\":\"ListItem\",\"position\":1,\"name\":\"Portada\",\"item\":\"https:\\\/\\\/www.araalicante.com\\\/\"},{\"@type\":\"ListItem\",\"position\":2,\"name\":\"\u00c1vora, un ejemplo de colaboraci\u00f3n y compromiso con la protecci\u00f3n de nuestro entorno\"}]},{\"@type\":\"WebSite\",\"@id\":\"https:\\\/\\\/www.araalicante.com\\\/#website\",\"url\":\"https:\\\/\\\/www.araalicante.com\\\/\",\"name\":\"ARA | Asociaci\u00f3n de Restaurantes Alicante\",\"description\":\"Producto local, restauraci\u00f3n de calidad en Alicante y su provincia\",\"publisher\":{\"@id\":\"https:\\\/\\\/www.araalicante.com\\\/#organization\"},\"potentialAction\":[{\"@type\":\"SearchAction\",\"target\":{\"@type\":\"EntryPoint\",\"urlTemplate\":\"https:\\\/\\\/www.araalicante.com\\\/?s={search_term_string}\"},\"query-input\":{\"@type\":\"PropertyValueSpecification\",\"valueRequired\":true,\"valueName\":\"search_term_string\"}}],\"inLanguage\":\"en-GB\"},{\"@type\":\"Organization\",\"@id\":\"https:\\\/\\\/www.araalicante.com\\\/#organization\",\"name\":\"ARA | Asociaci\u00f3n de Restaurantes Alicante\",\"url\":\"https:\\\/\\\/www.araalicante.com\\\/\",\"logo\":{\"@type\":\"ImageObject\",\"inLanguage\":\"en-GB\",\"@id\":\"https:\\\/\\\/www.araalicante.com\\\/#\\\/schema\\\/logo\\\/image\\\/\",\"url\":\"https:\\\/\\\/www.araalicante.com\\\/wp-content\\\/uploads\\\/2023\\\/09\\\/logoara.png\",\"contentUrl\":\"https:\\\/\\\/www.araalicante.com\\\/wp-content\\\/uploads\\\/2023\\\/09\\\/logoara.png\",\"width\":400,\"height\":85,\"caption\":\"ARA | Asociaci\u00f3n de Restaurantes Alicante\"},\"image\":{\"@id\":\"https:\\\/\\\/www.araalicante.com\\\/#\\\/schema\\\/logo\\\/image\\\/\"},\"sameAs\":[\"https:\\\/\\\/www.facebook.com\\\/Ararestaurantesalicante\",\"https:\\\/\\\/www.instagram.com\\\/ararestaurantesalicante\\\/\"]},{\"@type\":\"Person\",\"@id\":\"https:\\\/\\\/www.araalicante.com\\\/#\\\/schema\\\/person\\\/066f68dc3db0406c0829af861c17332f\",\"name\":\"Antonio Palomera\",\"image\":{\"@type\":\"ImageObject\",\"inLanguage\":\"en-GB\",\"@id\":\"https:\\\/\\\/secure.gravatar.com\\\/avatar\\\/a8378756bb866d8a91ea5808ee291ef099888cc76273b42162b3ab961b9da5df?s=96&d=mm&r=g\",\"url\":\"https:\\\/\\\/secure.gravatar.com\\\/avatar\\\/a8378756bb866d8a91ea5808ee291ef099888cc76273b42162b3ab961b9da5df?s=96&d=mm&r=g\",\"contentUrl\":\"https:\\\/\\\/secure.gravatar.com\\\/avatar\\\/a8378756bb866d8a91ea5808ee291ef099888cc76273b42162b3ab961b9da5df?s=96&d=mm&r=g\",\"caption\":\"Antonio Palomera\"},\"url\":\"https:\\\/\\\/www.araalicante.com\\\/en\\\/author\\\/antonio\\\/\"}]}<\/script>\n<!-- \/ Yoast SEO plugin. -->","yoast_head_json":{"title":"\u00c1vora, un ejemplo de colaboraci\u00f3n y compromiso con la protecci\u00f3n de nuestro entorno - ARA | Asociaci\u00f3n de Restaurantes Alicante","robots":{"index":"index","follow":"follow","max-snippet":"max-snippet:-1","max-image-preview":"max-image-preview:large","max-video-preview":"max-video-preview:-1"},"canonical":"https:\/\/www.araalicante.com\/en\/avora-un-ejemplo-de-colaboracion-y-compromiso-con-la-proteccion-de-nuestro-entorno\/","og_locale":"en_GB","og_type":"article","og_title":"\u00c1vora, un ejemplo de colaboraci\u00f3n y compromiso con la protecci\u00f3n de nuestro entorno - ARA | Asociaci\u00f3n de Restaurantes Alicante","og_description":"\u00c1vora es la asociaci\u00f3n que ha impulsado el sector del tabaco para [\u2026]","og_url":"https:\/\/www.araalicante.com\/en\/avora-un-ejemplo-de-colaboracion-y-compromiso-con-la-proteccion-de-nuestro-entorno\/","og_site_name":"ARA | Asociaci\u00f3n de Restaurantes Alicante","article_publisher":"https:\/\/www.facebook.com\/Ararestaurantesalicante","article_published_time":"2025-06-23T06:55:36+00:00","og_image":[{"width":200,"height":200,"url":"https:\/\/www.araalicante.com\/wp-content\/uploads\/2023\/10\/Sin-titulo-1.png","type":"image\/png"}],"author":"Antonio Palomera","twitter_card":"summary_large_image","twitter_misc":{"Written by":"Antonio Palomera","Estimated reading time":"5 minutes"},"schema":{"@context":"https:\/\/schema.org","@graph":[{"@type":"Article","@id":"https:\/\/www.araalicante.com\/avora-un-ejemplo-de-colaboracion-y-compromiso-con-la-proteccion-de-nuestro-entorno\/#article","isPartOf":{"@id":"https:\/\/www.araalicante.com\/avora-un-ejemplo-de-colaboracion-y-compromiso-con-la-proteccion-de-nuestro-entorno\/"},"author":{"name":"Antonio Palomera","@id":"https:\/\/www.araalicante.com\/#\/schema\/person\/066f68dc3db0406c0829af861c17332f"},"headline":"\u00c1vora, un ejemplo de colaboraci\u00f3n y compromiso con la protecci\u00f3n de nuestro entorno","datePublished":"2025-06-23T06:55:36+00:00","mainEntityOfPage":{"@id":"https:\/\/www.araalicante.com\/avora-un-ejemplo-de-colaboracion-y-compromiso-con-la-proteccion-de-nuestro-entorno\/"},"wordCount":1015,"publisher":{"@id":"https:\/\/www.araalicante.com\/#organization"},"image":{"@id":"https:\/\/www.araalicante.com\/avora-un-ejemplo-de-colaboracion-y-compromiso-con-la-proteccion-de-nuestro-entorno\/#primaryimage"},"thumbnailUrl":"https:\/\/www.hosteleriadigital.es\/wp-content\/uploads\/2025\/06\/avora-foto-1.jpg","articleSection":["Noticias externas"],"inLanguage":"en-GB"},{"@type":"WebPage","@id":"https:\/\/www.araalicante.com\/avora-un-ejemplo-de-colaboracion-y-compromiso-con-la-proteccion-de-nuestro-entorno\/","url":"https:\/\/www.araalicante.com\/avora-un-ejemplo-de-colaboracion-y-compromiso-con-la-proteccion-de-nuestro-entorno\/","name":"\u00c1vora, un ejemplo de colaboraci\u00f3n y compromiso con la protecci\u00f3n de nuestro entorno - ARA | Asociaci\u00f3n de Restaurantes Alicante","isPartOf":{"@id":"https:\/\/www.araalicante.com\/#website"},"primaryImageOfPage":{"@id":"https:\/\/www.araalicante.com\/avora-un-ejemplo-de-colaboracion-y-compromiso-con-la-proteccion-de-nuestro-entorno\/#primaryimage"},"image":{"@id":"https:\/\/www.araalicante.com\/avora-un-ejemplo-de-colaboracion-y-compromiso-con-la-proteccion-de-nuestro-entorno\/#primaryimage"},"thumbnailUrl":"https:\/\/www.hosteleriadigital.es\/wp-content\/uploads\/2025\/06\/avora-foto-1.jpg","datePublished":"2025-06-23T06:55:36+00:00","breadcrumb":{"@id":"https:\/\/www.araalicante.com\/avora-un-ejemplo-de-colaboracion-y-compromiso-con-la-proteccion-de-nuestro-entorno\/#breadcrumb"},"inLanguage":"en-GB","potentialAction":[{"@type":"ReadAction","target":["https:\/\/www.araalicante.com\/avora-un-ejemplo-de-colaboracion-y-compromiso-con-la-proteccion-de-nuestro-entorno\/"]}]},{"@type":"ImageObject","inLanguage":"en-GB","@id":"https:\/\/www.araalicante.com\/avora-un-ejemplo-de-colaboracion-y-compromiso-con-la-proteccion-de-nuestro-entorno\/#primaryimage","url":"https:\/\/www.hosteleriadigital.es\/wp-content\/uploads\/2025\/06\/avora-foto-1.jpg","contentUrl":"https:\/\/www.hosteleriadigital.es\/wp-content\/uploads\/2025\/06\/avora-foto-1.jpg"},{"@type":"BreadcrumbList","@id":"https:\/\/www.araalicante.com\/avora-un-ejemplo-de-colaboracion-y-compromiso-con-la-proteccion-de-nuestro-entorno\/#breadcrumb","itemListElement":[{"@type":"ListItem","position":1,"name":"Portada","item":"https:\/\/www.araalicante.com\/"},{"@type":"ListItem","position":2,"name":"\u00c1vora, un ejemplo de colaboraci\u00f3n y compromiso con la protecci\u00f3n de nuestro entorno"}]},{"@type":"WebSite","@id":"https:\/\/www.araalicante.com\/#website","url":"https:\/\/www.araalicante.com\/","name":"ARA | Asociaci\u00f3n de Restaurantes Alicante","description":"Producto local, restauraci\u00f3n de calidad en Alicante y su provincia","publisher":{"@id":"https:\/\/www.araalicante.com\/#organization"},"potentialAction":[{"@type":"SearchAction","target":{"@type":"EntryPoint","urlTemplate":"https:\/\/www.araalicante.com\/?s={search_term_string}"},"query-input":{"@type":"PropertyValueSpecification","valueRequired":true,"valueName":"search_term_string"}}],"inLanguage":"en-GB"},{"@type":"Organization","@id":"https:\/\/www.araalicante.com\/#organization","name":"ARA | Asociaci\u00f3n de Restaurantes Alicante","url":"https:\/\/www.araalicante.com\/","logo":{"@type":"ImageObject","inLanguage":"en-GB","@id":"https:\/\/www.araalicante.com\/#\/schema\/logo\/image\/","url":"https:\/\/www.araalicante.com\/wp-content\/uploads\/2023\/09\/logoara.png","contentUrl":"https:\/\/www.araalicante.com\/wp-content\/uploads\/2023\/09\/logoara.png","width":400,"height":85,"caption":"ARA | Asociaci\u00f3n de Restaurantes Alicante"},"image":{"@id":"https:\/\/www.araalicante.com\/#\/schema\/logo\/image\/"},"sameAs":["https:\/\/www.facebook.com\/Ararestaurantesalicante","https:\/\/www.instagram.com\/ararestaurantesalicante\/"]},{"@type":"Person","@id":"https:\/\/www.araalicante.com\/#\/schema\/person\/066f68dc3db0406c0829af861c17332f","name":"Antonio Palomera","image":{"@type":"ImageObject","inLanguage":"en-GB","@id":"https:\/\/secure.gravatar.com\/avatar\/a8378756bb866d8a91ea5808ee291ef099888cc76273b42162b3ab961b9da5df?s=96&d=mm&r=g","url":"https:\/\/secure.gravatar.com\/avatar\/a8378756bb866d8a91ea5808ee291ef099888cc76273b42162b3ab961b9da5df?s=96&d=mm&r=g","contentUrl":"https:\/\/secure.gravatar.com\/avatar\/a8378756bb866d8a91ea5808ee291ef099888cc76273b42162b3ab961b9da5df?s=96&d=mm&r=g","caption":"Antonio Palomera"},"url":"https:\/\/www.araalicante.com\/en\/author\/antonio\/"}]}},"_links":{"self":[{"href":"https:\/\/www.araalicante.com\/en\/wp-json\/wp\/v2\/posts\/4896","targetHints":{"allow":["GET"]}}],"collection":[{"href":"https:\/\/www.araalicante.com\/en\/wp-json\/wp\/v2\/posts"}],"about":[{"href":"https:\/\/www.araalicante.com\/en\/wp-json\/wp\/v2\/types\/post"}],"author":[{"embeddable":true,"href":"https:\/\/www.araalicante.com\/en\/wp-json\/wp\/v2\/users\/17"}],"replies":[{"embeddable":true,"href":"https:\/\/www.araalicante.com\/en\/wp-json\/wp\/v2\/comments?post=4896"}],"version-history":[{"count":0,"href":"https:\/\/www.araalicante.com\/en\/wp-json\/wp\/v2\/posts\/4896\/revisions"}],"wp:attachment":[{"href":"https:\/\/www.araalicante.com\/en\/wp-json\/wp\/v2\/media?parent=4896"}],"wp:term":[{"taxonomy":"category","embeddable":true,"href":"https:\/\/www.araalicante.com\/en\/wp-json\/wp\/v2\/categories?post=4896"},{"taxonomy":"post_tag","embeddable":true,"href":"https:\/\/www.araalicante.com\/en\/wp-json\/wp\/v2\/tags?post=4896"}],"curies":[{"name":"wp","href":"https:\/\/api.w.org\/{rel}","templated":true}]}}