{"id":4893,"date":"2025-06-20T13:50:23","date_gmt":"2025-06-20T11:50:23","guid":{"rendered":"https:\/\/www.araalicante.com\/la-cifra-de-negocios-de-la-hosteleria-se-impulso-en-abril-con-la-semana-santa\/"},"modified":"2025-06-20T13:50:23","modified_gmt":"2025-06-20T11:50:23","slug":"la-cifra-de-negocios-de-la-hosteleria-se-impulso-en-abril-con-la-semana-santa","status":"publish","type":"post","link":"https:\/\/www.araalicante.com\/en\/la-cifra-de-negocios-de-la-hosteleria-se-impulso-en-abril-con-la-semana-santa\/","title":{"rendered":"La cifra de negocios de la hosteler\u00eda se impuls\u00f3 en abril con la Semana Santa"},"content":{"rendered":"<div>\n<p><img fetchpriority=\"high\" decoding=\"async\" class=\"aligncenter wp-image-32418 size-full lazyload\" src=\"https:\/\/www.hosteleriadigital.es\/wp-content\/uploads\/2025\/06\/CNMay25.jpg\" alt=\"\" width=\"672\" height=\"213\"\/><noscript><img loading=\"lazy\" decoding=\"async\" class=\"aligncenter wp-image-32418 size-full lazyload\" src=\"https:\/\/www.hosteleriadigital.es\/wp-content\/uploads\/2025\/06\/CNMay25.jpg\" alt=\"\" width=\"672\" height=\"213\" srcset=\"https:\/\/www.hosteleriadigital.es\/wp-content\/uploads\/2025\/06\/CNMay25.jpg 672w, https:\/\/www.hosteleriadigital.es\/wp-content\/uploads\/2025\/06\/CNMay25-300x95.jpg 300w, https:\/\/www.hosteleriadigital.es\/wp-content\/uploads\/2025\/06\/CNMay25-150x48.jpg 150w, https:\/\/www.hosteleriadigital.es\/wp-content\/uploads\/2025\/06\/CNMay25-640x203.jpg 640w\" sizes=\"auto, (max-width: 672px) 100vw, 672px\"\/><\/noscript><\/p>\n<p><strong>La cifra de negocios de la hosteler\u00eda aument\u00f3 en abril un 8,2%<\/strong> en comparaci\u00f3n con el mismo mes de 2024, seg\u00fan los datos de los Indicadores de Actividad del Sector Servicios del INE. Este incremento marca una recuperaci\u00f3n tras el descenso del mes anterior, por la influencia principalmente del cambio de fechas de la Semana Santa en relaci\u00f3n con el a\u00f1o previo. En la media hasta abril, la facturaci\u00f3n muestra un incremento de un 4,2% respecto a 2024, que supone un crecimiento a mitad de ritmo que el del mismo per\u00edodo del a\u00f1o anterior.<\/p>\n<p>En <strong>restauraci\u00f3n<\/strong> la facturaci\u00f3n subi\u00f3 un <strong>7,5%<\/strong>, con un incremento medio hasta abril de un <strong>3,2%. <\/strong>En el <strong>alojamiento<\/strong> el ritmo de crecimiento fue mayor, con un aumento de un <strong>9,6%<\/strong> en abril y un <strong>6,4% <\/strong>en el promedio del primer cuatrimestre.<\/p>\n<p>En <strong>tasa intermensual<\/strong> la facturaci\u00f3n subi\u00f3 de forma destacada en abril, con alza a doble d\u00edgito porcentual por segundo mes consecutivo, un 11,1%. En las actividades de restauraci\u00f3n el incremento fue de un 6,9%, mientras que en la rama del alojamiento, al igual que en marzo, el aumento super\u00f3 nuevamente el 20%, registrando un 20,7%.<\/p>\n<p><a href=\"https:\/\/cehe.es\/publicaciones-hosteleria.html\">M\u00e1s informaci\u00f3n<\/a><\/p>\n<\/div>\n<p><a href=\"https:\/\/www.hosteleriadigital.es\/2025\/06\/20\/la-cifra-de-negocios-de-la-hosteleria-se-impulso-con-la-semana-santa\/\">source<\/a><\/p>","protected":false},"excerpt":{"rendered":"<p>La cifra de negocios de la hosteler\u00eda aument\u00f3 en abril un 8,2%<span class=\"excerpt-hellip\"> [\u2026]<\/span><\/p>\n","protected":false},"author":17,"featured_media":0,"comment_status":"","ping_status":"","sticky":false,"template":"","format":"standard","meta":{"footnotes":""},"categories":[1],"tags":[],"class_list":["post-4893","post","type-post","status-publish","format-standard","hentry","category-noticias-externas"],"yoast_head":"<!-- This site is optimized with the Yoast SEO plugin v27.4 - https:\/\/yoast.com\/product\/yoast-seo-wordpress\/ -->\n<title>La cifra de negocios de la hosteler\u00eda se impuls\u00f3 en abril con la Semana Santa - ARA | Asociaci\u00f3n de Restaurantes Alicante<\/title>\n<meta name=\"robots\" content=\"index, follow, max-snippet:-1, max-image-preview:large, max-video-preview:-1\" \/>\n<link rel=\"canonical\" href=\"https:\/\/www.araalicante.com\/en\/la-cifra-de-negocios-de-la-hosteleria-se-impulso-en-abril-con-la-semana-santa\/\" \/>\n<meta property=\"og:locale\" content=\"en_GB\" \/>\n<meta property=\"og:type\" content=\"article\" \/>\n<meta property=\"og:title\" content=\"La cifra de negocios de la hosteler\u00eda se impuls\u00f3 en abril con la Semana Santa - ARA | Asociaci\u00f3n de Restaurantes Alicante\" \/>\n<meta property=\"og:description\" content=\"La cifra de negocios de la hosteler\u00eda aument\u00f3 en abril un 8,2% [\u2026]\" \/>\n<meta property=\"og:url\" content=\"https:\/\/www.araalicante.com\/en\/la-cifra-de-negocios-de-la-hosteleria-se-impulso-en-abril-con-la-semana-santa\/\" \/>\n<meta property=\"og:site_name\" content=\"ARA | Asociaci\u00f3n de Restaurantes Alicante\" \/>\n<meta property=\"article:publisher\" content=\"https:\/\/www.facebook.com\/Ararestaurantesalicante\" \/>\n<meta property=\"article:published_time\" content=\"2025-06-20T11:50:23+00:00\" \/>\n<meta property=\"og:image\" content=\"https:\/\/www.araalicante.com\/wp-content\/uploads\/2023\/10\/Sin-titulo-1.png\" \/>\n\t<meta property=\"og:image:width\" content=\"200\" \/>\n\t<meta property=\"og:image:height\" content=\"200\" \/>\n\t<meta property=\"og:image:type\" content=\"image\/png\" \/>\n<meta name=\"author\" content=\"Antonio Palomera\" \/>\n<meta name=\"twitter:card\" content=\"summary_large_image\" \/>\n<meta name=\"twitter:label1\" content=\"Written by\" \/>\n\t<meta name=\"twitter:data1\" content=\"Antonio Palomera\" \/>\n\t<meta name=\"twitter:label2\" content=\"Estimated reading time\" \/>\n\t<meta name=\"twitter:data2\" content=\"1 minute\" \/>\n<script type=\"application\/ld+json\" class=\"yoast-schema-graph\">{\"@context\":\"https:\\\/\\\/schema.org\",\"@graph\":[{\"@type\":\"Article\",\"@id\":\"https:\\\/\\\/www.araalicante.com\\\/la-cifra-de-negocios-de-la-hosteleria-se-impulso-en-abril-con-la-semana-santa\\\/#article\",\"isPartOf\":{\"@id\":\"https:\\\/\\\/www.araalicante.com\\\/la-cifra-de-negocios-de-la-hosteleria-se-impulso-en-abril-con-la-semana-santa\\\/\"},\"author\":{\"name\":\"Antonio Palomera\",\"@id\":\"https:\\\/\\\/www.araalicante.com\\\/#\\\/schema\\\/person\\\/066f68dc3db0406c0829af861c17332f\"},\"headline\":\"La cifra de negocios de la hosteler\u00eda se impuls\u00f3 en abril con la Semana Santa\",\"datePublished\":\"2025-06-20T11:50:23+00:00\",\"mainEntityOfPage\":{\"@id\":\"https:\\\/\\\/www.araalicante.com\\\/la-cifra-de-negocios-de-la-hosteleria-se-impulso-en-abril-con-la-semana-santa\\\/\"},\"wordCount\":214,\"publisher\":{\"@id\":\"https:\\\/\\\/www.araalicante.com\\\/#organization\"},\"image\":{\"@id\":\"https:\\\/\\\/www.araalicante.com\\\/la-cifra-de-negocios-de-la-hosteleria-se-impulso-en-abril-con-la-semana-santa\\\/#primaryimage\"},\"thumbnailUrl\":\"https:\\\/\\\/www.hosteleriadigital.es\\\/wp-content\\\/uploads\\\/2025\\\/06\\\/CNMay25.jpg\",\"articleSection\":[\"Noticias externas\"],\"inLanguage\":\"en-GB\"},{\"@type\":\"WebPage\",\"@id\":\"https:\\\/\\\/www.araalicante.com\\\/la-cifra-de-negocios-de-la-hosteleria-se-impulso-en-abril-con-la-semana-santa\\\/\",\"url\":\"https:\\\/\\\/www.araalicante.com\\\/la-cifra-de-negocios-de-la-hosteleria-se-impulso-en-abril-con-la-semana-santa\\\/\",\"name\":\"La cifra de negocios de la hosteler\u00eda se impuls\u00f3 en abril con la Semana Santa - ARA | Asociaci\u00f3n de Restaurantes Alicante\",\"isPartOf\":{\"@id\":\"https:\\\/\\\/www.araalicante.com\\\/#website\"},\"primaryImageOfPage\":{\"@id\":\"https:\\\/\\\/www.araalicante.com\\\/la-cifra-de-negocios-de-la-hosteleria-se-impulso-en-abril-con-la-semana-santa\\\/#primaryimage\"},\"image\":{\"@id\":\"https:\\\/\\\/www.araalicante.com\\\/la-cifra-de-negocios-de-la-hosteleria-se-impulso-en-abril-con-la-semana-santa\\\/#primaryimage\"},\"thumbnailUrl\":\"https:\\\/\\\/www.hosteleriadigital.es\\\/wp-content\\\/uploads\\\/2025\\\/06\\\/CNMay25.jpg\",\"datePublished\":\"2025-06-20T11:50:23+00:00\",\"breadcrumb\":{\"@id\":\"https:\\\/\\\/www.araalicante.com\\\/la-cifra-de-negocios-de-la-hosteleria-se-impulso-en-abril-con-la-semana-santa\\\/#breadcrumb\"},\"inLanguage\":\"en-GB\",\"potentialAction\":[{\"@type\":\"ReadAction\",\"target\":[\"https:\\\/\\\/www.araalicante.com\\\/la-cifra-de-negocios-de-la-hosteleria-se-impulso-en-abril-con-la-semana-santa\\\/\"]}]},{\"@type\":\"ImageObject\",\"inLanguage\":\"en-GB\",\"@id\":\"https:\\\/\\\/www.araalicante.com\\\/la-cifra-de-negocios-de-la-hosteleria-se-impulso-en-abril-con-la-semana-santa\\\/#primaryimage\",\"url\":\"https:\\\/\\\/www.hosteleriadigital.es\\\/wp-content\\\/uploads\\\/2025\\\/06\\\/CNMay25.jpg\",\"contentUrl\":\"https:\\\/\\\/www.hosteleriadigital.es\\\/wp-content\\\/uploads\\\/2025\\\/06\\\/CNMay25.jpg\"},{\"@type\":\"BreadcrumbList\",\"@id\":\"https:\\\/\\\/www.araalicante.com\\\/la-cifra-de-negocios-de-la-hosteleria-se-impulso-en-abril-con-la-semana-santa\\\/#breadcrumb\",\"itemListElement\":[{\"@type\":\"ListItem\",\"position\":1,\"name\":\"Portada\",\"item\":\"https:\\\/\\\/www.araalicante.com\\\/\"},{\"@type\":\"ListItem\",\"position\":2,\"name\":\"La cifra de negocios de la hosteler\u00eda se impuls\u00f3 en abril con la Semana Santa\"}]},{\"@type\":\"WebSite\",\"@id\":\"https:\\\/\\\/www.araalicante.com\\\/#website\",\"url\":\"https:\\\/\\\/www.araalicante.com\\\/\",\"name\":\"ARA | Asociaci\u00f3n de Restaurantes Alicante\",\"description\":\"Producto local, restauraci\u00f3n de calidad en Alicante y su provincia\",\"publisher\":{\"@id\":\"https:\\\/\\\/www.araalicante.com\\\/#organization\"},\"potentialAction\":[{\"@type\":\"SearchAction\",\"target\":{\"@type\":\"EntryPoint\",\"urlTemplate\":\"https:\\\/\\\/www.araalicante.com\\\/?s={search_term_string}\"},\"query-input\":{\"@type\":\"PropertyValueSpecification\",\"valueRequired\":true,\"valueName\":\"search_term_string\"}}],\"inLanguage\":\"en-GB\"},{\"@type\":\"Organization\",\"@id\":\"https:\\\/\\\/www.araalicante.com\\\/#organization\",\"name\":\"ARA | Asociaci\u00f3n de Restaurantes Alicante\",\"url\":\"https:\\\/\\\/www.araalicante.com\\\/\",\"logo\":{\"@type\":\"ImageObject\",\"inLanguage\":\"en-GB\",\"@id\":\"https:\\\/\\\/www.araalicante.com\\\/#\\\/schema\\\/logo\\\/image\\\/\",\"url\":\"https:\\\/\\\/www.araalicante.com\\\/wp-content\\\/uploads\\\/2023\\\/09\\\/logoara.png\",\"contentUrl\":\"https:\\\/\\\/www.araalicante.com\\\/wp-content\\\/uploads\\\/2023\\\/09\\\/logoara.png\",\"width\":400,\"height\":85,\"caption\":\"ARA | Asociaci\u00f3n de Restaurantes Alicante\"},\"image\":{\"@id\":\"https:\\\/\\\/www.araalicante.com\\\/#\\\/schema\\\/logo\\\/image\\\/\"},\"sameAs\":[\"https:\\\/\\\/www.facebook.com\\\/Ararestaurantesalicante\",\"https:\\\/\\\/www.instagram.com\\\/ararestaurantesalicante\\\/\"]},{\"@type\":\"Person\",\"@id\":\"https:\\\/\\\/www.araalicante.com\\\/#\\\/schema\\\/person\\\/066f68dc3db0406c0829af861c17332f\",\"name\":\"Antonio Palomera\",\"image\":{\"@type\":\"ImageObject\",\"inLanguage\":\"en-GB\",\"@id\":\"https:\\\/\\\/secure.gravatar.com\\\/avatar\\\/a8378756bb866d8a91ea5808ee291ef099888cc76273b42162b3ab961b9da5df?s=96&d=mm&r=g\",\"url\":\"https:\\\/\\\/secure.gravatar.com\\\/avatar\\\/a8378756bb866d8a91ea5808ee291ef099888cc76273b42162b3ab961b9da5df?s=96&d=mm&r=g\",\"contentUrl\":\"https:\\\/\\\/secure.gravatar.com\\\/avatar\\\/a8378756bb866d8a91ea5808ee291ef099888cc76273b42162b3ab961b9da5df?s=96&d=mm&r=g\",\"caption\":\"Antonio Palomera\"},\"url\":\"https:\\\/\\\/www.araalicante.com\\\/en\\\/author\\\/antonio\\\/\"}]}<\/script>\n<!-- \/ Yoast SEO plugin. -->","yoast_head_json":{"title":"La cifra de negocios de la hosteler\u00eda se impuls\u00f3 en abril con la Semana Santa - ARA | Asociaci\u00f3n de Restaurantes Alicante","robots":{"index":"index","follow":"follow","max-snippet":"max-snippet:-1","max-image-preview":"max-image-preview:large","max-video-preview":"max-video-preview:-1"},"canonical":"https:\/\/www.araalicante.com\/en\/la-cifra-de-negocios-de-la-hosteleria-se-impulso-en-abril-con-la-semana-santa\/","og_locale":"en_GB","og_type":"article","og_title":"La cifra de negocios de la hosteler\u00eda se impuls\u00f3 en abril con la Semana Santa - ARA | Asociaci\u00f3n de Restaurantes Alicante","og_description":"La cifra de negocios de la hosteler\u00eda aument\u00f3 en abril un 8,2% [\u2026]","og_url":"https:\/\/www.araalicante.com\/en\/la-cifra-de-negocios-de-la-hosteleria-se-impulso-en-abril-con-la-semana-santa\/","og_site_name":"ARA | Asociaci\u00f3n de Restaurantes Alicante","article_publisher":"https:\/\/www.facebook.com\/Ararestaurantesalicante","article_published_time":"2025-06-20T11:50:23+00:00","og_image":[{"width":200,"height":200,"url":"https:\/\/www.araalicante.com\/wp-content\/uploads\/2023\/10\/Sin-titulo-1.png","type":"image\/png"}],"author":"Antonio Palomera","twitter_card":"summary_large_image","twitter_misc":{"Written by":"Antonio Palomera","Estimated reading time":"1 minute"},"schema":{"@context":"https:\/\/schema.org","@graph":[{"@type":"Article","@id":"https:\/\/www.araalicante.com\/la-cifra-de-negocios-de-la-hosteleria-se-impulso-en-abril-con-la-semana-santa\/#article","isPartOf":{"@id":"https:\/\/www.araalicante.com\/la-cifra-de-negocios-de-la-hosteleria-se-impulso-en-abril-con-la-semana-santa\/"},"author":{"name":"Antonio Palomera","@id":"https:\/\/www.araalicante.com\/#\/schema\/person\/066f68dc3db0406c0829af861c17332f"},"headline":"La cifra de negocios de la hosteler\u00eda se impuls\u00f3 en abril con la Semana Santa","datePublished":"2025-06-20T11:50:23+00:00","mainEntityOfPage":{"@id":"https:\/\/www.araalicante.com\/la-cifra-de-negocios-de-la-hosteleria-se-impulso-en-abril-con-la-semana-santa\/"},"wordCount":214,"publisher":{"@id":"https:\/\/www.araalicante.com\/#organization"},"image":{"@id":"https:\/\/www.araalicante.com\/la-cifra-de-negocios-de-la-hosteleria-se-impulso-en-abril-con-la-semana-santa\/#primaryimage"},"thumbnailUrl":"https:\/\/www.hosteleriadigital.es\/wp-content\/uploads\/2025\/06\/CNMay25.jpg","articleSection":["Noticias externas"],"inLanguage":"en-GB"},{"@type":"WebPage","@id":"https:\/\/www.araalicante.com\/la-cifra-de-negocios-de-la-hosteleria-se-impulso-en-abril-con-la-semana-santa\/","url":"https:\/\/www.araalicante.com\/la-cifra-de-negocios-de-la-hosteleria-se-impulso-en-abril-con-la-semana-santa\/","name":"La cifra de negocios de la hosteler\u00eda se impuls\u00f3 en abril con la Semana Santa - ARA | Asociaci\u00f3n de Restaurantes Alicante","isPartOf":{"@id":"https:\/\/www.araalicante.com\/#website"},"primaryImageOfPage":{"@id":"https:\/\/www.araalicante.com\/la-cifra-de-negocios-de-la-hosteleria-se-impulso-en-abril-con-la-semana-santa\/#primaryimage"},"image":{"@id":"https:\/\/www.araalicante.com\/la-cifra-de-negocios-de-la-hosteleria-se-impulso-en-abril-con-la-semana-santa\/#primaryimage"},"thumbnailUrl":"https:\/\/www.hosteleriadigital.es\/wp-content\/uploads\/2025\/06\/CNMay25.jpg","datePublished":"2025-06-20T11:50:23+00:00","breadcrumb":{"@id":"https:\/\/www.araalicante.com\/la-cifra-de-negocios-de-la-hosteleria-se-impulso-en-abril-con-la-semana-santa\/#breadcrumb"},"inLanguage":"en-GB","potentialAction":[{"@type":"ReadAction","target":["https:\/\/www.araalicante.com\/la-cifra-de-negocios-de-la-hosteleria-se-impulso-en-abril-con-la-semana-santa\/"]}]},{"@type":"ImageObject","inLanguage":"en-GB","@id":"https:\/\/www.araalicante.com\/la-cifra-de-negocios-de-la-hosteleria-se-impulso-en-abril-con-la-semana-santa\/#primaryimage","url":"https:\/\/www.hosteleriadigital.es\/wp-content\/uploads\/2025\/06\/CNMay25.jpg","contentUrl":"https:\/\/www.hosteleriadigital.es\/wp-content\/uploads\/2025\/06\/CNMay25.jpg"},{"@type":"BreadcrumbList","@id":"https:\/\/www.araalicante.com\/la-cifra-de-negocios-de-la-hosteleria-se-impulso-en-abril-con-la-semana-santa\/#breadcrumb","itemListElement":[{"@type":"ListItem","position":1,"name":"Portada","item":"https:\/\/www.araalicante.com\/"},{"@type":"ListItem","position":2,"name":"La cifra de negocios de la hosteler\u00eda se impuls\u00f3 en abril con la Semana Santa"}]},{"@type":"WebSite","@id":"https:\/\/www.araalicante.com\/#website","url":"https:\/\/www.araalicante.com\/","name":"ARA | Asociaci\u00f3n de Restaurantes Alicante","description":"Producto local, restauraci\u00f3n de calidad en Alicante y su provincia","publisher":{"@id":"https:\/\/www.araalicante.com\/#organization"},"potentialAction":[{"@type":"SearchAction","target":{"@type":"EntryPoint","urlTemplate":"https:\/\/www.araalicante.com\/?s={search_term_string}"},"query-input":{"@type":"PropertyValueSpecification","valueRequired":true,"valueName":"search_term_string"}}],"inLanguage":"en-GB"},{"@type":"Organization","@id":"https:\/\/www.araalicante.com\/#organization","name":"ARA | Asociaci\u00f3n de Restaurantes Alicante","url":"https:\/\/www.araalicante.com\/","logo":{"@type":"ImageObject","inLanguage":"en-GB","@id":"https:\/\/www.araalicante.com\/#\/schema\/logo\/image\/","url":"https:\/\/www.araalicante.com\/wp-content\/uploads\/2023\/09\/logoara.png","contentUrl":"https:\/\/www.araalicante.com\/wp-content\/uploads\/2023\/09\/logoara.png","width":400,"height":85,"caption":"ARA | Asociaci\u00f3n de Restaurantes Alicante"},"image":{"@id":"https:\/\/www.araalicante.com\/#\/schema\/logo\/image\/"},"sameAs":["https:\/\/www.facebook.com\/Ararestaurantesalicante","https:\/\/www.instagram.com\/ararestaurantesalicante\/"]},{"@type":"Person","@id":"https:\/\/www.araalicante.com\/#\/schema\/person\/066f68dc3db0406c0829af861c17332f","name":"Antonio Palomera","image":{"@type":"ImageObject","inLanguage":"en-GB","@id":"https:\/\/secure.gravatar.com\/avatar\/a8378756bb866d8a91ea5808ee291ef099888cc76273b42162b3ab961b9da5df?s=96&d=mm&r=g","url":"https:\/\/secure.gravatar.com\/avatar\/a8378756bb866d8a91ea5808ee291ef099888cc76273b42162b3ab961b9da5df?s=96&d=mm&r=g","contentUrl":"https:\/\/secure.gravatar.com\/avatar\/a8378756bb866d8a91ea5808ee291ef099888cc76273b42162b3ab961b9da5df?s=96&d=mm&r=g","caption":"Antonio Palomera"},"url":"https:\/\/www.araalicante.com\/en\/author\/antonio\/"}]}},"_links":{"self":[{"href":"https:\/\/www.araalicante.com\/en\/wp-json\/wp\/v2\/posts\/4893","targetHints":{"allow":["GET"]}}],"collection":[{"href":"https:\/\/www.araalicante.com\/en\/wp-json\/wp\/v2\/posts"}],"about":[{"href":"https:\/\/www.araalicante.com\/en\/wp-json\/wp\/v2\/types\/post"}],"author":[{"embeddable":true,"href":"https:\/\/www.araalicante.com\/en\/wp-json\/wp\/v2\/users\/17"}],"replies":[{"embeddable":true,"href":"https:\/\/www.araalicante.com\/en\/wp-json\/wp\/v2\/comments?post=4893"}],"version-history":[{"count":0,"href":"https:\/\/www.araalicante.com\/en\/wp-json\/wp\/v2\/posts\/4893\/revisions"}],"wp:attachment":[{"href":"https:\/\/www.araalicante.com\/en\/wp-json\/wp\/v2\/media?parent=4893"}],"wp:term":[{"taxonomy":"category","embeddable":true,"href":"https:\/\/www.araalicante.com\/en\/wp-json\/wp\/v2\/categories?post=4893"},{"taxonomy":"post_tag","embeddable":true,"href":"https:\/\/www.araalicante.com\/en\/wp-json\/wp\/v2\/tags?post=4893"}],"curies":[{"name":"wp","href":"https:\/\/api.w.org\/{rel}","templated":true}]}}