{"id":4891,"date":"2025-06-20T12:10:01","date_gmt":"2025-06-20T10:10:01","guid":{"rendered":"https:\/\/www.araalicante.com\/bartolome-vera-nuevo-presidente-de-hoytu\/"},"modified":"2025-06-20T12:10:01","modified_gmt":"2025-06-20T10:10:01","slug":"bartolome-vera-nuevo-presidente-de-hoytu","status":"publish","type":"post","link":"https:\/\/www.araalicante.com\/en\/bartolome-vera-nuevo-presidente-de-hoytu\/","title":{"rendered":"Bartolom\u00e9 Vera, nuevo presidente de HoyT\u00fa"},"content":{"rendered":"<div>\n<p>La Federaci\u00f3n Regional de Empresarios de Hosteler\u00eda y Turismo de la Regi\u00f3n de Murcia (HoyT\u00fa) tiene nuevo presidente. Se trata de Bartolom\u00e9 Vera, gerente del \u201cHotel Los Habaneros\u201d de Cartagena, que dirigir\u00e1 la patronal murciana durante los pr\u00f3ximos cuatro a\u00f1os.<\/p>\n<p>Durante los \u00faltimos cuatro a\u00f1os Vera ha sido vicepresidente de Hoyt\u00fa, as\u00ed como presidente de la asociaci\u00f3n empresarial de Hoteles y Alojamientos Tur\u00edsticos de la Regi\u00f3n de Murcia. Por tanto, la entidad asume esta nueva legislatura con una pol\u00edtica continuista de un profesional con una larga y respetada trayectoria en el sector.<\/p>\n<p><em>\u201cQuiero escuchar al sector, identificar nuestros puntos de mejora y transformar esas demandas en una hoja de ruta clara, \u00fatil y consensuada\u201d<\/em>, adelanta Vera, que considera <em>\u201cesencial seguir reforzando la promoci\u00f3n de la Regi\u00f3n de Murcia como destino tur\u00edstico\u201d, <\/em>para lo que solicitar\u00e1<em> \u201cel compromiso institucional necesario\u201d<\/em>.<\/p>\n<p><img fetchpriority=\"high\" decoding=\"async\" class=\"size-medium wp-image-32421 aligncenter lazyload\" src=\"https:\/\/www.hosteleriadigital.es\/wp-content\/uploads\/2025\/06\/WhatsApp-Image-2025-06-20-at-11.44.58-1-225x300.jpeg\" alt=\"\" width=\"225\" height=\"300\"\/><noscript><img loading=\"lazy\" decoding=\"async\" class=\"size-medium wp-image-32421 aligncenter lazyload\" src=\"https:\/\/www.hosteleriadigital.es\/wp-content\/uploads\/2025\/06\/WhatsApp-Image-2025-06-20-at-11.44.58-1-225x300.jpeg\" alt=\"\" width=\"225\" height=\"300\" srcset=\"https:\/\/www.hosteleriadigital.es\/wp-content\/uploads\/2025\/06\/WhatsApp-Image-2025-06-20-at-11.44.58-1-225x300.jpeg 225w, https:\/\/www.hosteleriadigital.es\/wp-content\/uploads\/2025\/06\/WhatsApp-Image-2025-06-20-at-11.44.58-1-768x1024.jpeg 768w, https:\/\/www.hosteleriadigital.es\/wp-content\/uploads\/2025\/06\/WhatsApp-Image-2025-06-20-at-11.44.58-1-113x150.jpeg 113w, https:\/\/www.hosteleriadigital.es\/wp-content\/uploads\/2025\/06\/WhatsApp-Image-2025-06-20-at-11.44.58-1-1152x1536.jpeg 1152w, https:\/\/www.hosteleriadigital.es\/wp-content\/uploads\/2025\/06\/WhatsApp-Image-2025-06-20-at-11.44.58-1-1536x2048.jpeg 1536w, https:\/\/www.hosteleriadigital.es\/wp-content\/uploads\/2025\/06\/WhatsApp-Image-2025-06-20-at-11.44.58-1-315x420.jpeg 315w, https:\/\/www.hosteleriadigital.es\/wp-content\/uploads\/2025\/06\/WhatsApp-Image-2025-06-20-at-11.44.58-1-640x853.jpeg 640w, https:\/\/www.hosteleriadigital.es\/wp-content\/uploads\/2025\/06\/WhatsApp-Image-2025-06-20-at-11.44.58-1-681x908.jpeg 681w, https:\/\/www.hosteleriadigital.es\/wp-content\/uploads\/2025\/06\/WhatsApp-Image-2025-06-20-at-11.44.58-1-scaled.jpeg 900w\" sizes=\"auto, (max-width: 225px) 100vw, 225px\"\/><\/noscript><\/p>\n<p><strong>Candidatura refrendada<br \/><\/strong>El nuevo presidente de la patronal del sector hab\u00eda presentado la \u00fanica candidatura, que ha sido refrendada hoy jueves 19 de junio por los asociados de HoyT\u00fa en la asamblea general electoral celebrada en el \u00c1gora All In One Murcia de CaixaBank. Vera sustituye as\u00ed en el cargo a Jes\u00fas Jim\u00e9nez, m\u00e1ximo representante de la patronal durante los \u00faltimos ocho a\u00f1os.<\/p>\n<p><em>\u201cLa transformaci\u00f3n digital es clave para el futuro del sector\u201d<\/em>, expone Vera, que se\u00f1ala como uno de los grandes retos del sector <em>\u201chacer del turismo una industria atractiva para trabajar, atrayendo personas con talento, bien formadas y comprometidas\u201d<\/em>.<\/p>\n<p>Esta asamblea ha contado con la asistencia, entre otras autoridades, de la consejera de Turismo, Cultura, Juventud y Deportes del Gobierno Regional, Carmen Mar\u00eda Conesa; el presidente de la Confederaci\u00f3n Empresarial de Hosteler\u00eda de Espa\u00f1a, Jos\u00e9 Luis \u00c1lvarez; y el presidente de CROEM, Miguel L\u00f3pez. Adem\u00e1s, durante el acto se entreg\u00f3 la menci\u00f3n de honor de la entidad a Jos\u00e9 Mar\u00eda Albarrac\u00edn.<\/p>\n<p><img loading=\"lazy\" decoding=\"async\" class=\"size-medium wp-image-32424 aligncenter lazyload\" src=\"https:\/\/www.hosteleriadigital.es\/wp-content\/uploads\/2025\/06\/Bartolome-Vera-nuevo-presidente-de-HoyTu4-300x225.jpg\" alt=\"\" width=\"300\" height=\"225\"\/><noscript><img loading=\"lazy\" decoding=\"async\" class=\"size-medium wp-image-32424 aligncenter lazyload\" src=\"https:\/\/www.hosteleriadigital.es\/wp-content\/uploads\/2025\/06\/Bartolome-Vera-nuevo-presidente-de-HoyTu4-300x225.jpg\" alt=\"\" width=\"300\" height=\"225\" srcset=\"https:\/\/www.hosteleriadigital.es\/wp-content\/uploads\/2025\/06\/Bartolome-Vera-nuevo-presidente-de-HoyTu4-300x225.jpg 300w, https:\/\/www.hosteleriadigital.es\/wp-content\/uploads\/2025\/06\/Bartolome-Vera-nuevo-presidente-de-HoyTu4-1024x768.jpg 1024w, https:\/\/www.hosteleriadigital.es\/wp-content\/uploads\/2025\/06\/Bartolome-Vera-nuevo-presidente-de-HoyTu4-150x112.jpg 150w, https:\/\/www.hosteleriadigital.es\/wp-content\/uploads\/2025\/06\/Bartolome-Vera-nuevo-presidente-de-HoyTu4-768x576.jpg 768w, https:\/\/www.hosteleriadigital.es\/wp-content\/uploads\/2025\/06\/Bartolome-Vera-nuevo-presidente-de-HoyTu4-1536x1152.jpg 1536w, https:\/\/www.hosteleriadigital.es\/wp-content\/uploads\/2025\/06\/Bartolome-Vera-nuevo-presidente-de-HoyTu4-2048x1536.jpg 2048w, https:\/\/www.hosteleriadigital.es\/wp-content\/uploads\/2025\/06\/Bartolome-Vera-nuevo-presidente-de-HoyTu4-560x420.jpg 560w, https:\/\/www.hosteleriadigital.es\/wp-content\/uploads\/2025\/06\/Bartolome-Vera-nuevo-presidente-de-HoyTu4-80x60.jpg 80w, https:\/\/www.hosteleriadigital.es\/wp-content\/uploads\/2025\/06\/Bartolome-Vera-nuevo-presidente-de-HoyTu4-100x75.jpg 100w, https:\/\/www.hosteleriadigital.es\/wp-content\/uploads\/2025\/06\/Bartolome-Vera-nuevo-presidente-de-HoyTu4-180x135.jpg 180w, https:\/\/www.hosteleriadigital.es\/wp-content\/uploads\/2025\/06\/Bartolome-Vera-nuevo-presidente-de-HoyTu4-238x178.jpg 238w, https:\/\/www.hosteleriadigital.es\/wp-content\/uploads\/2025\/06\/Bartolome-Vera-nuevo-presidente-de-HoyTu4-265x198.jpg 265w, https:\/\/www.hosteleriadigital.es\/wp-content\/uploads\/2025\/06\/Bartolome-Vera-nuevo-presidente-de-HoyTu4-640x480.jpg 640w, https:\/\/www.hosteleriadigital.es\/wp-content\/uploads\/2025\/06\/Bartolome-Vera-nuevo-presidente-de-HoyTu4-681x511.jpg 681w, https:\/\/www.hosteleriadigital.es\/wp-content\/uploads\/2025\/06\/Bartolome-Vera-nuevo-presidente-de-HoyTu4-scaled.jpg 1200w\" sizes=\"auto, (max-width: 300px) 100vw, 300px\"\/><\/noscript><\/p>\n<p><strong>Equipo con experiencia<br \/><\/strong>En la nueva junta directiva ser\u00e1 vicepresidente primero Jes\u00fas Francisco Abellaneda (presidente de Hostelor); vicepresidente segundo Juan Carlos Garc\u00eda R\u00f3denas (hotel Alfonso XIII); tesorero David Rull (Balneario de Archena); y vocales Jos\u00e9 Mar\u00eda Rubiales (Parlamento Andaluz), Juan Jos\u00e9 Nicol\u00e1s (restaurante Churra) y V\u00edctor Manuel D\u00edaz (Jinca Jurosa). Adem\u00e1s, Laura Mateo seguir\u00e1 siendo la secretaria general de la entidad durante esta\u00a0legislatura.<\/p>\n<p><em>\u201cSe trata de un equipo cohesionado, plural y con experiencia, comprometido con la defensa de los intereses del sector y con una visi\u00f3n de futuro orientada al crecimiento, la innovaci\u00f3n y la representaci\u00f3n eficaz de nuestros asociados\u201d<\/em>, destaca Vera.<\/p>\n<\/div>\n<p><a href=\"https:\/\/www.hosteleriadigital.es\/2025\/06\/20\/bartolome-vera-nuevo-presidente-de-hoytu\/\">source<\/a><\/p>","protected":false},"excerpt":{"rendered":"<p>La Federaci\u00f3n Regional de Empresarios de Hosteler\u00eda y Turismo de la Regi\u00f3n<span class=\"excerpt-hellip\"> [\u2026]<\/span><\/p>\n","protected":false},"author":17,"featured_media":0,"comment_status":"","ping_status":"","sticky":false,"template":"","format":"standard","meta":{"footnotes":""},"categories":[1],"tags":[],"class_list":["post-4891","post","type-post","status-publish","format-standard","hentry","category-noticias-externas"],"yoast_head":"<!-- This site is optimized with the Yoast SEO plugin v27.4 - https:\/\/yoast.com\/product\/yoast-seo-wordpress\/ -->\n<title>Bartolom\u00e9 Vera, nuevo presidente de HoyT\u00fa - ARA | Asociaci\u00f3n de Restaurantes Alicante<\/title>\n<meta name=\"robots\" content=\"index, follow, max-snippet:-1, max-image-preview:large, max-video-preview:-1\" \/>\n<link rel=\"canonical\" href=\"https:\/\/www.araalicante.com\/en\/bartolome-vera-nuevo-presidente-de-hoytu\/\" \/>\n<meta property=\"og:locale\" content=\"en_GB\" \/>\n<meta property=\"og:type\" content=\"article\" \/>\n<meta property=\"og:title\" content=\"Bartolom\u00e9 Vera, nuevo presidente de HoyT\u00fa - ARA | Asociaci\u00f3n de Restaurantes Alicante\" \/>\n<meta property=\"og:description\" content=\"La Federaci\u00f3n Regional de Empresarios de Hosteler\u00eda y Turismo de la Regi\u00f3n [\u2026]\" \/>\n<meta property=\"og:url\" content=\"https:\/\/www.araalicante.com\/en\/bartolome-vera-nuevo-presidente-de-hoytu\/\" \/>\n<meta property=\"og:site_name\" content=\"ARA | Asociaci\u00f3n de Restaurantes Alicante\" \/>\n<meta property=\"article:publisher\" content=\"https:\/\/www.facebook.com\/Ararestaurantesalicante\" \/>\n<meta property=\"article:published_time\" content=\"2025-06-20T10:10:01+00:00\" \/>\n<meta property=\"og:image\" content=\"https:\/\/www.araalicante.com\/wp-content\/uploads\/2023\/10\/Sin-titulo-1.png\" \/>\n\t<meta property=\"og:image:width\" content=\"200\" \/>\n\t<meta property=\"og:image:height\" content=\"200\" \/>\n\t<meta property=\"og:image:type\" content=\"image\/png\" \/>\n<meta name=\"author\" content=\"Antonio Palomera\" \/>\n<meta name=\"twitter:card\" content=\"summary_large_image\" \/>\n<meta name=\"twitter:label1\" content=\"Written by\" \/>\n\t<meta name=\"twitter:data1\" content=\"Antonio Palomera\" \/>\n\t<meta name=\"twitter:label2\" content=\"Estimated reading time\" \/>\n\t<meta name=\"twitter:data2\" content=\"2 minutes\" \/>\n<script type=\"application\/ld+json\" class=\"yoast-schema-graph\">{\"@context\":\"https:\\\/\\\/schema.org\",\"@graph\":[{\"@type\":\"Article\",\"@id\":\"https:\\\/\\\/www.araalicante.com\\\/bartolome-vera-nuevo-presidente-de-hoytu\\\/#article\",\"isPartOf\":{\"@id\":\"https:\\\/\\\/www.araalicante.com\\\/bartolome-vera-nuevo-presidente-de-hoytu\\\/\"},\"author\":{\"name\":\"Antonio Palomera\",\"@id\":\"https:\\\/\\\/www.araalicante.com\\\/#\\\/schema\\\/person\\\/066f68dc3db0406c0829af861c17332f\"},\"headline\":\"Bartolom\u00e9 Vera, nuevo presidente de HoyT\u00fa\",\"datePublished\":\"2025-06-20T10:10:01+00:00\",\"mainEntityOfPage\":{\"@id\":\"https:\\\/\\\/www.araalicante.com\\\/bartolome-vera-nuevo-presidente-de-hoytu\\\/\"},\"wordCount\":451,\"publisher\":{\"@id\":\"https:\\\/\\\/www.araalicante.com\\\/#organization\"},\"image\":{\"@id\":\"https:\\\/\\\/www.araalicante.com\\\/bartolome-vera-nuevo-presidente-de-hoytu\\\/#primaryimage\"},\"thumbnailUrl\":\"https:\\\/\\\/www.hosteleriadigital.es\\\/wp-content\\\/uploads\\\/2025\\\/06\\\/WhatsApp-Image-2025-06-20-at-11.44.58-1-225x300.jpeg\",\"articleSection\":[\"Noticias externas\"],\"inLanguage\":\"en-GB\"},{\"@type\":\"WebPage\",\"@id\":\"https:\\\/\\\/www.araalicante.com\\\/bartolome-vera-nuevo-presidente-de-hoytu\\\/\",\"url\":\"https:\\\/\\\/www.araalicante.com\\\/bartolome-vera-nuevo-presidente-de-hoytu\\\/\",\"name\":\"Bartolom\u00e9 Vera, nuevo presidente de HoyT\u00fa - ARA | Asociaci\u00f3n de Restaurantes Alicante\",\"isPartOf\":{\"@id\":\"https:\\\/\\\/www.araalicante.com\\\/#website\"},\"primaryImageOfPage\":{\"@id\":\"https:\\\/\\\/www.araalicante.com\\\/bartolome-vera-nuevo-presidente-de-hoytu\\\/#primaryimage\"},\"image\":{\"@id\":\"https:\\\/\\\/www.araalicante.com\\\/bartolome-vera-nuevo-presidente-de-hoytu\\\/#primaryimage\"},\"thumbnailUrl\":\"https:\\\/\\\/www.hosteleriadigital.es\\\/wp-content\\\/uploads\\\/2025\\\/06\\\/WhatsApp-Image-2025-06-20-at-11.44.58-1-225x300.jpeg\",\"datePublished\":\"2025-06-20T10:10:01+00:00\",\"breadcrumb\":{\"@id\":\"https:\\\/\\\/www.araalicante.com\\\/bartolome-vera-nuevo-presidente-de-hoytu\\\/#breadcrumb\"},\"inLanguage\":\"en-GB\",\"potentialAction\":[{\"@type\":\"ReadAction\",\"target\":[\"https:\\\/\\\/www.araalicante.com\\\/bartolome-vera-nuevo-presidente-de-hoytu\\\/\"]}]},{\"@type\":\"ImageObject\",\"inLanguage\":\"en-GB\",\"@id\":\"https:\\\/\\\/www.araalicante.com\\\/bartolome-vera-nuevo-presidente-de-hoytu\\\/#primaryimage\",\"url\":\"https:\\\/\\\/www.hosteleriadigital.es\\\/wp-content\\\/uploads\\\/2025\\\/06\\\/WhatsApp-Image-2025-06-20-at-11.44.58-1-225x300.jpeg\",\"contentUrl\":\"https:\\\/\\\/www.hosteleriadigital.es\\\/wp-content\\\/uploads\\\/2025\\\/06\\\/WhatsApp-Image-2025-06-20-at-11.44.58-1-225x300.jpeg\"},{\"@type\":\"BreadcrumbList\",\"@id\":\"https:\\\/\\\/www.araalicante.com\\\/bartolome-vera-nuevo-presidente-de-hoytu\\\/#breadcrumb\",\"itemListElement\":[{\"@type\":\"ListItem\",\"position\":1,\"name\":\"Portada\",\"item\":\"https:\\\/\\\/www.araalicante.com\\\/\"},{\"@type\":\"ListItem\",\"position\":2,\"name\":\"Bartolom\u00e9 Vera, nuevo presidente de HoyT\u00fa\"}]},{\"@type\":\"WebSite\",\"@id\":\"https:\\\/\\\/www.araalicante.com\\\/#website\",\"url\":\"https:\\\/\\\/www.araalicante.com\\\/\",\"name\":\"ARA | Asociaci\u00f3n de Restaurantes Alicante\",\"description\":\"Producto local, restauraci\u00f3n de calidad en Alicante y su provincia\",\"publisher\":{\"@id\":\"https:\\\/\\\/www.araalicante.com\\\/#organization\"},\"potentialAction\":[{\"@type\":\"SearchAction\",\"target\":{\"@type\":\"EntryPoint\",\"urlTemplate\":\"https:\\\/\\\/www.araalicante.com\\\/?s={search_term_string}\"},\"query-input\":{\"@type\":\"PropertyValueSpecification\",\"valueRequired\":true,\"valueName\":\"search_term_string\"}}],\"inLanguage\":\"en-GB\"},{\"@type\":\"Organization\",\"@id\":\"https:\\\/\\\/www.araalicante.com\\\/#organization\",\"name\":\"ARA | Asociaci\u00f3n de Restaurantes Alicante\",\"url\":\"https:\\\/\\\/www.araalicante.com\\\/\",\"logo\":{\"@type\":\"ImageObject\",\"inLanguage\":\"en-GB\",\"@id\":\"https:\\\/\\\/www.araalicante.com\\\/#\\\/schema\\\/logo\\\/image\\\/\",\"url\":\"https:\\\/\\\/www.araalicante.com\\\/wp-content\\\/uploads\\\/2023\\\/09\\\/logoara.png\",\"contentUrl\":\"https:\\\/\\\/www.araalicante.com\\\/wp-content\\\/uploads\\\/2023\\\/09\\\/logoara.png\",\"width\":400,\"height\":85,\"caption\":\"ARA | Asociaci\u00f3n de Restaurantes Alicante\"},\"image\":{\"@id\":\"https:\\\/\\\/www.araalicante.com\\\/#\\\/schema\\\/logo\\\/image\\\/\"},\"sameAs\":[\"https:\\\/\\\/www.facebook.com\\\/Ararestaurantesalicante\",\"https:\\\/\\\/www.instagram.com\\\/ararestaurantesalicante\\\/\"]},{\"@type\":\"Person\",\"@id\":\"https:\\\/\\\/www.araalicante.com\\\/#\\\/schema\\\/person\\\/066f68dc3db0406c0829af861c17332f\",\"name\":\"Antonio Palomera\",\"image\":{\"@type\":\"ImageObject\",\"inLanguage\":\"en-GB\",\"@id\":\"https:\\\/\\\/secure.gravatar.com\\\/avatar\\\/a8378756bb866d8a91ea5808ee291ef099888cc76273b42162b3ab961b9da5df?s=96&d=mm&r=g\",\"url\":\"https:\\\/\\\/secure.gravatar.com\\\/avatar\\\/a8378756bb866d8a91ea5808ee291ef099888cc76273b42162b3ab961b9da5df?s=96&d=mm&r=g\",\"contentUrl\":\"https:\\\/\\\/secure.gravatar.com\\\/avatar\\\/a8378756bb866d8a91ea5808ee291ef099888cc76273b42162b3ab961b9da5df?s=96&d=mm&r=g\",\"caption\":\"Antonio Palomera\"},\"url\":\"https:\\\/\\\/www.araalicante.com\\\/en\\\/author\\\/antonio\\\/\"}]}<\/script>\n<!-- \/ Yoast SEO plugin. -->","yoast_head_json":{"title":"Bartolom\u00e9 Vera, nuevo presidente de HoyT\u00fa - ARA | Asociaci\u00f3n de Restaurantes Alicante","robots":{"index":"index","follow":"follow","max-snippet":"max-snippet:-1","max-image-preview":"max-image-preview:large","max-video-preview":"max-video-preview:-1"},"canonical":"https:\/\/www.araalicante.com\/en\/bartolome-vera-nuevo-presidente-de-hoytu\/","og_locale":"en_GB","og_type":"article","og_title":"Bartolom\u00e9 Vera, nuevo presidente de HoyT\u00fa - ARA | Asociaci\u00f3n de Restaurantes Alicante","og_description":"La Federaci\u00f3n Regional de Empresarios de Hosteler\u00eda y Turismo de la Regi\u00f3n [\u2026]","og_url":"https:\/\/www.araalicante.com\/en\/bartolome-vera-nuevo-presidente-de-hoytu\/","og_site_name":"ARA | Asociaci\u00f3n de Restaurantes Alicante","article_publisher":"https:\/\/www.facebook.com\/Ararestaurantesalicante","article_published_time":"2025-06-20T10:10:01+00:00","og_image":[{"width":200,"height":200,"url":"https:\/\/www.araalicante.com\/wp-content\/uploads\/2023\/10\/Sin-titulo-1.png","type":"image\/png"}],"author":"Antonio Palomera","twitter_card":"summary_large_image","twitter_misc":{"Written by":"Antonio Palomera","Estimated reading time":"2 minutes"},"schema":{"@context":"https:\/\/schema.org","@graph":[{"@type":"Article","@id":"https:\/\/www.araalicante.com\/bartolome-vera-nuevo-presidente-de-hoytu\/#article","isPartOf":{"@id":"https:\/\/www.araalicante.com\/bartolome-vera-nuevo-presidente-de-hoytu\/"},"author":{"name":"Antonio Palomera","@id":"https:\/\/www.araalicante.com\/#\/schema\/person\/066f68dc3db0406c0829af861c17332f"},"headline":"Bartolom\u00e9 Vera, nuevo presidente de HoyT\u00fa","datePublished":"2025-06-20T10:10:01+00:00","mainEntityOfPage":{"@id":"https:\/\/www.araalicante.com\/bartolome-vera-nuevo-presidente-de-hoytu\/"},"wordCount":451,"publisher":{"@id":"https:\/\/www.araalicante.com\/#organization"},"image":{"@id":"https:\/\/www.araalicante.com\/bartolome-vera-nuevo-presidente-de-hoytu\/#primaryimage"},"thumbnailUrl":"https:\/\/www.hosteleriadigital.es\/wp-content\/uploads\/2025\/06\/WhatsApp-Image-2025-06-20-at-11.44.58-1-225x300.jpeg","articleSection":["Noticias externas"],"inLanguage":"en-GB"},{"@type":"WebPage","@id":"https:\/\/www.araalicante.com\/bartolome-vera-nuevo-presidente-de-hoytu\/","url":"https:\/\/www.araalicante.com\/bartolome-vera-nuevo-presidente-de-hoytu\/","name":"Bartolom\u00e9 Vera, nuevo presidente de HoyT\u00fa - ARA | Asociaci\u00f3n de Restaurantes Alicante","isPartOf":{"@id":"https:\/\/www.araalicante.com\/#website"},"primaryImageOfPage":{"@id":"https:\/\/www.araalicante.com\/bartolome-vera-nuevo-presidente-de-hoytu\/#primaryimage"},"image":{"@id":"https:\/\/www.araalicante.com\/bartolome-vera-nuevo-presidente-de-hoytu\/#primaryimage"},"thumbnailUrl":"https:\/\/www.hosteleriadigital.es\/wp-content\/uploads\/2025\/06\/WhatsApp-Image-2025-06-20-at-11.44.58-1-225x300.jpeg","datePublished":"2025-06-20T10:10:01+00:00","breadcrumb":{"@id":"https:\/\/www.araalicante.com\/bartolome-vera-nuevo-presidente-de-hoytu\/#breadcrumb"},"inLanguage":"en-GB","potentialAction":[{"@type":"ReadAction","target":["https:\/\/www.araalicante.com\/bartolome-vera-nuevo-presidente-de-hoytu\/"]}]},{"@type":"ImageObject","inLanguage":"en-GB","@id":"https:\/\/www.araalicante.com\/bartolome-vera-nuevo-presidente-de-hoytu\/#primaryimage","url":"https:\/\/www.hosteleriadigital.es\/wp-content\/uploads\/2025\/06\/WhatsApp-Image-2025-06-20-at-11.44.58-1-225x300.jpeg","contentUrl":"https:\/\/www.hosteleriadigital.es\/wp-content\/uploads\/2025\/06\/WhatsApp-Image-2025-06-20-at-11.44.58-1-225x300.jpeg"},{"@type":"BreadcrumbList","@id":"https:\/\/www.araalicante.com\/bartolome-vera-nuevo-presidente-de-hoytu\/#breadcrumb","itemListElement":[{"@type":"ListItem","position":1,"name":"Portada","item":"https:\/\/www.araalicante.com\/"},{"@type":"ListItem","position":2,"name":"Bartolom\u00e9 Vera, nuevo presidente de HoyT\u00fa"}]},{"@type":"WebSite","@id":"https:\/\/www.araalicante.com\/#website","url":"https:\/\/www.araalicante.com\/","name":"ARA | Asociaci\u00f3n de Restaurantes Alicante","description":"Producto local, restauraci\u00f3n de calidad en Alicante y su provincia","publisher":{"@id":"https:\/\/www.araalicante.com\/#organization"},"potentialAction":[{"@type":"SearchAction","target":{"@type":"EntryPoint","urlTemplate":"https:\/\/www.araalicante.com\/?s={search_term_string}"},"query-input":{"@type":"PropertyValueSpecification","valueRequired":true,"valueName":"search_term_string"}}],"inLanguage":"en-GB"},{"@type":"Organization","@id":"https:\/\/www.araalicante.com\/#organization","name":"ARA | Asociaci\u00f3n de Restaurantes Alicante","url":"https:\/\/www.araalicante.com\/","logo":{"@type":"ImageObject","inLanguage":"en-GB","@id":"https:\/\/www.araalicante.com\/#\/schema\/logo\/image\/","url":"https:\/\/www.araalicante.com\/wp-content\/uploads\/2023\/09\/logoara.png","contentUrl":"https:\/\/www.araalicante.com\/wp-content\/uploads\/2023\/09\/logoara.png","width":400,"height":85,"caption":"ARA | Asociaci\u00f3n de Restaurantes Alicante"},"image":{"@id":"https:\/\/www.araalicante.com\/#\/schema\/logo\/image\/"},"sameAs":["https:\/\/www.facebook.com\/Ararestaurantesalicante","https:\/\/www.instagram.com\/ararestaurantesalicante\/"]},{"@type":"Person","@id":"https:\/\/www.araalicante.com\/#\/schema\/person\/066f68dc3db0406c0829af861c17332f","name":"Antonio Palomera","image":{"@type":"ImageObject","inLanguage":"en-GB","@id":"https:\/\/secure.gravatar.com\/avatar\/a8378756bb866d8a91ea5808ee291ef099888cc76273b42162b3ab961b9da5df?s=96&d=mm&r=g","url":"https:\/\/secure.gravatar.com\/avatar\/a8378756bb866d8a91ea5808ee291ef099888cc76273b42162b3ab961b9da5df?s=96&d=mm&r=g","contentUrl":"https:\/\/secure.gravatar.com\/avatar\/a8378756bb866d8a91ea5808ee291ef099888cc76273b42162b3ab961b9da5df?s=96&d=mm&r=g","caption":"Antonio Palomera"},"url":"https:\/\/www.araalicante.com\/en\/author\/antonio\/"}]}},"_links":{"self":[{"href":"https:\/\/www.araalicante.com\/en\/wp-json\/wp\/v2\/posts\/4891","targetHints":{"allow":["GET"]}}],"collection":[{"href":"https:\/\/www.araalicante.com\/en\/wp-json\/wp\/v2\/posts"}],"about":[{"href":"https:\/\/www.araalicante.com\/en\/wp-json\/wp\/v2\/types\/post"}],"author":[{"embeddable":true,"href":"https:\/\/www.araalicante.com\/en\/wp-json\/wp\/v2\/users\/17"}],"replies":[{"embeddable":true,"href":"https:\/\/www.araalicante.com\/en\/wp-json\/wp\/v2\/comments?post=4891"}],"version-history":[{"count":0,"href":"https:\/\/www.araalicante.com\/en\/wp-json\/wp\/v2\/posts\/4891\/revisions"}],"wp:attachment":[{"href":"https:\/\/www.araalicante.com\/en\/wp-json\/wp\/v2\/media?parent=4891"}],"wp:term":[{"taxonomy":"category","embeddable":true,"href":"https:\/\/www.araalicante.com\/en\/wp-json\/wp\/v2\/categories?post=4891"},{"taxonomy":"post_tag","embeddable":true,"href":"https:\/\/www.araalicante.com\/en\/wp-json\/wp\/v2\/tags?post=4891"}],"curies":[{"name":"wp","href":"https:\/\/api.w.org\/{rel}","templated":true}]}}