{"id":4890,"date":"2025-06-19T12:34:02","date_gmt":"2025-06-19T10:34:02","guid":{"rendered":"https:\/\/www.araalicante.com\/la-hosteleria-preve-una-campana-de-verano-marcada-por-la-estabilidad\/"},"modified":"2025-06-19T12:34:02","modified_gmt":"2025-06-19T10:34:02","slug":"la-hosteleria-preve-una-campana-de-verano-marcada-por-la-estabilidad","status":"publish","type":"post","link":"https:\/\/www.araalicante.com\/en\/la-hosteleria-preve-una-campana-de-verano-marcada-por-la-estabilidad\/","title":{"rendered":"La hosteler\u00eda prev\u00e9 una campa\u00f1a de verano marcada por la estabilidad"},"content":{"rendered":"<div>\n<p>La hosteler\u00eda espera una campa\u00f1a de verano con ritmo de crecimiento menor al que ha tenido en a\u00f1os anteriores, marcados por la recuperaci\u00f3n de la pandemia, por lo que pronostica <strong>un incremento de la facturaci\u00f3n no superior al 5% con respecto al \u00a0mismo periodo de 2024<\/strong>.<\/p>\n<p>En los <strong>primeros meses del a\u00f1o, la facturaci\u00f3n hostelera muestra una tendencia de moderaci\u00f3n en el crecimiento<\/strong> hacia una recuperaci\u00f3n de su ritmo de crecimiento habitual, despu\u00e9s de los fuertes crecimientos de los a\u00f1os anteriores por la reactivaci\u00f3n de la actividad postpandemia. Supone un crecimiento en los dos primeros meses del a\u00f1o de un 4,6% anual, frente al 10% de los mismos meses del a\u00f1o anterior. En restauraci\u00f3n, el alza es de un 3,2% (frente al 8,5%) y en alojamiento de un 8,2% (14,2%). Estos datos demuestran una fortaleza del consumo asociado a la actividad tur\u00edstica y una ralentizaci\u00f3n en los consumos a diario de los residentes.<\/p>\n<p>Baleares, junto con Castilla-La Mancha y Asturias muestran los mayores impulsos en los primeros meses del a\u00f1o, respecto a 2024.<\/p>\n<p>Con relaci\u00f3n al <strong>empleo, ya en el mes de mayo se ha alcanzado 1,96 millones de trabajadores, cifra r\u00e9cord para el mes de mayo<\/strong>; igualando el m\u00e1ximo hist\u00f3rico de contrataci\u00f3n alcanzado en los meses de julio y agosto del a\u00f1o pasado, lo que <strong>hace pensar que en los meses estivales de este a\u00f1o se alcanzar\u00e1 la barrera de los 2 millones de trabajadores<\/strong>. Hasta el mes de mayo se han creado cerca de 300.000 puestos de trabajo.<\/p>\n<p><strong>Factores como la capacidad de ahorro de las familias<\/strong>, la <strong>contenci\u00f3n de los precios<\/strong>, y el tir\u00f3n de la demanda en la temporada de verano, as\u00ed como <strong>las buenas previsiones del sector tur\u00edstico, especialmente el extranjero, hacen prever una temporada estival de r\u00e9cord tanto en facturaci\u00f3n como en empleo<\/strong>, aunque con p\u00e9rdida de rentabilidad de los negocios.<\/p>\n<p>Por otro lado, la <strong>progresiva desestacionalizaci\u00f3n<\/strong> hace que las subidas durante los meses de verano sean m\u00e1s moderadas que en a\u00f1os anteriores<\/p>\n<p>Se observa una tendencia hacia un <strong>aumento del consumo tur\u00edstico m\u00e1s alto en zonas de clima m\u00e1s templado y mayor moderaci\u00f3n en las de climas m\u00e1s c\u00e1lidos<\/strong>.<\/p>\n<p><img fetchpriority=\"high\" decoding=\"async\" class=\"size-medium wp-image-32411 lazyload\" src=\"https:\/\/www.hosteleriadigital.es\/wp-content\/uploads\/2025\/06\/620-turismo-300x200.jpg\" alt=\"\" width=\"300\" height=\"200\"\/><noscript><img loading=\"lazy\" decoding=\"async\" class=\"size-medium wp-image-32411 lazyload\" src=\"https:\/\/www.hosteleriadigital.es\/wp-content\/uploads\/2025\/06\/620-turismo-300x200.jpg\" alt=\"\" width=\"300\" height=\"200\" srcset=\"https:\/\/www.hosteleriadigital.es\/wp-content\/uploads\/2025\/06\/620-turismo-300x200.jpg 300w, https:\/\/www.hosteleriadigital.es\/wp-content\/uploads\/2025\/06\/620-turismo-150x100.jpg 150w, https:\/\/www.hosteleriadigital.es\/wp-content\/uploads\/2025\/06\/620-turismo-537x360.jpg 537w, https:\/\/www.hosteleriadigital.es\/wp-content\/uploads\/2025\/06\/620-turismo.jpg 620w\" sizes=\"auto, (max-width: 300px) 100vw, 300px\"\/><\/noscript><\/p>\n<p><strong><u>Retos, desaf\u00edos y oportunidades de la hosteler\u00eda<\/u><\/strong><\/p>\n<ul>\n<li><strong>P\u00e9rdida de rentabilidad<\/strong>: debido al aumento de los costes productivos y el ajuste en la demanda de los consumidores.<\/li>\n<li><strong>Reducci\u00f3n de la jornada laboral<\/strong>: en un sector que en un 95% est\u00e1 compuesto por empresas de menos de 10 trabajadores, complicando la adaptaci\u00f3n de las plantillas a esa nueva jornada, lo que <strong>podr\u00eda suponer una modificaci\u00f3n en los horarios de apertura y cierre de la hosteler\u00eda<\/strong>, adem\u00e1s de ser una intromisi\u00f3n sin precedentes en la negociaci\u00f3n colectiva, un modelo que lleva funcionando d\u00e9cadas y garantiza el orden social.<\/li>\n<li><strong>Incapacidad temporal<\/strong> (IT): el colapso sanitario que alarga diagn\u00f3sticos y pruebas deber\u00eda resolverse de manera prioritaria por parte de las administraciones, ya que muchas veces prolonga situaciones de incertidumbre para el propio trabajador. Este aspecto est\u00e1 <strong>ocasionando graves problemas en el tejido productivo en todos los niveles, ya que adem\u00e1s de incrementar los costes de las empresas<\/strong>, genera una situaci\u00f3n de malestar en el ambiente laboral entre los compa\u00f1eros. Esto es especialmente grave en las pymes y micro pymes, donde cubrir esas bajas es muy complicado y repercute en el buen funcionamiento de los negocios.<\/li>\n<li><strong>Sostenibilidad: <\/strong>aspectos como<strong> la distribuci\u00f3n urbana de mercanc\u00edas (DUM) <\/strong>o el sistema de dep\u00f3sito, devoluci\u00f3n y retorno<strong> (SDDR) <\/strong>en el que la hosteler\u00eda ha conseguido la voluntariedad de los establecimientos como puntos de entrega<strong> o la futura implantaci\u00f3n del VERIFACTU, <\/strong>son aspectos clave para la organizaci\u00f3n de los negocios en el corto plazo.<\/li>\n<li><strong>Importancia social de la hosteler\u00eda<\/strong>: la contribuci\u00f3n de bares, restaurantes, cafeter\u00edas y locales de ocio nocturno en la conformaci\u00f3n de las ciudades y <strong>su contribuci\u00f3n a mantener las calles vivas, con modelos de terrazas que contribuyan a mejorar el paisaje urbano y la convivencia vecinal<\/strong>.<\/li>\n<\/ul>\n<\/div>\n<p><a href=\"https:\/\/www.hosteleriadigital.es\/2025\/06\/19\/la-hosteleria-preve-una-campana-de-verano-marcada-por-la-estabilidad\/\">source<\/a><\/p>","protected":false},"excerpt":{"rendered":"<p>La hosteler\u00eda espera una campa\u00f1a de verano con ritmo de crecimiento menor<span class=\"excerpt-hellip\"> [\u2026]<\/span><\/p>\n","protected":false},"author":17,"featured_media":0,"comment_status":"","ping_status":"","sticky":false,"template":"","format":"standard","meta":{"footnotes":""},"categories":[1],"tags":[],"class_list":["post-4890","post","type-post","status-publish","format-standard","hentry","category-noticias-externas"],"yoast_head":"<!-- This site is optimized with the Yoast SEO plugin v27.4 - https:\/\/yoast.com\/product\/yoast-seo-wordpress\/ -->\n<title>La hosteler\u00eda prev\u00e9 una campa\u00f1a de verano marcada por la estabilidad - ARA | Asociaci\u00f3n de Restaurantes Alicante<\/title>\n<meta name=\"robots\" content=\"index, follow, max-snippet:-1, max-image-preview:large, max-video-preview:-1\" \/>\n<link rel=\"canonical\" href=\"https:\/\/www.araalicante.com\/en\/la-hosteleria-preve-una-campana-de-verano-marcada-por-la-estabilidad\/\" \/>\n<meta property=\"og:locale\" content=\"en_GB\" \/>\n<meta property=\"og:type\" content=\"article\" \/>\n<meta property=\"og:title\" content=\"La hosteler\u00eda prev\u00e9 una campa\u00f1a de verano marcada por la estabilidad - ARA | Asociaci\u00f3n de Restaurantes Alicante\" \/>\n<meta property=\"og:description\" content=\"La hosteler\u00eda espera una campa\u00f1a de verano con ritmo de crecimiento menor [\u2026]\" \/>\n<meta property=\"og:url\" content=\"https:\/\/www.araalicante.com\/en\/la-hosteleria-preve-una-campana-de-verano-marcada-por-la-estabilidad\/\" \/>\n<meta property=\"og:site_name\" content=\"ARA | Asociaci\u00f3n de Restaurantes Alicante\" \/>\n<meta property=\"article:publisher\" content=\"https:\/\/www.facebook.com\/Ararestaurantesalicante\" \/>\n<meta property=\"article:published_time\" content=\"2025-06-19T10:34:02+00:00\" \/>\n<meta property=\"og:image\" content=\"https:\/\/www.araalicante.com\/wp-content\/uploads\/2023\/10\/Sin-titulo-1.png\" \/>\n\t<meta property=\"og:image:width\" content=\"200\" \/>\n\t<meta property=\"og:image:height\" content=\"200\" \/>\n\t<meta property=\"og:image:type\" content=\"image\/png\" \/>\n<meta name=\"author\" content=\"Antonio Palomera\" \/>\n<meta name=\"twitter:card\" content=\"summary_large_image\" \/>\n<meta name=\"twitter:label1\" content=\"Written by\" \/>\n\t<meta name=\"twitter:data1\" content=\"Antonio Palomera\" \/>\n\t<meta name=\"twitter:label2\" content=\"Estimated reading time\" \/>\n\t<meta name=\"twitter:data2\" content=\"3 minutes\" \/>\n<script type=\"application\/ld+json\" class=\"yoast-schema-graph\">{\"@context\":\"https:\\\/\\\/schema.org\",\"@graph\":[{\"@type\":\"Article\",\"@id\":\"https:\\\/\\\/www.araalicante.com\\\/la-hosteleria-preve-una-campana-de-verano-marcada-por-la-estabilidad\\\/#article\",\"isPartOf\":{\"@id\":\"https:\\\/\\\/www.araalicante.com\\\/la-hosteleria-preve-una-campana-de-verano-marcada-por-la-estabilidad\\\/\"},\"author\":{\"name\":\"Antonio Palomera\",\"@id\":\"https:\\\/\\\/www.araalicante.com\\\/#\\\/schema\\\/person\\\/066f68dc3db0406c0829af861c17332f\"},\"headline\":\"La hosteler\u00eda prev\u00e9 una campa\u00f1a de verano marcada por la estabilidad\",\"datePublished\":\"2025-06-19T10:34:02+00:00\",\"mainEntityOfPage\":{\"@id\":\"https:\\\/\\\/www.araalicante.com\\\/la-hosteleria-preve-una-campana-de-verano-marcada-por-la-estabilidad\\\/\"},\"wordCount\":713,\"publisher\":{\"@id\":\"https:\\\/\\\/www.araalicante.com\\\/#organization\"},\"image\":{\"@id\":\"https:\\\/\\\/www.araalicante.com\\\/la-hosteleria-preve-una-campana-de-verano-marcada-por-la-estabilidad\\\/#primaryimage\"},\"thumbnailUrl\":\"https:\\\/\\\/www.hosteleriadigital.es\\\/wp-content\\\/uploads\\\/2025\\\/06\\\/620-turismo-300x200.jpg\",\"articleSection\":[\"Noticias externas\"],\"inLanguage\":\"en-GB\"},{\"@type\":\"WebPage\",\"@id\":\"https:\\\/\\\/www.araalicante.com\\\/la-hosteleria-preve-una-campana-de-verano-marcada-por-la-estabilidad\\\/\",\"url\":\"https:\\\/\\\/www.araalicante.com\\\/la-hosteleria-preve-una-campana-de-verano-marcada-por-la-estabilidad\\\/\",\"name\":\"La hosteler\u00eda prev\u00e9 una campa\u00f1a de verano marcada por la estabilidad - ARA | Asociaci\u00f3n de Restaurantes Alicante\",\"isPartOf\":{\"@id\":\"https:\\\/\\\/www.araalicante.com\\\/#website\"},\"primaryImageOfPage\":{\"@id\":\"https:\\\/\\\/www.araalicante.com\\\/la-hosteleria-preve-una-campana-de-verano-marcada-por-la-estabilidad\\\/#primaryimage\"},\"image\":{\"@id\":\"https:\\\/\\\/www.araalicante.com\\\/la-hosteleria-preve-una-campana-de-verano-marcada-por-la-estabilidad\\\/#primaryimage\"},\"thumbnailUrl\":\"https:\\\/\\\/www.hosteleriadigital.es\\\/wp-content\\\/uploads\\\/2025\\\/06\\\/620-turismo-300x200.jpg\",\"datePublished\":\"2025-06-19T10:34:02+00:00\",\"breadcrumb\":{\"@id\":\"https:\\\/\\\/www.araalicante.com\\\/la-hosteleria-preve-una-campana-de-verano-marcada-por-la-estabilidad\\\/#breadcrumb\"},\"inLanguage\":\"en-GB\",\"potentialAction\":[{\"@type\":\"ReadAction\",\"target\":[\"https:\\\/\\\/www.araalicante.com\\\/la-hosteleria-preve-una-campana-de-verano-marcada-por-la-estabilidad\\\/\"]}]},{\"@type\":\"ImageObject\",\"inLanguage\":\"en-GB\",\"@id\":\"https:\\\/\\\/www.araalicante.com\\\/la-hosteleria-preve-una-campana-de-verano-marcada-por-la-estabilidad\\\/#primaryimage\",\"url\":\"https:\\\/\\\/www.hosteleriadigital.es\\\/wp-content\\\/uploads\\\/2025\\\/06\\\/620-turismo-300x200.jpg\",\"contentUrl\":\"https:\\\/\\\/www.hosteleriadigital.es\\\/wp-content\\\/uploads\\\/2025\\\/06\\\/620-turismo-300x200.jpg\"},{\"@type\":\"BreadcrumbList\",\"@id\":\"https:\\\/\\\/www.araalicante.com\\\/la-hosteleria-preve-una-campana-de-verano-marcada-por-la-estabilidad\\\/#breadcrumb\",\"itemListElement\":[{\"@type\":\"ListItem\",\"position\":1,\"name\":\"Portada\",\"item\":\"https:\\\/\\\/www.araalicante.com\\\/\"},{\"@type\":\"ListItem\",\"position\":2,\"name\":\"La hosteler\u00eda prev\u00e9 una campa\u00f1a de verano marcada por la estabilidad\"}]},{\"@type\":\"WebSite\",\"@id\":\"https:\\\/\\\/www.araalicante.com\\\/#website\",\"url\":\"https:\\\/\\\/www.araalicante.com\\\/\",\"name\":\"ARA | Asociaci\u00f3n de Restaurantes Alicante\",\"description\":\"Producto local, restauraci\u00f3n de calidad en Alicante y su provincia\",\"publisher\":{\"@id\":\"https:\\\/\\\/www.araalicante.com\\\/#organization\"},\"potentialAction\":[{\"@type\":\"SearchAction\",\"target\":{\"@type\":\"EntryPoint\",\"urlTemplate\":\"https:\\\/\\\/www.araalicante.com\\\/?s={search_term_string}\"},\"query-input\":{\"@type\":\"PropertyValueSpecification\",\"valueRequired\":true,\"valueName\":\"search_term_string\"}}],\"inLanguage\":\"en-GB\"},{\"@type\":\"Organization\",\"@id\":\"https:\\\/\\\/www.araalicante.com\\\/#organization\",\"name\":\"ARA | Asociaci\u00f3n de Restaurantes Alicante\",\"url\":\"https:\\\/\\\/www.araalicante.com\\\/\",\"logo\":{\"@type\":\"ImageObject\",\"inLanguage\":\"en-GB\",\"@id\":\"https:\\\/\\\/www.araalicante.com\\\/#\\\/schema\\\/logo\\\/image\\\/\",\"url\":\"https:\\\/\\\/www.araalicante.com\\\/wp-content\\\/uploads\\\/2023\\\/09\\\/logoara.png\",\"contentUrl\":\"https:\\\/\\\/www.araalicante.com\\\/wp-content\\\/uploads\\\/2023\\\/09\\\/logoara.png\",\"width\":400,\"height\":85,\"caption\":\"ARA | Asociaci\u00f3n de Restaurantes Alicante\"},\"image\":{\"@id\":\"https:\\\/\\\/www.araalicante.com\\\/#\\\/schema\\\/logo\\\/image\\\/\"},\"sameAs\":[\"https:\\\/\\\/www.facebook.com\\\/Ararestaurantesalicante\",\"https:\\\/\\\/www.instagram.com\\\/ararestaurantesalicante\\\/\"]},{\"@type\":\"Person\",\"@id\":\"https:\\\/\\\/www.araalicante.com\\\/#\\\/schema\\\/person\\\/066f68dc3db0406c0829af861c17332f\",\"name\":\"Antonio Palomera\",\"image\":{\"@type\":\"ImageObject\",\"inLanguage\":\"en-GB\",\"@id\":\"https:\\\/\\\/secure.gravatar.com\\\/avatar\\\/a8378756bb866d8a91ea5808ee291ef099888cc76273b42162b3ab961b9da5df?s=96&d=mm&r=g\",\"url\":\"https:\\\/\\\/secure.gravatar.com\\\/avatar\\\/a8378756bb866d8a91ea5808ee291ef099888cc76273b42162b3ab961b9da5df?s=96&d=mm&r=g\",\"contentUrl\":\"https:\\\/\\\/secure.gravatar.com\\\/avatar\\\/a8378756bb866d8a91ea5808ee291ef099888cc76273b42162b3ab961b9da5df?s=96&d=mm&r=g\",\"caption\":\"Antonio Palomera\"},\"url\":\"https:\\\/\\\/www.araalicante.com\\\/en\\\/author\\\/antonio\\\/\"}]}<\/script>\n<!-- \/ Yoast SEO plugin. -->","yoast_head_json":{"title":"La hosteler\u00eda prev\u00e9 una campa\u00f1a de verano marcada por la estabilidad - ARA | Asociaci\u00f3n de Restaurantes Alicante","robots":{"index":"index","follow":"follow","max-snippet":"max-snippet:-1","max-image-preview":"max-image-preview:large","max-video-preview":"max-video-preview:-1"},"canonical":"https:\/\/www.araalicante.com\/en\/la-hosteleria-preve-una-campana-de-verano-marcada-por-la-estabilidad\/","og_locale":"en_GB","og_type":"article","og_title":"La hosteler\u00eda prev\u00e9 una campa\u00f1a de verano marcada por la estabilidad - ARA | Asociaci\u00f3n de Restaurantes Alicante","og_description":"La hosteler\u00eda espera una campa\u00f1a de verano con ritmo de crecimiento menor [\u2026]","og_url":"https:\/\/www.araalicante.com\/en\/la-hosteleria-preve-una-campana-de-verano-marcada-por-la-estabilidad\/","og_site_name":"ARA | Asociaci\u00f3n de Restaurantes Alicante","article_publisher":"https:\/\/www.facebook.com\/Ararestaurantesalicante","article_published_time":"2025-06-19T10:34:02+00:00","og_image":[{"width":200,"height":200,"url":"https:\/\/www.araalicante.com\/wp-content\/uploads\/2023\/10\/Sin-titulo-1.png","type":"image\/png"}],"author":"Antonio Palomera","twitter_card":"summary_large_image","twitter_misc":{"Written by":"Antonio Palomera","Estimated reading time":"3 minutes"},"schema":{"@context":"https:\/\/schema.org","@graph":[{"@type":"Article","@id":"https:\/\/www.araalicante.com\/la-hosteleria-preve-una-campana-de-verano-marcada-por-la-estabilidad\/#article","isPartOf":{"@id":"https:\/\/www.araalicante.com\/la-hosteleria-preve-una-campana-de-verano-marcada-por-la-estabilidad\/"},"author":{"name":"Antonio Palomera","@id":"https:\/\/www.araalicante.com\/#\/schema\/person\/066f68dc3db0406c0829af861c17332f"},"headline":"La hosteler\u00eda prev\u00e9 una campa\u00f1a de verano marcada por la estabilidad","datePublished":"2025-06-19T10:34:02+00:00","mainEntityOfPage":{"@id":"https:\/\/www.araalicante.com\/la-hosteleria-preve-una-campana-de-verano-marcada-por-la-estabilidad\/"},"wordCount":713,"publisher":{"@id":"https:\/\/www.araalicante.com\/#organization"},"image":{"@id":"https:\/\/www.araalicante.com\/la-hosteleria-preve-una-campana-de-verano-marcada-por-la-estabilidad\/#primaryimage"},"thumbnailUrl":"https:\/\/www.hosteleriadigital.es\/wp-content\/uploads\/2025\/06\/620-turismo-300x200.jpg","articleSection":["Noticias externas"],"inLanguage":"en-GB"},{"@type":"WebPage","@id":"https:\/\/www.araalicante.com\/la-hosteleria-preve-una-campana-de-verano-marcada-por-la-estabilidad\/","url":"https:\/\/www.araalicante.com\/la-hosteleria-preve-una-campana-de-verano-marcada-por-la-estabilidad\/","name":"La hosteler\u00eda prev\u00e9 una campa\u00f1a de verano marcada por la estabilidad - ARA | Asociaci\u00f3n de Restaurantes Alicante","isPartOf":{"@id":"https:\/\/www.araalicante.com\/#website"},"primaryImageOfPage":{"@id":"https:\/\/www.araalicante.com\/la-hosteleria-preve-una-campana-de-verano-marcada-por-la-estabilidad\/#primaryimage"},"image":{"@id":"https:\/\/www.araalicante.com\/la-hosteleria-preve-una-campana-de-verano-marcada-por-la-estabilidad\/#primaryimage"},"thumbnailUrl":"https:\/\/www.hosteleriadigital.es\/wp-content\/uploads\/2025\/06\/620-turismo-300x200.jpg","datePublished":"2025-06-19T10:34:02+00:00","breadcrumb":{"@id":"https:\/\/www.araalicante.com\/la-hosteleria-preve-una-campana-de-verano-marcada-por-la-estabilidad\/#breadcrumb"},"inLanguage":"en-GB","potentialAction":[{"@type":"ReadAction","target":["https:\/\/www.araalicante.com\/la-hosteleria-preve-una-campana-de-verano-marcada-por-la-estabilidad\/"]}]},{"@type":"ImageObject","inLanguage":"en-GB","@id":"https:\/\/www.araalicante.com\/la-hosteleria-preve-una-campana-de-verano-marcada-por-la-estabilidad\/#primaryimage","url":"https:\/\/www.hosteleriadigital.es\/wp-content\/uploads\/2025\/06\/620-turismo-300x200.jpg","contentUrl":"https:\/\/www.hosteleriadigital.es\/wp-content\/uploads\/2025\/06\/620-turismo-300x200.jpg"},{"@type":"BreadcrumbList","@id":"https:\/\/www.araalicante.com\/la-hosteleria-preve-una-campana-de-verano-marcada-por-la-estabilidad\/#breadcrumb","itemListElement":[{"@type":"ListItem","position":1,"name":"Portada","item":"https:\/\/www.araalicante.com\/"},{"@type":"ListItem","position":2,"name":"La hosteler\u00eda prev\u00e9 una campa\u00f1a de verano marcada por la estabilidad"}]},{"@type":"WebSite","@id":"https:\/\/www.araalicante.com\/#website","url":"https:\/\/www.araalicante.com\/","name":"ARA | Asociaci\u00f3n de Restaurantes Alicante","description":"Producto local, restauraci\u00f3n de calidad en Alicante y su provincia","publisher":{"@id":"https:\/\/www.araalicante.com\/#organization"},"potentialAction":[{"@type":"SearchAction","target":{"@type":"EntryPoint","urlTemplate":"https:\/\/www.araalicante.com\/?s={search_term_string}"},"query-input":{"@type":"PropertyValueSpecification","valueRequired":true,"valueName":"search_term_string"}}],"inLanguage":"en-GB"},{"@type":"Organization","@id":"https:\/\/www.araalicante.com\/#organization","name":"ARA | Asociaci\u00f3n de Restaurantes Alicante","url":"https:\/\/www.araalicante.com\/","logo":{"@type":"ImageObject","inLanguage":"en-GB","@id":"https:\/\/www.araalicante.com\/#\/schema\/logo\/image\/","url":"https:\/\/www.araalicante.com\/wp-content\/uploads\/2023\/09\/logoara.png","contentUrl":"https:\/\/www.araalicante.com\/wp-content\/uploads\/2023\/09\/logoara.png","width":400,"height":85,"caption":"ARA | Asociaci\u00f3n de Restaurantes Alicante"},"image":{"@id":"https:\/\/www.araalicante.com\/#\/schema\/logo\/image\/"},"sameAs":["https:\/\/www.facebook.com\/Ararestaurantesalicante","https:\/\/www.instagram.com\/ararestaurantesalicante\/"]},{"@type":"Person","@id":"https:\/\/www.araalicante.com\/#\/schema\/person\/066f68dc3db0406c0829af861c17332f","name":"Antonio Palomera","image":{"@type":"ImageObject","inLanguage":"en-GB","@id":"https:\/\/secure.gravatar.com\/avatar\/a8378756bb866d8a91ea5808ee291ef099888cc76273b42162b3ab961b9da5df?s=96&d=mm&r=g","url":"https:\/\/secure.gravatar.com\/avatar\/a8378756bb866d8a91ea5808ee291ef099888cc76273b42162b3ab961b9da5df?s=96&d=mm&r=g","contentUrl":"https:\/\/secure.gravatar.com\/avatar\/a8378756bb866d8a91ea5808ee291ef099888cc76273b42162b3ab961b9da5df?s=96&d=mm&r=g","caption":"Antonio Palomera"},"url":"https:\/\/www.araalicante.com\/en\/author\/antonio\/"}]}},"_links":{"self":[{"href":"https:\/\/www.araalicante.com\/en\/wp-json\/wp\/v2\/posts\/4890","targetHints":{"allow":["GET"]}}],"collection":[{"href":"https:\/\/www.araalicante.com\/en\/wp-json\/wp\/v2\/posts"}],"about":[{"href":"https:\/\/www.araalicante.com\/en\/wp-json\/wp\/v2\/types\/post"}],"author":[{"embeddable":true,"href":"https:\/\/www.araalicante.com\/en\/wp-json\/wp\/v2\/users\/17"}],"replies":[{"embeddable":true,"href":"https:\/\/www.araalicante.com\/en\/wp-json\/wp\/v2\/comments?post=4890"}],"version-history":[{"count":0,"href":"https:\/\/www.araalicante.com\/en\/wp-json\/wp\/v2\/posts\/4890\/revisions"}],"wp:attachment":[{"href":"https:\/\/www.araalicante.com\/en\/wp-json\/wp\/v2\/media?parent=4890"}],"wp:term":[{"taxonomy":"category","embeddable":true,"href":"https:\/\/www.araalicante.com\/en\/wp-json\/wp\/v2\/categories?post=4890"},{"taxonomy":"post_tag","embeddable":true,"href":"https:\/\/www.araalicante.com\/en\/wp-json\/wp\/v2\/tags?post=4890"}],"curies":[{"name":"wp","href":"https:\/\/api.w.org\/{rel}","templated":true}]}}