{"id":4888,"date":"2025-06-18T16:25:03","date_gmt":"2025-06-18T14:25:03","guid":{"rendered":"https:\/\/www.araalicante.com\/presentados-los-focit-dana-que-dan-respuesta-a-las-peticiones-de-hosteleria-valencia-y-hosteleria-de-espana-para-lograr-mecanismos-de-financiacion-para-las-pymes-afectadas\/"},"modified":"2025-06-18T16:25:03","modified_gmt":"2025-06-18T14:25:03","slug":"presentados-los-focit-dana-que-dan-respuesta-a-las-peticiones-de-hosteleria-valencia-y-hosteleria-de-espana-para-lograr-mecanismos-de-financiacion-para-las-pymes-afectadas","status":"publish","type":"post","link":"https:\/\/www.araalicante.com\/en\/presentados-los-focit-dana-que-dan-respuesta-a-las-peticiones-de-hosteleria-valencia-y-hosteleria-de-espana-para-lograr-mecanismos-de-financiacion-para-las-pymes-afectadas\/","title":{"rendered":"Presentados los FOCIT DANA, que dan respuesta a las peticiones de Hosteler\u00eda Valencia y Hosteler\u00eda de Espa\u00f1a para lograr mecanismos de financiaci\u00f3n para las pymes afectadas"},"content":{"rendered":"<div> <!-- image --><\/p>\n<div class=\"td-post-featured-image\"><a href=\"https:\/\/www.hosteleriadigital.es\/wp-content\/uploads\/2025\/06\/focit.jpg\" data-caption=\"\"><img loading=\"lazy\" decoding=\"async\" width=\"640\" height=\"333\" class=\"entry-thumb td-modal-image\" src=\"https:\/\/www.hosteleriadigital.es\/wp-content\/uploads\/2025\/06\/focit-640x333.jpg\" srcset=\"https:\/\/www.hosteleriadigital.es\/wp-content\/uploads\/2025\/06\/focit-640x333.jpg 640w, https:\/\/www.hosteleriadigital.es\/wp-content\/uploads\/2025\/06\/focit-300x156.jpg 300w, https:\/\/www.hosteleriadigital.es\/wp-content\/uploads\/2025\/06\/focit-150x78.jpg 150w, https:\/\/www.hosteleriadigital.es\/wp-content\/uploads\/2025\/06\/focit-681x354.jpg 681w, https:\/\/www.hosteleriadigital.es\/wp-content\/uploads\/2025\/06\/focit.jpg 700w\" sizes=\"auto, (max-width: 640px) 100vw, 640px\" alt=\"\" title=\"focit\"\/><\/a><\/div>\n<p> <!-- content --><\/p>\n<p>El presidente de la Federaci\u00f3n Empresarial de Hosteler\u00eda de Valencia, Manuel Espinar ha asistido esta ma\u00f1ana en la sede de la Delegaci\u00f3n del Gobierno a la firma del convenio entre la secretaria de Estado de Turismo, Rosario S\u00e1nchez, y el presidente del ICO, Manuel Illueca, que regular\u00e1 el denominado Mecanismo Reinicia+ FOCIT DANA. En el acto ha estado presente tambi\u00e9n la delegada del Gobierno, Pilar Bernab\u00e9.<\/p>\n<p>La nueva l\u00ednea de financiaci\u00f3n estar\u00e1 dotada con 200 millones de euros destinada a pr\u00e9stamos a inter\u00e9s cero para empresas y establecimientos tur\u00edsticos de los municipios afectados por la DANA en la provincia de Valencia.<\/p>\n<p>Con la puesta en marcha de esta l\u00ednea se da respuesta a la petici\u00f3n formulada desde Hosteler\u00eda Valencia y al continuo trabajo de interlocuci\u00f3n para reclamar mecanismos financieros que permitieran ayudar a los establecimientos afectados por la DANA. \u201cHemos trabajado de forma muy proactiva en el dise\u00f1o de estos pr\u00e9stamos, pidiendo al ICO y a la Secretaria de Estado lo que necesitaban las empresas. Esto va a ser una herramienta que va ayudar a reflotar negocios y aumentar la competitivdad de establecimientos \u00a0hosteleros de la zona Dana, y de alguna manera a ver luz tambi\u00e9n en la capacidad de circulante de las empresas\u201d seg\u00fan ha expresado Manuel Espinar, presidente de Hosteler\u00eda Valencia.<\/p>\n<p>Desde Hosteler\u00eda Espa\u00f1a, su presidente Jose Almeida resalta que esta l\u00ednea de ayudas \u201ces el resultado directo del incansable trabajo de Hosteler\u00eda Valencia y Hosteler\u00eda de Espa\u00f1a,con la Secretar\u00eda de Estado de Turismo,para no dejar en el olvido a las empresas que todav\u00eda no han podido reactivar su actividad por los da\u00f1os sufridos por la DANA. En Hosteler\u00eda de Espa\u00f1a,desde el minuto uno nos pusimos al servicio de la Federaci\u00f3n Valenciana,y no hemos cejado en el empe\u00f1o,ni lo vamos \u00a0a hacer, de que todas las ayudas lleguen a los establecimientos para que puedan recuperar una situaci\u00f3n similar a la que ten\u00edan antes de la DANA\u00bb.<\/p>\n<p>La secretaria de Estado, Rosario S\u00e1nchez, ha puesto en valor el trabajo conjunto realizado con las asociaciones de hosteler\u00eda en este tiempo, tanto con Hosteler\u00eda Valencia como la patronal Hosteler\u00eda Espa\u00f1a para conocer la situaci\u00f3n de la hosteler\u00eda afectada de la zona y abordar el dise\u00f1o de las ayudas, que se ha materializado en la puesta en marcha de estos nuevos pr\u00e9stamos.<\/p>\n<p>Los pr\u00e9stamos, que se podr\u00e1n solicitar desde el 1 de julio, podr\u00e1n ser concedidos tanto a empresas de la zona como para empresas que vayan a realizar nuevas inversiones en los municipios afectados. Los pr\u00e9stamos tendr\u00e1n un tipo de inter\u00e9s del 0% y el valor m\u00ednimo ser\u00e1 de 50.000 euros, sin importe m\u00e1ximo, con un plazo de amortizaci\u00f3n m\u00e1ximo de 10 a\u00f1os en operaciones de inversi\u00f3n con 3 a\u00f1os de carencia de principal y hasta 5 a\u00f1os en operaciones de circulante, con carencia m\u00e1xima de un a\u00f1o.<\/p>\n<\/div>\n<p><a href=\"https:\/\/www.hosteleriadigital.es\/2025\/06\/18\/presentados-los-focit-dana-que-dan-respuesta-a-las-peticiones-de-hosteleria-valencia-y-hosteleria-de-espana-para-lograr-mecanismos-de-financiacion-para-las-pymes-afectadas\/\">source<\/a><\/p>","protected":false},"excerpt":{"rendered":"<p>El presidente de la Federaci\u00f3n Empresarial de Hosteler\u00eda de Valencia, Manuel Espinar<span class=\"excerpt-hellip\"> [\u2026]<\/span><\/p>\n","protected":false},"author":17,"featured_media":0,"comment_status":"","ping_status":"","sticky":false,"template":"","format":"standard","meta":{"footnotes":""},"categories":[1],"tags":[],"class_list":["post-4888","post","type-post","status-publish","format-standard","hentry","category-noticias-externas"],"yoast_head":"<!-- This site is optimized with the Yoast SEO plugin v27.4 - https:\/\/yoast.com\/product\/yoast-seo-wordpress\/ -->\n<title>Presentados los FOCIT DANA, que dan respuesta a las peticiones de Hosteler\u00eda Valencia y Hosteler\u00eda de Espa\u00f1a para lograr mecanismos de financiaci\u00f3n para las pymes afectadas - ARA | Asociaci\u00f3n de Restaurantes Alicante<\/title>\n<meta name=\"robots\" content=\"index, follow, max-snippet:-1, max-image-preview:large, max-video-preview:-1\" \/>\n<link rel=\"canonical\" href=\"https:\/\/www.araalicante.com\/en\/presentados-los-focit-dana-que-dan-respuesta-a-las-peticiones-de-hosteleria-valencia-y-hosteleria-de-espana-para-lograr-mecanismos-de-financiacion-para-las-pymes-afectadas\/\" \/>\n<meta property=\"og:locale\" content=\"en_GB\" \/>\n<meta property=\"og:type\" content=\"article\" \/>\n<meta property=\"og:title\" content=\"Presentados los FOCIT DANA, que dan respuesta a las peticiones de Hosteler\u00eda Valencia y Hosteler\u00eda de Espa\u00f1a para lograr mecanismos de financiaci\u00f3n para las pymes afectadas - ARA | Asociaci\u00f3n de Restaurantes Alicante\" \/>\n<meta property=\"og:description\" content=\"El presidente de la Federaci\u00f3n Empresarial de Hosteler\u00eda de Valencia, Manuel Espinar [\u2026]\" \/>\n<meta property=\"og:url\" content=\"https:\/\/www.araalicante.com\/en\/presentados-los-focit-dana-que-dan-respuesta-a-las-peticiones-de-hosteleria-valencia-y-hosteleria-de-espana-para-lograr-mecanismos-de-financiacion-para-las-pymes-afectadas\/\" \/>\n<meta property=\"og:site_name\" content=\"ARA | Asociaci\u00f3n de Restaurantes Alicante\" \/>\n<meta property=\"article:publisher\" content=\"https:\/\/www.facebook.com\/Ararestaurantesalicante\" \/>\n<meta property=\"article:published_time\" content=\"2025-06-18T14:25:03+00:00\" \/>\n<meta property=\"og:image\" content=\"https:\/\/www.hosteleriadigital.es\/wp-content\/uploads\/2025\/06\/focit-640x333.jpg\" \/>\n<meta name=\"author\" content=\"Antonio Palomera\" \/>\n<meta name=\"twitter:card\" content=\"summary_large_image\" \/>\n<meta name=\"twitter:label1\" content=\"Written by\" \/>\n\t<meta name=\"twitter:data1\" content=\"Antonio Palomera\" \/>\n\t<meta name=\"twitter:label2\" content=\"Estimated reading time\" \/>\n\t<meta name=\"twitter:data2\" content=\"3 minutes\" \/>\n<script type=\"application\/ld+json\" class=\"yoast-schema-graph\">{\"@context\":\"https:\\\/\\\/schema.org\",\"@graph\":[{\"@type\":\"Article\",\"@id\":\"https:\\\/\\\/www.araalicante.com\\\/presentados-los-focit-dana-que-dan-respuesta-a-las-peticiones-de-hosteleria-valencia-y-hosteleria-de-espana-para-lograr-mecanismos-de-financiacion-para-las-pymes-afectadas\\\/#article\",\"isPartOf\":{\"@id\":\"https:\\\/\\\/www.araalicante.com\\\/presentados-los-focit-dana-que-dan-respuesta-a-las-peticiones-de-hosteleria-valencia-y-hosteleria-de-espana-para-lograr-mecanismos-de-financiacion-para-las-pymes-afectadas\\\/\"},\"author\":{\"name\":\"Antonio Palomera\",\"@id\":\"https:\\\/\\\/www.araalicante.com\\\/#\\\/schema\\\/person\\\/066f68dc3db0406c0829af861c17332f\"},\"headline\":\"Presentados los FOCIT DANA, que dan respuesta a las peticiones de Hosteler\u00eda Valencia y Hosteler\u00eda de Espa\u00f1a para lograr mecanismos de financiaci\u00f3n para las pymes afectadas\",\"datePublished\":\"2025-06-18T14:25:03+00:00\",\"mainEntityOfPage\":{\"@id\":\"https:\\\/\\\/www.araalicante.com\\\/presentados-los-focit-dana-que-dan-respuesta-a-las-peticiones-de-hosteleria-valencia-y-hosteleria-de-espana-para-lograr-mecanismos-de-financiacion-para-las-pymes-afectadas\\\/\"},\"wordCount\":556,\"publisher\":{\"@id\":\"https:\\\/\\\/www.araalicante.com\\\/#organization\"},\"image\":{\"@id\":\"https:\\\/\\\/www.araalicante.com\\\/presentados-los-focit-dana-que-dan-respuesta-a-las-peticiones-de-hosteleria-valencia-y-hosteleria-de-espana-para-lograr-mecanismos-de-financiacion-para-las-pymes-afectadas\\\/#primaryimage\"},\"thumbnailUrl\":\"https:\\\/\\\/www.hosteleriadigital.es\\\/wp-content\\\/uploads\\\/2025\\\/06\\\/focit-640x333.jpg\",\"articleSection\":[\"Noticias externas\"],\"inLanguage\":\"en-GB\"},{\"@type\":\"WebPage\",\"@id\":\"https:\\\/\\\/www.araalicante.com\\\/presentados-los-focit-dana-que-dan-respuesta-a-las-peticiones-de-hosteleria-valencia-y-hosteleria-de-espana-para-lograr-mecanismos-de-financiacion-para-las-pymes-afectadas\\\/\",\"url\":\"https:\\\/\\\/www.araalicante.com\\\/presentados-los-focit-dana-que-dan-respuesta-a-las-peticiones-de-hosteleria-valencia-y-hosteleria-de-espana-para-lograr-mecanismos-de-financiacion-para-las-pymes-afectadas\\\/\",\"name\":\"Presentados los FOCIT DANA, que dan respuesta a las peticiones de Hosteler\u00eda Valencia y Hosteler\u00eda de Espa\u00f1a para lograr mecanismos de financiaci\u00f3n para las pymes afectadas - ARA | Asociaci\u00f3n de Restaurantes Alicante\",\"isPartOf\":{\"@id\":\"https:\\\/\\\/www.araalicante.com\\\/#website\"},\"primaryImageOfPage\":{\"@id\":\"https:\\\/\\\/www.araalicante.com\\\/presentados-los-focit-dana-que-dan-respuesta-a-las-peticiones-de-hosteleria-valencia-y-hosteleria-de-espana-para-lograr-mecanismos-de-financiacion-para-las-pymes-afectadas\\\/#primaryimage\"},\"image\":{\"@id\":\"https:\\\/\\\/www.araalicante.com\\\/presentados-los-focit-dana-que-dan-respuesta-a-las-peticiones-de-hosteleria-valencia-y-hosteleria-de-espana-para-lograr-mecanismos-de-financiacion-para-las-pymes-afectadas\\\/#primaryimage\"},\"thumbnailUrl\":\"https:\\\/\\\/www.hosteleriadigital.es\\\/wp-content\\\/uploads\\\/2025\\\/06\\\/focit-640x333.jpg\",\"datePublished\":\"2025-06-18T14:25:03+00:00\",\"breadcrumb\":{\"@id\":\"https:\\\/\\\/www.araalicante.com\\\/presentados-los-focit-dana-que-dan-respuesta-a-las-peticiones-de-hosteleria-valencia-y-hosteleria-de-espana-para-lograr-mecanismos-de-financiacion-para-las-pymes-afectadas\\\/#breadcrumb\"},\"inLanguage\":\"en-GB\",\"potentialAction\":[{\"@type\":\"ReadAction\",\"target\":[\"https:\\\/\\\/www.araalicante.com\\\/presentados-los-focit-dana-que-dan-respuesta-a-las-peticiones-de-hosteleria-valencia-y-hosteleria-de-espana-para-lograr-mecanismos-de-financiacion-para-las-pymes-afectadas\\\/\"]}]},{\"@type\":\"ImageObject\",\"inLanguage\":\"en-GB\",\"@id\":\"https:\\\/\\\/www.araalicante.com\\\/presentados-los-focit-dana-que-dan-respuesta-a-las-peticiones-de-hosteleria-valencia-y-hosteleria-de-espana-para-lograr-mecanismos-de-financiacion-para-las-pymes-afectadas\\\/#primaryimage\",\"url\":\"https:\\\/\\\/www.hosteleriadigital.es\\\/wp-content\\\/uploads\\\/2025\\\/06\\\/focit-640x333.jpg\",\"contentUrl\":\"https:\\\/\\\/www.hosteleriadigital.es\\\/wp-content\\\/uploads\\\/2025\\\/06\\\/focit-640x333.jpg\"},{\"@type\":\"BreadcrumbList\",\"@id\":\"https:\\\/\\\/www.araalicante.com\\\/presentados-los-focit-dana-que-dan-respuesta-a-las-peticiones-de-hosteleria-valencia-y-hosteleria-de-espana-para-lograr-mecanismos-de-financiacion-para-las-pymes-afectadas\\\/#breadcrumb\",\"itemListElement\":[{\"@type\":\"ListItem\",\"position\":1,\"name\":\"Portada\",\"item\":\"https:\\\/\\\/www.araalicante.com\\\/\"},{\"@type\":\"ListItem\",\"position\":2,\"name\":\"Presentados los FOCIT DANA, que dan respuesta a las peticiones de Hosteler\u00eda Valencia y Hosteler\u00eda de Espa\u00f1a para lograr mecanismos de financiaci\u00f3n para las pymes afectadas\"}]},{\"@type\":\"WebSite\",\"@id\":\"https:\\\/\\\/www.araalicante.com\\\/#website\",\"url\":\"https:\\\/\\\/www.araalicante.com\\\/\",\"name\":\"ARA | Asociaci\u00f3n de Restaurantes Alicante\",\"description\":\"Producto local, restauraci\u00f3n de calidad en Alicante y su provincia\",\"publisher\":{\"@id\":\"https:\\\/\\\/www.araalicante.com\\\/#organization\"},\"potentialAction\":[{\"@type\":\"SearchAction\",\"target\":{\"@type\":\"EntryPoint\",\"urlTemplate\":\"https:\\\/\\\/www.araalicante.com\\\/?s={search_term_string}\"},\"query-input\":{\"@type\":\"PropertyValueSpecification\",\"valueRequired\":true,\"valueName\":\"search_term_string\"}}],\"inLanguage\":\"en-GB\"},{\"@type\":\"Organization\",\"@id\":\"https:\\\/\\\/www.araalicante.com\\\/#organization\",\"name\":\"ARA | Asociaci\u00f3n de Restaurantes Alicante\",\"url\":\"https:\\\/\\\/www.araalicante.com\\\/\",\"logo\":{\"@type\":\"ImageObject\",\"inLanguage\":\"en-GB\",\"@id\":\"https:\\\/\\\/www.araalicante.com\\\/#\\\/schema\\\/logo\\\/image\\\/\",\"url\":\"https:\\\/\\\/www.araalicante.com\\\/wp-content\\\/uploads\\\/2023\\\/09\\\/logoara.png\",\"contentUrl\":\"https:\\\/\\\/www.araalicante.com\\\/wp-content\\\/uploads\\\/2023\\\/09\\\/logoara.png\",\"width\":400,\"height\":85,\"caption\":\"ARA | Asociaci\u00f3n de Restaurantes Alicante\"},\"image\":{\"@id\":\"https:\\\/\\\/www.araalicante.com\\\/#\\\/schema\\\/logo\\\/image\\\/\"},\"sameAs\":[\"https:\\\/\\\/www.facebook.com\\\/Ararestaurantesalicante\",\"https:\\\/\\\/www.instagram.com\\\/ararestaurantesalicante\\\/\"]},{\"@type\":\"Person\",\"@id\":\"https:\\\/\\\/www.araalicante.com\\\/#\\\/schema\\\/person\\\/066f68dc3db0406c0829af861c17332f\",\"name\":\"Antonio Palomera\",\"image\":{\"@type\":\"ImageObject\",\"inLanguage\":\"en-GB\",\"@id\":\"https:\\\/\\\/secure.gravatar.com\\\/avatar\\\/a8378756bb866d8a91ea5808ee291ef099888cc76273b42162b3ab961b9da5df?s=96&d=mm&r=g\",\"url\":\"https:\\\/\\\/secure.gravatar.com\\\/avatar\\\/a8378756bb866d8a91ea5808ee291ef099888cc76273b42162b3ab961b9da5df?s=96&d=mm&r=g\",\"contentUrl\":\"https:\\\/\\\/secure.gravatar.com\\\/avatar\\\/a8378756bb866d8a91ea5808ee291ef099888cc76273b42162b3ab961b9da5df?s=96&d=mm&r=g\",\"caption\":\"Antonio Palomera\"},\"url\":\"https:\\\/\\\/www.araalicante.com\\\/en\\\/author\\\/antonio\\\/\"}]}<\/script>\n<!-- \/ Yoast SEO plugin. -->","yoast_head_json":{"title":"Presentados los FOCIT DANA, que dan respuesta a las peticiones de Hosteler\u00eda Valencia y Hosteler\u00eda de Espa\u00f1a para lograr mecanismos de financiaci\u00f3n para las pymes afectadas - ARA | Asociaci\u00f3n de Restaurantes Alicante","robots":{"index":"index","follow":"follow","max-snippet":"max-snippet:-1","max-image-preview":"max-image-preview:large","max-video-preview":"max-video-preview:-1"},"canonical":"https:\/\/www.araalicante.com\/en\/presentados-los-focit-dana-que-dan-respuesta-a-las-peticiones-de-hosteleria-valencia-y-hosteleria-de-espana-para-lograr-mecanismos-de-financiacion-para-las-pymes-afectadas\/","og_locale":"en_GB","og_type":"article","og_title":"Presentados los FOCIT DANA, que dan respuesta a las peticiones de Hosteler\u00eda Valencia y Hosteler\u00eda de Espa\u00f1a para lograr mecanismos de financiaci\u00f3n para las pymes afectadas - ARA | Asociaci\u00f3n de Restaurantes Alicante","og_description":"El presidente de la Federaci\u00f3n Empresarial de Hosteler\u00eda de Valencia, Manuel Espinar [\u2026]","og_url":"https:\/\/www.araalicante.com\/en\/presentados-los-focit-dana-que-dan-respuesta-a-las-peticiones-de-hosteleria-valencia-y-hosteleria-de-espana-para-lograr-mecanismos-de-financiacion-para-las-pymes-afectadas\/","og_site_name":"ARA | Asociaci\u00f3n de Restaurantes Alicante","article_publisher":"https:\/\/www.facebook.com\/Ararestaurantesalicante","article_published_time":"2025-06-18T14:25:03+00:00","og_image":[{"url":"https:\/\/www.hosteleriadigital.es\/wp-content\/uploads\/2025\/06\/focit-640x333.jpg","type":"","width":"","height":""}],"author":"Antonio Palomera","twitter_card":"summary_large_image","twitter_misc":{"Written by":"Antonio Palomera","Estimated reading time":"3 minutes"},"schema":{"@context":"https:\/\/schema.org","@graph":[{"@type":"Article","@id":"https:\/\/www.araalicante.com\/presentados-los-focit-dana-que-dan-respuesta-a-las-peticiones-de-hosteleria-valencia-y-hosteleria-de-espana-para-lograr-mecanismos-de-financiacion-para-las-pymes-afectadas\/#article","isPartOf":{"@id":"https:\/\/www.araalicante.com\/presentados-los-focit-dana-que-dan-respuesta-a-las-peticiones-de-hosteleria-valencia-y-hosteleria-de-espana-para-lograr-mecanismos-de-financiacion-para-las-pymes-afectadas\/"},"author":{"name":"Antonio Palomera","@id":"https:\/\/www.araalicante.com\/#\/schema\/person\/066f68dc3db0406c0829af861c17332f"},"headline":"Presentados los FOCIT DANA, que dan respuesta a las peticiones de Hosteler\u00eda Valencia y Hosteler\u00eda de Espa\u00f1a para lograr mecanismos de financiaci\u00f3n para las pymes afectadas","datePublished":"2025-06-18T14:25:03+00:00","mainEntityOfPage":{"@id":"https:\/\/www.araalicante.com\/presentados-los-focit-dana-que-dan-respuesta-a-las-peticiones-de-hosteleria-valencia-y-hosteleria-de-espana-para-lograr-mecanismos-de-financiacion-para-las-pymes-afectadas\/"},"wordCount":556,"publisher":{"@id":"https:\/\/www.araalicante.com\/#organization"},"image":{"@id":"https:\/\/www.araalicante.com\/presentados-los-focit-dana-que-dan-respuesta-a-las-peticiones-de-hosteleria-valencia-y-hosteleria-de-espana-para-lograr-mecanismos-de-financiacion-para-las-pymes-afectadas\/#primaryimage"},"thumbnailUrl":"https:\/\/www.hosteleriadigital.es\/wp-content\/uploads\/2025\/06\/focit-640x333.jpg","articleSection":["Noticias externas"],"inLanguage":"en-GB"},{"@type":"WebPage","@id":"https:\/\/www.araalicante.com\/presentados-los-focit-dana-que-dan-respuesta-a-las-peticiones-de-hosteleria-valencia-y-hosteleria-de-espana-para-lograr-mecanismos-de-financiacion-para-las-pymes-afectadas\/","url":"https:\/\/www.araalicante.com\/presentados-los-focit-dana-que-dan-respuesta-a-las-peticiones-de-hosteleria-valencia-y-hosteleria-de-espana-para-lograr-mecanismos-de-financiacion-para-las-pymes-afectadas\/","name":"Presentados los FOCIT DANA, que dan respuesta a las peticiones de Hosteler\u00eda Valencia y Hosteler\u00eda de Espa\u00f1a para lograr mecanismos de financiaci\u00f3n para las pymes afectadas - ARA | Asociaci\u00f3n de Restaurantes Alicante","isPartOf":{"@id":"https:\/\/www.araalicante.com\/#website"},"primaryImageOfPage":{"@id":"https:\/\/www.araalicante.com\/presentados-los-focit-dana-que-dan-respuesta-a-las-peticiones-de-hosteleria-valencia-y-hosteleria-de-espana-para-lograr-mecanismos-de-financiacion-para-las-pymes-afectadas\/#primaryimage"},"image":{"@id":"https:\/\/www.araalicante.com\/presentados-los-focit-dana-que-dan-respuesta-a-las-peticiones-de-hosteleria-valencia-y-hosteleria-de-espana-para-lograr-mecanismos-de-financiacion-para-las-pymes-afectadas\/#primaryimage"},"thumbnailUrl":"https:\/\/www.hosteleriadigital.es\/wp-content\/uploads\/2025\/06\/focit-640x333.jpg","datePublished":"2025-06-18T14:25:03+00:00","breadcrumb":{"@id":"https:\/\/www.araalicante.com\/presentados-los-focit-dana-que-dan-respuesta-a-las-peticiones-de-hosteleria-valencia-y-hosteleria-de-espana-para-lograr-mecanismos-de-financiacion-para-las-pymes-afectadas\/#breadcrumb"},"inLanguage":"en-GB","potentialAction":[{"@type":"ReadAction","target":["https:\/\/www.araalicante.com\/presentados-los-focit-dana-que-dan-respuesta-a-las-peticiones-de-hosteleria-valencia-y-hosteleria-de-espana-para-lograr-mecanismos-de-financiacion-para-las-pymes-afectadas\/"]}]},{"@type":"ImageObject","inLanguage":"en-GB","@id":"https:\/\/www.araalicante.com\/presentados-los-focit-dana-que-dan-respuesta-a-las-peticiones-de-hosteleria-valencia-y-hosteleria-de-espana-para-lograr-mecanismos-de-financiacion-para-las-pymes-afectadas\/#primaryimage","url":"https:\/\/www.hosteleriadigital.es\/wp-content\/uploads\/2025\/06\/focit-640x333.jpg","contentUrl":"https:\/\/www.hosteleriadigital.es\/wp-content\/uploads\/2025\/06\/focit-640x333.jpg"},{"@type":"BreadcrumbList","@id":"https:\/\/www.araalicante.com\/presentados-los-focit-dana-que-dan-respuesta-a-las-peticiones-de-hosteleria-valencia-y-hosteleria-de-espana-para-lograr-mecanismos-de-financiacion-para-las-pymes-afectadas\/#breadcrumb","itemListElement":[{"@type":"ListItem","position":1,"name":"Portada","item":"https:\/\/www.araalicante.com\/"},{"@type":"ListItem","position":2,"name":"Presentados los FOCIT DANA, que dan respuesta a las peticiones de Hosteler\u00eda Valencia y Hosteler\u00eda de Espa\u00f1a para lograr mecanismos de financiaci\u00f3n para las pymes afectadas"}]},{"@type":"WebSite","@id":"https:\/\/www.araalicante.com\/#website","url":"https:\/\/www.araalicante.com\/","name":"ARA | Asociaci\u00f3n de Restaurantes Alicante","description":"Producto local, restauraci\u00f3n de calidad en Alicante y su provincia","publisher":{"@id":"https:\/\/www.araalicante.com\/#organization"},"potentialAction":[{"@type":"SearchAction","target":{"@type":"EntryPoint","urlTemplate":"https:\/\/www.araalicante.com\/?s={search_term_string}"},"query-input":{"@type":"PropertyValueSpecification","valueRequired":true,"valueName":"search_term_string"}}],"inLanguage":"en-GB"},{"@type":"Organization","@id":"https:\/\/www.araalicante.com\/#organization","name":"ARA | Asociaci\u00f3n de Restaurantes Alicante","url":"https:\/\/www.araalicante.com\/","logo":{"@type":"ImageObject","inLanguage":"en-GB","@id":"https:\/\/www.araalicante.com\/#\/schema\/logo\/image\/","url":"https:\/\/www.araalicante.com\/wp-content\/uploads\/2023\/09\/logoara.png","contentUrl":"https:\/\/www.araalicante.com\/wp-content\/uploads\/2023\/09\/logoara.png","width":400,"height":85,"caption":"ARA | Asociaci\u00f3n de Restaurantes Alicante"},"image":{"@id":"https:\/\/www.araalicante.com\/#\/schema\/logo\/image\/"},"sameAs":["https:\/\/www.facebook.com\/Ararestaurantesalicante","https:\/\/www.instagram.com\/ararestaurantesalicante\/"]},{"@type":"Person","@id":"https:\/\/www.araalicante.com\/#\/schema\/person\/066f68dc3db0406c0829af861c17332f","name":"Antonio Palomera","image":{"@type":"ImageObject","inLanguage":"en-GB","@id":"https:\/\/secure.gravatar.com\/avatar\/a8378756bb866d8a91ea5808ee291ef099888cc76273b42162b3ab961b9da5df?s=96&d=mm&r=g","url":"https:\/\/secure.gravatar.com\/avatar\/a8378756bb866d8a91ea5808ee291ef099888cc76273b42162b3ab961b9da5df?s=96&d=mm&r=g","contentUrl":"https:\/\/secure.gravatar.com\/avatar\/a8378756bb866d8a91ea5808ee291ef099888cc76273b42162b3ab961b9da5df?s=96&d=mm&r=g","caption":"Antonio Palomera"},"url":"https:\/\/www.araalicante.com\/en\/author\/antonio\/"}]}},"_links":{"self":[{"href":"https:\/\/www.araalicante.com\/en\/wp-json\/wp\/v2\/posts\/4888","targetHints":{"allow":["GET"]}}],"collection":[{"href":"https:\/\/www.araalicante.com\/en\/wp-json\/wp\/v2\/posts"}],"about":[{"href":"https:\/\/www.araalicante.com\/en\/wp-json\/wp\/v2\/types\/post"}],"author":[{"embeddable":true,"href":"https:\/\/www.araalicante.com\/en\/wp-json\/wp\/v2\/users\/17"}],"replies":[{"embeddable":true,"href":"https:\/\/www.araalicante.com\/en\/wp-json\/wp\/v2\/comments?post=4888"}],"version-history":[{"count":0,"href":"https:\/\/www.araalicante.com\/en\/wp-json\/wp\/v2\/posts\/4888\/revisions"}],"wp:attachment":[{"href":"https:\/\/www.araalicante.com\/en\/wp-json\/wp\/v2\/media?parent=4888"}],"wp:term":[{"taxonomy":"category","embeddable":true,"href":"https:\/\/www.araalicante.com\/en\/wp-json\/wp\/v2\/categories?post=4888"},{"taxonomy":"post_tag","embeddable":true,"href":"https:\/\/www.araalicante.com\/en\/wp-json\/wp\/v2\/tags?post=4888"}],"curies":[{"name":"wp","href":"https:\/\/api.w.org\/{rel}","templated":true}]}}