{"id":4884,"date":"2025-06-16T15:42:03","date_gmt":"2025-06-16T13:42:03","guid":{"rendered":"https:\/\/www.araalicante.com\/el-dia-mundial-de-la-tapa-se-vuelca-con-las-zonas-afectadas-por-la-dana-en-valencia\/"},"modified":"2025-06-16T15:42:03","modified_gmt":"2025-06-16T13:42:03","slug":"el-dia-mundial-de-la-tapa-se-vuelca-con-las-zonas-afectadas-por-la-dana-en-valencia","status":"publish","type":"post","link":"https:\/\/www.araalicante.com\/en\/el-dia-mundial-de-la-tapa-se-vuelca-con-las-zonas-afectadas-por-la-dana-en-valencia\/","title":{"rendered":"El D\u00eda Mundial de la Tapa se vuelca con las zonas afectadas por la DANA en Valencia"},"content":{"rendered":"<div>\n<div class=\"td-post-featured-image\"><a href=\"https:\/\/www.hosteleriadigital.es\/wp-content\/uploads\/2025\/06\/DMT-PORTADA.jpg\" data-caption=\"\"><img loading=\"lazy\" decoding=\"async\" width=\"620\" height=\"406\" class=\"entry-thumb td-modal-image\" src=\"https:\/\/www.hosteleriadigital.es\/wp-content\/uploads\/2025\/06\/DMT-PORTADA.jpg\" srcset=\"https:\/\/www.hosteleriadigital.es\/wp-content\/uploads\/2025\/06\/DMT-PORTADA.jpg 620w, https:\/\/www.hosteleriadigital.es\/wp-content\/uploads\/2025\/06\/DMT-PORTADA-300x196.jpg 300w, https:\/\/www.hosteleriadigital.es\/wp-content\/uploads\/2025\/06\/DMT-PORTADA-150x98.jpg 150w\" sizes=\"auto, (max-width: 620px) 100vw, 620px\" alt=\"\" title=\"DMT PORTADA\"\/><\/a><\/div>\n<p>Saborea Espa\u00f1a celebra hoy, 16 de junio, una nueva edici\u00f3n del D\u00eda Mundial de la Tapa, en la que muestra todo su apoyo a las zonas afectadas por la DANA, con la tapa de arroz en sus diferentes versiones y la paella valenciana como gran protagonista a nivel nacional. Una de las tapas favoritas para los clientes, tanto locales como extranjeros, ya que, seg\u00fan una encuesta elaborada por Hosteler\u00eda de Espa\u00f1a para la ocasi\u00f3n, <strong>al 90% de los comensales les gusta que les ofrezcan arroz o paella como tapa. Casi la mitad de los clientes (42,1%) se decantan en primer lugar por la paella valenciana, seguido del arroz con marisco (36,8%) y la versi\u00f3n mixta (34,2%).<\/strong><\/p>\n<p>Se ha organizado un acto en la Plaza Mayor de Catarroja\u00a0 al que han acudido la presidenta de Saborea Espa\u00f1a, Susi Diaz; el presidente de Hosteler\u00eda de Espa\u00f1a, Jos\u00e9 Almeida y el presidente de la Federaci\u00f3n de Hosteler\u00eda de Valencia, Manuel Espinar, junto con la Secretaria de Estado de Turismo, Rosario S\u00e1nchez; el director general de Turismo de la Generalitat Valenciana, Israel Mart\u00ednez y la alcaldesa de Catarroja, Lorena Silvent y, posteriormente, han visitado dos locales afectados por la DANA, La Artesana y Gu2.<\/p>\n<p><img loading=\"lazy\" decoding=\"async\" class=\"alignleft wp-image-32396 lazyload\" src=\"https:\/\/www.hosteleriadigital.es\/wp-content\/uploads\/2025\/06\/DMTSusi-Diaz-275x300.jpg\" alt=\"\" width=\"200\" height=\"218\"\/><noscript><img loading=\"lazy\" decoding=\"async\" class=\"alignleft wp-image-32396 lazyload\" src=\"https:\/\/www.hosteleriadigital.es\/wp-content\/uploads\/2025\/06\/DMTSusi-Diaz-275x300.jpg\" alt=\"\" width=\"200\" height=\"218\" srcset=\"https:\/\/www.hosteleriadigital.es\/wp-content\/uploads\/2025\/06\/DMTSusi-Diaz-275x300.jpg 275w, https:\/\/www.hosteleriadigital.es\/wp-content\/uploads\/2025\/06\/DMTSusi-Diaz-138x150.jpg 138w, https:\/\/www.hosteleriadigital.es\/wp-content\/uploads\/2025\/06\/DMTSusi-Diaz.jpg 300w\" sizes=\"auto, (max-width: 200px) 100vw, 200px\"\/><\/noscript>Para <strong>Susi Diaz, presidenta de Saborea Espa\u00f1a<\/strong>: \u201c<em>en el turismo cada vez tiene m\u00e1s peso la gastronom\u00eda. La tapa es uno de los principales referentes de nuestra gastronom\u00eda y dependiendo de la zona de nuestro pa\u00eds donde nos movamos, tapear es diferente y es esencia de cada territorio. La tapa, siendo un bocado tan peque\u00f1o, nos transmite historia, creatividad, territorio y es un estilo de vida que s\u00f3lo se vive en nuestro pa\u00eds<\/em>\u201d.<\/p>\n<p>\u00a0<\/p>\n<p><img loading=\"lazy\" decoding=\"async\" class=\"alignright wp-image-32392 lazyload\" src=\"https:\/\/www.hosteleriadigital.es\/wp-content\/uploads\/2025\/06\/DMTAlmeida-262x300.jpg\" alt=\"\" width=\"200\" height=\"229\"\/><noscript><img loading=\"lazy\" decoding=\"async\" class=\"alignright wp-image-32392 lazyload\" src=\"https:\/\/www.hosteleriadigital.es\/wp-content\/uploads\/2025\/06\/DMTAlmeida-262x300.jpg\" alt=\"\" width=\"200\" height=\"229\" srcset=\"https:\/\/www.hosteleriadigital.es\/wp-content\/uploads\/2025\/06\/DMTAlmeida-262x300.jpg 262w, https:\/\/www.hosteleriadigital.es\/wp-content\/uploads\/2025\/06\/DMTAlmeida-131x150.jpg 131w, https:\/\/www.hosteleriadigital.es\/wp-content\/uploads\/2025\/06\/DMTAlmeida-367x420.jpg 367w, https:\/\/www.hosteleriadigital.es\/wp-content\/uploads\/2025\/06\/DMTAlmeida.jpg 400w\" sizes=\"auto, (max-width: 200px) 100vw, 200px\"\/><\/noscript>El <strong>presidente de Hosteler\u00eda de Espa\u00f1a, Jos\u00e9 Almeida<\/strong>, por su parte, ha puesto en valor <em>\u201cque la hosteler\u00eda es un sector solidario y comprometido y desde el primer momento no ha dejado atr\u00e1s a los compa\u00f1eros de Valencia. En esta ocasi\u00f3n nos acercamos a ellos con la principal ense\u00f1a gastron\u00f3mica de nuestro pa\u00eds, la tapa, demostrando una vez m\u00e1s, la capacidad de la gastronom\u00eda y la hosteler\u00eda de unir y ser un punto de cohesi\u00f3n social\u201d.<\/em><\/p>\n<p>\u00a0<\/p>\n<p><img loading=\"lazy\" decoding=\"async\" class=\"alignleft wp-image-32395 lazyload\" src=\"https:\/\/www.hosteleriadigital.es\/wp-content\/uploads\/2025\/06\/DMTRosario-244x300.jpg\" alt=\"\" width=\"200\" height=\"246\"\/><noscript><img loading=\"lazy\" decoding=\"async\" class=\"alignleft wp-image-32395 lazyload\" src=\"https:\/\/www.hosteleriadigital.es\/wp-content\/uploads\/2025\/06\/DMTRosario-244x300.jpg\" alt=\"\" width=\"200\" height=\"246\" srcset=\"https:\/\/www.hosteleriadigital.es\/wp-content\/uploads\/2025\/06\/DMTRosario-244x300.jpg 244w, https:\/\/www.hosteleriadigital.es\/wp-content\/uploads\/2025\/06\/DMTRosario-122x150.jpg 122w, https:\/\/www.hosteleriadigital.es\/wp-content\/uploads\/2025\/06\/DMTRosario.jpg 300w\" sizes=\"auto, (max-width: 200px) 100vw, 200px\"\/><\/noscript>Durante su intervenci\u00f3n, la <strong>secretaria de estado de turismo, Rosario S\u00e1nchez Grau<\/strong>, ha destacado que \u201cla tapa, que es ense\u00f1a de nuestra gastronom\u00eda, cobra una dimensi\u00f3n internacional este d\u00eda a trav\u00e9s de las acciones en todas las oficinas de turismo a nivel internacional con creaciones de tapa\u201d. Adem\u00e1s, la Secretaria de Estado de Turismo no ha querido olvidar la tragedia sufrida por Valencia y ha se\u00f1alado que \u201c<em>desde el primer momento Hosteler\u00eda de Espa\u00f1a y Hosteler\u00eda de Valencia han coordinado todo tipo de acciones para ayudar al sector afectado y han sido una red de conocimiento de las necesidades de las empresas y trasmisi\u00f3n constante de propuestas y que se demuestra con esta celebraci\u00f3n con el foco en Valencia. Adem\u00e1s, ha anunciado las ayudas Reinicia +FOCIT DANA, de 200 millones a tipo cero, a devolver en 10 a\u00f1os para los 74 municipios afectados por la DANA y que posteriormente se abrir\u00e1 a otros territorios para aquellos interesados en invertir en los municipios afectados\u201d. <\/em><\/p>\n<p>La <strong>alcaldesa de Catarroja, Lorena Silvent<\/strong>, no ha querido dejar pasar la ocasi\u00f3n para destacar que \u201c<em>este evento tiene un significado especial para nosotros. Catarroja, como bien sab\u00e9is, ha enfrentado desaf\u00edos importantes este a\u00f1o debido a los efectos de la Dana. Sin embargo, nuestra comunidad ha demostrado una vez m\u00e1s su fortaleza y capacidad de superaci\u00f3n. Hoy, con esta celebraci\u00f3n, ponemos en valor no solo nuestra gastronom\u00eda y tradiciones, sino tambi\u00e9n el esp\u00edritu resiliente que nos caracteriza<\/em>\u201d.<\/p>\n<p><strong><img loading=\"lazy\" decoding=\"async\" class=\"alignleft wp-image-32393 lazyload\" src=\"https:\/\/www.hosteleriadigital.es\/wp-content\/uploads\/2025\/06\/DMTManuel-Espinar-297x300.jpg\" alt=\"\" width=\"200\" height=\"202\"\/><noscript><img loading=\"lazy\" decoding=\"async\" class=\"alignleft wp-image-32393 lazyload\" src=\"https:\/\/www.hosteleriadigital.es\/wp-content\/uploads\/2025\/06\/DMTManuel-Espinar-297x300.jpg\" alt=\"\" width=\"200\" height=\"202\" srcset=\"https:\/\/www.hosteleriadigital.es\/wp-content\/uploads\/2025\/06\/DMTManuel-Espinar-297x300.jpg 297w, https:\/\/www.hosteleriadigital.es\/wp-content\/uploads\/2025\/06\/DMTManuel-Espinar-416x420.jpg 416w, https:\/\/www.hosteleriadigital.es\/wp-content\/uploads\/2025\/06\/DMTManuel-Espinar.jpg 620w\" sizes=\"auto, (max-width: 200px) 100vw, 200px\"\/><\/noscript>Manuel Espinar, presidente de la Federaci\u00f3n de Hosteler\u00eda de Valencia<\/strong> ha hecho hincapi\u00e9 en que \u201c<em>la celebraci\u00f3n de este acto hoy, D\u00eda Mundial de la Tapa, en Catarroja es muy importante para nosotros. Un evento que se celebra cada a\u00f1o a nivel nacional para poner en valor la tapa y que ha puesto este a\u00f1o el foco en Valencia, y especialmente en las zonas m\u00e1s afectadas por la DANA. Es momento ahora m\u00e1s que nunca de seguir apoyando al sector de la hosteler\u00eda. Viniendo a estas zonas, consumiendo en nuestros bares, restaurantes, ayudando as\u00ed a la recuperaci\u00f3n de las calles y de los pueblos<\/em>\u201d.<\/p>\n<p><img loading=\"lazy\" decoding=\"async\" class=\"alignright wp-image-32391 lazyload\" src=\"https:\/\/www.hosteleriadigital.es\/wp-content\/uploads\/2025\/06\/DMTDGTGV-261x300.jpg\" alt=\"\" width=\"200\" height=\"230\"\/><noscript><img loading=\"lazy\" decoding=\"async\" class=\"alignright wp-image-32391 lazyload\" src=\"https:\/\/www.hosteleriadigital.es\/wp-content\/uploads\/2025\/06\/DMTDGTGV-261x300.jpg\" alt=\"\" width=\"200\" height=\"230\" srcset=\"https:\/\/www.hosteleriadigital.es\/wp-content\/uploads\/2025\/06\/DMTDGTGV-261x300.jpg 261w, https:\/\/www.hosteleriadigital.es\/wp-content\/uploads\/2025\/06\/DMTDGTGV-131x150.jpg 131w, https:\/\/www.hosteleriadigital.es\/wp-content\/uploads\/2025\/06\/DMTDGTGV.jpg 350w\" sizes=\"auto, (max-width: 200px) 100vw, 200px\"\/><\/noscript>Desde <strong>la Generalitat Valenciana, el director general de Turismo, Israel Mart\u00ednez<\/strong> ha se\u00f1alado que \u201ceste tipo de iniciativas no solo refuerzan nuestra oferta tur\u00edstica y gastron\u00f3mica, sino que tambi\u00e9n reflejan el compromiso y la solidaridad del sector hostelero. Nuestras tapas no son solo un atractivo para el visitante, sino un s\u00edmbolo de identidad y cohesi\u00f3n social que conecta con lo local de forma aut\u00e9ntica y emocional\u201d.<\/p>\n<p>Adem\u00e1s, ha remarcado que \u201cnuestro compromiso es seguir trabajando para consolidar la Comunitat Valenciana como un destino gastron\u00f3mico de referencia internacional. A trav\u00e9s de nuestra marca <em>L\u2019Exquisit Mediterrani<\/em>, y en colaboraci\u00f3n con Conhostur, impulsamos acciones que posicionan la gastronom\u00eda como motor tur\u00edstico y expresi\u00f3n viva de nuestra cultura\u201d.<\/p>\n<p><strong><u>La paella, un producto identitario de nuestra gastronom\u00eda <\/u><\/strong><\/p>\n<p><img loading=\"lazy\" decoding=\"async\" class=\"alignleft wp-image-32394 size-medium lazyload\" src=\"https:\/\/www.hosteleriadigital.es\/wp-content\/uploads\/2025\/06\/paella-217x300.jpg\" alt=\"\" width=\"217\" height=\"300\"\/><noscript><img loading=\"lazy\" decoding=\"async\" class=\"alignleft wp-image-32394 size-medium lazyload\" src=\"https:\/\/www.hosteleriadigital.es\/wp-content\/uploads\/2025\/06\/paella-217x300.jpg\" alt=\"\" width=\"217\" height=\"300\" srcset=\"https:\/\/www.hosteleriadigital.es\/wp-content\/uploads\/2025\/06\/paella-217x300.jpg 217w, https:\/\/www.hosteleriadigital.es\/wp-content\/uploads\/2025\/06\/paella-109x150.jpg 109w, https:\/\/www.hosteleriadigital.es\/wp-content\/uploads\/2025\/06\/paella.jpg 300w\" sizes=\"auto, (max-width: 217px) 100vw, 217px\"\/><\/noscript>Seg\u00fan el Estudio \u201cLa importancia social de la tapa\u201d, elaborado por Saborea Espa\u00f1a y Hosteler\u00eda de Espa\u00f1a en 2024, un 82,5% de los encuestados considera que la tapa es nuestra principal ense\u00f1a gastron\u00f3mica. Siguiendo esa representatividad gastron\u00f3mica, en la encuesta de este a\u00f1o<strong>, casi el 70% de los hosteleros considera que la paella o el arroz en sus diferentes versiones, es un producto altamente identitario de nuestra tradici\u00f3n culinaria<\/strong>, mientras que casi el 24% destaca la alta demanda por parte de los turistas. Casi un 20% (17,9%) resalta la f\u00e1cil adaptabilidad de este plato a la cocina de aprovechamiento y su contribuci\u00f3n a evitar el desperdicio alimentario.<\/p>\n<p>En cuanto a la tipolog\u00eda, <strong>el 38,5% de los locales ofrecen la tapa de paella o arroz de manera gratuita con la bebida,<\/strong> siendo la cerveza la bebida favorita para acompa\u00f1ar este delicioso plato por casi 4 de cada 10 comensales (35,9%).<\/p>\n<p>Un <strong>38,9% ofrece la tapa de paella o arroz en eventos especiales, <\/strong>mientras que<strong> un 27,8% a diario <\/strong>y <strong>el 20,4% s\u00f3lo los fines de semana<\/strong>.<\/p>\n<p><strong><u>Diploma solidario \u201cAmante de la paella\u201d<\/u><\/strong><\/p>\n<p>Con el coraz\u00f3n este a\u00f1o puesto en los cientos de establecimientos\u00a0 hosteleros que a d\u00eda de hoy siguen \u00a0afectados por la DANA en Valencia, el D\u00eda Mundial de la Tapa invita a los bares, restaurantes y cafeter\u00edas de todo el territorio nacional, as\u00ed como a los ciudadanos, \u00a0a aportar su granito de arena a trav\u00e9s de <strong>un diploma solidario que acredita a los que lo deseen como \u201camante de la paella\u201d y viene acompa\u00f1ado de la receta de la paella valenciana acreditada por Saborea Espa\u00f1a y Saborea Cullera<\/strong>, que puede descargarse hasta el 30 de junio en la web <a href=\"http:\/\/www.diamundialdelatapa.es\">www.diamundialdelatapa.es<\/a>.<\/p>\n<p><strong><u>Tapa ganadora del Concurso de tapas de Valencia<\/u><\/strong><\/p>\n<p>La gastronom\u00eda valenciana es muy diversa y con gran riqueza de materia prima, como se ha demostrado en la presentaci\u00f3n de la tapa ganadora del VI Concurso de la mejor tapa aut\u00f3ctona de la Comunitat Valenciana, organizado por CONHOSTUR, que representar\u00e1 a la regi\u00f3n en el Concurso Oficial de Tapas y Pinchos Hosteler\u00eda de Espa\u00f1a, que se celebra en el marco de Madrid Fusi\u00f3n.<\/p>\n<p><strong>Bunyol de l\u2019Albufera de Val\u00e8ncia, bocado ideado por Pablo Marg\u00f3s, se ha presentado en Pelayo Gastro Trinquet<\/strong> donde est\u00e1 disponible para todas las personas que lo deseen. Con motivo de la presentaci\u00f3n en Valencia de la Mejor Tapa de la Comunidad Valenciana, se ha realizado una mesa redonda dedicada la importancia de la tapa como producto gastron\u00f3mico en la que ha participado tambi\u00e9n la <strong>concejala de Turismo del Ayuntamiento de Valencia, Paula Llobet<\/strong> que ha resaltado \u201c<em>la gastronom\u00eda es pilar fundamental de nuestro turismo y una muestra de sostenibilidad a trav\u00e9s de la despensa mediterr\u00e1nea y el km0, que adem\u00e1s se deja ver en los platos que ofrecemos. Saborea Valencia permite posicionar la cultura gastron\u00f3mica apoyado en la industria de la <\/em>felicidad, y posiciona el turismo gastron\u00f3mico como motor econ\u00f3mico, de especial importancia en los momentos tr\u00e1gicos que se han vivido\u201d.<\/p>\n<p><strong><u>Rutas para celebrar el D\u00eda Mundial de la Tapa<\/u><\/strong><\/p>\n<p>D\u00eda Mundial de la Tapa se celebra desde 2012, y como en todos estos a\u00f1os, <strong>miles de establecimientos de todo el territorio nacional participan en rutas de tapas, organizadas por sus asociaciones provinciales,<\/strong> mientras que otros lo hacen de manera individual. Todos ellos pueden consultarse en la web de <a href=\"http:\/\/www.diamundialdelatapa.es\">www.diamundialdelatapa.es<\/a><\/p>\n<p>Por \u00faltimo, a nivel internacional, la tapa traspasa fronteras de la mano de Saborea Espa\u00f1a, con un acto central en Par\u00eds.<\/p>\n<p>D\u00eda Mundial de la Tapa es posible gracias al apoyo de Mahou -San Miguel, Sol\u00e1n de Cabras, Univeler Foodsolutions, Knorr y Somos M\u00fasica.<\/p>\n<\/div>\n<p><a href=\"https:\/\/www.hosteleriadigital.es\/2025\/06\/16\/el-dia-mundial-de-la-tapa-se-vuelca-con-las-zonas-afectadas-por-la-dana-en-valencia\/\">source<\/a><\/p>","protected":false},"excerpt":{"rendered":"<p>Saborea Espa\u00f1a celebra hoy, 16 de junio, una nueva edici\u00f3n del D\u00eda<span class=\"excerpt-hellip\"> [\u2026]<\/span><\/p>\n","protected":false},"author":17,"featured_media":0,"comment_status":"","ping_status":"","sticky":false,"template":"","format":"standard","meta":{"footnotes":""},"categories":[1],"tags":[],"class_list":["post-4884","post","type-post","status-publish","format-standard","hentry","category-noticias-externas"],"yoast_head":"<!-- This site is optimized with the Yoast SEO plugin v27.4 - https:\/\/yoast.com\/product\/yoast-seo-wordpress\/ -->\n<title>El D\u00eda Mundial de la Tapa se vuelca con las zonas afectadas por la DANA en Valencia - ARA | Asociaci\u00f3n de Restaurantes Alicante<\/title>\n<meta name=\"robots\" content=\"index, follow, max-snippet:-1, max-image-preview:large, max-video-preview:-1\" \/>\n<link rel=\"canonical\" href=\"https:\/\/www.araalicante.com\/en\/el-dia-mundial-de-la-tapa-se-vuelca-con-las-zonas-afectadas-por-la-dana-en-valencia\/\" \/>\n<meta property=\"og:locale\" content=\"en_GB\" \/>\n<meta property=\"og:type\" content=\"article\" \/>\n<meta property=\"og:title\" content=\"El D\u00eda Mundial de la Tapa se vuelca con las zonas afectadas por la DANA en Valencia - ARA | Asociaci\u00f3n de Restaurantes Alicante\" \/>\n<meta property=\"og:description\" content=\"Saborea Espa\u00f1a celebra hoy, 16 de junio, una nueva edici\u00f3n del D\u00eda [\u2026]\" \/>\n<meta property=\"og:url\" content=\"https:\/\/www.araalicante.com\/en\/el-dia-mundial-de-la-tapa-se-vuelca-con-las-zonas-afectadas-por-la-dana-en-valencia\/\" \/>\n<meta property=\"og:site_name\" content=\"ARA | Asociaci\u00f3n de Restaurantes Alicante\" \/>\n<meta property=\"article:publisher\" content=\"https:\/\/www.facebook.com\/Ararestaurantesalicante\" \/>\n<meta property=\"article:published_time\" content=\"2025-06-16T13:42:03+00:00\" \/>\n<meta property=\"og:image\" content=\"https:\/\/www.hosteleriadigital.es\/wp-content\/uploads\/2025\/06\/DMT-PORTADA.jpg\" \/>\n<meta name=\"author\" content=\"Antonio Palomera\" \/>\n<meta name=\"twitter:card\" content=\"summary_large_image\" \/>\n<meta name=\"twitter:label1\" content=\"Written by\" \/>\n\t<meta name=\"twitter:data1\" content=\"Antonio Palomera\" \/>\n\t<meta name=\"twitter:label2\" content=\"Estimated reading time\" \/>\n\t<meta name=\"twitter:data2\" content=\"8 minutes\" \/>\n<script type=\"application\/ld+json\" class=\"yoast-schema-graph\">{\"@context\":\"https:\\\/\\\/schema.org\",\"@graph\":[{\"@type\":\"Article\",\"@id\":\"https:\\\/\\\/www.araalicante.com\\\/el-dia-mundial-de-la-tapa-se-vuelca-con-las-zonas-afectadas-por-la-dana-en-valencia\\\/#article\",\"isPartOf\":{\"@id\":\"https:\\\/\\\/www.araalicante.com\\\/el-dia-mundial-de-la-tapa-se-vuelca-con-las-zonas-afectadas-por-la-dana-en-valencia\\\/\"},\"author\":{\"name\":\"Antonio Palomera\",\"@id\":\"https:\\\/\\\/www.araalicante.com\\\/#\\\/schema\\\/person\\\/066f68dc3db0406c0829af861c17332f\"},\"headline\":\"El D\u00eda Mundial de la Tapa se vuelca con las zonas afectadas por la DANA en Valencia\",\"datePublished\":\"2025-06-16T13:42:03+00:00\",\"mainEntityOfPage\":{\"@id\":\"https:\\\/\\\/www.araalicante.com\\\/el-dia-mundial-de-la-tapa-se-vuelca-con-las-zonas-afectadas-por-la-dana-en-valencia\\\/\"},\"wordCount\":1552,\"publisher\":{\"@id\":\"https:\\\/\\\/www.araalicante.com\\\/#organization\"},\"image\":{\"@id\":\"https:\\\/\\\/www.araalicante.com\\\/el-dia-mundial-de-la-tapa-se-vuelca-con-las-zonas-afectadas-por-la-dana-en-valencia\\\/#primaryimage\"},\"thumbnailUrl\":\"https:\\\/\\\/www.hosteleriadigital.es\\\/wp-content\\\/uploads\\\/2025\\\/06\\\/DMT-PORTADA.jpg\",\"articleSection\":[\"Noticias externas\"],\"inLanguage\":\"en-GB\"},{\"@type\":\"WebPage\",\"@id\":\"https:\\\/\\\/www.araalicante.com\\\/el-dia-mundial-de-la-tapa-se-vuelca-con-las-zonas-afectadas-por-la-dana-en-valencia\\\/\",\"url\":\"https:\\\/\\\/www.araalicante.com\\\/el-dia-mundial-de-la-tapa-se-vuelca-con-las-zonas-afectadas-por-la-dana-en-valencia\\\/\",\"name\":\"El D\u00eda Mundial de la Tapa se vuelca con las zonas afectadas por la DANA en Valencia - ARA | Asociaci\u00f3n de Restaurantes Alicante\",\"isPartOf\":{\"@id\":\"https:\\\/\\\/www.araalicante.com\\\/#website\"},\"primaryImageOfPage\":{\"@id\":\"https:\\\/\\\/www.araalicante.com\\\/el-dia-mundial-de-la-tapa-se-vuelca-con-las-zonas-afectadas-por-la-dana-en-valencia\\\/#primaryimage\"},\"image\":{\"@id\":\"https:\\\/\\\/www.araalicante.com\\\/el-dia-mundial-de-la-tapa-se-vuelca-con-las-zonas-afectadas-por-la-dana-en-valencia\\\/#primaryimage\"},\"thumbnailUrl\":\"https:\\\/\\\/www.hosteleriadigital.es\\\/wp-content\\\/uploads\\\/2025\\\/06\\\/DMT-PORTADA.jpg\",\"datePublished\":\"2025-06-16T13:42:03+00:00\",\"breadcrumb\":{\"@id\":\"https:\\\/\\\/www.araalicante.com\\\/el-dia-mundial-de-la-tapa-se-vuelca-con-las-zonas-afectadas-por-la-dana-en-valencia\\\/#breadcrumb\"},\"inLanguage\":\"en-GB\",\"potentialAction\":[{\"@type\":\"ReadAction\",\"target\":[\"https:\\\/\\\/www.araalicante.com\\\/el-dia-mundial-de-la-tapa-se-vuelca-con-las-zonas-afectadas-por-la-dana-en-valencia\\\/\"]}]},{\"@type\":\"ImageObject\",\"inLanguage\":\"en-GB\",\"@id\":\"https:\\\/\\\/www.araalicante.com\\\/el-dia-mundial-de-la-tapa-se-vuelca-con-las-zonas-afectadas-por-la-dana-en-valencia\\\/#primaryimage\",\"url\":\"https:\\\/\\\/www.hosteleriadigital.es\\\/wp-content\\\/uploads\\\/2025\\\/06\\\/DMT-PORTADA.jpg\",\"contentUrl\":\"https:\\\/\\\/www.hosteleriadigital.es\\\/wp-content\\\/uploads\\\/2025\\\/06\\\/DMT-PORTADA.jpg\"},{\"@type\":\"BreadcrumbList\",\"@id\":\"https:\\\/\\\/www.araalicante.com\\\/el-dia-mundial-de-la-tapa-se-vuelca-con-las-zonas-afectadas-por-la-dana-en-valencia\\\/#breadcrumb\",\"itemListElement\":[{\"@type\":\"ListItem\",\"position\":1,\"name\":\"Portada\",\"item\":\"https:\\\/\\\/www.araalicante.com\\\/\"},{\"@type\":\"ListItem\",\"position\":2,\"name\":\"El D\u00eda Mundial de la Tapa se vuelca con las zonas afectadas por la DANA en Valencia\"}]},{\"@type\":\"WebSite\",\"@id\":\"https:\\\/\\\/www.araalicante.com\\\/#website\",\"url\":\"https:\\\/\\\/www.araalicante.com\\\/\",\"name\":\"ARA | Asociaci\u00f3n de Restaurantes Alicante\",\"description\":\"Producto local, restauraci\u00f3n de calidad en Alicante y su provincia\",\"publisher\":{\"@id\":\"https:\\\/\\\/www.araalicante.com\\\/#organization\"},\"potentialAction\":[{\"@type\":\"SearchAction\",\"target\":{\"@type\":\"EntryPoint\",\"urlTemplate\":\"https:\\\/\\\/www.araalicante.com\\\/?s={search_term_string}\"},\"query-input\":{\"@type\":\"PropertyValueSpecification\",\"valueRequired\":true,\"valueName\":\"search_term_string\"}}],\"inLanguage\":\"en-GB\"},{\"@type\":\"Organization\",\"@id\":\"https:\\\/\\\/www.araalicante.com\\\/#organization\",\"name\":\"ARA | Asociaci\u00f3n de Restaurantes Alicante\",\"url\":\"https:\\\/\\\/www.araalicante.com\\\/\",\"logo\":{\"@type\":\"ImageObject\",\"inLanguage\":\"en-GB\",\"@id\":\"https:\\\/\\\/www.araalicante.com\\\/#\\\/schema\\\/logo\\\/image\\\/\",\"url\":\"https:\\\/\\\/www.araalicante.com\\\/wp-content\\\/uploads\\\/2023\\\/09\\\/logoara.png\",\"contentUrl\":\"https:\\\/\\\/www.araalicante.com\\\/wp-content\\\/uploads\\\/2023\\\/09\\\/logoara.png\",\"width\":400,\"height\":85,\"caption\":\"ARA | Asociaci\u00f3n de Restaurantes Alicante\"},\"image\":{\"@id\":\"https:\\\/\\\/www.araalicante.com\\\/#\\\/schema\\\/logo\\\/image\\\/\"},\"sameAs\":[\"https:\\\/\\\/www.facebook.com\\\/Ararestaurantesalicante\",\"https:\\\/\\\/www.instagram.com\\\/ararestaurantesalicante\\\/\"]},{\"@type\":\"Person\",\"@id\":\"https:\\\/\\\/www.araalicante.com\\\/#\\\/schema\\\/person\\\/066f68dc3db0406c0829af861c17332f\",\"name\":\"Antonio Palomera\",\"image\":{\"@type\":\"ImageObject\",\"inLanguage\":\"en-GB\",\"@id\":\"https:\\\/\\\/secure.gravatar.com\\\/avatar\\\/a8378756bb866d8a91ea5808ee291ef099888cc76273b42162b3ab961b9da5df?s=96&d=mm&r=g\",\"url\":\"https:\\\/\\\/secure.gravatar.com\\\/avatar\\\/a8378756bb866d8a91ea5808ee291ef099888cc76273b42162b3ab961b9da5df?s=96&d=mm&r=g\",\"contentUrl\":\"https:\\\/\\\/secure.gravatar.com\\\/avatar\\\/a8378756bb866d8a91ea5808ee291ef099888cc76273b42162b3ab961b9da5df?s=96&d=mm&r=g\",\"caption\":\"Antonio Palomera\"},\"url\":\"https:\\\/\\\/www.araalicante.com\\\/en\\\/author\\\/antonio\\\/\"}]}<\/script>\n<!-- \/ Yoast SEO plugin. -->","yoast_head_json":{"title":"El D\u00eda Mundial de la Tapa se vuelca con las zonas afectadas por la DANA en Valencia - ARA | Asociaci\u00f3n de Restaurantes Alicante","robots":{"index":"index","follow":"follow","max-snippet":"max-snippet:-1","max-image-preview":"max-image-preview:large","max-video-preview":"max-video-preview:-1"},"canonical":"https:\/\/www.araalicante.com\/en\/el-dia-mundial-de-la-tapa-se-vuelca-con-las-zonas-afectadas-por-la-dana-en-valencia\/","og_locale":"en_GB","og_type":"article","og_title":"El D\u00eda Mundial de la Tapa se vuelca con las zonas afectadas por la DANA en Valencia - ARA | Asociaci\u00f3n de Restaurantes Alicante","og_description":"Saborea Espa\u00f1a celebra hoy, 16 de junio, una nueva edici\u00f3n del D\u00eda [\u2026]","og_url":"https:\/\/www.araalicante.com\/en\/el-dia-mundial-de-la-tapa-se-vuelca-con-las-zonas-afectadas-por-la-dana-en-valencia\/","og_site_name":"ARA | Asociaci\u00f3n de Restaurantes Alicante","article_publisher":"https:\/\/www.facebook.com\/Ararestaurantesalicante","article_published_time":"2025-06-16T13:42:03+00:00","og_image":[{"url":"https:\/\/www.hosteleriadigital.es\/wp-content\/uploads\/2025\/06\/DMT-PORTADA.jpg","type":"","width":"","height":""}],"author":"Antonio Palomera","twitter_card":"summary_large_image","twitter_misc":{"Written by":"Antonio Palomera","Estimated reading time":"8 minutes"},"schema":{"@context":"https:\/\/schema.org","@graph":[{"@type":"Article","@id":"https:\/\/www.araalicante.com\/el-dia-mundial-de-la-tapa-se-vuelca-con-las-zonas-afectadas-por-la-dana-en-valencia\/#article","isPartOf":{"@id":"https:\/\/www.araalicante.com\/el-dia-mundial-de-la-tapa-se-vuelca-con-las-zonas-afectadas-por-la-dana-en-valencia\/"},"author":{"name":"Antonio Palomera","@id":"https:\/\/www.araalicante.com\/#\/schema\/person\/066f68dc3db0406c0829af861c17332f"},"headline":"El D\u00eda Mundial de la Tapa se vuelca con las zonas afectadas por la DANA en Valencia","datePublished":"2025-06-16T13:42:03+00:00","mainEntityOfPage":{"@id":"https:\/\/www.araalicante.com\/el-dia-mundial-de-la-tapa-se-vuelca-con-las-zonas-afectadas-por-la-dana-en-valencia\/"},"wordCount":1552,"publisher":{"@id":"https:\/\/www.araalicante.com\/#organization"},"image":{"@id":"https:\/\/www.araalicante.com\/el-dia-mundial-de-la-tapa-se-vuelca-con-las-zonas-afectadas-por-la-dana-en-valencia\/#primaryimage"},"thumbnailUrl":"https:\/\/www.hosteleriadigital.es\/wp-content\/uploads\/2025\/06\/DMT-PORTADA.jpg","articleSection":["Noticias externas"],"inLanguage":"en-GB"},{"@type":"WebPage","@id":"https:\/\/www.araalicante.com\/el-dia-mundial-de-la-tapa-se-vuelca-con-las-zonas-afectadas-por-la-dana-en-valencia\/","url":"https:\/\/www.araalicante.com\/el-dia-mundial-de-la-tapa-se-vuelca-con-las-zonas-afectadas-por-la-dana-en-valencia\/","name":"El D\u00eda Mundial de la Tapa se vuelca con las zonas afectadas por la DANA en Valencia - ARA | Asociaci\u00f3n de Restaurantes Alicante","isPartOf":{"@id":"https:\/\/www.araalicante.com\/#website"},"primaryImageOfPage":{"@id":"https:\/\/www.araalicante.com\/el-dia-mundial-de-la-tapa-se-vuelca-con-las-zonas-afectadas-por-la-dana-en-valencia\/#primaryimage"},"image":{"@id":"https:\/\/www.araalicante.com\/el-dia-mundial-de-la-tapa-se-vuelca-con-las-zonas-afectadas-por-la-dana-en-valencia\/#primaryimage"},"thumbnailUrl":"https:\/\/www.hosteleriadigital.es\/wp-content\/uploads\/2025\/06\/DMT-PORTADA.jpg","datePublished":"2025-06-16T13:42:03+00:00","breadcrumb":{"@id":"https:\/\/www.araalicante.com\/el-dia-mundial-de-la-tapa-se-vuelca-con-las-zonas-afectadas-por-la-dana-en-valencia\/#breadcrumb"},"inLanguage":"en-GB","potentialAction":[{"@type":"ReadAction","target":["https:\/\/www.araalicante.com\/el-dia-mundial-de-la-tapa-se-vuelca-con-las-zonas-afectadas-por-la-dana-en-valencia\/"]}]},{"@type":"ImageObject","inLanguage":"en-GB","@id":"https:\/\/www.araalicante.com\/el-dia-mundial-de-la-tapa-se-vuelca-con-las-zonas-afectadas-por-la-dana-en-valencia\/#primaryimage","url":"https:\/\/www.hosteleriadigital.es\/wp-content\/uploads\/2025\/06\/DMT-PORTADA.jpg","contentUrl":"https:\/\/www.hosteleriadigital.es\/wp-content\/uploads\/2025\/06\/DMT-PORTADA.jpg"},{"@type":"BreadcrumbList","@id":"https:\/\/www.araalicante.com\/el-dia-mundial-de-la-tapa-se-vuelca-con-las-zonas-afectadas-por-la-dana-en-valencia\/#breadcrumb","itemListElement":[{"@type":"ListItem","position":1,"name":"Portada","item":"https:\/\/www.araalicante.com\/"},{"@type":"ListItem","position":2,"name":"El D\u00eda Mundial de la Tapa se vuelca con las zonas afectadas por la DANA en Valencia"}]},{"@type":"WebSite","@id":"https:\/\/www.araalicante.com\/#website","url":"https:\/\/www.araalicante.com\/","name":"ARA | Asociaci\u00f3n de Restaurantes Alicante","description":"Producto local, restauraci\u00f3n de calidad en Alicante y su provincia","publisher":{"@id":"https:\/\/www.araalicante.com\/#organization"},"potentialAction":[{"@type":"SearchAction","target":{"@type":"EntryPoint","urlTemplate":"https:\/\/www.araalicante.com\/?s={search_term_string}"},"query-input":{"@type":"PropertyValueSpecification","valueRequired":true,"valueName":"search_term_string"}}],"inLanguage":"en-GB"},{"@type":"Organization","@id":"https:\/\/www.araalicante.com\/#organization","name":"ARA | Asociaci\u00f3n de Restaurantes Alicante","url":"https:\/\/www.araalicante.com\/","logo":{"@type":"ImageObject","inLanguage":"en-GB","@id":"https:\/\/www.araalicante.com\/#\/schema\/logo\/image\/","url":"https:\/\/www.araalicante.com\/wp-content\/uploads\/2023\/09\/logoara.png","contentUrl":"https:\/\/www.araalicante.com\/wp-content\/uploads\/2023\/09\/logoara.png","width":400,"height":85,"caption":"ARA | Asociaci\u00f3n de Restaurantes Alicante"},"image":{"@id":"https:\/\/www.araalicante.com\/#\/schema\/logo\/image\/"},"sameAs":["https:\/\/www.facebook.com\/Ararestaurantesalicante","https:\/\/www.instagram.com\/ararestaurantesalicante\/"]},{"@type":"Person","@id":"https:\/\/www.araalicante.com\/#\/schema\/person\/066f68dc3db0406c0829af861c17332f","name":"Antonio Palomera","image":{"@type":"ImageObject","inLanguage":"en-GB","@id":"https:\/\/secure.gravatar.com\/avatar\/a8378756bb866d8a91ea5808ee291ef099888cc76273b42162b3ab961b9da5df?s=96&d=mm&r=g","url":"https:\/\/secure.gravatar.com\/avatar\/a8378756bb866d8a91ea5808ee291ef099888cc76273b42162b3ab961b9da5df?s=96&d=mm&r=g","contentUrl":"https:\/\/secure.gravatar.com\/avatar\/a8378756bb866d8a91ea5808ee291ef099888cc76273b42162b3ab961b9da5df?s=96&d=mm&r=g","caption":"Antonio Palomera"},"url":"https:\/\/www.araalicante.com\/en\/author\/antonio\/"}]}},"_links":{"self":[{"href":"https:\/\/www.araalicante.com\/en\/wp-json\/wp\/v2\/posts\/4884","targetHints":{"allow":["GET"]}}],"collection":[{"href":"https:\/\/www.araalicante.com\/en\/wp-json\/wp\/v2\/posts"}],"about":[{"href":"https:\/\/www.araalicante.com\/en\/wp-json\/wp\/v2\/types\/post"}],"author":[{"embeddable":true,"href":"https:\/\/www.araalicante.com\/en\/wp-json\/wp\/v2\/users\/17"}],"replies":[{"embeddable":true,"href":"https:\/\/www.araalicante.com\/en\/wp-json\/wp\/v2\/comments?post=4884"}],"version-history":[{"count":0,"href":"https:\/\/www.araalicante.com\/en\/wp-json\/wp\/v2\/posts\/4884\/revisions"}],"wp:attachment":[{"href":"https:\/\/www.araalicante.com\/en\/wp-json\/wp\/v2\/media?parent=4884"}],"wp:term":[{"taxonomy":"category","embeddable":true,"href":"https:\/\/www.araalicante.com\/en\/wp-json\/wp\/v2\/categories?post=4884"},{"taxonomy":"post_tag","embeddable":true,"href":"https:\/\/www.araalicante.com\/en\/wp-json\/wp\/v2\/tags?post=4884"}],"curies":[{"name":"wp","href":"https:\/\/api.w.org\/{rel}","templated":true}]}}