{"id":4861,"date":"2025-06-13T16:59:56","date_gmt":"2025-06-13T14:59:56","guid":{"rendered":"https:\/\/www.araalicante.com\/las-ventas-de-cerveza-caen-por-segundo-ano-consecutivo-algo-que-no-sucedia-desde-la-crisis-de-2008\/"},"modified":"2025-06-13T16:59:56","modified_gmt":"2025-06-13T14:59:56","slug":"las-ventas-de-cerveza-caen-por-segundo-ano-consecutivo-algo-que-no-sucedia-desde-la-crisis-de-2008","status":"publish","type":"post","link":"https:\/\/www.araalicante.com\/en\/las-ventas-de-cerveza-caen-por-segundo-ano-consecutivo-algo-que-no-sucedia-desde-la-crisis-de-2008\/","title":{"rendered":"Las ventas de cerveza caen por segundo a\u00f1o consecutivo, algo que no suced\u00eda desde la crisis de 2008"},"content":{"rendered":"<p>La cerveza es una bebida estrechamente ligada a la socializaci\u00f3n y por eso, su consumo est\u00e1 especialmente vinculado a la confianza del consumidor. La contenci\u00f3n econ\u00f3mica, la inflaci\u00f3n y un contexto internacional vol\u00e1til podr\u00edan explicar este ajuste del mercado.<\/p>\n<p>Seg\u00fan Jacobo Olalla Mara\u00f1\u00f3n, director general de Cerveceros de Espa\u00f1a, \u201cLa cerveza sigue siendo un motor econ\u00f3mico, un s\u00edmbolo cultural y un reflejo de lo que somos como sociedad. Pero tambi\u00e9n es una aspiraci\u00f3n: a una sociedad que comparta, que se encuentre, que disfrute de lo cotidiano. Es en el consumo responsable donde la cerveza espa\u00f1ola realmente se diferencia por sus pautas: con algo de comer, de forma moderada y donde el peso de la sin nos define\u201d.<\/p>\n<div>\n<h3>El consumo per c\u00e1pita baja un 4,9% y consolida la pauta mediterr\u00e1nea<\/h3>\n<p>En este contexto, el consumo per c\u00e1pita tambi\u00e9n se resiente y se sit\u00faa en 52,8 litros por persona, un 4,9% menos que el a\u00f1o anterior. Una ca\u00edda generalizada en todos los grupos de edad, especialmente entre los menores de 50 a\u00f1os, que consolida una pauta de consumo m\u00e1s contenida y moderada.<\/p>\n<p>Este patr\u00f3n se alinea con el patr\u00f3n de consumo mediterr\u00e1neo, en el que la cerveza forma parte de la experiencia gastron\u00f3mica, se consume en el 90% las ocasiones de consumo de comida, en compa\u00f1\u00eda y en cantidades moderadas. De hecho, dos tercios de los espa\u00f1oles afirman consumir cerveza con una media de tres ca\u00f1as semanales, en un entorno social y distendido.<\/p>\n<p>Por su parte, la secretaria general se ha referido tambi\u00e9n a los principales retos que tiene el sector cervecero de cara al futuro y el trabajo del Ministerio en la defensa de los intereses del sector ante la nueva normativa, tanto nacional como comunitaria, que regula el consumo y la comercializaci\u00f3n de bebidas alcoh\u00f3licas. Ha se\u00f1alado que \u201cel sector cervecero se caracteriza por ser un sector comprometido con el consumo moderado y responsable\u201d.<\/p>\n<h3>Espa\u00f1a mantiene su liderazgo como segundo productor europeo<\/h3>\n<p>A pesar del entorno de contenci\u00f3n, el sector cervecero espa\u00f1ol mantiene su fortaleza productiva. Espa\u00f1a sigue siendo el segundo mayor productor de cerveza de Uni\u00f3n Europea, solo por detr\u00e1s de Alemania, con m\u00e1s de 41 millones de hectolitros elaborados, y por delante de pa\u00edses con tradici\u00f3n cervecera como Polonia y Reino Unido. Este liderazgo consolida al pa\u00eds como un referente tanto por su capacidad productiva como por la calidad e innovaci\u00f3n de su sector.<\/p>\n<h3>Cerveza SIN: l\u00edderes europeos en producci\u00f3n y consumo<\/h3>\n<p>Uno de los grandes protagonistas del Informe de este a\u00f1o es la cerveza SIN. En 2024, nuestro pa\u00eds se posiciona como l\u00edder en consumo de cerveza SIN en Europa, concentrando el 25% de toda la SIN consumida en la UE.<\/p>\n<p>En un entorno marcado por la moderaci\u00f3n, la cerveza SIN se consolida como una opci\u00f3n elegida, no impuesta. En 2024, sus ventas crecieron un 4%, confirmando una tendencia sostenida que refleja una transformaci\u00f3n en los h\u00e1bitos de consumo.<\/p>\n<p>La cerveza SIN representa ya el 14% del total de cerveza consumida por los espa\u00f1oles, y alcanza el 16% en el canal hogar, donde la demanda sigue creciendo por parte de quienes buscan disfrutar del sabor de la cerveza.<\/p>\n<p>Espa\u00f1a consume m\u00e1s cerveza SIN que toda Latinoam\u00e9rica junta, y concentra el 25% del total que se consume en Europa, lo que convierte al pa\u00eds en un referente internacional.<\/p>\n<p>Este fen\u00f3meno se apoya en una realidad clara: el 90% de quienes consumen SIN tambi\u00e9n consumen (o consum\u00edan) cerveza tradicional. Por tanto, no se trata de una puerta de entrada al alcohol, sino de una alternativa real.<\/p>\n<p>La magnitud del cambio ha llevado a que el caso espa\u00f1ol est\u00e9 siendo estudiado por instituciones acad\u00e9micas, como San Telmo Business School, y ser\u00e1 pr\u00f3ximamente objeto de an\u00e1lisis en Harvard, como ejemplo de transformaci\u00f3n del consumo en clave de moderaci\u00f3n.<\/p>\n<h3>Contribuci\u00f3n a la econom\u00eda<\/h3>\n<p>El informe presentado hoy por Cerveceros de Espa\u00f1a, con la colaboraci\u00f3n del Ministerio de Agricultura, Pesca y Alimentaci\u00f3n y Hosteler\u00eda de Espa\u00f1a, destaca adem\u00e1s la importancia del sector cervecero en la econom\u00eda nacional.<\/p>\n<p>La cerveza es responsable de m\u00e1s de 540.000 empleos en Espa\u00f1a, y su consumo est\u00e1 presente en m\u00e1s del 90% de los momentos de consumo con comida fuera del hogar, reforzando su papel como eje de la socializaci\u00f3n y de aportaci\u00f3n de valor.<\/p>\n<p>El sector recuerda que la cerveza puede suponer el 25% de la facturaci\u00f3n en hosteler\u00eda y 5.200 millones del gasto tur\u00edstico.<\/p>\n<p>Por su parte, Emilio Gallego, secretario general de Hosteler\u00eda de Espa\u00f1a, ha destacado que \u201ccuando decimos cerveza, decimos bares de barrio y de pueblo, terrazas que generan comunidad, y espacios que sostienen la vida cotidiana. Por eso es tan importante el apoyo del sector cervecero a estos bares que, gracias a esta colaboraci\u00f3n pueden mejorar la experiencia del cliente. De hecho, el sector cervecero ha invertido 600 millones de euros en los locales de hosteler\u00eda\u201d.<\/p>\n<h3>La hosteler\u00eda, el canal m\u00e1s sostenible<\/h3>\n<p>En este canal predominan los formatos de barril (50,2%) y botellas reutilizables (31,7%), lo que implica que el 81% del total de cerveza comercializada en hosteler\u00eda se encuentra en envases reutilizables.<\/p>\n<p>En cualquier caso, el volumen de cerveza vendida en estos envases, disminuy\u00f3 en 2024 por el menor consumo en hosteler\u00eda.<\/p>\n<h3>Cerveza, campo y Espa\u00f1a rural<\/h3>\n<p>El sector cervecero tambi\u00e9n es parte del desarrollo de la Espa\u00f1a rural. M\u00e1s del 90% de las materias primas utilizadas por las cerveceras espa\u00f1olas son de origen nacional, lo que garantiza una estrecha conexi\u00f3n con el campo y una apuesta firme por el producto local.<\/p>\n<p>Actualmente, se destinan 2,3 millones de hect\u00e1reas al cultivo de materias primas clave para la cerveza, lo que evidencia la relevancia del sector para la agricultura nacional y su papel en la fijaci\u00f3n de poblaci\u00f3n en el medio rural.<\/p>\n<p>Entre estos cultivos destaca el l\u00fapulo, conocido como el oro verde del campo espa\u00f1ol, esencial en la elaboraci\u00f3n cervecera y con una producci\u00f3n altamente localizada: el 91% se cultiva en Castilla y Le\u00f3n. Este v\u00ednculo entre producci\u00f3n cervecera y desarrollo agr\u00edcola convierte a la cerveza en un motor para la econom\u00eda rural, impulsando empleo, sostenibilidad y cohesi\u00f3n territorial.<\/p>\n<h3>Un sector responsable, al servicio de su sociedad<\/h3>\n<p>El sector cervecero espa\u00f1ol es un actor comprometido con la responsabilidad. Este compromiso se materializa en m\u00faltiples acciones que reflejan su vocaci\u00f3n de servicio y cercan\u00eda con la ciudadan\u00eda.<\/p>\n<p>En 2024, tras la DANA que afect\u00f3 gravemente a la Comunidad Valenciana, el sector activ\u00f3 de forma inmediata un plan de apoyo integral a la hosteler\u00eda, distribuidores y empleados de las zonas m\u00e1s afectadas. El sector respondi\u00f3 con donaciones de agua y equipamiento, ayudas financieras, asesoramiento psicol\u00f3gico y legal, as\u00ed como plataformas de voluntariado. Incluso peque\u00f1as f\u00e1bricas se transformaron en centros log\u00edsticos de emergencia, poniendo en valor la solidaridad de todo el ecosistema cervecero.<\/p>\n<p>En el \u00e1mbito de la conducci\u00f3n, Cerveceros de Espa\u00f1a ha relanzado este a\u00f1o su campa\u00f1a \u201cCuando decimos cerveza SIN, todo va sobre ruedas\u201d, en colaboraci\u00f3n con la Direcci\u00f3n General de Tr\u00e1fico y otras 16 entidades. Centrada en las nuevas formas de movilidad, esta iniciativa refuerza el mensaje de que alcohol y conducci\u00f3n son absolutamente incompatibles.<\/p>\n<p>La publicidad responsable tambi\u00e9n ha dado un paso m\u00e1s con la actualizaci\u00f3n del C\u00f3digo de Autorregulaci\u00f3n Publicitaria en 2024. Este nuevo marco amplia la informaci\u00f3n nutricional, o el etiquetado, con el uso de advertencias visuales \u2014como el pictograma de embarazo o conducci\u00f3n\u2014, dando un paso m\u00e1s como muestra del compromiso del sector con los derechos del consumidor.<\/p>\n<p>Adem\u00e1s, campa\u00f1as como \u201cTodo lo que quieres decir cuando dices cerveza\u201d refuerzan el papel de la cerveza como s\u00edmbolo de encuentro, socializaci\u00f3n y bienestar compartido, alineado con los valores de la sociedad espa\u00f1ola.<\/p>\n<p>Desde el voluntariado corporativo hasta el fomento del deporte o la colaboraci\u00f3n con entidades educativas y cient\u00edficas, el sector cervecero sigue demostrando que su compromiso con la responsabilidad no es una declaraci\u00f3n, sino una pr\u00e1ctica constante.<\/p>\n<h4><a href=\"https:\/\/cerveceros.org\/uploads\/Informe_Socioeconomico_2024.pdf\">Informe aqu\u00ed<\/a><\/h4>\n<\/div>\n<p><a href=\"https:\/\/www.hosteleriadigital.es\/2025\/06\/13\/las-ventas-de-cerveza-caen-por-segundo-ano-consecutivo-algo-que-no-sucedia-desde-la-crisis-de-2008\/\">source<\/a><\/p>","protected":false},"excerpt":{"rendered":"<p>La cerveza es una bebida estrechamente ligada a la socializaci\u00f3n y por<span class=\"excerpt-hellip\"> [\u2026]<\/span><\/p>\n","protected":false},"author":17,"featured_media":0,"comment_status":"","ping_status":"","sticky":false,"template":"","format":"standard","meta":{"footnotes":""},"categories":[1],"tags":[],"class_list":["post-4861","post","type-post","status-publish","format-standard","hentry","category-noticias-externas"],"yoast_head":"<!-- This site is optimized with the Yoast SEO plugin v27.4 - https:\/\/yoast.com\/product\/yoast-seo-wordpress\/ -->\n<title>Las ventas de cerveza caen por segundo a\u00f1o consecutivo, algo que no suced\u00eda desde la crisis de 2008 - ARA | Asociaci\u00f3n de Restaurantes Alicante<\/title>\n<meta name=\"robots\" content=\"index, follow, max-snippet:-1, max-image-preview:large, max-video-preview:-1\" \/>\n<link rel=\"canonical\" href=\"https:\/\/www.araalicante.com\/en\/las-ventas-de-cerveza-caen-por-segundo-ano-consecutivo-algo-que-no-sucedia-desde-la-crisis-de-2008\/\" \/>\n<meta property=\"og:locale\" content=\"en_GB\" \/>\n<meta property=\"og:type\" content=\"article\" \/>\n<meta property=\"og:title\" content=\"Las ventas de cerveza caen por segundo a\u00f1o consecutivo, algo que no suced\u00eda desde la crisis de 2008 - ARA | Asociaci\u00f3n de Restaurantes Alicante\" \/>\n<meta property=\"og:description\" content=\"La cerveza es una bebida estrechamente ligada a la socializaci\u00f3n y por [\u2026]\" \/>\n<meta property=\"og:url\" content=\"https:\/\/www.araalicante.com\/en\/las-ventas-de-cerveza-caen-por-segundo-ano-consecutivo-algo-que-no-sucedia-desde-la-crisis-de-2008\/\" \/>\n<meta property=\"og:site_name\" content=\"ARA | Asociaci\u00f3n de Restaurantes Alicante\" \/>\n<meta property=\"article:publisher\" content=\"https:\/\/www.facebook.com\/Ararestaurantesalicante\" \/>\n<meta property=\"article:published_time\" content=\"2025-06-13T14:59:56+00:00\" \/>\n<meta property=\"og:image\" content=\"https:\/\/www.araalicante.com\/wp-content\/uploads\/2023\/10\/Sin-titulo-1.png\" \/>\n\t<meta property=\"og:image:width\" content=\"200\" \/>\n\t<meta property=\"og:image:height\" content=\"200\" \/>\n\t<meta property=\"og:image:type\" content=\"image\/png\" \/>\n<meta name=\"author\" content=\"Antonio Palomera\" \/>\n<meta name=\"twitter:card\" content=\"summary_large_image\" \/>\n<meta name=\"twitter:label1\" content=\"Written by\" \/>\n\t<meta name=\"twitter:data1\" content=\"Antonio Palomera\" \/>\n\t<meta name=\"twitter:label2\" content=\"Estimated reading time\" \/>\n\t<meta name=\"twitter:data2\" content=\"7 minutes\" \/>\n<script type=\"application\/ld+json\" class=\"yoast-schema-graph\">{\"@context\":\"https:\\\/\\\/schema.org\",\"@graph\":[{\"@type\":\"Article\",\"@id\":\"https:\\\/\\\/www.araalicante.com\\\/las-ventas-de-cerveza-caen-por-segundo-ano-consecutivo-algo-que-no-sucedia-desde-la-crisis-de-2008\\\/#article\",\"isPartOf\":{\"@id\":\"https:\\\/\\\/www.araalicante.com\\\/las-ventas-de-cerveza-caen-por-segundo-ano-consecutivo-algo-que-no-sucedia-desde-la-crisis-de-2008\\\/\"},\"author\":{\"name\":\"Antonio Palomera\",\"@id\":\"https:\\\/\\\/www.araalicante.com\\\/#\\\/schema\\\/person\\\/066f68dc3db0406c0829af861c17332f\"},\"headline\":\"Las ventas de cerveza caen por segundo a\u00f1o consecutivo, algo que no suced\u00eda desde la crisis de 2008\",\"datePublished\":\"2025-06-13T14:59:56+00:00\",\"mainEntityOfPage\":{\"@id\":\"https:\\\/\\\/www.araalicante.com\\\/las-ventas-de-cerveza-caen-por-segundo-ano-consecutivo-algo-que-no-sucedia-desde-la-crisis-de-2008\\\/\"},\"wordCount\":1440,\"publisher\":{\"@id\":\"https:\\\/\\\/www.araalicante.com\\\/#organization\"},\"articleSection\":[\"Noticias externas\"],\"inLanguage\":\"en-GB\"},{\"@type\":\"WebPage\",\"@id\":\"https:\\\/\\\/www.araalicante.com\\\/las-ventas-de-cerveza-caen-por-segundo-ano-consecutivo-algo-que-no-sucedia-desde-la-crisis-de-2008\\\/\",\"url\":\"https:\\\/\\\/www.araalicante.com\\\/las-ventas-de-cerveza-caen-por-segundo-ano-consecutivo-algo-que-no-sucedia-desde-la-crisis-de-2008\\\/\",\"name\":\"Las ventas de cerveza caen por segundo a\u00f1o consecutivo, algo que no suced\u00eda desde la crisis de 2008 - ARA | Asociaci\u00f3n de Restaurantes Alicante\",\"isPartOf\":{\"@id\":\"https:\\\/\\\/www.araalicante.com\\\/#website\"},\"datePublished\":\"2025-06-13T14:59:56+00:00\",\"breadcrumb\":{\"@id\":\"https:\\\/\\\/www.araalicante.com\\\/las-ventas-de-cerveza-caen-por-segundo-ano-consecutivo-algo-que-no-sucedia-desde-la-crisis-de-2008\\\/#breadcrumb\"},\"inLanguage\":\"en-GB\",\"potentialAction\":[{\"@type\":\"ReadAction\",\"target\":[\"https:\\\/\\\/www.araalicante.com\\\/las-ventas-de-cerveza-caen-por-segundo-ano-consecutivo-algo-que-no-sucedia-desde-la-crisis-de-2008\\\/\"]}]},{\"@type\":\"BreadcrumbList\",\"@id\":\"https:\\\/\\\/www.araalicante.com\\\/las-ventas-de-cerveza-caen-por-segundo-ano-consecutivo-algo-que-no-sucedia-desde-la-crisis-de-2008\\\/#breadcrumb\",\"itemListElement\":[{\"@type\":\"ListItem\",\"position\":1,\"name\":\"Portada\",\"item\":\"https:\\\/\\\/www.araalicante.com\\\/\"},{\"@type\":\"ListItem\",\"position\":2,\"name\":\"Las ventas de cerveza caen por segundo a\u00f1o consecutivo, algo que no suced\u00eda desde la crisis de 2008\"}]},{\"@type\":\"WebSite\",\"@id\":\"https:\\\/\\\/www.araalicante.com\\\/#website\",\"url\":\"https:\\\/\\\/www.araalicante.com\\\/\",\"name\":\"ARA | Asociaci\u00f3n de Restaurantes Alicante\",\"description\":\"Producto local, restauraci\u00f3n de calidad en Alicante y su provincia\",\"publisher\":{\"@id\":\"https:\\\/\\\/www.araalicante.com\\\/#organization\"},\"potentialAction\":[{\"@type\":\"SearchAction\",\"target\":{\"@type\":\"EntryPoint\",\"urlTemplate\":\"https:\\\/\\\/www.araalicante.com\\\/?s={search_term_string}\"},\"query-input\":{\"@type\":\"PropertyValueSpecification\",\"valueRequired\":true,\"valueName\":\"search_term_string\"}}],\"inLanguage\":\"en-GB\"},{\"@type\":\"Organization\",\"@id\":\"https:\\\/\\\/www.araalicante.com\\\/#organization\",\"name\":\"ARA | Asociaci\u00f3n de Restaurantes Alicante\",\"url\":\"https:\\\/\\\/www.araalicante.com\\\/\",\"logo\":{\"@type\":\"ImageObject\",\"inLanguage\":\"en-GB\",\"@id\":\"https:\\\/\\\/www.araalicante.com\\\/#\\\/schema\\\/logo\\\/image\\\/\",\"url\":\"https:\\\/\\\/www.araalicante.com\\\/wp-content\\\/uploads\\\/2023\\\/09\\\/logoara.png\",\"contentUrl\":\"https:\\\/\\\/www.araalicante.com\\\/wp-content\\\/uploads\\\/2023\\\/09\\\/logoara.png\",\"width\":400,\"height\":85,\"caption\":\"ARA | Asociaci\u00f3n de Restaurantes Alicante\"},\"image\":{\"@id\":\"https:\\\/\\\/www.araalicante.com\\\/#\\\/schema\\\/logo\\\/image\\\/\"},\"sameAs\":[\"https:\\\/\\\/www.facebook.com\\\/Ararestaurantesalicante\",\"https:\\\/\\\/www.instagram.com\\\/ararestaurantesalicante\\\/\"]},{\"@type\":\"Person\",\"@id\":\"https:\\\/\\\/www.araalicante.com\\\/#\\\/schema\\\/person\\\/066f68dc3db0406c0829af861c17332f\",\"name\":\"Antonio Palomera\",\"image\":{\"@type\":\"ImageObject\",\"inLanguage\":\"en-GB\",\"@id\":\"https:\\\/\\\/secure.gravatar.com\\\/avatar\\\/a8378756bb866d8a91ea5808ee291ef099888cc76273b42162b3ab961b9da5df?s=96&d=mm&r=g\",\"url\":\"https:\\\/\\\/secure.gravatar.com\\\/avatar\\\/a8378756bb866d8a91ea5808ee291ef099888cc76273b42162b3ab961b9da5df?s=96&d=mm&r=g\",\"contentUrl\":\"https:\\\/\\\/secure.gravatar.com\\\/avatar\\\/a8378756bb866d8a91ea5808ee291ef099888cc76273b42162b3ab961b9da5df?s=96&d=mm&r=g\",\"caption\":\"Antonio Palomera\"},\"url\":\"https:\\\/\\\/www.araalicante.com\\\/en\\\/author\\\/antonio\\\/\"}]}<\/script>\n<!-- \/ Yoast SEO plugin. -->","yoast_head_json":{"title":"Las ventas de cerveza caen por segundo a\u00f1o consecutivo, algo que no suced\u00eda desde la crisis de 2008 - ARA | Asociaci\u00f3n de Restaurantes Alicante","robots":{"index":"index","follow":"follow","max-snippet":"max-snippet:-1","max-image-preview":"max-image-preview:large","max-video-preview":"max-video-preview:-1"},"canonical":"https:\/\/www.araalicante.com\/en\/las-ventas-de-cerveza-caen-por-segundo-ano-consecutivo-algo-que-no-sucedia-desde-la-crisis-de-2008\/","og_locale":"en_GB","og_type":"article","og_title":"Las ventas de cerveza caen por segundo a\u00f1o consecutivo, algo que no suced\u00eda desde la crisis de 2008 - ARA | Asociaci\u00f3n de Restaurantes Alicante","og_description":"La cerveza es una bebida estrechamente ligada a la socializaci\u00f3n y por [\u2026]","og_url":"https:\/\/www.araalicante.com\/en\/las-ventas-de-cerveza-caen-por-segundo-ano-consecutivo-algo-que-no-sucedia-desde-la-crisis-de-2008\/","og_site_name":"ARA | Asociaci\u00f3n de Restaurantes Alicante","article_publisher":"https:\/\/www.facebook.com\/Ararestaurantesalicante","article_published_time":"2025-06-13T14:59:56+00:00","og_image":[{"width":200,"height":200,"url":"https:\/\/www.araalicante.com\/wp-content\/uploads\/2023\/10\/Sin-titulo-1.png","type":"image\/png"}],"author":"Antonio Palomera","twitter_card":"summary_large_image","twitter_misc":{"Written by":"Antonio Palomera","Estimated reading time":"7 minutes"},"schema":{"@context":"https:\/\/schema.org","@graph":[{"@type":"Article","@id":"https:\/\/www.araalicante.com\/las-ventas-de-cerveza-caen-por-segundo-ano-consecutivo-algo-que-no-sucedia-desde-la-crisis-de-2008\/#article","isPartOf":{"@id":"https:\/\/www.araalicante.com\/las-ventas-de-cerveza-caen-por-segundo-ano-consecutivo-algo-que-no-sucedia-desde-la-crisis-de-2008\/"},"author":{"name":"Antonio Palomera","@id":"https:\/\/www.araalicante.com\/#\/schema\/person\/066f68dc3db0406c0829af861c17332f"},"headline":"Las ventas de cerveza caen por segundo a\u00f1o consecutivo, algo que no suced\u00eda desde la crisis de 2008","datePublished":"2025-06-13T14:59:56+00:00","mainEntityOfPage":{"@id":"https:\/\/www.araalicante.com\/las-ventas-de-cerveza-caen-por-segundo-ano-consecutivo-algo-que-no-sucedia-desde-la-crisis-de-2008\/"},"wordCount":1440,"publisher":{"@id":"https:\/\/www.araalicante.com\/#organization"},"articleSection":["Noticias externas"],"inLanguage":"en-GB"},{"@type":"WebPage","@id":"https:\/\/www.araalicante.com\/las-ventas-de-cerveza-caen-por-segundo-ano-consecutivo-algo-que-no-sucedia-desde-la-crisis-de-2008\/","url":"https:\/\/www.araalicante.com\/las-ventas-de-cerveza-caen-por-segundo-ano-consecutivo-algo-que-no-sucedia-desde-la-crisis-de-2008\/","name":"Las ventas de cerveza caen por segundo a\u00f1o consecutivo, algo que no suced\u00eda desde la crisis de 2008 - ARA | Asociaci\u00f3n de Restaurantes Alicante","isPartOf":{"@id":"https:\/\/www.araalicante.com\/#website"},"datePublished":"2025-06-13T14:59:56+00:00","breadcrumb":{"@id":"https:\/\/www.araalicante.com\/las-ventas-de-cerveza-caen-por-segundo-ano-consecutivo-algo-que-no-sucedia-desde-la-crisis-de-2008\/#breadcrumb"},"inLanguage":"en-GB","potentialAction":[{"@type":"ReadAction","target":["https:\/\/www.araalicante.com\/las-ventas-de-cerveza-caen-por-segundo-ano-consecutivo-algo-que-no-sucedia-desde-la-crisis-de-2008\/"]}]},{"@type":"BreadcrumbList","@id":"https:\/\/www.araalicante.com\/las-ventas-de-cerveza-caen-por-segundo-ano-consecutivo-algo-que-no-sucedia-desde-la-crisis-de-2008\/#breadcrumb","itemListElement":[{"@type":"ListItem","position":1,"name":"Portada","item":"https:\/\/www.araalicante.com\/"},{"@type":"ListItem","position":2,"name":"Las ventas de cerveza caen por segundo a\u00f1o consecutivo, algo que no suced\u00eda desde la crisis de 2008"}]},{"@type":"WebSite","@id":"https:\/\/www.araalicante.com\/#website","url":"https:\/\/www.araalicante.com\/","name":"ARA | Asociaci\u00f3n de Restaurantes Alicante","description":"Producto local, restauraci\u00f3n de calidad en Alicante y su provincia","publisher":{"@id":"https:\/\/www.araalicante.com\/#organization"},"potentialAction":[{"@type":"SearchAction","target":{"@type":"EntryPoint","urlTemplate":"https:\/\/www.araalicante.com\/?s={search_term_string}"},"query-input":{"@type":"PropertyValueSpecification","valueRequired":true,"valueName":"search_term_string"}}],"inLanguage":"en-GB"},{"@type":"Organization","@id":"https:\/\/www.araalicante.com\/#organization","name":"ARA | Asociaci\u00f3n de Restaurantes Alicante","url":"https:\/\/www.araalicante.com\/","logo":{"@type":"ImageObject","inLanguage":"en-GB","@id":"https:\/\/www.araalicante.com\/#\/schema\/logo\/image\/","url":"https:\/\/www.araalicante.com\/wp-content\/uploads\/2023\/09\/logoara.png","contentUrl":"https:\/\/www.araalicante.com\/wp-content\/uploads\/2023\/09\/logoara.png","width":400,"height":85,"caption":"ARA | Asociaci\u00f3n de Restaurantes Alicante"},"image":{"@id":"https:\/\/www.araalicante.com\/#\/schema\/logo\/image\/"},"sameAs":["https:\/\/www.facebook.com\/Ararestaurantesalicante","https:\/\/www.instagram.com\/ararestaurantesalicante\/"]},{"@type":"Person","@id":"https:\/\/www.araalicante.com\/#\/schema\/person\/066f68dc3db0406c0829af861c17332f","name":"Antonio Palomera","image":{"@type":"ImageObject","inLanguage":"en-GB","@id":"https:\/\/secure.gravatar.com\/avatar\/a8378756bb866d8a91ea5808ee291ef099888cc76273b42162b3ab961b9da5df?s=96&d=mm&r=g","url":"https:\/\/secure.gravatar.com\/avatar\/a8378756bb866d8a91ea5808ee291ef099888cc76273b42162b3ab961b9da5df?s=96&d=mm&r=g","contentUrl":"https:\/\/secure.gravatar.com\/avatar\/a8378756bb866d8a91ea5808ee291ef099888cc76273b42162b3ab961b9da5df?s=96&d=mm&r=g","caption":"Antonio Palomera"},"url":"https:\/\/www.araalicante.com\/en\/author\/antonio\/"}]}},"_links":{"self":[{"href":"https:\/\/www.araalicante.com\/en\/wp-json\/wp\/v2\/posts\/4861","targetHints":{"allow":["GET"]}}],"collection":[{"href":"https:\/\/www.araalicante.com\/en\/wp-json\/wp\/v2\/posts"}],"about":[{"href":"https:\/\/www.araalicante.com\/en\/wp-json\/wp\/v2\/types\/post"}],"author":[{"embeddable":true,"href":"https:\/\/www.araalicante.com\/en\/wp-json\/wp\/v2\/users\/17"}],"replies":[{"embeddable":true,"href":"https:\/\/www.araalicante.com\/en\/wp-json\/wp\/v2\/comments?post=4861"}],"version-history":[{"count":0,"href":"https:\/\/www.araalicante.com\/en\/wp-json\/wp\/v2\/posts\/4861\/revisions"}],"wp:attachment":[{"href":"https:\/\/www.araalicante.com\/en\/wp-json\/wp\/v2\/media?parent=4861"}],"wp:term":[{"taxonomy":"category","embeddable":true,"href":"https:\/\/www.araalicante.com\/en\/wp-json\/wp\/v2\/categories?post=4861"},{"taxonomy":"post_tag","embeddable":true,"href":"https:\/\/www.araalicante.com\/en\/wp-json\/wp\/v2\/tags?post=4861"}],"curies":[{"name":"wp","href":"https:\/\/api.w.org\/{rel}","templated":true}]}}