{"id":4860,"date":"2025-06-13T15:19:01","date_gmt":"2025-06-13T13:19:01","guid":{"rendered":"https:\/\/www.araalicante.com\/fiab-analiza-los-retos-del-sector-en-su-asamblea-general\/"},"modified":"2025-06-13T15:19:01","modified_gmt":"2025-06-13T13:19:01","slug":"fiab-analiza-los-retos-del-sector-en-su-asamblea-general","status":"publish","type":"post","link":"https:\/\/www.araalicante.com\/en\/fiab-analiza-los-retos-del-sector-en-su-asamblea-general\/","title":{"rendered":"FIAB analiza los retos del sector en su Asamblea General"},"content":{"rendered":"<div>\n<div class=\"td-featured-image-rec\">\n<div class=\"td-post-featured-image\"><a href=\"https:\/\/www.hosteleriadigital.es\/wp-content\/uploads\/2025\/06\/fiab-1.jpg\" data-caption=\"\"><img loading=\"lazy\" decoding=\"async\" width=\"300\" height=\"350\" class=\"entry-thumb td-modal-image\" src=\"https:\/\/www.hosteleriadigital.es\/wp-content\/uploads\/2025\/06\/fiab-1-300x350.jpg\" alt=\"\" title=\"fiab\"\/><\/a><\/div>\n<\/div>\n<p>La Federaci\u00f3n Espa\u00f1ola de Industrias de Alimentaci\u00f3n y Bebidas (FIAB) ha celebrado esta semana su Asamblea General, en la que entre otras cuestiones ha repasado los principales desaf\u00edos a los que se enfrenta el sector.<\/p>\n<p>La nueva normativa medioambiental y en pol\u00edtica alimentaria, as\u00ed como la posible reforma laboral \u201cser\u00e1n clave para la competitividad del sector en los pr\u00f3ximos meses\u201d, ha recordado el presidente de la Federaci\u00f3n, Ignacio Silva, durante su intervenci\u00f3n.<\/p>\n<p>Ignacio Silva tambi\u00e9n ha destacado la dificultad que supone el desarrollo de la actividad exportadora del sector en el actual contexto. \u201cEs palpable la tensi\u00f3n a la que est\u00e1n abocados los sectores productivos y toda la econom\u00eda mundial en los \u00faltimos meses ante los continuos virajes que el presidente de Estados Unidos est\u00e1 imponiendo con su pol\u00edtica arancelaria\u201d, ha afirmado el presidente de FIAB.<\/p>\n<p>Asimismo, la Asamblea General, a propuesta de su Consejo de Direcci\u00f3n, ha designado como nuevos consejeros a Fran\u00e7ois Lacombe, director general de Danone Iberia y Javier Due\u00f1as Gil, CEO de Campofr\u00edo Espa\u00f1a, en representaci\u00f3n de AME; Pilar Pu\u00e9rtolas L\u00f3pez, directora general de Sanmy, por ANFABRA; y Cristina Pi\u00f1ol Farr\u00e9, directora general para Espa\u00f1a y Portugal de AB Mauri, en representaci\u00f3n de FEDIMA.<\/p>\n<p>El presidente de FIAB, Ignacio Silva, ha agradecido la colaboraci\u00f3n de Judith Viader, directora general de Frit Ravich; Agust\u00edn Gregori, CEO de Grefusa; y Xavi Pons, consejero delegado de Idilia Foods; que dejan el Consejo de FIAB, al que se incorporaron en 2019.<\/p>\n<p>En el transcurso de la Asamblea General tambi\u00e9n se ha aprobado la incorporaci\u00f3n de la Asociaci\u00f3n Espa\u00f1ola de Fragancias y Aromas Alimentarios (AEFAA) a la Federaci\u00f3n Espa\u00f1ola de Industrias de Alimentaci\u00f3n y Bebidas.<\/p>\n<\/div>\n<p><a href=\"https:\/\/www.hosteleriadigital.es\/2025\/06\/13\/fiab-analiza-los-retos-del-sector-en-su-asamblea-general\/\">source<\/a><\/p>","protected":false},"excerpt":{"rendered":"<p>La Federaci\u00f3n Espa\u00f1ola de Industrias de Alimentaci\u00f3n y Bebidas (FIAB) ha celebrado<span class=\"excerpt-hellip\"> [\u2026]<\/span><\/p>\n","protected":false},"author":17,"featured_media":0,"comment_status":"","ping_status":"","sticky":false,"template":"","format":"standard","meta":{"footnotes":""},"categories":[1],"tags":[],"class_list":["post-4860","post","type-post","status-publish","format-standard","hentry","category-noticias-externas"],"yoast_head":"<!-- This site is optimized with the Yoast SEO plugin v27.4 - https:\/\/yoast.com\/product\/yoast-seo-wordpress\/ -->\n<title>FIAB analiza los retos del sector en su Asamblea General - ARA | Asociaci\u00f3n de Restaurantes Alicante<\/title>\n<meta name=\"robots\" content=\"index, follow, max-snippet:-1, max-image-preview:large, max-video-preview:-1\" \/>\n<link rel=\"canonical\" href=\"https:\/\/www.araalicante.com\/en\/fiab-analiza-los-retos-del-sector-en-su-asamblea-general\/\" \/>\n<meta property=\"og:locale\" content=\"en_GB\" \/>\n<meta property=\"og:type\" content=\"article\" \/>\n<meta property=\"og:title\" content=\"FIAB analiza los retos del sector en su Asamblea General - ARA | Asociaci\u00f3n de Restaurantes Alicante\" \/>\n<meta property=\"og:description\" content=\"La Federaci\u00f3n Espa\u00f1ola de Industrias de Alimentaci\u00f3n y Bebidas (FIAB) ha celebrado [\u2026]\" \/>\n<meta property=\"og:url\" content=\"https:\/\/www.araalicante.com\/en\/fiab-analiza-los-retos-del-sector-en-su-asamblea-general\/\" \/>\n<meta property=\"og:site_name\" content=\"ARA | Asociaci\u00f3n de Restaurantes Alicante\" \/>\n<meta property=\"article:publisher\" content=\"https:\/\/www.facebook.com\/Ararestaurantesalicante\" \/>\n<meta property=\"article:published_time\" content=\"2025-06-13T13:19:01+00:00\" \/>\n<meta property=\"og:image\" content=\"https:\/\/www.hosteleriadigital.es\/wp-content\/uploads\/2025\/06\/fiab-1-300x350.jpg\" \/>\n<meta name=\"author\" content=\"Antonio Palomera\" \/>\n<meta name=\"twitter:card\" content=\"summary_large_image\" \/>\n<meta name=\"twitter:label1\" content=\"Written by\" \/>\n\t<meta name=\"twitter:data1\" content=\"Antonio Palomera\" \/>\n\t<meta name=\"twitter:label2\" content=\"Estimated reading time\" \/>\n\t<meta name=\"twitter:data2\" content=\"2 minutes\" \/>\n<script type=\"application\/ld+json\" class=\"yoast-schema-graph\">{\"@context\":\"https:\\\/\\\/schema.org\",\"@graph\":[{\"@type\":\"Article\",\"@id\":\"https:\\\/\\\/www.araalicante.com\\\/fiab-analiza-los-retos-del-sector-en-su-asamblea-general\\\/#article\",\"isPartOf\":{\"@id\":\"https:\\\/\\\/www.araalicante.com\\\/fiab-analiza-los-retos-del-sector-en-su-asamblea-general\\\/\"},\"author\":{\"name\":\"Antonio Palomera\",\"@id\":\"https:\\\/\\\/www.araalicante.com\\\/#\\\/schema\\\/person\\\/066f68dc3db0406c0829af861c17332f\"},\"headline\":\"FIAB analiza los retos del sector en su Asamblea General\",\"datePublished\":\"2025-06-13T13:19:01+00:00\",\"mainEntityOfPage\":{\"@id\":\"https:\\\/\\\/www.araalicante.com\\\/fiab-analiza-los-retos-del-sector-en-su-asamblea-general\\\/\"},\"wordCount\":318,\"publisher\":{\"@id\":\"https:\\\/\\\/www.araalicante.com\\\/#organization\"},\"image\":{\"@id\":\"https:\\\/\\\/www.araalicante.com\\\/fiab-analiza-los-retos-del-sector-en-su-asamblea-general\\\/#primaryimage\"},\"thumbnailUrl\":\"https:\\\/\\\/www.hosteleriadigital.es\\\/wp-content\\\/uploads\\\/2025\\\/06\\\/fiab-1-300x350.jpg\",\"articleSection\":[\"Noticias externas\"],\"inLanguage\":\"en-GB\"},{\"@type\":\"WebPage\",\"@id\":\"https:\\\/\\\/www.araalicante.com\\\/fiab-analiza-los-retos-del-sector-en-su-asamblea-general\\\/\",\"url\":\"https:\\\/\\\/www.araalicante.com\\\/fiab-analiza-los-retos-del-sector-en-su-asamblea-general\\\/\",\"name\":\"FIAB analiza los retos del sector en su Asamblea General - ARA | Asociaci\u00f3n de Restaurantes Alicante\",\"isPartOf\":{\"@id\":\"https:\\\/\\\/www.araalicante.com\\\/#website\"},\"primaryImageOfPage\":{\"@id\":\"https:\\\/\\\/www.araalicante.com\\\/fiab-analiza-los-retos-del-sector-en-su-asamblea-general\\\/#primaryimage\"},\"image\":{\"@id\":\"https:\\\/\\\/www.araalicante.com\\\/fiab-analiza-los-retos-del-sector-en-su-asamblea-general\\\/#primaryimage\"},\"thumbnailUrl\":\"https:\\\/\\\/www.hosteleriadigital.es\\\/wp-content\\\/uploads\\\/2025\\\/06\\\/fiab-1-300x350.jpg\",\"datePublished\":\"2025-06-13T13:19:01+00:00\",\"breadcrumb\":{\"@id\":\"https:\\\/\\\/www.araalicante.com\\\/fiab-analiza-los-retos-del-sector-en-su-asamblea-general\\\/#breadcrumb\"},\"inLanguage\":\"en-GB\",\"potentialAction\":[{\"@type\":\"ReadAction\",\"target\":[\"https:\\\/\\\/www.araalicante.com\\\/fiab-analiza-los-retos-del-sector-en-su-asamblea-general\\\/\"]}]},{\"@type\":\"ImageObject\",\"inLanguage\":\"en-GB\",\"@id\":\"https:\\\/\\\/www.araalicante.com\\\/fiab-analiza-los-retos-del-sector-en-su-asamblea-general\\\/#primaryimage\",\"url\":\"https:\\\/\\\/www.hosteleriadigital.es\\\/wp-content\\\/uploads\\\/2025\\\/06\\\/fiab-1-300x350.jpg\",\"contentUrl\":\"https:\\\/\\\/www.hosteleriadigital.es\\\/wp-content\\\/uploads\\\/2025\\\/06\\\/fiab-1-300x350.jpg\"},{\"@type\":\"BreadcrumbList\",\"@id\":\"https:\\\/\\\/www.araalicante.com\\\/fiab-analiza-los-retos-del-sector-en-su-asamblea-general\\\/#breadcrumb\",\"itemListElement\":[{\"@type\":\"ListItem\",\"position\":1,\"name\":\"Portada\",\"item\":\"https:\\\/\\\/www.araalicante.com\\\/\"},{\"@type\":\"ListItem\",\"position\":2,\"name\":\"FIAB analiza los retos del sector en su Asamblea General\"}]},{\"@type\":\"WebSite\",\"@id\":\"https:\\\/\\\/www.araalicante.com\\\/#website\",\"url\":\"https:\\\/\\\/www.araalicante.com\\\/\",\"name\":\"ARA | Asociaci\u00f3n de Restaurantes Alicante\",\"description\":\"Producto local, restauraci\u00f3n de calidad en Alicante y su provincia\",\"publisher\":{\"@id\":\"https:\\\/\\\/www.araalicante.com\\\/#organization\"},\"potentialAction\":[{\"@type\":\"SearchAction\",\"target\":{\"@type\":\"EntryPoint\",\"urlTemplate\":\"https:\\\/\\\/www.araalicante.com\\\/?s={search_term_string}\"},\"query-input\":{\"@type\":\"PropertyValueSpecification\",\"valueRequired\":true,\"valueName\":\"search_term_string\"}}],\"inLanguage\":\"en-GB\"},{\"@type\":\"Organization\",\"@id\":\"https:\\\/\\\/www.araalicante.com\\\/#organization\",\"name\":\"ARA | Asociaci\u00f3n de Restaurantes Alicante\",\"url\":\"https:\\\/\\\/www.araalicante.com\\\/\",\"logo\":{\"@type\":\"ImageObject\",\"inLanguage\":\"en-GB\",\"@id\":\"https:\\\/\\\/www.araalicante.com\\\/#\\\/schema\\\/logo\\\/image\\\/\",\"url\":\"https:\\\/\\\/www.araalicante.com\\\/wp-content\\\/uploads\\\/2023\\\/09\\\/logoara.png\",\"contentUrl\":\"https:\\\/\\\/www.araalicante.com\\\/wp-content\\\/uploads\\\/2023\\\/09\\\/logoara.png\",\"width\":400,\"height\":85,\"caption\":\"ARA | Asociaci\u00f3n de Restaurantes Alicante\"},\"image\":{\"@id\":\"https:\\\/\\\/www.araalicante.com\\\/#\\\/schema\\\/logo\\\/image\\\/\"},\"sameAs\":[\"https:\\\/\\\/www.facebook.com\\\/Ararestaurantesalicante\",\"https:\\\/\\\/www.instagram.com\\\/ararestaurantesalicante\\\/\"]},{\"@type\":\"Person\",\"@id\":\"https:\\\/\\\/www.araalicante.com\\\/#\\\/schema\\\/person\\\/066f68dc3db0406c0829af861c17332f\",\"name\":\"Antonio Palomera\",\"image\":{\"@type\":\"ImageObject\",\"inLanguage\":\"en-GB\",\"@id\":\"https:\\\/\\\/secure.gravatar.com\\\/avatar\\\/a8378756bb866d8a91ea5808ee291ef099888cc76273b42162b3ab961b9da5df?s=96&d=mm&r=g\",\"url\":\"https:\\\/\\\/secure.gravatar.com\\\/avatar\\\/a8378756bb866d8a91ea5808ee291ef099888cc76273b42162b3ab961b9da5df?s=96&d=mm&r=g\",\"contentUrl\":\"https:\\\/\\\/secure.gravatar.com\\\/avatar\\\/a8378756bb866d8a91ea5808ee291ef099888cc76273b42162b3ab961b9da5df?s=96&d=mm&r=g\",\"caption\":\"Antonio Palomera\"},\"url\":\"https:\\\/\\\/www.araalicante.com\\\/en\\\/author\\\/antonio\\\/\"}]}<\/script>\n<!-- \/ Yoast SEO plugin. -->","yoast_head_json":{"title":"FIAB analiza los retos del sector en su Asamblea General - ARA | Asociaci\u00f3n de Restaurantes Alicante","robots":{"index":"index","follow":"follow","max-snippet":"max-snippet:-1","max-image-preview":"max-image-preview:large","max-video-preview":"max-video-preview:-1"},"canonical":"https:\/\/www.araalicante.com\/en\/fiab-analiza-los-retos-del-sector-en-su-asamblea-general\/","og_locale":"en_GB","og_type":"article","og_title":"FIAB analiza los retos del sector en su Asamblea General - ARA | Asociaci\u00f3n de Restaurantes Alicante","og_description":"La Federaci\u00f3n Espa\u00f1ola de Industrias de Alimentaci\u00f3n y Bebidas (FIAB) ha celebrado [\u2026]","og_url":"https:\/\/www.araalicante.com\/en\/fiab-analiza-los-retos-del-sector-en-su-asamblea-general\/","og_site_name":"ARA | Asociaci\u00f3n de Restaurantes Alicante","article_publisher":"https:\/\/www.facebook.com\/Ararestaurantesalicante","article_published_time":"2025-06-13T13:19:01+00:00","og_image":[{"url":"https:\/\/www.hosteleriadigital.es\/wp-content\/uploads\/2025\/06\/fiab-1-300x350.jpg","type":"","width":"","height":""}],"author":"Antonio Palomera","twitter_card":"summary_large_image","twitter_misc":{"Written by":"Antonio Palomera","Estimated reading time":"2 minutes"},"schema":{"@context":"https:\/\/schema.org","@graph":[{"@type":"Article","@id":"https:\/\/www.araalicante.com\/fiab-analiza-los-retos-del-sector-en-su-asamblea-general\/#article","isPartOf":{"@id":"https:\/\/www.araalicante.com\/fiab-analiza-los-retos-del-sector-en-su-asamblea-general\/"},"author":{"name":"Antonio Palomera","@id":"https:\/\/www.araalicante.com\/#\/schema\/person\/066f68dc3db0406c0829af861c17332f"},"headline":"FIAB analiza los retos del sector en su Asamblea General","datePublished":"2025-06-13T13:19:01+00:00","mainEntityOfPage":{"@id":"https:\/\/www.araalicante.com\/fiab-analiza-los-retos-del-sector-en-su-asamblea-general\/"},"wordCount":318,"publisher":{"@id":"https:\/\/www.araalicante.com\/#organization"},"image":{"@id":"https:\/\/www.araalicante.com\/fiab-analiza-los-retos-del-sector-en-su-asamblea-general\/#primaryimage"},"thumbnailUrl":"https:\/\/www.hosteleriadigital.es\/wp-content\/uploads\/2025\/06\/fiab-1-300x350.jpg","articleSection":["Noticias externas"],"inLanguage":"en-GB"},{"@type":"WebPage","@id":"https:\/\/www.araalicante.com\/fiab-analiza-los-retos-del-sector-en-su-asamblea-general\/","url":"https:\/\/www.araalicante.com\/fiab-analiza-los-retos-del-sector-en-su-asamblea-general\/","name":"FIAB analiza los retos del sector en su Asamblea General - ARA | Asociaci\u00f3n de Restaurantes Alicante","isPartOf":{"@id":"https:\/\/www.araalicante.com\/#website"},"primaryImageOfPage":{"@id":"https:\/\/www.araalicante.com\/fiab-analiza-los-retos-del-sector-en-su-asamblea-general\/#primaryimage"},"image":{"@id":"https:\/\/www.araalicante.com\/fiab-analiza-los-retos-del-sector-en-su-asamblea-general\/#primaryimage"},"thumbnailUrl":"https:\/\/www.hosteleriadigital.es\/wp-content\/uploads\/2025\/06\/fiab-1-300x350.jpg","datePublished":"2025-06-13T13:19:01+00:00","breadcrumb":{"@id":"https:\/\/www.araalicante.com\/fiab-analiza-los-retos-del-sector-en-su-asamblea-general\/#breadcrumb"},"inLanguage":"en-GB","potentialAction":[{"@type":"ReadAction","target":["https:\/\/www.araalicante.com\/fiab-analiza-los-retos-del-sector-en-su-asamblea-general\/"]}]},{"@type":"ImageObject","inLanguage":"en-GB","@id":"https:\/\/www.araalicante.com\/fiab-analiza-los-retos-del-sector-en-su-asamblea-general\/#primaryimage","url":"https:\/\/www.hosteleriadigital.es\/wp-content\/uploads\/2025\/06\/fiab-1-300x350.jpg","contentUrl":"https:\/\/www.hosteleriadigital.es\/wp-content\/uploads\/2025\/06\/fiab-1-300x350.jpg"},{"@type":"BreadcrumbList","@id":"https:\/\/www.araalicante.com\/fiab-analiza-los-retos-del-sector-en-su-asamblea-general\/#breadcrumb","itemListElement":[{"@type":"ListItem","position":1,"name":"Portada","item":"https:\/\/www.araalicante.com\/"},{"@type":"ListItem","position":2,"name":"FIAB analiza los retos del sector en su Asamblea General"}]},{"@type":"WebSite","@id":"https:\/\/www.araalicante.com\/#website","url":"https:\/\/www.araalicante.com\/","name":"ARA | Asociaci\u00f3n de Restaurantes Alicante","description":"Producto local, restauraci\u00f3n de calidad en Alicante y su provincia","publisher":{"@id":"https:\/\/www.araalicante.com\/#organization"},"potentialAction":[{"@type":"SearchAction","target":{"@type":"EntryPoint","urlTemplate":"https:\/\/www.araalicante.com\/?s={search_term_string}"},"query-input":{"@type":"PropertyValueSpecification","valueRequired":true,"valueName":"search_term_string"}}],"inLanguage":"en-GB"},{"@type":"Organization","@id":"https:\/\/www.araalicante.com\/#organization","name":"ARA | Asociaci\u00f3n de Restaurantes Alicante","url":"https:\/\/www.araalicante.com\/","logo":{"@type":"ImageObject","inLanguage":"en-GB","@id":"https:\/\/www.araalicante.com\/#\/schema\/logo\/image\/","url":"https:\/\/www.araalicante.com\/wp-content\/uploads\/2023\/09\/logoara.png","contentUrl":"https:\/\/www.araalicante.com\/wp-content\/uploads\/2023\/09\/logoara.png","width":400,"height":85,"caption":"ARA | Asociaci\u00f3n de Restaurantes Alicante"},"image":{"@id":"https:\/\/www.araalicante.com\/#\/schema\/logo\/image\/"},"sameAs":["https:\/\/www.facebook.com\/Ararestaurantesalicante","https:\/\/www.instagram.com\/ararestaurantesalicante\/"]},{"@type":"Person","@id":"https:\/\/www.araalicante.com\/#\/schema\/person\/066f68dc3db0406c0829af861c17332f","name":"Antonio Palomera","image":{"@type":"ImageObject","inLanguage":"en-GB","@id":"https:\/\/secure.gravatar.com\/avatar\/a8378756bb866d8a91ea5808ee291ef099888cc76273b42162b3ab961b9da5df?s=96&d=mm&r=g","url":"https:\/\/secure.gravatar.com\/avatar\/a8378756bb866d8a91ea5808ee291ef099888cc76273b42162b3ab961b9da5df?s=96&d=mm&r=g","contentUrl":"https:\/\/secure.gravatar.com\/avatar\/a8378756bb866d8a91ea5808ee291ef099888cc76273b42162b3ab961b9da5df?s=96&d=mm&r=g","caption":"Antonio Palomera"},"url":"https:\/\/www.araalicante.com\/en\/author\/antonio\/"}]}},"_links":{"self":[{"href":"https:\/\/www.araalicante.com\/en\/wp-json\/wp\/v2\/posts\/4860","targetHints":{"allow":["GET"]}}],"collection":[{"href":"https:\/\/www.araalicante.com\/en\/wp-json\/wp\/v2\/posts"}],"about":[{"href":"https:\/\/www.araalicante.com\/en\/wp-json\/wp\/v2\/types\/post"}],"author":[{"embeddable":true,"href":"https:\/\/www.araalicante.com\/en\/wp-json\/wp\/v2\/users\/17"}],"replies":[{"embeddable":true,"href":"https:\/\/www.araalicante.com\/en\/wp-json\/wp\/v2\/comments?post=4860"}],"version-history":[{"count":0,"href":"https:\/\/www.araalicante.com\/en\/wp-json\/wp\/v2\/posts\/4860\/revisions"}],"wp:attachment":[{"href":"https:\/\/www.araalicante.com\/en\/wp-json\/wp\/v2\/media?parent=4860"}],"wp:term":[{"taxonomy":"category","embeddable":true,"href":"https:\/\/www.araalicante.com\/en\/wp-json\/wp\/v2\/categories?post=4860"},{"taxonomy":"post_tag","embeddable":true,"href":"https:\/\/www.araalicante.com\/en\/wp-json\/wp\/v2\/tags?post=4860"}],"curies":[{"name":"wp","href":"https:\/\/api.w.org\/{rel}","templated":true}]}}