{"id":4856,"date":"2025-06-10T11:40:23","date_gmt":"2025-06-10T09:40:23","guid":{"rendered":"https:\/\/www.araalicante.com\/azul-mediterraneo-con-su-tapa-principino-se-proclama-ganador-del-xxvii-concurso-provincial-de-pinchos-de-valladolid\/"},"modified":"2025-06-10T11:40:23","modified_gmt":"2025-06-10T09:40:23","slug":"azul-mediterraneo-con-su-tapa-principino-se-proclama-ganador-del-xxvii-concurso-provincial-de-pinchos-de-valladolid","status":"publish","type":"post","link":"https:\/\/www.araalicante.com\/en\/azul-mediterraneo-con-su-tapa-principino-se-proclama-ganador-del-xxvii-concurso-provincial-de-pinchos-de-valladolid\/","title":{"rendered":"Azul Mediterr\u00e1neo con su tapa \u201cPrincipino\u201d se proclama ganador del XXVII Concurso Provincial de Pinchos de Valladolid"},"content":{"rendered":"<div>\n<p><img fetchpriority=\"high\" decoding=\"async\" class=\"aligncenter wp-image-32346 size-full lazyload\" src=\"https:\/\/www.hosteleriadigital.es\/wp-content\/uploads\/2025\/06\/Pinchos-Valladolid-interior.jpg\" alt=\"\" width=\"620\" height=\"410\"\/><noscript><img loading=\"lazy\" decoding=\"async\" class=\"aligncenter wp-image-32346 size-full lazyload\" src=\"https:\/\/www.hosteleriadigital.es\/wp-content\/uploads\/2025\/06\/Pinchos-Valladolid-interior.jpg\" alt=\"\" width=\"620\" height=\"410\" srcset=\"https:\/\/www.hosteleriadigital.es\/wp-content\/uploads\/2025\/06\/Pinchos-Valladolid-interior.jpg 620w, https:\/\/www.hosteleriadigital.es\/wp-content\/uploads\/2025\/06\/Pinchos-Valladolid-interior-300x198.jpg 300w, https:\/\/www.hosteleriadigital.es\/wp-content\/uploads\/2025\/06\/Pinchos-Valladolid-interior-150x99.jpg 150w\" sizes=\"auto, (max-width: 620px) 100vw, 620px\"\/><\/noscript><\/p>\n<p>La gran Gala de la hosteler\u00eda se ha celebrado en la tarde del 9 de junio, en el Centro Cultural Miguel Delibes. Se han entregado los premios a los homenajeados del sector, otorgado el premio \u201cConde Ans\u00farez\u201d y a los vencedores en sus distintas categor\u00edas del 27 Concurso Provincial de Pinchos de Valladolid.<\/p>\n<p>Al acto han asistido el Subdelegado del Gobierno en Valladolid, Jacinto Canales de Caso, el Director General de Turismo, \u00c1ngel Gonz\u00e1lez Pieras, el Diputado Provincial de Promoci\u00f3n Agroalimentaria, Mois\u00e9s Santana Alonso, la Concejala de Turismo, Eventos y\u00a0 Marca Ciudad, Blanca Jim\u00e9nez; la Delegada territorial de la Junta de Castilla y Le\u00f3n, Raquel Alonso, entre otras autoridades y patrocinadores que hacen posible realizar est\u00e1 Gala.<\/p>\n<p>El Presidente de la Asociaci\u00f3n Provincial de Hosteler\u00eda de Valladolid, Jaime Fern\u00e1ndez Lafuente hizo entrega del premio \u201cConde Ans\u00farez 2025\u201d a Francisco de Borja Lara por su trayectoria, su labor social y su implicaci\u00f3n con el deporte en la ciudad.<\/p>\n<p>En esta emotiva gala la Junta Directiva ha decidido rendir homenaje a cuatro establecimientos hosteleros que han destacado por su trayectoria profesional, su compromiso y su aportaci\u00f3n a Valladolid, que con cari\u00f1o y esmero han dedicado su vida hacer m\u00e1s felices a los dem\u00e1s. Siendo los homenajeados en esta 42 edici\u00f3n. De la provincia: Tom\u00e1s Aller del Hotel Escuela San Crist\u00f3bal situado en La Cist\u00e9rniga. De la capital: Mila Samaniego del Mes\u00f3n Don Pelayo en Valladolid, Natividad Gonz\u00e1lez Alonso de la Cafeter\u00eda Fragata2 en Valladolid. Gonzalo Herreros Caf\u00e9 Bar As de Copas en Valladolid.<\/p>\n<p>La gala final y la entrega de premios estuvo presentada por Marta Bermejo y\u00a0 amenizada por Jos\u00e9 Luis Guti\u00e9rrez.<\/p>\n<p><strong>Los premiados han sido: <\/strong><\/p>\n<p>El premio al establecimiento m\u00e1s votado por el p\u00fablico al pincho \u201cEl Ilustre Mejill\u00f3n\u201d del establecimiento Los Ilustres.<\/p>\n<p>El premio al cliente que vot\u00f3 ha sido para Don Jos\u00e9 Luis Vega.<\/p>\n<p>El Acc\u00e9sit a mejor concepto pincho lo ha ganado Moka con su propuesta \u00abPorky Smash Castellano \u00bb<\/p>\n<p>El Acc\u00e9sit al Pincho m\u00e1s Vanguardista ha sido para Ubi la Vega con \u00abEvocaciones\u00bb.<\/p>\n<p>El Acc\u00e9sit al Pincho m\u00e1s Tradicional para \u00c1ngel con su propuesta \u00abEntre fogones y Vi\u00f1edos\u00bb.<\/p>\n<p>El Mejor Pincho Sin Gluten lo ha ganado R\u00edoLuz Gastronom\u00eda con \u00abLos Espaguetis del Milenio\u00bb.<\/p>\n<p>El Acc\u00e9sit al mejor Pincho Con Alimentos de Valladolid ha sido para Caf\u00e9 \u2013 Bar Papiro y su \u00abLa Lola nos Lleva\u00a0al\u00a0huerto\u00a0\u00ab.<\/p>\n<p>El Pincho Postre ha sido para Jiapan con su propuesta \u201cEclair Doce-3\u201d.<\/p>\n<p>El Mejor Pincho de la Provincia ha reca\u00eddo en el Restaurante Bodega M\u00e9lida Wines de M\u00e9lida de Pe\u00f1afiel y su \u201cEquilibrio\u201d.<\/p>\n<p>El Premio Pincho Cobre ha sido para el Restaurante Bodega M\u00e9lida Wines con \u201cEquilibrio\u201d.<\/p>\n<p>El Premio Pincho Bronce ha sido para Las Kubas Bar con Cocina y su \u201cPuceyaki\u201d<\/p>\n<p>El Premio Pincho Plata lo ha ganado Habanero Taquer\u00eda con \u201cMilpa\u201d<\/p>\n<p>El Premio Pincho Oro ha sido para Azul Mediterr\u00e1neo y su propuesta \u201cPrincipino\u201d<\/p>\n<p>Los ganadores ser\u00e1n quienes representen a Valladolid en el 21 Concurso Nacional de Pinchos y Tapas \u201cCiudad de Valladolid\u201d del pr\u00f3ximo mes de noviembre.<\/p>\n<\/div>\n<p><a href=\"https:\/\/www.hosteleriadigital.es\/2025\/06\/10\/azul-mediterraneo-con-su-tapa-principino-se-proclama-ganador-del-xxvii-concurso-provincial-de-pinchos-de-valladolid\/\">source<\/a><\/p>","protected":false},"excerpt":{"rendered":"<p>La gran Gala de la hosteler\u00eda se ha celebrado en la tarde<span class=\"excerpt-hellip\"> [\u2026]<\/span><\/p>\n","protected":false},"author":17,"featured_media":0,"comment_status":"","ping_status":"","sticky":false,"template":"","format":"standard","meta":{"footnotes":""},"categories":[1],"tags":[],"class_list":["post-4856","post","type-post","status-publish","format-standard","hentry","category-noticias-externas"],"yoast_head":"<!-- This site is optimized with the Yoast SEO plugin v27.4 - https:\/\/yoast.com\/product\/yoast-seo-wordpress\/ -->\n<title>Azul Mediterr\u00e1neo con su tapa \u201cPrincipino\u201d se proclama ganador del XXVII Concurso Provincial de Pinchos de Valladolid - ARA | Asociaci\u00f3n de Restaurantes Alicante<\/title>\n<meta name=\"robots\" content=\"index, follow, max-snippet:-1, max-image-preview:large, max-video-preview:-1\" \/>\n<link rel=\"canonical\" href=\"https:\/\/www.araalicante.com\/en\/azul-mediterraneo-con-su-tapa-principino-se-proclama-ganador-del-xxvii-concurso-provincial-de-pinchos-de-valladolid\/\" \/>\n<meta property=\"og:locale\" content=\"en_GB\" \/>\n<meta property=\"og:type\" content=\"article\" \/>\n<meta property=\"og:title\" content=\"Azul Mediterr\u00e1neo con su tapa \u201cPrincipino\u201d se proclama ganador del XXVII Concurso Provincial de Pinchos de Valladolid - ARA | Asociaci\u00f3n de Restaurantes Alicante\" \/>\n<meta property=\"og:description\" content=\"La gran Gala de la hosteler\u00eda se ha celebrado en la tarde [\u2026]\" \/>\n<meta property=\"og:url\" content=\"https:\/\/www.araalicante.com\/en\/azul-mediterraneo-con-su-tapa-principino-se-proclama-ganador-del-xxvii-concurso-provincial-de-pinchos-de-valladolid\/\" \/>\n<meta property=\"og:site_name\" content=\"ARA | Asociaci\u00f3n de Restaurantes Alicante\" \/>\n<meta property=\"article:publisher\" content=\"https:\/\/www.facebook.com\/Ararestaurantesalicante\" \/>\n<meta property=\"article:published_time\" content=\"2025-06-10T09:40:23+00:00\" \/>\n<meta property=\"og:image\" content=\"https:\/\/www.araalicante.com\/wp-content\/uploads\/2023\/10\/Sin-titulo-1.png\" \/>\n\t<meta property=\"og:image:width\" content=\"200\" \/>\n\t<meta property=\"og:image:height\" content=\"200\" \/>\n\t<meta property=\"og:image:type\" content=\"image\/png\" \/>\n<meta name=\"author\" content=\"Antonio Palomera\" \/>\n<meta name=\"twitter:card\" content=\"summary_large_image\" \/>\n<meta name=\"twitter:label1\" content=\"Written by\" \/>\n\t<meta name=\"twitter:data1\" content=\"Antonio Palomera\" \/>\n\t<meta name=\"twitter:label2\" content=\"Estimated reading time\" \/>\n\t<meta name=\"twitter:data2\" content=\"3 minutes\" \/>\n<script type=\"application\/ld+json\" class=\"yoast-schema-graph\">{\"@context\":\"https:\\\/\\\/schema.org\",\"@graph\":[{\"@type\":\"Article\",\"@id\":\"https:\\\/\\\/www.araalicante.com\\\/azul-mediterraneo-con-su-tapa-principino-se-proclama-ganador-del-xxvii-concurso-provincial-de-pinchos-de-valladolid\\\/#article\",\"isPartOf\":{\"@id\":\"https:\\\/\\\/www.araalicante.com\\\/azul-mediterraneo-con-su-tapa-principino-se-proclama-ganador-del-xxvii-concurso-provincial-de-pinchos-de-valladolid\\\/\"},\"author\":{\"name\":\"Antonio Palomera\",\"@id\":\"https:\\\/\\\/www.araalicante.com\\\/#\\\/schema\\\/person\\\/066f68dc3db0406c0829af861c17332f\"},\"headline\":\"Azul Mediterr\u00e1neo con su tapa \u201cPrincipino\u201d se proclama ganador del XXVII Concurso Provincial de Pinchos de Valladolid\",\"datePublished\":\"2025-06-10T09:40:23+00:00\",\"mainEntityOfPage\":{\"@id\":\"https:\\\/\\\/www.araalicante.com\\\/azul-mediterraneo-con-su-tapa-principino-se-proclama-ganador-del-xxvii-concurso-provincial-de-pinchos-de-valladolid\\\/\"},\"wordCount\":558,\"publisher\":{\"@id\":\"https:\\\/\\\/www.araalicante.com\\\/#organization\"},\"image\":{\"@id\":\"https:\\\/\\\/www.araalicante.com\\\/azul-mediterraneo-con-su-tapa-principino-se-proclama-ganador-del-xxvii-concurso-provincial-de-pinchos-de-valladolid\\\/#primaryimage\"},\"thumbnailUrl\":\"https:\\\/\\\/www.hosteleriadigital.es\\\/wp-content\\\/uploads\\\/2025\\\/06\\\/Pinchos-Valladolid-interior.jpg\",\"articleSection\":[\"Noticias externas\"],\"inLanguage\":\"en-GB\"},{\"@type\":\"WebPage\",\"@id\":\"https:\\\/\\\/www.araalicante.com\\\/azul-mediterraneo-con-su-tapa-principino-se-proclama-ganador-del-xxvii-concurso-provincial-de-pinchos-de-valladolid\\\/\",\"url\":\"https:\\\/\\\/www.araalicante.com\\\/azul-mediterraneo-con-su-tapa-principino-se-proclama-ganador-del-xxvii-concurso-provincial-de-pinchos-de-valladolid\\\/\",\"name\":\"Azul Mediterr\u00e1neo con su tapa \u201cPrincipino\u201d se proclama ganador del XXVII Concurso Provincial de Pinchos de Valladolid - ARA | Asociaci\u00f3n de Restaurantes Alicante\",\"isPartOf\":{\"@id\":\"https:\\\/\\\/www.araalicante.com\\\/#website\"},\"primaryImageOfPage\":{\"@id\":\"https:\\\/\\\/www.araalicante.com\\\/azul-mediterraneo-con-su-tapa-principino-se-proclama-ganador-del-xxvii-concurso-provincial-de-pinchos-de-valladolid\\\/#primaryimage\"},\"image\":{\"@id\":\"https:\\\/\\\/www.araalicante.com\\\/azul-mediterraneo-con-su-tapa-principino-se-proclama-ganador-del-xxvii-concurso-provincial-de-pinchos-de-valladolid\\\/#primaryimage\"},\"thumbnailUrl\":\"https:\\\/\\\/www.hosteleriadigital.es\\\/wp-content\\\/uploads\\\/2025\\\/06\\\/Pinchos-Valladolid-interior.jpg\",\"datePublished\":\"2025-06-10T09:40:23+00:00\",\"breadcrumb\":{\"@id\":\"https:\\\/\\\/www.araalicante.com\\\/azul-mediterraneo-con-su-tapa-principino-se-proclama-ganador-del-xxvii-concurso-provincial-de-pinchos-de-valladolid\\\/#breadcrumb\"},\"inLanguage\":\"en-GB\",\"potentialAction\":[{\"@type\":\"ReadAction\",\"target\":[\"https:\\\/\\\/www.araalicante.com\\\/azul-mediterraneo-con-su-tapa-principino-se-proclama-ganador-del-xxvii-concurso-provincial-de-pinchos-de-valladolid\\\/\"]}]},{\"@type\":\"ImageObject\",\"inLanguage\":\"en-GB\",\"@id\":\"https:\\\/\\\/www.araalicante.com\\\/azul-mediterraneo-con-su-tapa-principino-se-proclama-ganador-del-xxvii-concurso-provincial-de-pinchos-de-valladolid\\\/#primaryimage\",\"url\":\"https:\\\/\\\/www.hosteleriadigital.es\\\/wp-content\\\/uploads\\\/2025\\\/06\\\/Pinchos-Valladolid-interior.jpg\",\"contentUrl\":\"https:\\\/\\\/www.hosteleriadigital.es\\\/wp-content\\\/uploads\\\/2025\\\/06\\\/Pinchos-Valladolid-interior.jpg\"},{\"@type\":\"BreadcrumbList\",\"@id\":\"https:\\\/\\\/www.araalicante.com\\\/azul-mediterraneo-con-su-tapa-principino-se-proclama-ganador-del-xxvii-concurso-provincial-de-pinchos-de-valladolid\\\/#breadcrumb\",\"itemListElement\":[{\"@type\":\"ListItem\",\"position\":1,\"name\":\"Portada\",\"item\":\"https:\\\/\\\/www.araalicante.com\\\/\"},{\"@type\":\"ListItem\",\"position\":2,\"name\":\"Azul Mediterr\u00e1neo con su tapa \u201cPrincipino\u201d se proclama ganador del XXVII Concurso Provincial de Pinchos de Valladolid\"}]},{\"@type\":\"WebSite\",\"@id\":\"https:\\\/\\\/www.araalicante.com\\\/#website\",\"url\":\"https:\\\/\\\/www.araalicante.com\\\/\",\"name\":\"ARA | Asociaci\u00f3n de Restaurantes Alicante\",\"description\":\"Producto local, restauraci\u00f3n de calidad en Alicante y su provincia\",\"publisher\":{\"@id\":\"https:\\\/\\\/www.araalicante.com\\\/#organization\"},\"potentialAction\":[{\"@type\":\"SearchAction\",\"target\":{\"@type\":\"EntryPoint\",\"urlTemplate\":\"https:\\\/\\\/www.araalicante.com\\\/?s={search_term_string}\"},\"query-input\":{\"@type\":\"PropertyValueSpecification\",\"valueRequired\":true,\"valueName\":\"search_term_string\"}}],\"inLanguage\":\"en-GB\"},{\"@type\":\"Organization\",\"@id\":\"https:\\\/\\\/www.araalicante.com\\\/#organization\",\"name\":\"ARA | Asociaci\u00f3n de Restaurantes Alicante\",\"url\":\"https:\\\/\\\/www.araalicante.com\\\/\",\"logo\":{\"@type\":\"ImageObject\",\"inLanguage\":\"en-GB\",\"@id\":\"https:\\\/\\\/www.araalicante.com\\\/#\\\/schema\\\/logo\\\/image\\\/\",\"url\":\"https:\\\/\\\/www.araalicante.com\\\/wp-content\\\/uploads\\\/2023\\\/09\\\/logoara.png\",\"contentUrl\":\"https:\\\/\\\/www.araalicante.com\\\/wp-content\\\/uploads\\\/2023\\\/09\\\/logoara.png\",\"width\":400,\"height\":85,\"caption\":\"ARA | Asociaci\u00f3n de Restaurantes Alicante\"},\"image\":{\"@id\":\"https:\\\/\\\/www.araalicante.com\\\/#\\\/schema\\\/logo\\\/image\\\/\"},\"sameAs\":[\"https:\\\/\\\/www.facebook.com\\\/Ararestaurantesalicante\",\"https:\\\/\\\/www.instagram.com\\\/ararestaurantesalicante\\\/\"]},{\"@type\":\"Person\",\"@id\":\"https:\\\/\\\/www.araalicante.com\\\/#\\\/schema\\\/person\\\/066f68dc3db0406c0829af861c17332f\",\"name\":\"Antonio Palomera\",\"image\":{\"@type\":\"ImageObject\",\"inLanguage\":\"en-GB\",\"@id\":\"https:\\\/\\\/secure.gravatar.com\\\/avatar\\\/a8378756bb866d8a91ea5808ee291ef099888cc76273b42162b3ab961b9da5df?s=96&d=mm&r=g\",\"url\":\"https:\\\/\\\/secure.gravatar.com\\\/avatar\\\/a8378756bb866d8a91ea5808ee291ef099888cc76273b42162b3ab961b9da5df?s=96&d=mm&r=g\",\"contentUrl\":\"https:\\\/\\\/secure.gravatar.com\\\/avatar\\\/a8378756bb866d8a91ea5808ee291ef099888cc76273b42162b3ab961b9da5df?s=96&d=mm&r=g\",\"caption\":\"Antonio Palomera\"},\"url\":\"https:\\\/\\\/www.araalicante.com\\\/en\\\/author\\\/antonio\\\/\"}]}<\/script>\n<!-- \/ Yoast SEO plugin. -->","yoast_head_json":{"title":"Azul Mediterr\u00e1neo con su tapa \u201cPrincipino\u201d se proclama ganador del XXVII Concurso Provincial de Pinchos de Valladolid - ARA | Asociaci\u00f3n de Restaurantes Alicante","robots":{"index":"index","follow":"follow","max-snippet":"max-snippet:-1","max-image-preview":"max-image-preview:large","max-video-preview":"max-video-preview:-1"},"canonical":"https:\/\/www.araalicante.com\/en\/azul-mediterraneo-con-su-tapa-principino-se-proclama-ganador-del-xxvii-concurso-provincial-de-pinchos-de-valladolid\/","og_locale":"en_GB","og_type":"article","og_title":"Azul Mediterr\u00e1neo con su tapa \u201cPrincipino\u201d se proclama ganador del XXVII Concurso Provincial de Pinchos de Valladolid - ARA | Asociaci\u00f3n de Restaurantes Alicante","og_description":"La gran Gala de la hosteler\u00eda se ha celebrado en la tarde [\u2026]","og_url":"https:\/\/www.araalicante.com\/en\/azul-mediterraneo-con-su-tapa-principino-se-proclama-ganador-del-xxvii-concurso-provincial-de-pinchos-de-valladolid\/","og_site_name":"ARA | Asociaci\u00f3n de Restaurantes Alicante","article_publisher":"https:\/\/www.facebook.com\/Ararestaurantesalicante","article_published_time":"2025-06-10T09:40:23+00:00","og_image":[{"width":200,"height":200,"url":"https:\/\/www.araalicante.com\/wp-content\/uploads\/2023\/10\/Sin-titulo-1.png","type":"image\/png"}],"author":"Antonio Palomera","twitter_card":"summary_large_image","twitter_misc":{"Written by":"Antonio Palomera","Estimated reading time":"3 minutes"},"schema":{"@context":"https:\/\/schema.org","@graph":[{"@type":"Article","@id":"https:\/\/www.araalicante.com\/azul-mediterraneo-con-su-tapa-principino-se-proclama-ganador-del-xxvii-concurso-provincial-de-pinchos-de-valladolid\/#article","isPartOf":{"@id":"https:\/\/www.araalicante.com\/azul-mediterraneo-con-su-tapa-principino-se-proclama-ganador-del-xxvii-concurso-provincial-de-pinchos-de-valladolid\/"},"author":{"name":"Antonio Palomera","@id":"https:\/\/www.araalicante.com\/#\/schema\/person\/066f68dc3db0406c0829af861c17332f"},"headline":"Azul Mediterr\u00e1neo con su tapa \u201cPrincipino\u201d se proclama ganador del XXVII Concurso Provincial de Pinchos de Valladolid","datePublished":"2025-06-10T09:40:23+00:00","mainEntityOfPage":{"@id":"https:\/\/www.araalicante.com\/azul-mediterraneo-con-su-tapa-principino-se-proclama-ganador-del-xxvii-concurso-provincial-de-pinchos-de-valladolid\/"},"wordCount":558,"publisher":{"@id":"https:\/\/www.araalicante.com\/#organization"},"image":{"@id":"https:\/\/www.araalicante.com\/azul-mediterraneo-con-su-tapa-principino-se-proclama-ganador-del-xxvii-concurso-provincial-de-pinchos-de-valladolid\/#primaryimage"},"thumbnailUrl":"https:\/\/www.hosteleriadigital.es\/wp-content\/uploads\/2025\/06\/Pinchos-Valladolid-interior.jpg","articleSection":["Noticias externas"],"inLanguage":"en-GB"},{"@type":"WebPage","@id":"https:\/\/www.araalicante.com\/azul-mediterraneo-con-su-tapa-principino-se-proclama-ganador-del-xxvii-concurso-provincial-de-pinchos-de-valladolid\/","url":"https:\/\/www.araalicante.com\/azul-mediterraneo-con-su-tapa-principino-se-proclama-ganador-del-xxvii-concurso-provincial-de-pinchos-de-valladolid\/","name":"Azul Mediterr\u00e1neo con su tapa \u201cPrincipino\u201d se proclama ganador del XXVII Concurso Provincial de Pinchos de Valladolid - ARA | Asociaci\u00f3n de Restaurantes Alicante","isPartOf":{"@id":"https:\/\/www.araalicante.com\/#website"},"primaryImageOfPage":{"@id":"https:\/\/www.araalicante.com\/azul-mediterraneo-con-su-tapa-principino-se-proclama-ganador-del-xxvii-concurso-provincial-de-pinchos-de-valladolid\/#primaryimage"},"image":{"@id":"https:\/\/www.araalicante.com\/azul-mediterraneo-con-su-tapa-principino-se-proclama-ganador-del-xxvii-concurso-provincial-de-pinchos-de-valladolid\/#primaryimage"},"thumbnailUrl":"https:\/\/www.hosteleriadigital.es\/wp-content\/uploads\/2025\/06\/Pinchos-Valladolid-interior.jpg","datePublished":"2025-06-10T09:40:23+00:00","breadcrumb":{"@id":"https:\/\/www.araalicante.com\/azul-mediterraneo-con-su-tapa-principino-se-proclama-ganador-del-xxvii-concurso-provincial-de-pinchos-de-valladolid\/#breadcrumb"},"inLanguage":"en-GB","potentialAction":[{"@type":"ReadAction","target":["https:\/\/www.araalicante.com\/azul-mediterraneo-con-su-tapa-principino-se-proclama-ganador-del-xxvii-concurso-provincial-de-pinchos-de-valladolid\/"]}]},{"@type":"ImageObject","inLanguage":"en-GB","@id":"https:\/\/www.araalicante.com\/azul-mediterraneo-con-su-tapa-principino-se-proclama-ganador-del-xxvii-concurso-provincial-de-pinchos-de-valladolid\/#primaryimage","url":"https:\/\/www.hosteleriadigital.es\/wp-content\/uploads\/2025\/06\/Pinchos-Valladolid-interior.jpg","contentUrl":"https:\/\/www.hosteleriadigital.es\/wp-content\/uploads\/2025\/06\/Pinchos-Valladolid-interior.jpg"},{"@type":"BreadcrumbList","@id":"https:\/\/www.araalicante.com\/azul-mediterraneo-con-su-tapa-principino-se-proclama-ganador-del-xxvii-concurso-provincial-de-pinchos-de-valladolid\/#breadcrumb","itemListElement":[{"@type":"ListItem","position":1,"name":"Portada","item":"https:\/\/www.araalicante.com\/"},{"@type":"ListItem","position":2,"name":"Azul Mediterr\u00e1neo con su tapa \u201cPrincipino\u201d se proclama ganador del XXVII Concurso Provincial de Pinchos de Valladolid"}]},{"@type":"WebSite","@id":"https:\/\/www.araalicante.com\/#website","url":"https:\/\/www.araalicante.com\/","name":"ARA | Asociaci\u00f3n de Restaurantes Alicante","description":"Producto local, restauraci\u00f3n de calidad en Alicante y su provincia","publisher":{"@id":"https:\/\/www.araalicante.com\/#organization"},"potentialAction":[{"@type":"SearchAction","target":{"@type":"EntryPoint","urlTemplate":"https:\/\/www.araalicante.com\/?s={search_term_string}"},"query-input":{"@type":"PropertyValueSpecification","valueRequired":true,"valueName":"search_term_string"}}],"inLanguage":"en-GB"},{"@type":"Organization","@id":"https:\/\/www.araalicante.com\/#organization","name":"ARA | Asociaci\u00f3n de Restaurantes Alicante","url":"https:\/\/www.araalicante.com\/","logo":{"@type":"ImageObject","inLanguage":"en-GB","@id":"https:\/\/www.araalicante.com\/#\/schema\/logo\/image\/","url":"https:\/\/www.araalicante.com\/wp-content\/uploads\/2023\/09\/logoara.png","contentUrl":"https:\/\/www.araalicante.com\/wp-content\/uploads\/2023\/09\/logoara.png","width":400,"height":85,"caption":"ARA | Asociaci\u00f3n de Restaurantes Alicante"},"image":{"@id":"https:\/\/www.araalicante.com\/#\/schema\/logo\/image\/"},"sameAs":["https:\/\/www.facebook.com\/Ararestaurantesalicante","https:\/\/www.instagram.com\/ararestaurantesalicante\/"]},{"@type":"Person","@id":"https:\/\/www.araalicante.com\/#\/schema\/person\/066f68dc3db0406c0829af861c17332f","name":"Antonio Palomera","image":{"@type":"ImageObject","inLanguage":"en-GB","@id":"https:\/\/secure.gravatar.com\/avatar\/a8378756bb866d8a91ea5808ee291ef099888cc76273b42162b3ab961b9da5df?s=96&d=mm&r=g","url":"https:\/\/secure.gravatar.com\/avatar\/a8378756bb866d8a91ea5808ee291ef099888cc76273b42162b3ab961b9da5df?s=96&d=mm&r=g","contentUrl":"https:\/\/secure.gravatar.com\/avatar\/a8378756bb866d8a91ea5808ee291ef099888cc76273b42162b3ab961b9da5df?s=96&d=mm&r=g","caption":"Antonio Palomera"},"url":"https:\/\/www.araalicante.com\/en\/author\/antonio\/"}]}},"_links":{"self":[{"href":"https:\/\/www.araalicante.com\/en\/wp-json\/wp\/v2\/posts\/4856","targetHints":{"allow":["GET"]}}],"collection":[{"href":"https:\/\/www.araalicante.com\/en\/wp-json\/wp\/v2\/posts"}],"about":[{"href":"https:\/\/www.araalicante.com\/en\/wp-json\/wp\/v2\/types\/post"}],"author":[{"embeddable":true,"href":"https:\/\/www.araalicante.com\/en\/wp-json\/wp\/v2\/users\/17"}],"replies":[{"embeddable":true,"href":"https:\/\/www.araalicante.com\/en\/wp-json\/wp\/v2\/comments?post=4856"}],"version-history":[{"count":0,"href":"https:\/\/www.araalicante.com\/en\/wp-json\/wp\/v2\/posts\/4856\/revisions"}],"wp:attachment":[{"href":"https:\/\/www.araalicante.com\/en\/wp-json\/wp\/v2\/media?parent=4856"}],"wp:term":[{"taxonomy":"category","embeddable":true,"href":"https:\/\/www.araalicante.com\/en\/wp-json\/wp\/v2\/categories?post=4856"},{"taxonomy":"post_tag","embeddable":true,"href":"https:\/\/www.araalicante.com\/en\/wp-json\/wp\/v2\/tags?post=4856"}],"curies":[{"name":"wp","href":"https:\/\/api.w.org\/{rel}","templated":true}]}}