{"id":4842,"date":"2025-06-06T15:09:19","date_gmt":"2025-06-06T13:09:19","guid":{"rendered":"https:\/\/www.araalicante.com\/la-hosteleria-el-corazon-de-la-economia-en-el-22-congreso-horeca-de-aecoc\/"},"modified":"2025-06-06T15:09:19","modified_gmt":"2025-06-06T13:09:19","slug":"la-hosteleria-el-corazon-de-la-economia-en-el-22-congreso-horeca-de-aecoc","status":"publish","type":"post","link":"https:\/\/www.araalicante.com\/en\/la-hosteleria-el-corazon-de-la-economia-en-el-22-congreso-horeca-de-aecoc\/","title":{"rendered":"La hosteler\u00eda, el coraz\u00f3n de la econom\u00eda en el 22 Congreso Horeca de AECOC"},"content":{"rendered":"<div>\n<div class=\"td-post-featured-image\"><a href=\"https:\/\/www.hosteleriadigital.es\/wp-content\/uploads\/2025\/06\/aecoc2.jpg\" data-caption=\"\"><img loading=\"lazy\" decoding=\"async\" width=\"640\" height=\"383\" class=\"entry-thumb td-modal-image\" src=\"https:\/\/www.hosteleriadigital.es\/wp-content\/uploads\/2025\/06\/aecoc2-640x383.jpg\" srcset=\"https:\/\/www.hosteleriadigital.es\/wp-content\/uploads\/2025\/06\/aecoc2-640x383.jpg 640w, https:\/\/www.hosteleriadigital.es\/wp-content\/uploads\/2025\/06\/aecoc2-300x180.jpg 300w, https:\/\/www.hosteleriadigital.es\/wp-content\/uploads\/2025\/06\/aecoc2-150x90.jpg 150w, https:\/\/www.hosteleriadigital.es\/wp-content\/uploads\/2025\/06\/aecoc2-681x408.jpg 681w, https:\/\/www.hosteleriadigital.es\/wp-content\/uploads\/2025\/06\/aecoc2.jpg 700w\" sizes=\"auto, (max-width: 640px) 100vw, 640px\" alt=\"\" title=\"aecoc2\"\/><\/a><\/div>\n<p>El 22 Congreso Horeca de AECOC ha sido un a\u00f1o m\u00e1s el punto de encuentro de la cadena de valor agroalimentaria. Casi 500 congresistas se dieron cita para conocer la situaci\u00f3n de la hosteler\u00eda, los retos, oportunidades y desaf\u00edos de un sector clave y protagonista a nivel econ\u00f3mico y social, siendo un activo de nuestro atractivo y una forma distintiva de nuestra forma de vida. Un sector que impulsa la innovaci\u00f3n, genera empleo y conecta a las personas en cada rinc\u00f3n del pa\u00eds.<\/p>\n<p><img fetchpriority=\"high\" decoding=\"async\" class=\"alignnone wp-image-32321 size-full lazyload\" src=\"https:\/\/www.hosteleriadigital.es\/wp-content\/uploads\/2025\/06\/aecocministro.jpg\" alt=\"\" width=\"1191\" height=\"819\"\/><noscript><img loading=\"lazy\" decoding=\"async\" class=\"alignnone wp-image-32321 size-full lazyload\" src=\"https:\/\/www.hosteleriadigital.es\/wp-content\/uploads\/2025\/06\/aecocministro.jpg\" alt=\"\" width=\"1191\" height=\"819\" srcset=\"https:\/\/www.hosteleriadigital.es\/wp-content\/uploads\/2025\/06\/aecocministro.jpg 1191w, https:\/\/www.hosteleriadigital.es\/wp-content\/uploads\/2025\/06\/aecocministro-300x206.jpg 300w, https:\/\/www.hosteleriadigital.es\/wp-content\/uploads\/2025\/06\/aecocministro-1024x704.jpg 1024w, https:\/\/www.hosteleriadigital.es\/wp-content\/uploads\/2025\/06\/aecocministro-150x103.jpg 150w, https:\/\/www.hosteleriadigital.es\/wp-content\/uploads\/2025\/06\/aecocministro-768x528.jpg 768w, https:\/\/www.hosteleriadigital.es\/wp-content\/uploads\/2025\/06\/aecocministro-611x420.jpg 611w, https:\/\/www.hosteleriadigital.es\/wp-content\/uploads\/2025\/06\/aecocministro-640x440.jpg 640w, https:\/\/www.hosteleriadigital.es\/wp-content\/uploads\/2025\/06\/aecocministro-681x468.jpg 681w\" sizes=\"auto, (max-width: 1191px) 100vw, 1191px\"\/><\/noscript>Bajo el lema <strong>\u201cla hosteler\u00eda, el coraz\u00f3n de la econom\u00eda\u201d<\/strong> el Congreso celebrado en Madrid el 4 y 5 junio cont\u00f3 con el ministro de Industria, comercio y Turismo, Jordi Hereu, en la inauguraci\u00f3n. \u00a0El ministr\u00f3 puso el foco en el liderazgo del turismo, que el a\u00f1o pasado atrajo a 94 millones de turistas internacionales. Para Hereu la industria agroalimentaria est\u00e1 en los primeros puestos de las motivaciones de los visitantes en su elecci\u00f3n al ser \u00ab<em>muy atractiva tur\u00edsticamente por su excelente propuesta, pero tambi\u00e9n por su capacidad de ofrecer experiencias, en las que la hoster\u00eda tiene un papel indispensable<\/em>\u201d, al tiempo que profundiz\u00f3 en los m\u00faltiples aspectos en los que la hosteler\u00eda es un sector fundamental \u201c<em>es un importante tractor de otras sectores industriales y fundamental en la pol\u00edtica de transformaci\u00f3n tur\u00edstica, al tiempo que como ciudadano es un factor fundamental en la ordenaci\u00f3n y funcionamiento de los pueblos y ciudades y en la cohesi\u00f3n social\u201d.<\/em><\/p>\n<p>A continuaci\u00f3n, el presidente de Hosteler\u00eda de Espa\u00f1a, Jose Almeida particip\u00f3 en la mesa redonda <strong>\u201cVisi\u00f3n y retos sectoriales\u201d<\/strong> junto con Peio Arbeloa, presidente del Comit\u00e9 Horeca de AECOC y director general de la Unidad de Negocio de Espa\u00f1a de Mahou San Miguel.<\/p>\n<p>El presidente de Hosteler\u00eda de Espa\u00f1a puso el foco en la importancia de un sector, que supone el 6,8% del PIB y que en el mes de mayo gener\u00f3 m\u00e1s de 1,96 millones de puestos de trabajo, siendo una parte fundamental del turismo, al tiempo que \u201c<em>forma parte de nuestra cultura de ocio, y forma de socializar, ofreciendo e<\/em><em>spacios de convivencia y de disfrute y aportando a la integraci\u00f3n y cohesi\u00f3n social, al tiempo que favorecen inclusi\u00f3n social, a la seguridad de los barrios<\/em> \u201c.<\/p>\n<p><img loading=\"lazy\" decoding=\"async\" class=\"alignleft wp-image-32322 size-medium lazyload\" src=\"https:\/\/www.hosteleriadigital.es\/wp-content\/uploads\/2025\/06\/aecoc-300x202.jpg\" alt=\"\" width=\"300\" height=\"202\"\/><noscript><img loading=\"lazy\" decoding=\"async\" class=\"alignleft wp-image-32322 size-medium lazyload\" src=\"https:\/\/www.hosteleriadigital.es\/wp-content\/uploads\/2025\/06\/aecoc-300x202.jpg\" alt=\"\" width=\"300\" height=\"202\" srcset=\"https:\/\/www.hosteleriadigital.es\/wp-content\/uploads\/2025\/06\/aecoc-300x202.jpg 300w, https:\/\/www.hosteleriadigital.es\/wp-content\/uploads\/2025\/06\/aecoc-150x101.jpg 150w, https:\/\/www.hosteleriadigital.es\/wp-content\/uploads\/2025\/06\/aecoc-537x360.jpg 537w, https:\/\/www.hosteleriadigital.es\/wp-content\/uploads\/2025\/06\/aecoc.jpg 571w\" sizes=\"auto, (max-width: 300px) 100vw, 300px\"\/><\/noscript><\/p>\n<p>En el an\u00e1lisis de la situaci\u00f3n actual Jose Almeida puso el foco en algunos desaf\u00edos como \u201c<em>la p\u00e9rdida de rentabilidad por aumento de costes de producci\u00f3n y materias primas, a lo que se suman otras amenazas como la reducci\u00f3n de la jornada laboral, que puede incluso suponer una modificaci\u00f3n en los horarios de apertura<\/em>\u201d. En materia de sostenibilidad Almeida se detuvo \u00a0en el Sistema de Dep\u00f3sito, Devoluci\u00f3n y Retorno, en el que la hosteler\u00eda ha evitado la obligatoriedad, pero que debe analizarse el impacto en las empresas, al igual que los sistemas de distribuci\u00f3n urbana de mercanc\u00edas.<\/p>\n<\/div>\n<p><a href=\"https:\/\/www.hosteleriadigital.es\/2025\/06\/06\/la-hosteleria-el-corazon-de-la-economia-en-el-22-congreso-horeca-de-aecoc\/\">source<\/a><\/p>","protected":false},"excerpt":{"rendered":"<p>El 22 Congreso Horeca de AECOC ha sido un a\u00f1o m\u00e1s el<span class=\"excerpt-hellip\"> [\u2026]<\/span><\/p>\n","protected":false},"author":17,"featured_media":0,"comment_status":"","ping_status":"","sticky":false,"template":"","format":"standard","meta":{"footnotes":""},"categories":[1],"tags":[],"class_list":["post-4842","post","type-post","status-publish","format-standard","hentry","category-noticias-externas"],"yoast_head":"<!-- This site is optimized with the Yoast SEO plugin v27.4 - https:\/\/yoast.com\/product\/yoast-seo-wordpress\/ -->\n<title>La hosteler\u00eda, el coraz\u00f3n de la econom\u00eda en el 22 Congreso Horeca de AECOC - ARA | Asociaci\u00f3n de Restaurantes Alicante<\/title>\n<meta name=\"robots\" content=\"index, follow, max-snippet:-1, max-image-preview:large, max-video-preview:-1\" \/>\n<link rel=\"canonical\" href=\"https:\/\/www.araalicante.com\/en\/la-hosteleria-el-corazon-de-la-economia-en-el-22-congreso-horeca-de-aecoc\/\" \/>\n<meta property=\"og:locale\" content=\"en_GB\" \/>\n<meta property=\"og:type\" content=\"article\" \/>\n<meta property=\"og:title\" content=\"La hosteler\u00eda, el coraz\u00f3n de la econom\u00eda en el 22 Congreso Horeca de AECOC - ARA | Asociaci\u00f3n de Restaurantes Alicante\" \/>\n<meta property=\"og:description\" content=\"El 22 Congreso Horeca de AECOC ha sido un a\u00f1o m\u00e1s el [\u2026]\" \/>\n<meta property=\"og:url\" content=\"https:\/\/www.araalicante.com\/en\/la-hosteleria-el-corazon-de-la-economia-en-el-22-congreso-horeca-de-aecoc\/\" \/>\n<meta property=\"og:site_name\" content=\"ARA | Asociaci\u00f3n de Restaurantes Alicante\" \/>\n<meta property=\"article:publisher\" content=\"https:\/\/www.facebook.com\/Ararestaurantesalicante\" \/>\n<meta property=\"article:published_time\" content=\"2025-06-06T13:09:19+00:00\" \/>\n<meta property=\"og:image\" content=\"https:\/\/www.hosteleriadigital.es\/wp-content\/uploads\/2025\/06\/aecoc2-640x383.jpg\" \/>\n<meta name=\"author\" content=\"Antonio Palomera\" \/>\n<meta name=\"twitter:card\" content=\"summary_large_image\" \/>\n<meta name=\"twitter:label1\" content=\"Written by\" \/>\n\t<meta name=\"twitter:data1\" content=\"Antonio Palomera\" \/>\n\t<meta name=\"twitter:label2\" content=\"Estimated reading time\" \/>\n\t<meta name=\"twitter:data2\" content=\"3 minutes\" \/>\n<script type=\"application\/ld+json\" class=\"yoast-schema-graph\">{\"@context\":\"https:\\\/\\\/schema.org\",\"@graph\":[{\"@type\":\"Article\",\"@id\":\"https:\\\/\\\/www.araalicante.com\\\/la-hosteleria-el-corazon-de-la-economia-en-el-22-congreso-horeca-de-aecoc\\\/#article\",\"isPartOf\":{\"@id\":\"https:\\\/\\\/www.araalicante.com\\\/la-hosteleria-el-corazon-de-la-economia-en-el-22-congreso-horeca-de-aecoc\\\/\"},\"author\":{\"name\":\"Antonio Palomera\",\"@id\":\"https:\\\/\\\/www.araalicante.com\\\/#\\\/schema\\\/person\\\/066f68dc3db0406c0829af861c17332f\"},\"headline\":\"La hosteler\u00eda, el coraz\u00f3n de la econom\u00eda en el 22 Congreso Horeca de AECOC\",\"datePublished\":\"2025-06-06T13:09:19+00:00\",\"mainEntityOfPage\":{\"@id\":\"https:\\\/\\\/www.araalicante.com\\\/la-hosteleria-el-corazon-de-la-economia-en-el-22-congreso-horeca-de-aecoc\\\/\"},\"wordCount\":523,\"publisher\":{\"@id\":\"https:\\\/\\\/www.araalicante.com\\\/#organization\"},\"image\":{\"@id\":\"https:\\\/\\\/www.araalicante.com\\\/la-hosteleria-el-corazon-de-la-economia-en-el-22-congreso-horeca-de-aecoc\\\/#primaryimage\"},\"thumbnailUrl\":\"https:\\\/\\\/www.hosteleriadigital.es\\\/wp-content\\\/uploads\\\/2025\\\/06\\\/aecoc2-640x383.jpg\",\"articleSection\":[\"Noticias externas\"],\"inLanguage\":\"en-GB\"},{\"@type\":\"WebPage\",\"@id\":\"https:\\\/\\\/www.araalicante.com\\\/la-hosteleria-el-corazon-de-la-economia-en-el-22-congreso-horeca-de-aecoc\\\/\",\"url\":\"https:\\\/\\\/www.araalicante.com\\\/la-hosteleria-el-corazon-de-la-economia-en-el-22-congreso-horeca-de-aecoc\\\/\",\"name\":\"La hosteler\u00eda, el coraz\u00f3n de la econom\u00eda en el 22 Congreso Horeca de AECOC - ARA | Asociaci\u00f3n de Restaurantes Alicante\",\"isPartOf\":{\"@id\":\"https:\\\/\\\/www.araalicante.com\\\/#website\"},\"primaryImageOfPage\":{\"@id\":\"https:\\\/\\\/www.araalicante.com\\\/la-hosteleria-el-corazon-de-la-economia-en-el-22-congreso-horeca-de-aecoc\\\/#primaryimage\"},\"image\":{\"@id\":\"https:\\\/\\\/www.araalicante.com\\\/la-hosteleria-el-corazon-de-la-economia-en-el-22-congreso-horeca-de-aecoc\\\/#primaryimage\"},\"thumbnailUrl\":\"https:\\\/\\\/www.hosteleriadigital.es\\\/wp-content\\\/uploads\\\/2025\\\/06\\\/aecoc2-640x383.jpg\",\"datePublished\":\"2025-06-06T13:09:19+00:00\",\"breadcrumb\":{\"@id\":\"https:\\\/\\\/www.araalicante.com\\\/la-hosteleria-el-corazon-de-la-economia-en-el-22-congreso-horeca-de-aecoc\\\/#breadcrumb\"},\"inLanguage\":\"en-GB\",\"potentialAction\":[{\"@type\":\"ReadAction\",\"target\":[\"https:\\\/\\\/www.araalicante.com\\\/la-hosteleria-el-corazon-de-la-economia-en-el-22-congreso-horeca-de-aecoc\\\/\"]}]},{\"@type\":\"ImageObject\",\"inLanguage\":\"en-GB\",\"@id\":\"https:\\\/\\\/www.araalicante.com\\\/la-hosteleria-el-corazon-de-la-economia-en-el-22-congreso-horeca-de-aecoc\\\/#primaryimage\",\"url\":\"https:\\\/\\\/www.hosteleriadigital.es\\\/wp-content\\\/uploads\\\/2025\\\/06\\\/aecoc2-640x383.jpg\",\"contentUrl\":\"https:\\\/\\\/www.hosteleriadigital.es\\\/wp-content\\\/uploads\\\/2025\\\/06\\\/aecoc2-640x383.jpg\"},{\"@type\":\"BreadcrumbList\",\"@id\":\"https:\\\/\\\/www.araalicante.com\\\/la-hosteleria-el-corazon-de-la-economia-en-el-22-congreso-horeca-de-aecoc\\\/#breadcrumb\",\"itemListElement\":[{\"@type\":\"ListItem\",\"position\":1,\"name\":\"Portada\",\"item\":\"https:\\\/\\\/www.araalicante.com\\\/\"},{\"@type\":\"ListItem\",\"position\":2,\"name\":\"La hosteler\u00eda, el coraz\u00f3n de la econom\u00eda en el 22 Congreso Horeca de AECOC\"}]},{\"@type\":\"WebSite\",\"@id\":\"https:\\\/\\\/www.araalicante.com\\\/#website\",\"url\":\"https:\\\/\\\/www.araalicante.com\\\/\",\"name\":\"ARA | Asociaci\u00f3n de Restaurantes Alicante\",\"description\":\"Producto local, restauraci\u00f3n de calidad en Alicante y su provincia\",\"publisher\":{\"@id\":\"https:\\\/\\\/www.araalicante.com\\\/#organization\"},\"potentialAction\":[{\"@type\":\"SearchAction\",\"target\":{\"@type\":\"EntryPoint\",\"urlTemplate\":\"https:\\\/\\\/www.araalicante.com\\\/?s={search_term_string}\"},\"query-input\":{\"@type\":\"PropertyValueSpecification\",\"valueRequired\":true,\"valueName\":\"search_term_string\"}}],\"inLanguage\":\"en-GB\"},{\"@type\":\"Organization\",\"@id\":\"https:\\\/\\\/www.araalicante.com\\\/#organization\",\"name\":\"ARA | Asociaci\u00f3n de Restaurantes Alicante\",\"url\":\"https:\\\/\\\/www.araalicante.com\\\/\",\"logo\":{\"@type\":\"ImageObject\",\"inLanguage\":\"en-GB\",\"@id\":\"https:\\\/\\\/www.araalicante.com\\\/#\\\/schema\\\/logo\\\/image\\\/\",\"url\":\"https:\\\/\\\/www.araalicante.com\\\/wp-content\\\/uploads\\\/2023\\\/09\\\/logoara.png\",\"contentUrl\":\"https:\\\/\\\/www.araalicante.com\\\/wp-content\\\/uploads\\\/2023\\\/09\\\/logoara.png\",\"width\":400,\"height\":85,\"caption\":\"ARA | Asociaci\u00f3n de Restaurantes Alicante\"},\"image\":{\"@id\":\"https:\\\/\\\/www.araalicante.com\\\/#\\\/schema\\\/logo\\\/image\\\/\"},\"sameAs\":[\"https:\\\/\\\/www.facebook.com\\\/Ararestaurantesalicante\",\"https:\\\/\\\/www.instagram.com\\\/ararestaurantesalicante\\\/\"]},{\"@type\":\"Person\",\"@id\":\"https:\\\/\\\/www.araalicante.com\\\/#\\\/schema\\\/person\\\/066f68dc3db0406c0829af861c17332f\",\"name\":\"Antonio Palomera\",\"image\":{\"@type\":\"ImageObject\",\"inLanguage\":\"en-GB\",\"@id\":\"https:\\\/\\\/secure.gravatar.com\\\/avatar\\\/a8378756bb866d8a91ea5808ee291ef099888cc76273b42162b3ab961b9da5df?s=96&d=mm&r=g\",\"url\":\"https:\\\/\\\/secure.gravatar.com\\\/avatar\\\/a8378756bb866d8a91ea5808ee291ef099888cc76273b42162b3ab961b9da5df?s=96&d=mm&r=g\",\"contentUrl\":\"https:\\\/\\\/secure.gravatar.com\\\/avatar\\\/a8378756bb866d8a91ea5808ee291ef099888cc76273b42162b3ab961b9da5df?s=96&d=mm&r=g\",\"caption\":\"Antonio Palomera\"},\"url\":\"https:\\\/\\\/www.araalicante.com\\\/en\\\/author\\\/antonio\\\/\"}]}<\/script>\n<!-- \/ Yoast SEO plugin. -->","yoast_head_json":{"title":"La hosteler\u00eda, el coraz\u00f3n de la econom\u00eda en el 22 Congreso Horeca de AECOC - ARA | Asociaci\u00f3n de Restaurantes Alicante","robots":{"index":"index","follow":"follow","max-snippet":"max-snippet:-1","max-image-preview":"max-image-preview:large","max-video-preview":"max-video-preview:-1"},"canonical":"https:\/\/www.araalicante.com\/en\/la-hosteleria-el-corazon-de-la-economia-en-el-22-congreso-horeca-de-aecoc\/","og_locale":"en_GB","og_type":"article","og_title":"La hosteler\u00eda, el coraz\u00f3n de la econom\u00eda en el 22 Congreso Horeca de AECOC - ARA | Asociaci\u00f3n de Restaurantes Alicante","og_description":"El 22 Congreso Horeca de AECOC ha sido un a\u00f1o m\u00e1s el [\u2026]","og_url":"https:\/\/www.araalicante.com\/en\/la-hosteleria-el-corazon-de-la-economia-en-el-22-congreso-horeca-de-aecoc\/","og_site_name":"ARA | Asociaci\u00f3n de Restaurantes Alicante","article_publisher":"https:\/\/www.facebook.com\/Ararestaurantesalicante","article_published_time":"2025-06-06T13:09:19+00:00","og_image":[{"url":"https:\/\/www.hosteleriadigital.es\/wp-content\/uploads\/2025\/06\/aecoc2-640x383.jpg","type":"","width":"","height":""}],"author":"Antonio Palomera","twitter_card":"summary_large_image","twitter_misc":{"Written by":"Antonio Palomera","Estimated reading time":"3 minutes"},"schema":{"@context":"https:\/\/schema.org","@graph":[{"@type":"Article","@id":"https:\/\/www.araalicante.com\/la-hosteleria-el-corazon-de-la-economia-en-el-22-congreso-horeca-de-aecoc\/#article","isPartOf":{"@id":"https:\/\/www.araalicante.com\/la-hosteleria-el-corazon-de-la-economia-en-el-22-congreso-horeca-de-aecoc\/"},"author":{"name":"Antonio Palomera","@id":"https:\/\/www.araalicante.com\/#\/schema\/person\/066f68dc3db0406c0829af861c17332f"},"headline":"La hosteler\u00eda, el coraz\u00f3n de la econom\u00eda en el 22 Congreso Horeca de AECOC","datePublished":"2025-06-06T13:09:19+00:00","mainEntityOfPage":{"@id":"https:\/\/www.araalicante.com\/la-hosteleria-el-corazon-de-la-economia-en-el-22-congreso-horeca-de-aecoc\/"},"wordCount":523,"publisher":{"@id":"https:\/\/www.araalicante.com\/#organization"},"image":{"@id":"https:\/\/www.araalicante.com\/la-hosteleria-el-corazon-de-la-economia-en-el-22-congreso-horeca-de-aecoc\/#primaryimage"},"thumbnailUrl":"https:\/\/www.hosteleriadigital.es\/wp-content\/uploads\/2025\/06\/aecoc2-640x383.jpg","articleSection":["Noticias externas"],"inLanguage":"en-GB"},{"@type":"WebPage","@id":"https:\/\/www.araalicante.com\/la-hosteleria-el-corazon-de-la-economia-en-el-22-congreso-horeca-de-aecoc\/","url":"https:\/\/www.araalicante.com\/la-hosteleria-el-corazon-de-la-economia-en-el-22-congreso-horeca-de-aecoc\/","name":"La hosteler\u00eda, el coraz\u00f3n de la econom\u00eda en el 22 Congreso Horeca de AECOC - ARA | Asociaci\u00f3n de Restaurantes Alicante","isPartOf":{"@id":"https:\/\/www.araalicante.com\/#website"},"primaryImageOfPage":{"@id":"https:\/\/www.araalicante.com\/la-hosteleria-el-corazon-de-la-economia-en-el-22-congreso-horeca-de-aecoc\/#primaryimage"},"image":{"@id":"https:\/\/www.araalicante.com\/la-hosteleria-el-corazon-de-la-economia-en-el-22-congreso-horeca-de-aecoc\/#primaryimage"},"thumbnailUrl":"https:\/\/www.hosteleriadigital.es\/wp-content\/uploads\/2025\/06\/aecoc2-640x383.jpg","datePublished":"2025-06-06T13:09:19+00:00","breadcrumb":{"@id":"https:\/\/www.araalicante.com\/la-hosteleria-el-corazon-de-la-economia-en-el-22-congreso-horeca-de-aecoc\/#breadcrumb"},"inLanguage":"en-GB","potentialAction":[{"@type":"ReadAction","target":["https:\/\/www.araalicante.com\/la-hosteleria-el-corazon-de-la-economia-en-el-22-congreso-horeca-de-aecoc\/"]}]},{"@type":"ImageObject","inLanguage":"en-GB","@id":"https:\/\/www.araalicante.com\/la-hosteleria-el-corazon-de-la-economia-en-el-22-congreso-horeca-de-aecoc\/#primaryimage","url":"https:\/\/www.hosteleriadigital.es\/wp-content\/uploads\/2025\/06\/aecoc2-640x383.jpg","contentUrl":"https:\/\/www.hosteleriadigital.es\/wp-content\/uploads\/2025\/06\/aecoc2-640x383.jpg"},{"@type":"BreadcrumbList","@id":"https:\/\/www.araalicante.com\/la-hosteleria-el-corazon-de-la-economia-en-el-22-congreso-horeca-de-aecoc\/#breadcrumb","itemListElement":[{"@type":"ListItem","position":1,"name":"Portada","item":"https:\/\/www.araalicante.com\/"},{"@type":"ListItem","position":2,"name":"La hosteler\u00eda, el coraz\u00f3n de la econom\u00eda en el 22 Congreso Horeca de AECOC"}]},{"@type":"WebSite","@id":"https:\/\/www.araalicante.com\/#website","url":"https:\/\/www.araalicante.com\/","name":"ARA | Asociaci\u00f3n de Restaurantes Alicante","description":"Producto local, restauraci\u00f3n de calidad en Alicante y su provincia","publisher":{"@id":"https:\/\/www.araalicante.com\/#organization"},"potentialAction":[{"@type":"SearchAction","target":{"@type":"EntryPoint","urlTemplate":"https:\/\/www.araalicante.com\/?s={search_term_string}"},"query-input":{"@type":"PropertyValueSpecification","valueRequired":true,"valueName":"search_term_string"}}],"inLanguage":"en-GB"},{"@type":"Organization","@id":"https:\/\/www.araalicante.com\/#organization","name":"ARA | Asociaci\u00f3n de Restaurantes Alicante","url":"https:\/\/www.araalicante.com\/","logo":{"@type":"ImageObject","inLanguage":"en-GB","@id":"https:\/\/www.araalicante.com\/#\/schema\/logo\/image\/","url":"https:\/\/www.araalicante.com\/wp-content\/uploads\/2023\/09\/logoara.png","contentUrl":"https:\/\/www.araalicante.com\/wp-content\/uploads\/2023\/09\/logoara.png","width":400,"height":85,"caption":"ARA | Asociaci\u00f3n de Restaurantes Alicante"},"image":{"@id":"https:\/\/www.araalicante.com\/#\/schema\/logo\/image\/"},"sameAs":["https:\/\/www.facebook.com\/Ararestaurantesalicante","https:\/\/www.instagram.com\/ararestaurantesalicante\/"]},{"@type":"Person","@id":"https:\/\/www.araalicante.com\/#\/schema\/person\/066f68dc3db0406c0829af861c17332f","name":"Antonio Palomera","image":{"@type":"ImageObject","inLanguage":"en-GB","@id":"https:\/\/secure.gravatar.com\/avatar\/a8378756bb866d8a91ea5808ee291ef099888cc76273b42162b3ab961b9da5df?s=96&d=mm&r=g","url":"https:\/\/secure.gravatar.com\/avatar\/a8378756bb866d8a91ea5808ee291ef099888cc76273b42162b3ab961b9da5df?s=96&d=mm&r=g","contentUrl":"https:\/\/secure.gravatar.com\/avatar\/a8378756bb866d8a91ea5808ee291ef099888cc76273b42162b3ab961b9da5df?s=96&d=mm&r=g","caption":"Antonio Palomera"},"url":"https:\/\/www.araalicante.com\/en\/author\/antonio\/"}]}},"_links":{"self":[{"href":"https:\/\/www.araalicante.com\/en\/wp-json\/wp\/v2\/posts\/4842","targetHints":{"allow":["GET"]}}],"collection":[{"href":"https:\/\/www.araalicante.com\/en\/wp-json\/wp\/v2\/posts"}],"about":[{"href":"https:\/\/www.araalicante.com\/en\/wp-json\/wp\/v2\/types\/post"}],"author":[{"embeddable":true,"href":"https:\/\/www.araalicante.com\/en\/wp-json\/wp\/v2\/users\/17"}],"replies":[{"embeddable":true,"href":"https:\/\/www.araalicante.com\/en\/wp-json\/wp\/v2\/comments?post=4842"}],"version-history":[{"count":0,"href":"https:\/\/www.araalicante.com\/en\/wp-json\/wp\/v2\/posts\/4842\/revisions"}],"wp:attachment":[{"href":"https:\/\/www.araalicante.com\/en\/wp-json\/wp\/v2\/media?parent=4842"}],"wp:term":[{"taxonomy":"category","embeddable":true,"href":"https:\/\/www.araalicante.com\/en\/wp-json\/wp\/v2\/categories?post=4842"},{"taxonomy":"post_tag","embeddable":true,"href":"https:\/\/www.araalicante.com\/en\/wp-json\/wp\/v2\/tags?post=4842"}],"curies":[{"name":"wp","href":"https:\/\/api.w.org\/{rel}","templated":true}]}}