{"id":4841,"date":"2025-06-06T13:28:13","date_gmt":"2025-06-06T11:28:13","guid":{"rendered":"https:\/\/www.araalicante.com\/alicante-y-su-capitalidad-espanola-de-la-gastronomia-ponen-sabor-al-22o-congreso-horeca-de-aecoc\/"},"modified":"2025-06-06T13:28:13","modified_gmt":"2025-06-06T11:28:13","slug":"alicante-y-su-capitalidad-espanola-de-la-gastronomia-ponen-sabor-al-22o-congreso-horeca-de-aecoc","status":"publish","type":"post","link":"https:\/\/www.araalicante.com\/en\/alicante-y-su-capitalidad-espanola-de-la-gastronomia-ponen-sabor-al-22o-congreso-horeca-de-aecoc\/","title":{"rendered":"Alicante y su Capitalidad Espa\u00f1ola de la Gastronom\u00eda ponen sabor al 22\u00ba Congreso Horeca de AECOC"},"content":{"rendered":"<div>\n<div class=\"td-featured-image-rec\">\n<div class=\"td-post-featured-image\"><a href=\"https:\/\/www.hosteleriadigital.es\/wp-content\/uploads\/2025\/06\/cegaceoc2.jpg\" data-caption=\"\"><img loading=\"lazy\" decoding=\"async\" width=\"300\" height=\"350\" class=\"entry-thumb td-modal-image\" src=\"https:\/\/www.hosteleriadigital.es\/wp-content\/uploads\/2025\/06\/cegaceoc2-300x350.jpg\" alt=\"\" title=\"cegaceoc2\"\/><\/a><\/div>\n<\/div>\n<p>El Espacio Kin\u00e9polis de Pozuelo de Alarc\u00f3n ha acogido el 22\u00ba Congreso Horeca de AECOC, uno de los principales puntos de encuentro del sector agroalimentario y hostelero, que ha reunido a cerca de 500 profesionales de toda la cadena de valor.<\/p>\n<p>La hosteler\u00eda ha sido reconocida durante la jornada como un sector estrat\u00e9gico que impulsa la innovaci\u00f3n, genera empleo de calidad y constituye una se\u00f1a de identidad de nuestro estilo de vida. En este contexto, la \u00faltima mesa redonda del Congreso ha estado dedicada a Alicante como Capital Espa\u00f1ola de la Gastronom\u00eda 2025, y ha contado con la participaci\u00f3n de destacadas figuras del \u00e1mbito culinario e institucional:<\/p>\n<p>\u00b7 Susi D\u00edaz, chef del restaurante La Finca (Elche), con una estrella Michelin. Reconocida por su fusi\u00f3n entre tradici\u00f3n mediterr\u00e1nea e innovaci\u00f3n, es tambi\u00e9n miembro del jurado de Top Chef y embajadora de la gastronom\u00eda alicantina.<\/p>\n<p>\u00b7 Mar\u00eda del Mar Valera, presidenta de APEHA y propietaria del restaurante Mar Azul (Isla de Tabarca), ha compartido su visi\u00f3n sobre el fortalecimiento del sector hostelero y su apuesta por el desarrollo tur\u00edstico sostenible.<\/p>\n<p>\u00b7 Marian Cano Garc\u00eda, consellera de Innovaci\u00f3n, Industria, Comercio y Turismo de la Generalitat Valenciana, ha destacado las pol\u00edticas p\u00fablicas para potenciar la competitividad e innovaci\u00f3n del tejido empresarial vinculado a la hosteler\u00eda y el turismo.<\/p>\n<p><img fetchpriority=\"high\" decoding=\"async\" class=\"alignnone wp-image-32329 size-full lazyload\" src=\"https:\/\/www.hosteleriadigital.es\/wp-content\/uploads\/2025\/06\/cegaecoc1.jpg\" alt=\"\" width=\"700\" height=\"515\"\/><noscript><img loading=\"lazy\" decoding=\"async\" class=\"alignnone wp-image-32329 size-full lazyload\" src=\"https:\/\/www.hosteleriadigital.es\/wp-content\/uploads\/2025\/06\/cegaecoc1.jpg\" alt=\"\" width=\"700\" height=\"515\" srcset=\"https:\/\/www.hosteleriadigital.es\/wp-content\/uploads\/2025\/06\/cegaecoc1.jpg 700w, https:\/\/www.hosteleriadigital.es\/wp-content\/uploads\/2025\/06\/cegaecoc1-300x221.jpg 300w, https:\/\/www.hosteleriadigital.es\/wp-content\/uploads\/2025\/06\/cegaecoc1-150x110.jpg 150w, https:\/\/www.hosteleriadigital.es\/wp-content\/uploads\/2025\/06\/cegaecoc1-571x420.jpg 571w, https:\/\/www.hosteleriadigital.es\/wp-content\/uploads\/2025\/06\/cegaecoc1-80x60.jpg 80w, https:\/\/www.hosteleriadigital.es\/wp-content\/uploads\/2025\/06\/cegaecoc1-100x75.jpg 100w, https:\/\/www.hosteleriadigital.es\/wp-content\/uploads\/2025\/06\/cegaecoc1-640x471.jpg 640w, https:\/\/www.hosteleriadigital.es\/wp-content\/uploads\/2025\/06\/cegaecoc1-681x501.jpg 681w\" sizes=\"auto, (max-width: 700px) 100vw, 700px\"\/><\/noscript><\/p>\n<p>La jornada concluy\u00f3 con una Cena Experiencial para congresistas y ponentes, en la que la Asociaci\u00f3n Provincial de Empresarios de Hosteler\u00eda de Alicante (APEHA), miembro de CONHOSTUR, con la colaboraci\u00f3n de Turismo Comunitat Valenciana \u2013 L\u2019Exquisit Mediterrani, han ofrecido una degustaci\u00f3n de algunos de los mejores arroces alicantinos, elaborados por cuatro chefs venidos especialmente desde Alicante:<\/p>\n<p>\u00b7 \u00d3scar Cerd\u00e1 Gim\u00e9nez (Gastrobar Jorge): Arroz del se\u00f1oret<\/p>\n<p>\u00b7 Ram\u00f3n Riquelme (Casa Riquelme): Arroz de conejo y caracoles<\/p>\n<p>\u00b7 Fernando Nieto Grimaldi (Taberna La Vendimia): Arroz con secreto ib\u00e9rico y setas<\/p>\n<p>\u00b7 Jes\u00fas Manuel Ardite Pomata (Restaurante Sorell): Arroz vegano y Arroz con at\u00fan, sepia, alcachofas y ajos tiernos<\/p>\n<p>La cena cont\u00f3\u00a0 con la presencia la Consellera de Innovaci\u00f3n, Industria, Comercio y Turismo de la Generalitat Valenciana, Marian Cano, la Concejal de Comercio y Hosteler\u00eda del Ayuntamiento de Alicante, Lidia L\u00f3pez, el presidente de Hosteler\u00eda de Espa\u00f1a Jos\u00e9 Luis \u00c1lvarez, su secretario general Emilio Gallego, y representantes de las asociaciones integradas en la organizaci\u00f3n nacional.<\/p>\n<p>El Congreso Horeca de AECOC vuelve a consolidarse como un espacio de referencia para el di\u00e1logo, la inspiraci\u00f3n y la puesta en valor del papel esencial de la hosteler\u00eda en la econom\u00eda y la sociedad espa\u00f1olas.<\/p>\n<p>\u00a0<\/p>\n<\/div>\n<p><a href=\"https:\/\/www.hosteleriadigital.es\/2025\/06\/06\/alicante-y-su-capitalidad-espanola-de-la-gastronomia-ponen-sabor-al-22o-congreso-horeca-de-aecoc\/\">source<\/a><\/p>","protected":false},"excerpt":{"rendered":"<p>El Espacio Kin\u00e9polis de Pozuelo de Alarc\u00f3n ha acogido el 22\u00ba Congreso<span class=\"excerpt-hellip\"> [\u2026]<\/span><\/p>\n","protected":false},"author":17,"featured_media":0,"comment_status":"","ping_status":"","sticky":false,"template":"","format":"standard","meta":{"footnotes":""},"categories":[1],"tags":[],"class_list":["post-4841","post","type-post","status-publish","format-standard","hentry","category-noticias-externas"],"yoast_head":"<!-- This site is optimized with the Yoast SEO plugin v27.4 - https:\/\/yoast.com\/product\/yoast-seo-wordpress\/ -->\n<title>Alicante y su Capitalidad Espa\u00f1ola de la Gastronom\u00eda ponen sabor al 22\u00ba Congreso Horeca de AECOC - ARA | Asociaci\u00f3n de Restaurantes Alicante<\/title>\n<meta name=\"robots\" content=\"index, follow, max-snippet:-1, max-image-preview:large, max-video-preview:-1\" \/>\n<link rel=\"canonical\" href=\"https:\/\/www.araalicante.com\/en\/alicante-y-su-capitalidad-espanola-de-la-gastronomia-ponen-sabor-al-22o-congreso-horeca-de-aecoc\/\" \/>\n<meta property=\"og:locale\" content=\"en_GB\" \/>\n<meta property=\"og:type\" content=\"article\" \/>\n<meta property=\"og:title\" content=\"Alicante y su Capitalidad Espa\u00f1ola de la Gastronom\u00eda ponen sabor al 22\u00ba Congreso Horeca de AECOC - ARA | Asociaci\u00f3n de Restaurantes Alicante\" \/>\n<meta property=\"og:description\" content=\"El Espacio Kin\u00e9polis de Pozuelo de Alarc\u00f3n ha acogido el 22\u00ba Congreso [\u2026]\" \/>\n<meta property=\"og:url\" content=\"https:\/\/www.araalicante.com\/en\/alicante-y-su-capitalidad-espanola-de-la-gastronomia-ponen-sabor-al-22o-congreso-horeca-de-aecoc\/\" \/>\n<meta property=\"og:site_name\" content=\"ARA | Asociaci\u00f3n de Restaurantes Alicante\" \/>\n<meta property=\"article:publisher\" content=\"https:\/\/www.facebook.com\/Ararestaurantesalicante\" \/>\n<meta property=\"article:published_time\" content=\"2025-06-06T11:28:13+00:00\" \/>\n<meta property=\"og:image\" content=\"https:\/\/www.hosteleriadigital.es\/wp-content\/uploads\/2025\/06\/cegaceoc2-300x350.jpg\" \/>\n<meta name=\"author\" content=\"Antonio Palomera\" \/>\n<meta name=\"twitter:card\" content=\"summary_large_image\" \/>\n<meta name=\"twitter:label1\" content=\"Written by\" \/>\n\t<meta name=\"twitter:data1\" content=\"Antonio Palomera\" \/>\n\t<meta name=\"twitter:label2\" content=\"Estimated reading time\" \/>\n\t<meta name=\"twitter:data2\" content=\"2 minutes\" \/>\n<script type=\"application\/ld+json\" class=\"yoast-schema-graph\">{\"@context\":\"https:\\\/\\\/schema.org\",\"@graph\":[{\"@type\":\"Article\",\"@id\":\"https:\\\/\\\/www.araalicante.com\\\/alicante-y-su-capitalidad-espanola-de-la-gastronomia-ponen-sabor-al-22o-congreso-horeca-de-aecoc\\\/#article\",\"isPartOf\":{\"@id\":\"https:\\\/\\\/www.araalicante.com\\\/alicante-y-su-capitalidad-espanola-de-la-gastronomia-ponen-sabor-al-22o-congreso-horeca-de-aecoc\\\/\"},\"author\":{\"name\":\"Antonio Palomera\",\"@id\":\"https:\\\/\\\/www.araalicante.com\\\/#\\\/schema\\\/person\\\/066f68dc3db0406c0829af861c17332f\"},\"headline\":\"Alicante y su Capitalidad Espa\u00f1ola de la Gastronom\u00eda ponen sabor al 22\u00ba Congreso Horeca de AECOC\",\"datePublished\":\"2025-06-06T11:28:13+00:00\",\"mainEntityOfPage\":{\"@id\":\"https:\\\/\\\/www.araalicante.com\\\/alicante-y-su-capitalidad-espanola-de-la-gastronomia-ponen-sabor-al-22o-congreso-horeca-de-aecoc\\\/\"},\"wordCount\":466,\"publisher\":{\"@id\":\"https:\\\/\\\/www.araalicante.com\\\/#organization\"},\"image\":{\"@id\":\"https:\\\/\\\/www.araalicante.com\\\/alicante-y-su-capitalidad-espanola-de-la-gastronomia-ponen-sabor-al-22o-congreso-horeca-de-aecoc\\\/#primaryimage\"},\"thumbnailUrl\":\"https:\\\/\\\/www.hosteleriadigital.es\\\/wp-content\\\/uploads\\\/2025\\\/06\\\/cegaceoc2-300x350.jpg\",\"articleSection\":[\"Noticias externas\"],\"inLanguage\":\"en-GB\"},{\"@type\":\"WebPage\",\"@id\":\"https:\\\/\\\/www.araalicante.com\\\/alicante-y-su-capitalidad-espanola-de-la-gastronomia-ponen-sabor-al-22o-congreso-horeca-de-aecoc\\\/\",\"url\":\"https:\\\/\\\/www.araalicante.com\\\/alicante-y-su-capitalidad-espanola-de-la-gastronomia-ponen-sabor-al-22o-congreso-horeca-de-aecoc\\\/\",\"name\":\"Alicante y su Capitalidad Espa\u00f1ola de la Gastronom\u00eda ponen sabor al 22\u00ba Congreso Horeca de AECOC - ARA | Asociaci\u00f3n de Restaurantes Alicante\",\"isPartOf\":{\"@id\":\"https:\\\/\\\/www.araalicante.com\\\/#website\"},\"primaryImageOfPage\":{\"@id\":\"https:\\\/\\\/www.araalicante.com\\\/alicante-y-su-capitalidad-espanola-de-la-gastronomia-ponen-sabor-al-22o-congreso-horeca-de-aecoc\\\/#primaryimage\"},\"image\":{\"@id\":\"https:\\\/\\\/www.araalicante.com\\\/alicante-y-su-capitalidad-espanola-de-la-gastronomia-ponen-sabor-al-22o-congreso-horeca-de-aecoc\\\/#primaryimage\"},\"thumbnailUrl\":\"https:\\\/\\\/www.hosteleriadigital.es\\\/wp-content\\\/uploads\\\/2025\\\/06\\\/cegaceoc2-300x350.jpg\",\"datePublished\":\"2025-06-06T11:28:13+00:00\",\"breadcrumb\":{\"@id\":\"https:\\\/\\\/www.araalicante.com\\\/alicante-y-su-capitalidad-espanola-de-la-gastronomia-ponen-sabor-al-22o-congreso-horeca-de-aecoc\\\/#breadcrumb\"},\"inLanguage\":\"en-GB\",\"potentialAction\":[{\"@type\":\"ReadAction\",\"target\":[\"https:\\\/\\\/www.araalicante.com\\\/alicante-y-su-capitalidad-espanola-de-la-gastronomia-ponen-sabor-al-22o-congreso-horeca-de-aecoc\\\/\"]}]},{\"@type\":\"ImageObject\",\"inLanguage\":\"en-GB\",\"@id\":\"https:\\\/\\\/www.araalicante.com\\\/alicante-y-su-capitalidad-espanola-de-la-gastronomia-ponen-sabor-al-22o-congreso-horeca-de-aecoc\\\/#primaryimage\",\"url\":\"https:\\\/\\\/www.hosteleriadigital.es\\\/wp-content\\\/uploads\\\/2025\\\/06\\\/cegaceoc2-300x350.jpg\",\"contentUrl\":\"https:\\\/\\\/www.hosteleriadigital.es\\\/wp-content\\\/uploads\\\/2025\\\/06\\\/cegaceoc2-300x350.jpg\"},{\"@type\":\"BreadcrumbList\",\"@id\":\"https:\\\/\\\/www.araalicante.com\\\/alicante-y-su-capitalidad-espanola-de-la-gastronomia-ponen-sabor-al-22o-congreso-horeca-de-aecoc\\\/#breadcrumb\",\"itemListElement\":[{\"@type\":\"ListItem\",\"position\":1,\"name\":\"Portada\",\"item\":\"https:\\\/\\\/www.araalicante.com\\\/\"},{\"@type\":\"ListItem\",\"position\":2,\"name\":\"Alicante y su Capitalidad Espa\u00f1ola de la Gastronom\u00eda ponen sabor al 22\u00ba Congreso Horeca de AECOC\"}]},{\"@type\":\"WebSite\",\"@id\":\"https:\\\/\\\/www.araalicante.com\\\/#website\",\"url\":\"https:\\\/\\\/www.araalicante.com\\\/\",\"name\":\"ARA | Asociaci\u00f3n de Restaurantes Alicante\",\"description\":\"Producto local, restauraci\u00f3n de calidad en Alicante y su provincia\",\"publisher\":{\"@id\":\"https:\\\/\\\/www.araalicante.com\\\/#organization\"},\"potentialAction\":[{\"@type\":\"SearchAction\",\"target\":{\"@type\":\"EntryPoint\",\"urlTemplate\":\"https:\\\/\\\/www.araalicante.com\\\/?s={search_term_string}\"},\"query-input\":{\"@type\":\"PropertyValueSpecification\",\"valueRequired\":true,\"valueName\":\"search_term_string\"}}],\"inLanguage\":\"en-GB\"},{\"@type\":\"Organization\",\"@id\":\"https:\\\/\\\/www.araalicante.com\\\/#organization\",\"name\":\"ARA | Asociaci\u00f3n de Restaurantes Alicante\",\"url\":\"https:\\\/\\\/www.araalicante.com\\\/\",\"logo\":{\"@type\":\"ImageObject\",\"inLanguage\":\"en-GB\",\"@id\":\"https:\\\/\\\/www.araalicante.com\\\/#\\\/schema\\\/logo\\\/image\\\/\",\"url\":\"https:\\\/\\\/www.araalicante.com\\\/wp-content\\\/uploads\\\/2023\\\/09\\\/logoara.png\",\"contentUrl\":\"https:\\\/\\\/www.araalicante.com\\\/wp-content\\\/uploads\\\/2023\\\/09\\\/logoara.png\",\"width\":400,\"height\":85,\"caption\":\"ARA | Asociaci\u00f3n de Restaurantes Alicante\"},\"image\":{\"@id\":\"https:\\\/\\\/www.araalicante.com\\\/#\\\/schema\\\/logo\\\/image\\\/\"},\"sameAs\":[\"https:\\\/\\\/www.facebook.com\\\/Ararestaurantesalicante\",\"https:\\\/\\\/www.instagram.com\\\/ararestaurantesalicante\\\/\"]},{\"@type\":\"Person\",\"@id\":\"https:\\\/\\\/www.araalicante.com\\\/#\\\/schema\\\/person\\\/066f68dc3db0406c0829af861c17332f\",\"name\":\"Antonio Palomera\",\"image\":{\"@type\":\"ImageObject\",\"inLanguage\":\"en-GB\",\"@id\":\"https:\\\/\\\/secure.gravatar.com\\\/avatar\\\/a8378756bb866d8a91ea5808ee291ef099888cc76273b42162b3ab961b9da5df?s=96&d=mm&r=g\",\"url\":\"https:\\\/\\\/secure.gravatar.com\\\/avatar\\\/a8378756bb866d8a91ea5808ee291ef099888cc76273b42162b3ab961b9da5df?s=96&d=mm&r=g\",\"contentUrl\":\"https:\\\/\\\/secure.gravatar.com\\\/avatar\\\/a8378756bb866d8a91ea5808ee291ef099888cc76273b42162b3ab961b9da5df?s=96&d=mm&r=g\",\"caption\":\"Antonio Palomera\"},\"url\":\"https:\\\/\\\/www.araalicante.com\\\/en\\\/author\\\/antonio\\\/\"}]}<\/script>\n<!-- \/ Yoast SEO plugin. -->","yoast_head_json":{"title":"Alicante y su Capitalidad Espa\u00f1ola de la Gastronom\u00eda ponen sabor al 22\u00ba Congreso Horeca de AECOC - ARA | Asociaci\u00f3n de Restaurantes Alicante","robots":{"index":"index","follow":"follow","max-snippet":"max-snippet:-1","max-image-preview":"max-image-preview:large","max-video-preview":"max-video-preview:-1"},"canonical":"https:\/\/www.araalicante.com\/en\/alicante-y-su-capitalidad-espanola-de-la-gastronomia-ponen-sabor-al-22o-congreso-horeca-de-aecoc\/","og_locale":"en_GB","og_type":"article","og_title":"Alicante y su Capitalidad Espa\u00f1ola de la Gastronom\u00eda ponen sabor al 22\u00ba Congreso Horeca de AECOC - ARA | Asociaci\u00f3n de Restaurantes Alicante","og_description":"El Espacio Kin\u00e9polis de Pozuelo de Alarc\u00f3n ha acogido el 22\u00ba Congreso [\u2026]","og_url":"https:\/\/www.araalicante.com\/en\/alicante-y-su-capitalidad-espanola-de-la-gastronomia-ponen-sabor-al-22o-congreso-horeca-de-aecoc\/","og_site_name":"ARA | Asociaci\u00f3n de Restaurantes Alicante","article_publisher":"https:\/\/www.facebook.com\/Ararestaurantesalicante","article_published_time":"2025-06-06T11:28:13+00:00","og_image":[{"url":"https:\/\/www.hosteleriadigital.es\/wp-content\/uploads\/2025\/06\/cegaceoc2-300x350.jpg","type":"","width":"","height":""}],"author":"Antonio Palomera","twitter_card":"summary_large_image","twitter_misc":{"Written by":"Antonio Palomera","Estimated reading time":"2 minutes"},"schema":{"@context":"https:\/\/schema.org","@graph":[{"@type":"Article","@id":"https:\/\/www.araalicante.com\/alicante-y-su-capitalidad-espanola-de-la-gastronomia-ponen-sabor-al-22o-congreso-horeca-de-aecoc\/#article","isPartOf":{"@id":"https:\/\/www.araalicante.com\/alicante-y-su-capitalidad-espanola-de-la-gastronomia-ponen-sabor-al-22o-congreso-horeca-de-aecoc\/"},"author":{"name":"Antonio Palomera","@id":"https:\/\/www.araalicante.com\/#\/schema\/person\/066f68dc3db0406c0829af861c17332f"},"headline":"Alicante y su Capitalidad Espa\u00f1ola de la Gastronom\u00eda ponen sabor al 22\u00ba Congreso Horeca de AECOC","datePublished":"2025-06-06T11:28:13+00:00","mainEntityOfPage":{"@id":"https:\/\/www.araalicante.com\/alicante-y-su-capitalidad-espanola-de-la-gastronomia-ponen-sabor-al-22o-congreso-horeca-de-aecoc\/"},"wordCount":466,"publisher":{"@id":"https:\/\/www.araalicante.com\/#organization"},"image":{"@id":"https:\/\/www.araalicante.com\/alicante-y-su-capitalidad-espanola-de-la-gastronomia-ponen-sabor-al-22o-congreso-horeca-de-aecoc\/#primaryimage"},"thumbnailUrl":"https:\/\/www.hosteleriadigital.es\/wp-content\/uploads\/2025\/06\/cegaceoc2-300x350.jpg","articleSection":["Noticias externas"],"inLanguage":"en-GB"},{"@type":"WebPage","@id":"https:\/\/www.araalicante.com\/alicante-y-su-capitalidad-espanola-de-la-gastronomia-ponen-sabor-al-22o-congreso-horeca-de-aecoc\/","url":"https:\/\/www.araalicante.com\/alicante-y-su-capitalidad-espanola-de-la-gastronomia-ponen-sabor-al-22o-congreso-horeca-de-aecoc\/","name":"Alicante y su Capitalidad Espa\u00f1ola de la Gastronom\u00eda ponen sabor al 22\u00ba Congreso Horeca de AECOC - ARA | Asociaci\u00f3n de Restaurantes Alicante","isPartOf":{"@id":"https:\/\/www.araalicante.com\/#website"},"primaryImageOfPage":{"@id":"https:\/\/www.araalicante.com\/alicante-y-su-capitalidad-espanola-de-la-gastronomia-ponen-sabor-al-22o-congreso-horeca-de-aecoc\/#primaryimage"},"image":{"@id":"https:\/\/www.araalicante.com\/alicante-y-su-capitalidad-espanola-de-la-gastronomia-ponen-sabor-al-22o-congreso-horeca-de-aecoc\/#primaryimage"},"thumbnailUrl":"https:\/\/www.hosteleriadigital.es\/wp-content\/uploads\/2025\/06\/cegaceoc2-300x350.jpg","datePublished":"2025-06-06T11:28:13+00:00","breadcrumb":{"@id":"https:\/\/www.araalicante.com\/alicante-y-su-capitalidad-espanola-de-la-gastronomia-ponen-sabor-al-22o-congreso-horeca-de-aecoc\/#breadcrumb"},"inLanguage":"en-GB","potentialAction":[{"@type":"ReadAction","target":["https:\/\/www.araalicante.com\/alicante-y-su-capitalidad-espanola-de-la-gastronomia-ponen-sabor-al-22o-congreso-horeca-de-aecoc\/"]}]},{"@type":"ImageObject","inLanguage":"en-GB","@id":"https:\/\/www.araalicante.com\/alicante-y-su-capitalidad-espanola-de-la-gastronomia-ponen-sabor-al-22o-congreso-horeca-de-aecoc\/#primaryimage","url":"https:\/\/www.hosteleriadigital.es\/wp-content\/uploads\/2025\/06\/cegaceoc2-300x350.jpg","contentUrl":"https:\/\/www.hosteleriadigital.es\/wp-content\/uploads\/2025\/06\/cegaceoc2-300x350.jpg"},{"@type":"BreadcrumbList","@id":"https:\/\/www.araalicante.com\/alicante-y-su-capitalidad-espanola-de-la-gastronomia-ponen-sabor-al-22o-congreso-horeca-de-aecoc\/#breadcrumb","itemListElement":[{"@type":"ListItem","position":1,"name":"Portada","item":"https:\/\/www.araalicante.com\/"},{"@type":"ListItem","position":2,"name":"Alicante y su Capitalidad Espa\u00f1ola de la Gastronom\u00eda ponen sabor al 22\u00ba Congreso Horeca de AECOC"}]},{"@type":"WebSite","@id":"https:\/\/www.araalicante.com\/#website","url":"https:\/\/www.araalicante.com\/","name":"ARA | Asociaci\u00f3n de Restaurantes Alicante","description":"Producto local, restauraci\u00f3n de calidad en Alicante y su provincia","publisher":{"@id":"https:\/\/www.araalicante.com\/#organization"},"potentialAction":[{"@type":"SearchAction","target":{"@type":"EntryPoint","urlTemplate":"https:\/\/www.araalicante.com\/?s={search_term_string}"},"query-input":{"@type":"PropertyValueSpecification","valueRequired":true,"valueName":"search_term_string"}}],"inLanguage":"en-GB"},{"@type":"Organization","@id":"https:\/\/www.araalicante.com\/#organization","name":"ARA | Asociaci\u00f3n de Restaurantes Alicante","url":"https:\/\/www.araalicante.com\/","logo":{"@type":"ImageObject","inLanguage":"en-GB","@id":"https:\/\/www.araalicante.com\/#\/schema\/logo\/image\/","url":"https:\/\/www.araalicante.com\/wp-content\/uploads\/2023\/09\/logoara.png","contentUrl":"https:\/\/www.araalicante.com\/wp-content\/uploads\/2023\/09\/logoara.png","width":400,"height":85,"caption":"ARA | Asociaci\u00f3n de Restaurantes Alicante"},"image":{"@id":"https:\/\/www.araalicante.com\/#\/schema\/logo\/image\/"},"sameAs":["https:\/\/www.facebook.com\/Ararestaurantesalicante","https:\/\/www.instagram.com\/ararestaurantesalicante\/"]},{"@type":"Person","@id":"https:\/\/www.araalicante.com\/#\/schema\/person\/066f68dc3db0406c0829af861c17332f","name":"Antonio Palomera","image":{"@type":"ImageObject","inLanguage":"en-GB","@id":"https:\/\/secure.gravatar.com\/avatar\/a8378756bb866d8a91ea5808ee291ef099888cc76273b42162b3ab961b9da5df?s=96&d=mm&r=g","url":"https:\/\/secure.gravatar.com\/avatar\/a8378756bb866d8a91ea5808ee291ef099888cc76273b42162b3ab961b9da5df?s=96&d=mm&r=g","contentUrl":"https:\/\/secure.gravatar.com\/avatar\/a8378756bb866d8a91ea5808ee291ef099888cc76273b42162b3ab961b9da5df?s=96&d=mm&r=g","caption":"Antonio Palomera"},"url":"https:\/\/www.araalicante.com\/en\/author\/antonio\/"}]}},"_links":{"self":[{"href":"https:\/\/www.araalicante.com\/en\/wp-json\/wp\/v2\/posts\/4841","targetHints":{"allow":["GET"]}}],"collection":[{"href":"https:\/\/www.araalicante.com\/en\/wp-json\/wp\/v2\/posts"}],"about":[{"href":"https:\/\/www.araalicante.com\/en\/wp-json\/wp\/v2\/types\/post"}],"author":[{"embeddable":true,"href":"https:\/\/www.araalicante.com\/en\/wp-json\/wp\/v2\/users\/17"}],"replies":[{"embeddable":true,"href":"https:\/\/www.araalicante.com\/en\/wp-json\/wp\/v2\/comments?post=4841"}],"version-history":[{"count":0,"href":"https:\/\/www.araalicante.com\/en\/wp-json\/wp\/v2\/posts\/4841\/revisions"}],"wp:attachment":[{"href":"https:\/\/www.araalicante.com\/en\/wp-json\/wp\/v2\/media?parent=4841"}],"wp:term":[{"taxonomy":"category","embeddable":true,"href":"https:\/\/www.araalicante.com\/en\/wp-json\/wp\/v2\/categories?post=4841"},{"taxonomy":"post_tag","embeddable":true,"href":"https:\/\/www.araalicante.com\/en\/wp-json\/wp\/v2\/tags?post=4841"}],"curies":[{"name":"wp","href":"https:\/\/api.w.org\/{rel}","templated":true}]}}