{"id":4840,"date":"2025-06-05T17:13:29","date_gmt":"2025-06-05T15:13:29","guid":{"rendered":"https:\/\/www.araalicante.com\/toledo-acoge-los-premios-recicla-la-noche-2025-organizados-por-espana-de-noche\/"},"modified":"2025-06-05T17:13:29","modified_gmt":"2025-06-05T15:13:29","slug":"toledo-acoge-los-premios-recicla-la-noche-2025-organizados-por-espana-de-noche","status":"publish","type":"post","link":"https:\/\/www.araalicante.com\/en\/toledo-acoge-los-premios-recicla-la-noche-2025-organizados-por-espana-de-noche\/","title":{"rendered":"Toledo acoge los Premios Recicla la Noche 2025 organizados por Espa\u00f1a de Noche"},"content":{"rendered":"<div>\n<div><img fetchpriority=\"high\" decoding=\"async\" class=\"aligncenter wp-image-32312 size-full lazyload\" src=\"https:\/\/www.hosteleriadigital.es\/wp-content\/uploads\/2025\/06\/Espana-de-Noche.jpg\" alt=\"\" width=\"620\" height=\"388\"\/><noscript><img loading=\"lazy\" decoding=\"async\" class=\"aligncenter wp-image-32312 size-full lazyload\" src=\"https:\/\/www.hosteleriadigital.es\/wp-content\/uploads\/2025\/06\/Espana-de-Noche.jpg\" alt=\"\" width=\"620\" height=\"388\" srcset=\"https:\/\/www.hosteleriadigital.es\/wp-content\/uploads\/2025\/06\/Espana-de-Noche.jpg 620w, https:\/\/www.hosteleriadigital.es\/wp-content\/uploads\/2025\/06\/Espana-de-Noche-300x188.jpg 300w, https:\/\/www.hosteleriadigital.es\/wp-content\/uploads\/2025\/06\/Espana-de-Noche-150x94.jpg 150w\" sizes=\"auto, (max-width: 620px) 100vw, 620px\"\/><\/noscript><\/div>\n<div>\n<p>Toledo ha sido el escenario de la octava edici\u00f3n de los Premios\u00a0<em>Recicla la Noche<\/em>, los galardones m\u00e1s relevantes convocados por el asociacionismo del sector del ocio y los espect\u00e1culos en Espa\u00f1a. La gala, celebrada este martes 4 de junio en el C\u00edrculo de Arte, ha estado organizada por la Federaci\u00f3n Nacional de Empresarios de Ocio y Espect\u00e1culos (<em>Espa\u00f1a de Noche<\/em>) y Pernod Ricard, en colaboraci\u00f3n con la Asociaci\u00f3n de Hosteler\u00eda y Turismo de Toledo y la Federaci\u00f3n Regional de Empresarios de Hosteler\u00eda y Turismo de Castilla-La Mancha. Entre los miembros de la AHT estuvo en la entrega de premios el presidente de la Asociaci\u00f3n de Hosteler\u00eda y Turismo de Toledo, Tom\u00e1s Palencia.<\/p>\n<\/div>\n<div>\n<p><strong>Reconocimiento al talento y compromiso toledano<\/strong><\/p>\n<p>\u00a0<\/p>\n<\/div>\n<div>\n<p>Entre los galardonados, dos reconocimientos han reca\u00eddo en conocidos negocios de ocio nocturno de Toledo. Uno de ellos ha sido la\u00a0<strong>Discoteca Sithon\u2019s<\/strong>, la m\u00e1s antigua de Castilla-La Mancha y una de las m\u00e1s veteranas de Espa\u00f1a, recibiendo el premio\u00a0<em>Recicla la Noche<\/em>\u00a0por su dilatada trayectoria desde su inauguraci\u00f3n en 1969 y su importante aportaci\u00f3n a la vida social y cultural de la regi\u00f3n. El galard\u00f3n fue entregado por Ram\u00f3n Mas, presidente de\u00a0<em>Espa\u00f1a de Noche<\/em>, y recogido por Antonio Losada, titular del emblem\u00e1tico local junto a Jorge.<\/p>\n<\/div>\n<div>\n<p>Tambi\u00e9n ha sido premiado el\u00a0<strong>Grupo 5 Notas<\/strong>, promotora cultural toledana vinculada a numerosos proyectos de dinamizaci\u00f3n cultural y de ocio en la ciudad con el C\u00edrculo de Arte o Sala P\u00edcaro. El galard\u00f3n reconoce asimismo el papel de V\u00edctor Carrillo como representante del ocio nocturno en la Asociaci\u00f3n de Ocio y Hosteler\u00eda de Toledo, y su labor para consolidar un modelo de ocio responsable.<\/p>\n<\/div>\n<div>\n<p>Adem\u00e1s, el cuadro de honor de esta edici\u00f3n ha reunido a premiados de reconocido prestigio procedentes de distintos puntos del pa\u00eds, como el Congreso Nacional de Hosteler\u00eda del Ocio,\u00a0<strong><em>HostelOcio<\/em><\/strong>, por su impulso al debate profesional en torno a la sostenibilidad y las buenas pr\u00e1cticas en el sector; la <strong>campa\u00f1a\u00a0<em>El Silencio es m\u00fasica para los o\u00eddos de tus vecinos<\/em><\/strong>, liderada por entidades como la Sociedad Espa\u00f1ola de Ac\u00fastica, la CEAV y AEDYP, que ha logrado alcanzar a m\u00e1s de 2,5 millones de personas con su mensaje de convivencia sonora; la Fundaci\u00f3n Alcohol y Sociedad, por su <strong>iniciativa\u00a0<em>Menores ni una gota<\/em><\/strong>, centrada en la protecci\u00f3n del menor frente al consumo de alcohol; Coca-Cola, por su programa\u00a0<strong><em>Hosteler\u00eda por el Clima<\/em>\u00a0<\/strong>a favor de una hosteler\u00eda sostenible; y el <strong>Centro de Producci\u00f3n y Log\u00edstico de Pernod Ricard en Las Labores<\/strong> (Ciudad Real), por sus avances en econom\u00eda circular y sostenibilidad industrial, junto a ellos han sido tambi\u00e9n distinguidos representantes p\u00fablicos y alianzas que promueven un modelo de ocio m\u00e1s inclusivo y respetuoso, como Paula Llobet, concejala del Ayuntamiento de Valencia, por su apoyo a la <strong>campa\u00f1a\u00a0<\/strong><em><strong>Que vivan los novios<\/strong> por respetar Val\u00e8ncia<\/em>; Carmen Zapata, <strong>Comisionada de Noche de Barcelona,<\/strong> por impulsar una figura pionera de mediaci\u00f3n y equilibrio urbano; y la <strong>Gu\u00eda de Buenas Pr\u00e1cticas para la Sostenibilidad en el Ocio<\/strong>, elaborada por la Comunidad de Madrid, Noche Madrid y Pernod Ricard.<\/p>\n<\/div>\n<div>\n<p>Estos premios, de car\u00e1cter itinerante desde su creaci\u00f3n en 2016, recalan este a\u00f1o en la capital regional, que toma as\u00ed el relevo de ciudades como Madrid y Barcelona.<\/p>\n<\/div>\n<div>\n<p>El objetivo de los\u00a0<em>Premios Recicla la Noche<\/em>\u00a0es reconocer las mejores iniciativas y proyectos del \u00e1mbito empresarial, asociativo e institucional orientados a promover un ocio seguro, responsable, sostenible y de calidad.<\/p>\n<\/div>\n<p>La gala ha servido no solo para premiar el trabajo bien hecho, sino tambi\u00e9n para reivindicar la importancia de seguir avanzando hacia un modelo de noche m\u00e1s consciente, seguro y sostenible en toda Espa\u00f1a.<\/p>\n<\/div>\n<p><a href=\"https:\/\/www.hosteleriadigital.es\/2025\/06\/05\/toledo-acoge-los-premios-recicla-la-noche-2025-organizados-por-espana-de-noche\/\">source<\/a><\/p>","protected":false},"excerpt":{"rendered":"<p>Toledo ha sido el escenario de la octava edici\u00f3n de los Premios\u00a0Recicla<span class=\"excerpt-hellip\"> [\u2026]<\/span><\/p>\n","protected":false},"author":17,"featured_media":0,"comment_status":"","ping_status":"","sticky":false,"template":"","format":"standard","meta":{"footnotes":""},"categories":[1],"tags":[],"class_list":["post-4840","post","type-post","status-publish","format-standard","hentry","category-noticias-externas"],"yoast_head":"<!-- This site is optimized with the Yoast SEO plugin v27.4 - https:\/\/yoast.com\/product\/yoast-seo-wordpress\/ -->\n<title>Toledo acoge los Premios Recicla la Noche 2025 organizados por Espa\u00f1a de Noche - ARA | Asociaci\u00f3n de Restaurantes Alicante<\/title>\n<meta name=\"robots\" content=\"index, follow, max-snippet:-1, max-image-preview:large, max-video-preview:-1\" \/>\n<link rel=\"canonical\" href=\"https:\/\/www.araalicante.com\/en\/toledo-acoge-los-premios-recicla-la-noche-2025-organizados-por-espana-de-noche\/\" \/>\n<meta property=\"og:locale\" content=\"en_GB\" \/>\n<meta property=\"og:type\" content=\"article\" \/>\n<meta property=\"og:title\" content=\"Toledo acoge los Premios Recicla la Noche 2025 organizados por Espa\u00f1a de Noche - ARA | Asociaci\u00f3n de Restaurantes Alicante\" \/>\n<meta property=\"og:description\" content=\"Toledo ha sido el escenario de la octava edici\u00f3n de los Premios\u00a0Recicla [\u2026]\" \/>\n<meta property=\"og:url\" content=\"https:\/\/www.araalicante.com\/en\/toledo-acoge-los-premios-recicla-la-noche-2025-organizados-por-espana-de-noche\/\" \/>\n<meta property=\"og:site_name\" content=\"ARA | Asociaci\u00f3n de Restaurantes Alicante\" \/>\n<meta property=\"article:publisher\" content=\"https:\/\/www.facebook.com\/Ararestaurantesalicante\" \/>\n<meta property=\"article:published_time\" content=\"2025-06-05T15:13:29+00:00\" \/>\n<meta property=\"og:image\" content=\"https:\/\/www.araalicante.com\/wp-content\/uploads\/2023\/10\/Sin-titulo-1.png\" \/>\n\t<meta property=\"og:image:width\" content=\"200\" \/>\n\t<meta property=\"og:image:height\" content=\"200\" \/>\n\t<meta property=\"og:image:type\" content=\"image\/png\" \/>\n<meta name=\"author\" content=\"Antonio Palomera\" \/>\n<meta name=\"twitter:card\" content=\"summary_large_image\" \/>\n<meta name=\"twitter:label1\" content=\"Written by\" \/>\n\t<meta name=\"twitter:data1\" content=\"Antonio Palomera\" \/>\n\t<meta name=\"twitter:label2\" content=\"Estimated reading time\" \/>\n\t<meta name=\"twitter:data2\" content=\"3 minutes\" \/>\n<script type=\"application\/ld+json\" class=\"yoast-schema-graph\">{\"@context\":\"https:\\\/\\\/schema.org\",\"@graph\":[{\"@type\":\"Article\",\"@id\":\"https:\\\/\\\/www.araalicante.com\\\/toledo-acoge-los-premios-recicla-la-noche-2025-organizados-por-espana-de-noche\\\/#article\",\"isPartOf\":{\"@id\":\"https:\\\/\\\/www.araalicante.com\\\/toledo-acoge-los-premios-recicla-la-noche-2025-organizados-por-espana-de-noche\\\/\"},\"author\":{\"name\":\"Antonio Palomera\",\"@id\":\"https:\\\/\\\/www.araalicante.com\\\/#\\\/schema\\\/person\\\/066f68dc3db0406c0829af861c17332f\"},\"headline\":\"Toledo acoge los Premios Recicla la Noche 2025 organizados por Espa\u00f1a de Noche\",\"datePublished\":\"2025-06-05T15:13:29+00:00\",\"mainEntityOfPage\":{\"@id\":\"https:\\\/\\\/www.araalicante.com\\\/toledo-acoge-los-premios-recicla-la-noche-2025-organizados-por-espana-de-noche\\\/\"},\"wordCount\":677,\"publisher\":{\"@id\":\"https:\\\/\\\/www.araalicante.com\\\/#organization\"},\"image\":{\"@id\":\"https:\\\/\\\/www.araalicante.com\\\/toledo-acoge-los-premios-recicla-la-noche-2025-organizados-por-espana-de-noche\\\/#primaryimage\"},\"thumbnailUrl\":\"https:\\\/\\\/www.hosteleriadigital.es\\\/wp-content\\\/uploads\\\/2025\\\/06\\\/Espana-de-Noche.jpg\",\"articleSection\":[\"Noticias externas\"],\"inLanguage\":\"en-GB\"},{\"@type\":\"WebPage\",\"@id\":\"https:\\\/\\\/www.araalicante.com\\\/toledo-acoge-los-premios-recicla-la-noche-2025-organizados-por-espana-de-noche\\\/\",\"url\":\"https:\\\/\\\/www.araalicante.com\\\/toledo-acoge-los-premios-recicla-la-noche-2025-organizados-por-espana-de-noche\\\/\",\"name\":\"Toledo acoge los Premios Recicla la Noche 2025 organizados por Espa\u00f1a de Noche - ARA | Asociaci\u00f3n de Restaurantes Alicante\",\"isPartOf\":{\"@id\":\"https:\\\/\\\/www.araalicante.com\\\/#website\"},\"primaryImageOfPage\":{\"@id\":\"https:\\\/\\\/www.araalicante.com\\\/toledo-acoge-los-premios-recicla-la-noche-2025-organizados-por-espana-de-noche\\\/#primaryimage\"},\"image\":{\"@id\":\"https:\\\/\\\/www.araalicante.com\\\/toledo-acoge-los-premios-recicla-la-noche-2025-organizados-por-espana-de-noche\\\/#primaryimage\"},\"thumbnailUrl\":\"https:\\\/\\\/www.hosteleriadigital.es\\\/wp-content\\\/uploads\\\/2025\\\/06\\\/Espana-de-Noche.jpg\",\"datePublished\":\"2025-06-05T15:13:29+00:00\",\"breadcrumb\":{\"@id\":\"https:\\\/\\\/www.araalicante.com\\\/toledo-acoge-los-premios-recicla-la-noche-2025-organizados-por-espana-de-noche\\\/#breadcrumb\"},\"inLanguage\":\"en-GB\",\"potentialAction\":[{\"@type\":\"ReadAction\",\"target\":[\"https:\\\/\\\/www.araalicante.com\\\/toledo-acoge-los-premios-recicla-la-noche-2025-organizados-por-espana-de-noche\\\/\"]}]},{\"@type\":\"ImageObject\",\"inLanguage\":\"en-GB\",\"@id\":\"https:\\\/\\\/www.araalicante.com\\\/toledo-acoge-los-premios-recicla-la-noche-2025-organizados-por-espana-de-noche\\\/#primaryimage\",\"url\":\"https:\\\/\\\/www.hosteleriadigital.es\\\/wp-content\\\/uploads\\\/2025\\\/06\\\/Espana-de-Noche.jpg\",\"contentUrl\":\"https:\\\/\\\/www.hosteleriadigital.es\\\/wp-content\\\/uploads\\\/2025\\\/06\\\/Espana-de-Noche.jpg\"},{\"@type\":\"BreadcrumbList\",\"@id\":\"https:\\\/\\\/www.araalicante.com\\\/toledo-acoge-los-premios-recicla-la-noche-2025-organizados-por-espana-de-noche\\\/#breadcrumb\",\"itemListElement\":[{\"@type\":\"ListItem\",\"position\":1,\"name\":\"Portada\",\"item\":\"https:\\\/\\\/www.araalicante.com\\\/\"},{\"@type\":\"ListItem\",\"position\":2,\"name\":\"Toledo acoge los Premios Recicla la Noche 2025 organizados por Espa\u00f1a de Noche\"}]},{\"@type\":\"WebSite\",\"@id\":\"https:\\\/\\\/www.araalicante.com\\\/#website\",\"url\":\"https:\\\/\\\/www.araalicante.com\\\/\",\"name\":\"ARA | Asociaci\u00f3n de Restaurantes Alicante\",\"description\":\"Producto local, restauraci\u00f3n de calidad en Alicante y su provincia\",\"publisher\":{\"@id\":\"https:\\\/\\\/www.araalicante.com\\\/#organization\"},\"potentialAction\":[{\"@type\":\"SearchAction\",\"target\":{\"@type\":\"EntryPoint\",\"urlTemplate\":\"https:\\\/\\\/www.araalicante.com\\\/?s={search_term_string}\"},\"query-input\":{\"@type\":\"PropertyValueSpecification\",\"valueRequired\":true,\"valueName\":\"search_term_string\"}}],\"inLanguage\":\"en-GB\"},{\"@type\":\"Organization\",\"@id\":\"https:\\\/\\\/www.araalicante.com\\\/#organization\",\"name\":\"ARA | Asociaci\u00f3n de Restaurantes Alicante\",\"url\":\"https:\\\/\\\/www.araalicante.com\\\/\",\"logo\":{\"@type\":\"ImageObject\",\"inLanguage\":\"en-GB\",\"@id\":\"https:\\\/\\\/www.araalicante.com\\\/#\\\/schema\\\/logo\\\/image\\\/\",\"url\":\"https:\\\/\\\/www.araalicante.com\\\/wp-content\\\/uploads\\\/2023\\\/09\\\/logoara.png\",\"contentUrl\":\"https:\\\/\\\/www.araalicante.com\\\/wp-content\\\/uploads\\\/2023\\\/09\\\/logoara.png\",\"width\":400,\"height\":85,\"caption\":\"ARA | Asociaci\u00f3n de Restaurantes Alicante\"},\"image\":{\"@id\":\"https:\\\/\\\/www.araalicante.com\\\/#\\\/schema\\\/logo\\\/image\\\/\"},\"sameAs\":[\"https:\\\/\\\/www.facebook.com\\\/Ararestaurantesalicante\",\"https:\\\/\\\/www.instagram.com\\\/ararestaurantesalicante\\\/\"]},{\"@type\":\"Person\",\"@id\":\"https:\\\/\\\/www.araalicante.com\\\/#\\\/schema\\\/person\\\/066f68dc3db0406c0829af861c17332f\",\"name\":\"Antonio Palomera\",\"image\":{\"@type\":\"ImageObject\",\"inLanguage\":\"en-GB\",\"@id\":\"https:\\\/\\\/secure.gravatar.com\\\/avatar\\\/a8378756bb866d8a91ea5808ee291ef099888cc76273b42162b3ab961b9da5df?s=96&d=mm&r=g\",\"url\":\"https:\\\/\\\/secure.gravatar.com\\\/avatar\\\/a8378756bb866d8a91ea5808ee291ef099888cc76273b42162b3ab961b9da5df?s=96&d=mm&r=g\",\"contentUrl\":\"https:\\\/\\\/secure.gravatar.com\\\/avatar\\\/a8378756bb866d8a91ea5808ee291ef099888cc76273b42162b3ab961b9da5df?s=96&d=mm&r=g\",\"caption\":\"Antonio Palomera\"},\"url\":\"https:\\\/\\\/www.araalicante.com\\\/en\\\/author\\\/antonio\\\/\"}]}<\/script>\n<!-- \/ Yoast SEO plugin. -->","yoast_head_json":{"title":"Toledo acoge los Premios Recicla la Noche 2025 organizados por Espa\u00f1a de Noche - ARA | Asociaci\u00f3n de Restaurantes Alicante","robots":{"index":"index","follow":"follow","max-snippet":"max-snippet:-1","max-image-preview":"max-image-preview:large","max-video-preview":"max-video-preview:-1"},"canonical":"https:\/\/www.araalicante.com\/en\/toledo-acoge-los-premios-recicla-la-noche-2025-organizados-por-espana-de-noche\/","og_locale":"en_GB","og_type":"article","og_title":"Toledo acoge los Premios Recicla la Noche 2025 organizados por Espa\u00f1a de Noche - ARA | Asociaci\u00f3n de Restaurantes Alicante","og_description":"Toledo ha sido el escenario de la octava edici\u00f3n de los Premios\u00a0Recicla [\u2026]","og_url":"https:\/\/www.araalicante.com\/en\/toledo-acoge-los-premios-recicla-la-noche-2025-organizados-por-espana-de-noche\/","og_site_name":"ARA | Asociaci\u00f3n de Restaurantes Alicante","article_publisher":"https:\/\/www.facebook.com\/Ararestaurantesalicante","article_published_time":"2025-06-05T15:13:29+00:00","og_image":[{"width":200,"height":200,"url":"https:\/\/www.araalicante.com\/wp-content\/uploads\/2023\/10\/Sin-titulo-1.png","type":"image\/png"}],"author":"Antonio Palomera","twitter_card":"summary_large_image","twitter_misc":{"Written by":"Antonio Palomera","Estimated reading time":"3 minutes"},"schema":{"@context":"https:\/\/schema.org","@graph":[{"@type":"Article","@id":"https:\/\/www.araalicante.com\/toledo-acoge-los-premios-recicla-la-noche-2025-organizados-por-espana-de-noche\/#article","isPartOf":{"@id":"https:\/\/www.araalicante.com\/toledo-acoge-los-premios-recicla-la-noche-2025-organizados-por-espana-de-noche\/"},"author":{"name":"Antonio Palomera","@id":"https:\/\/www.araalicante.com\/#\/schema\/person\/066f68dc3db0406c0829af861c17332f"},"headline":"Toledo acoge los Premios Recicla la Noche 2025 organizados por Espa\u00f1a de Noche","datePublished":"2025-06-05T15:13:29+00:00","mainEntityOfPage":{"@id":"https:\/\/www.araalicante.com\/toledo-acoge-los-premios-recicla-la-noche-2025-organizados-por-espana-de-noche\/"},"wordCount":677,"publisher":{"@id":"https:\/\/www.araalicante.com\/#organization"},"image":{"@id":"https:\/\/www.araalicante.com\/toledo-acoge-los-premios-recicla-la-noche-2025-organizados-por-espana-de-noche\/#primaryimage"},"thumbnailUrl":"https:\/\/www.hosteleriadigital.es\/wp-content\/uploads\/2025\/06\/Espana-de-Noche.jpg","articleSection":["Noticias externas"],"inLanguage":"en-GB"},{"@type":"WebPage","@id":"https:\/\/www.araalicante.com\/toledo-acoge-los-premios-recicla-la-noche-2025-organizados-por-espana-de-noche\/","url":"https:\/\/www.araalicante.com\/toledo-acoge-los-premios-recicla-la-noche-2025-organizados-por-espana-de-noche\/","name":"Toledo acoge los Premios Recicla la Noche 2025 organizados por Espa\u00f1a de Noche - ARA | Asociaci\u00f3n de Restaurantes Alicante","isPartOf":{"@id":"https:\/\/www.araalicante.com\/#website"},"primaryImageOfPage":{"@id":"https:\/\/www.araalicante.com\/toledo-acoge-los-premios-recicla-la-noche-2025-organizados-por-espana-de-noche\/#primaryimage"},"image":{"@id":"https:\/\/www.araalicante.com\/toledo-acoge-los-premios-recicla-la-noche-2025-organizados-por-espana-de-noche\/#primaryimage"},"thumbnailUrl":"https:\/\/www.hosteleriadigital.es\/wp-content\/uploads\/2025\/06\/Espana-de-Noche.jpg","datePublished":"2025-06-05T15:13:29+00:00","breadcrumb":{"@id":"https:\/\/www.araalicante.com\/toledo-acoge-los-premios-recicla-la-noche-2025-organizados-por-espana-de-noche\/#breadcrumb"},"inLanguage":"en-GB","potentialAction":[{"@type":"ReadAction","target":["https:\/\/www.araalicante.com\/toledo-acoge-los-premios-recicla-la-noche-2025-organizados-por-espana-de-noche\/"]}]},{"@type":"ImageObject","inLanguage":"en-GB","@id":"https:\/\/www.araalicante.com\/toledo-acoge-los-premios-recicla-la-noche-2025-organizados-por-espana-de-noche\/#primaryimage","url":"https:\/\/www.hosteleriadigital.es\/wp-content\/uploads\/2025\/06\/Espana-de-Noche.jpg","contentUrl":"https:\/\/www.hosteleriadigital.es\/wp-content\/uploads\/2025\/06\/Espana-de-Noche.jpg"},{"@type":"BreadcrumbList","@id":"https:\/\/www.araalicante.com\/toledo-acoge-los-premios-recicla-la-noche-2025-organizados-por-espana-de-noche\/#breadcrumb","itemListElement":[{"@type":"ListItem","position":1,"name":"Portada","item":"https:\/\/www.araalicante.com\/"},{"@type":"ListItem","position":2,"name":"Toledo acoge los Premios Recicla la Noche 2025 organizados por Espa\u00f1a de Noche"}]},{"@type":"WebSite","@id":"https:\/\/www.araalicante.com\/#website","url":"https:\/\/www.araalicante.com\/","name":"ARA | Asociaci\u00f3n de Restaurantes Alicante","description":"Producto local, restauraci\u00f3n de calidad en Alicante y su provincia","publisher":{"@id":"https:\/\/www.araalicante.com\/#organization"},"potentialAction":[{"@type":"SearchAction","target":{"@type":"EntryPoint","urlTemplate":"https:\/\/www.araalicante.com\/?s={search_term_string}"},"query-input":{"@type":"PropertyValueSpecification","valueRequired":true,"valueName":"search_term_string"}}],"inLanguage":"en-GB"},{"@type":"Organization","@id":"https:\/\/www.araalicante.com\/#organization","name":"ARA | Asociaci\u00f3n de Restaurantes Alicante","url":"https:\/\/www.araalicante.com\/","logo":{"@type":"ImageObject","inLanguage":"en-GB","@id":"https:\/\/www.araalicante.com\/#\/schema\/logo\/image\/","url":"https:\/\/www.araalicante.com\/wp-content\/uploads\/2023\/09\/logoara.png","contentUrl":"https:\/\/www.araalicante.com\/wp-content\/uploads\/2023\/09\/logoara.png","width":400,"height":85,"caption":"ARA | Asociaci\u00f3n de Restaurantes Alicante"},"image":{"@id":"https:\/\/www.araalicante.com\/#\/schema\/logo\/image\/"},"sameAs":["https:\/\/www.facebook.com\/Ararestaurantesalicante","https:\/\/www.instagram.com\/ararestaurantesalicante\/"]},{"@type":"Person","@id":"https:\/\/www.araalicante.com\/#\/schema\/person\/066f68dc3db0406c0829af861c17332f","name":"Antonio Palomera","image":{"@type":"ImageObject","inLanguage":"en-GB","@id":"https:\/\/secure.gravatar.com\/avatar\/a8378756bb866d8a91ea5808ee291ef099888cc76273b42162b3ab961b9da5df?s=96&d=mm&r=g","url":"https:\/\/secure.gravatar.com\/avatar\/a8378756bb866d8a91ea5808ee291ef099888cc76273b42162b3ab961b9da5df?s=96&d=mm&r=g","contentUrl":"https:\/\/secure.gravatar.com\/avatar\/a8378756bb866d8a91ea5808ee291ef099888cc76273b42162b3ab961b9da5df?s=96&d=mm&r=g","caption":"Antonio Palomera"},"url":"https:\/\/www.araalicante.com\/en\/author\/antonio\/"}]}},"_links":{"self":[{"href":"https:\/\/www.araalicante.com\/en\/wp-json\/wp\/v2\/posts\/4840","targetHints":{"allow":["GET"]}}],"collection":[{"href":"https:\/\/www.araalicante.com\/en\/wp-json\/wp\/v2\/posts"}],"about":[{"href":"https:\/\/www.araalicante.com\/en\/wp-json\/wp\/v2\/types\/post"}],"author":[{"embeddable":true,"href":"https:\/\/www.araalicante.com\/en\/wp-json\/wp\/v2\/users\/17"}],"replies":[{"embeddable":true,"href":"https:\/\/www.araalicante.com\/en\/wp-json\/wp\/v2\/comments?post=4840"}],"version-history":[{"count":0,"href":"https:\/\/www.araalicante.com\/en\/wp-json\/wp\/v2\/posts\/4840\/revisions"}],"wp:attachment":[{"href":"https:\/\/www.araalicante.com\/en\/wp-json\/wp\/v2\/media?parent=4840"}],"wp:term":[{"taxonomy":"category","embeddable":true,"href":"https:\/\/www.araalicante.com\/en\/wp-json\/wp\/v2\/categories?post=4840"},{"taxonomy":"post_tag","embeddable":true,"href":"https:\/\/www.araalicante.com\/en\/wp-json\/wp\/v2\/tags?post=4840"}],"curies":[{"name":"wp","href":"https:\/\/api.w.org\/{rel}","templated":true}]}}