{"id":4839,"date":"2025-06-04T14:22:20","date_gmt":"2025-06-04T12:22:20","guid":{"rendered":"https:\/\/www.araalicante.com\/exito-de-publico-en-el-ecuador-de-gastrogarnacha\/"},"modified":"2025-06-04T14:22:20","modified_gmt":"2025-06-04T12:22:20","slug":"exito-de-publico-en-el-ecuador-de-gastrogarnacha","status":"publish","type":"post","link":"https:\/\/www.araalicante.com\/en\/exito-de-publico-en-el-ecuador-de-gastrogarnacha\/","title":{"rendered":"\u00c9xito de p\u00fablico en el ecuador de GastroGarnacha"},"content":{"rendered":"<div>\n<div class=\"td-featured-image-rec\">\n<div class=\"td-post-featured-image\"><a href=\"https:\/\/www.hosteleriadigital.es\/wp-content\/uploads\/2025\/06\/Garnacha.jpg\" data-caption=\"\"><img loading=\"lazy\" decoding=\"async\" width=\"300\" height=\"350\" class=\"entry-thumb td-modal-image\" src=\"https:\/\/www.hosteleriadigital.es\/wp-content\/uploads\/2025\/06\/Garnacha-300x350.jpg\" alt=\"\" title=\"Garnacha\"\/><\/a><\/div>\n<\/div>\n<p>GastroGarnacha llega hoy a su ecuador con un balance muy positivo. Visitantes y ciudadanos de Zaragoza se han volcado con esta iniciativa que nace para reivindicar el valor cultural de este vino, su versatilidad, su potencial como motor de atracci\u00f3n para el turismo y sus grandes posibilidades de maridaje con la mejor gastronom\u00eda, siempre acompa\u00f1ado de Alimentos de Arag\u00f3n. La Asociaci\u00f3n de Caf\u00e9s y Bares y Horeca Restaurantes Zaragoza se unen en esta acci\u00f3n conjunta para rendir homenaje a la Garnacha, la uva por excelencia de Arag\u00f3n, una variedad aut\u00f3ctona que simboliza la identidad, la historia y el car\u00e1cter de nuestra tierra.<\/p>\n<p>Desde el pasado 30 de mayo y hasta el pr\u00f3ximo 8 de junio m\u00e1s de 40 establecimientos <strong>hosteleros ofrecen <\/strong>dos propuestas diferenciadas: <strong>Men\u00fas maridados<\/strong> con vinos de Garnacha en tres rangos de precio (25 \u20ac, 40 \u20ac o 55 \u20ac) y,<strong> tapa + copa de Garnacha<\/strong> por 5,50 \u20ac. Todas las propuestas tienen el vino como eje de la experiencia y estar\u00e1n elaboradas con Alimentos de Arag\u00f3n.<\/p>\n<p><strong>Alta cocina de capricho<\/strong><\/p>\n<p>Migas aragonesas al capricho del chef; Mil hojas de Ternasco de Arag\u00f3n IGP a la Garnacha, con mahonesa de trufa, Longaniza de Graus, patata y espuma de pimientos; Bizcocho de miel y ma\u00edz con borraja y Ternasco de Arag\u00f3n IGP\u00a0 en escabeche; Croqueta de torrezno engarnachado, con reducci\u00f3n de Garnacha centenaria del campo de Borja y Empanadilla de carrillera de cerdo blanco de Teruel con vino tinto Garnacha y Cebolla Fuentes de Ebro DOP encurtida, son algunas de las propuestas de tapas que se pueden degustar en GastroGarnacha. Estos peque\u00f1os grandes bocados se servir\u00e1n con caldos como Garnacha Centenaria, Garnacha D.O. Cari\u00f1ena, El Gordo o CDA D.O. Cari\u00f1ena y Siembra D.O. de Calatayud.<\/p>\n<p>Adem\u00e1s, tambi\u00e9n en formato tapa, se puede probar en el marco de esta iniciativa Tapa de esp\u00e1rragos trigueros de la Ribera del Ebro, jam\u00f3n D.O. Teruel y setas, Takoyaqui, relleno de Ternasco de Arag\u00f3n IGP, acompa\u00f1ado de D.O. Campo de Borja, Coto de Hayas; Risotto de setas y borrajas de Arag\u00f3n; Costillas de Ternasco de Arag\u00f3n IGP \u00a0con patatas y pimientos; Croqueta de Jam\u00f3n de Teruel DOP, Croqueta de longaniza de Graus, maridada con D.O. Calatayud La Multa Garnacha; Croqueta de cecina, puerro confitado y Cebolla Fuentes de Ebro DOP acompa\u00f1ada de Particular Cari\u00f1ena o un Saquito de pasta filo de Ternasco de Arag\u00f3n IGP, salteado con frutos secos a las siete especias con Garnacha Coto de Hayas Roble.<\/p>\n<p><strong>Men\u00fa y vino<\/strong><\/p>\n<p>De entrante una ensalada de tomate rosa de Barbastro con cebolla de Fuentes, ventresca y olivas de Arag\u00f3n maridado con una copa de Cava de Garnacha, Cachop\u00edn relleno de Jam\u00f3n de Teruel DOP y stilton con Copa de D.O. Calatayud Cuevas de Arom y As Ladieras Garnacha, de principal y una tarta de queso con mermelada de melocot\u00f3n, de postre es un ejemplo de las propuestas que se presentan en la categor\u00eda de men\u00fa. Sorpresa de Jam\u00f3n de Teruel DOP, Huevos rotos con pringa de jarrete de las Cinco Villas y reducci\u00f3n de Melocot\u00f3n de Calanda D.O.P, Bacalao sobre tabul\u00e9 salsa americana con calamar especiado y mejillones en Escabeche, Ternasco de Arag\u00f3n IGP. a la brasa en cama de patata frita, maridado con Garnacha centenaria o D\u00fao de Raviolis de Borraja C\u2019alial rellenos de merluza y langostino con crema de puerro, garnacha blanca y tinta de calamar, Bacalao en guiso de crema de tomate ecol\u00f3gico, pimientos del piquillo de Bureta, fritada aragonesa, berenjena y oliva negra y Pera de sello C\u2019alial glaseada al vino tinto y torrija de leche merengada, acompa\u00f1ado de Flor de A\u00f1on Garnacha Rosado D.O, Campo de Borja Pi 3,1415, Garnacha Blanca Bodegas Langa D.O. Calatayud, Garnacha De Goya Bodega o Grandes Vinos y Vi\u00f1edos D.O. son otras de las propuestas que se presentan en el marco de GastroGarnacha.<\/p>\n<p>GastroGarnacha nace como escaparate de la excelencia gastron\u00f3mica de Zaragoza y provincia, apostando por el producto de cercan\u00eda y de calidad diferenciada. Esta iniciativa pone en valor la calidad de los vinos elaborados con esta variedad, procedentes de las tres grandes Denominaciones de Origen del territorio zaragozano: <strong>Campo de Borja, Cari\u00f1ena y Calatayud<\/strong>, aportando as\u00ed una muestra de la diversidad y riqueza del vi\u00f1edo aragon\u00e9s. Adem\u00e1s, visibiliza la capacidad de innovaci\u00f3n y colaboraci\u00f3n del sector hostelero. El objetivo es situar a Zaragoza como referente nacional e internacional en el maridaje entre la Garnacha y la alta cocina local.<\/p>\n<p>Para<strong> Jos\u00e9 Mar\u00eda Marteles<\/strong>, presidente de Caf\u00e9s y Bares, participar en esta iniciativa \u201cnos permite ofrecer a nuestros clientes una experiencia distinta, cercana y muy nuestra, poniendo en valor la Garnacha en un ambiente cercano con propuestas de alta cocina en formato peque\u00f1o\u201d. Para <strong>Jos\u00e9 Mar\u00eda Lasheras<\/strong>, presidente de <strong>Horeca Restaurantes Zaragoza<\/strong>, \u201cel \u00e9xito de p\u00fablico de GastroGarnacha visibiliza el gusto del consumidor por nuestro vino m\u00e1s especial y pone en valor la calidad de nuestra hosteler\u00eda y el talento de los chefs aragoneses que, sin lugar a dudas, est\u00e1 a la altura de los mejores del pa\u00eds\u201d.<\/p>\n<p>El proyecto cuenta con el respaldo del <strong>Ayuntamiento de Zaragoza<\/strong> y de <strong>Zaragoza Turismo<\/strong>, y se enmarca dentro de una estrategia m\u00e1s amplia de promoci\u00f3n del enoturismo y la gastronom\u00eda como motores de atracci\u00f3n tur\u00edstica y dinamizaci\u00f3n cultural, organizadas en el marco del I Festival Internacional de la Garnacha que nace para la <strong>celebraci\u00f3n de Zaragoza Capital Mundial de la Garnacha<\/strong><\/p>\n<p><strong>Establecimientos participantes:<\/strong><\/p>\n<p><strong>Oferta: men\u00fa + vino<\/strong><\/p>\n<ul>\n<li>Albergue de Morata<\/li>\n<li>El Candelas<\/li>\n<li>El Caser\u00edo de Biel<\/li>\n<li>El Cocinero de Goya<\/li>\n<li>Espumosos 5 de Marzo<\/li>\n<li>Gastrobar Tonik<\/li>\n<li>Homosibaris La Cebada<\/li>\n<li>La Rinconada de Lorenzo<\/li>\n<li>Restaurante Aragonia<\/li>\n<li>Restaurante Antigua Casa Royo<\/li>\n<li>Restaurante La Bodega de Chema<\/li>\n<li>Restaurante La Mazmorra<\/li>\n<li>Restaurante Mas Torres<\/li>\n<li>Urola<\/li>\n<\/ul>\n<p><strong>Oferta: tapa + vino <\/strong><\/p>\n<ul>\n<li>+ Albarrac\u00edn<\/li>\n<li>Albergue de Morata<\/li>\n<li>Basho Caf\u00e9 Gastrobar<\/li>\n<li>Blas\u00f3n del Tubo<\/li>\n<li>Braser\u00eda Fire<\/li>\n<li>Caf\u00e9 del Marqu\u00e9s<\/li>\n<li>Casa Arriazu<\/li>\n<li>Casa El Pescatero<\/li>\n<li>Casa Nogara<\/li>\n<li>Casa Teresa<\/li>\n<li>Cervecer\u00eda D\u2019Jorge Plaza San Francisco<\/li>\n<li>Cervecer\u00eda D\u2019Jorge Torre Outlet<\/li>\n<li>Dalai Valdespartera<\/li>\n<li>El Candelas<\/li>\n<li>El Caser\u00edo de Biel<\/li>\n<li>El Cocinero de Miralbueno<\/li>\n<li>El Escondite<\/li>\n<li>El Molino Torre Outlet<\/li>\n<li>El Truco<\/li>\n<li>Envero Gastro Wine<\/li>\n<li>GastroNolasco<\/li>\n<li>Homosibaris La Cebada<\/li>\n<li>Hotel Don Jaime 54<\/li>\n<li>La Casa de la Marimorena<\/li>\n<li>La Cava<\/li>\n<li>La Doris Gastrotaberna<\/li>\n<li>La Factor\u00eda<\/li>\n<li>La Hora Montecanal<\/li>\n<li>La Republicana<\/li>\n<li>La T\u00eda Petaca<\/li>\n<li>Marpy<\/li>\n<li>Mulo<\/li>\n<li>Parrilla Nardone<\/li>\n<li>Poller\u00eda San Pablo<\/li>\n<li>Restaurante At\u00edpico Comfort Food<\/li>\n<li>Restaurante Buenacara<\/li>\n<li>Restaurante Maite (en terraza)<\/li>\n<li>Taberna Modorro<\/li>\n<li>Vita Taberna Gastron\u00f3mica<\/li>\n<\/ul>\n<\/div>\n<p><a href=\"https:\/\/www.hosteleriadigital.es\/2025\/06\/04\/exito-de-publico-en-el-ecuador-de-gastrogarnacha\/\">source<\/a><\/p>","protected":false},"excerpt":{"rendered":"<p>GastroGarnacha llega hoy a su ecuador con un balance muy positivo. Visitantes<span class=\"excerpt-hellip\"> [\u2026]<\/span><\/p>\n","protected":false},"author":17,"featured_media":0,"comment_status":"","ping_status":"","sticky":false,"template":"","format":"standard","meta":{"footnotes":""},"categories":[1],"tags":[],"class_list":["post-4839","post","type-post","status-publish","format-standard","hentry","category-noticias-externas"],"yoast_head":"<!-- This site is optimized with the Yoast SEO plugin v27.4 - https:\/\/yoast.com\/product\/yoast-seo-wordpress\/ -->\n<title>\u00c9xito de p\u00fablico en el ecuador de GastroGarnacha - ARA | Asociaci\u00f3n de Restaurantes Alicante<\/title>\n<meta name=\"robots\" content=\"index, follow, max-snippet:-1, max-image-preview:large, max-video-preview:-1\" \/>\n<link rel=\"canonical\" href=\"https:\/\/www.araalicante.com\/en\/exito-de-publico-en-el-ecuador-de-gastrogarnacha\/\" \/>\n<meta property=\"og:locale\" content=\"en_GB\" \/>\n<meta property=\"og:type\" content=\"article\" \/>\n<meta property=\"og:title\" content=\"\u00c9xito de p\u00fablico en el ecuador de GastroGarnacha - ARA | Asociaci\u00f3n de Restaurantes Alicante\" \/>\n<meta property=\"og:description\" content=\"GastroGarnacha llega hoy a su ecuador con un balance muy positivo. Visitantes [\u2026]\" \/>\n<meta property=\"og:url\" content=\"https:\/\/www.araalicante.com\/en\/exito-de-publico-en-el-ecuador-de-gastrogarnacha\/\" \/>\n<meta property=\"og:site_name\" content=\"ARA | Asociaci\u00f3n de Restaurantes Alicante\" \/>\n<meta property=\"article:publisher\" content=\"https:\/\/www.facebook.com\/Ararestaurantesalicante\" \/>\n<meta property=\"article:published_time\" content=\"2025-06-04T12:22:20+00:00\" \/>\n<meta property=\"og:image\" content=\"https:\/\/www.hosteleriadigital.es\/wp-content\/uploads\/2025\/06\/Garnacha-300x350.jpg\" \/>\n<meta name=\"author\" content=\"Antonio Palomera\" \/>\n<meta name=\"twitter:card\" content=\"summary_large_image\" \/>\n<meta name=\"twitter:label1\" content=\"Written by\" \/>\n\t<meta name=\"twitter:data1\" content=\"Antonio Palomera\" \/>\n\t<meta name=\"twitter:label2\" content=\"Estimated reading time\" \/>\n\t<meta name=\"twitter:data2\" content=\"5 minutes\" \/>\n<script type=\"application\/ld+json\" class=\"yoast-schema-graph\">{\"@context\":\"https:\\\/\\\/schema.org\",\"@graph\":[{\"@type\":\"Article\",\"@id\":\"https:\\\/\\\/www.araalicante.com\\\/exito-de-publico-en-el-ecuador-de-gastrogarnacha\\\/#article\",\"isPartOf\":{\"@id\":\"https:\\\/\\\/www.araalicante.com\\\/exito-de-publico-en-el-ecuador-de-gastrogarnacha\\\/\"},\"author\":{\"name\":\"Antonio Palomera\",\"@id\":\"https:\\\/\\\/www.araalicante.com\\\/#\\\/schema\\\/person\\\/066f68dc3db0406c0829af861c17332f\"},\"headline\":\"\u00c9xito de p\u00fablico en el ecuador de GastroGarnacha\",\"datePublished\":\"2025-06-04T12:22:20+00:00\",\"mainEntityOfPage\":{\"@id\":\"https:\\\/\\\/www.araalicante.com\\\/exito-de-publico-en-el-ecuador-de-gastrogarnacha\\\/\"},\"wordCount\":1141,\"publisher\":{\"@id\":\"https:\\\/\\\/www.araalicante.com\\\/#organization\"},\"image\":{\"@id\":\"https:\\\/\\\/www.araalicante.com\\\/exito-de-publico-en-el-ecuador-de-gastrogarnacha\\\/#primaryimage\"},\"thumbnailUrl\":\"https:\\\/\\\/www.hosteleriadigital.es\\\/wp-content\\\/uploads\\\/2025\\\/06\\\/Garnacha-300x350.jpg\",\"articleSection\":[\"Noticias externas\"],\"inLanguage\":\"en-GB\"},{\"@type\":\"WebPage\",\"@id\":\"https:\\\/\\\/www.araalicante.com\\\/exito-de-publico-en-el-ecuador-de-gastrogarnacha\\\/\",\"url\":\"https:\\\/\\\/www.araalicante.com\\\/exito-de-publico-en-el-ecuador-de-gastrogarnacha\\\/\",\"name\":\"\u00c9xito de p\u00fablico en el ecuador de GastroGarnacha - ARA | Asociaci\u00f3n de Restaurantes Alicante\",\"isPartOf\":{\"@id\":\"https:\\\/\\\/www.araalicante.com\\\/#website\"},\"primaryImageOfPage\":{\"@id\":\"https:\\\/\\\/www.araalicante.com\\\/exito-de-publico-en-el-ecuador-de-gastrogarnacha\\\/#primaryimage\"},\"image\":{\"@id\":\"https:\\\/\\\/www.araalicante.com\\\/exito-de-publico-en-el-ecuador-de-gastrogarnacha\\\/#primaryimage\"},\"thumbnailUrl\":\"https:\\\/\\\/www.hosteleriadigital.es\\\/wp-content\\\/uploads\\\/2025\\\/06\\\/Garnacha-300x350.jpg\",\"datePublished\":\"2025-06-04T12:22:20+00:00\",\"breadcrumb\":{\"@id\":\"https:\\\/\\\/www.araalicante.com\\\/exito-de-publico-en-el-ecuador-de-gastrogarnacha\\\/#breadcrumb\"},\"inLanguage\":\"en-GB\",\"potentialAction\":[{\"@type\":\"ReadAction\",\"target\":[\"https:\\\/\\\/www.araalicante.com\\\/exito-de-publico-en-el-ecuador-de-gastrogarnacha\\\/\"]}]},{\"@type\":\"ImageObject\",\"inLanguage\":\"en-GB\",\"@id\":\"https:\\\/\\\/www.araalicante.com\\\/exito-de-publico-en-el-ecuador-de-gastrogarnacha\\\/#primaryimage\",\"url\":\"https:\\\/\\\/www.hosteleriadigital.es\\\/wp-content\\\/uploads\\\/2025\\\/06\\\/Garnacha-300x350.jpg\",\"contentUrl\":\"https:\\\/\\\/www.hosteleriadigital.es\\\/wp-content\\\/uploads\\\/2025\\\/06\\\/Garnacha-300x350.jpg\"},{\"@type\":\"BreadcrumbList\",\"@id\":\"https:\\\/\\\/www.araalicante.com\\\/exito-de-publico-en-el-ecuador-de-gastrogarnacha\\\/#breadcrumb\",\"itemListElement\":[{\"@type\":\"ListItem\",\"position\":1,\"name\":\"Portada\",\"item\":\"https:\\\/\\\/www.araalicante.com\\\/\"},{\"@type\":\"ListItem\",\"position\":2,\"name\":\"\u00c9xito de p\u00fablico en el ecuador de GastroGarnacha\"}]},{\"@type\":\"WebSite\",\"@id\":\"https:\\\/\\\/www.araalicante.com\\\/#website\",\"url\":\"https:\\\/\\\/www.araalicante.com\\\/\",\"name\":\"ARA | Asociaci\u00f3n de Restaurantes Alicante\",\"description\":\"Producto local, restauraci\u00f3n de calidad en Alicante y su provincia\",\"publisher\":{\"@id\":\"https:\\\/\\\/www.araalicante.com\\\/#organization\"},\"potentialAction\":[{\"@type\":\"SearchAction\",\"target\":{\"@type\":\"EntryPoint\",\"urlTemplate\":\"https:\\\/\\\/www.araalicante.com\\\/?s={search_term_string}\"},\"query-input\":{\"@type\":\"PropertyValueSpecification\",\"valueRequired\":true,\"valueName\":\"search_term_string\"}}],\"inLanguage\":\"en-GB\"},{\"@type\":\"Organization\",\"@id\":\"https:\\\/\\\/www.araalicante.com\\\/#organization\",\"name\":\"ARA | Asociaci\u00f3n de Restaurantes Alicante\",\"url\":\"https:\\\/\\\/www.araalicante.com\\\/\",\"logo\":{\"@type\":\"ImageObject\",\"inLanguage\":\"en-GB\",\"@id\":\"https:\\\/\\\/www.araalicante.com\\\/#\\\/schema\\\/logo\\\/image\\\/\",\"url\":\"https:\\\/\\\/www.araalicante.com\\\/wp-content\\\/uploads\\\/2023\\\/09\\\/logoara.png\",\"contentUrl\":\"https:\\\/\\\/www.araalicante.com\\\/wp-content\\\/uploads\\\/2023\\\/09\\\/logoara.png\",\"width\":400,\"height\":85,\"caption\":\"ARA | Asociaci\u00f3n de Restaurantes Alicante\"},\"image\":{\"@id\":\"https:\\\/\\\/www.araalicante.com\\\/#\\\/schema\\\/logo\\\/image\\\/\"},\"sameAs\":[\"https:\\\/\\\/www.facebook.com\\\/Ararestaurantesalicante\",\"https:\\\/\\\/www.instagram.com\\\/ararestaurantesalicante\\\/\"]},{\"@type\":\"Person\",\"@id\":\"https:\\\/\\\/www.araalicante.com\\\/#\\\/schema\\\/person\\\/066f68dc3db0406c0829af861c17332f\",\"name\":\"Antonio Palomera\",\"image\":{\"@type\":\"ImageObject\",\"inLanguage\":\"en-GB\",\"@id\":\"https:\\\/\\\/secure.gravatar.com\\\/avatar\\\/a8378756bb866d8a91ea5808ee291ef099888cc76273b42162b3ab961b9da5df?s=96&d=mm&r=g\",\"url\":\"https:\\\/\\\/secure.gravatar.com\\\/avatar\\\/a8378756bb866d8a91ea5808ee291ef099888cc76273b42162b3ab961b9da5df?s=96&d=mm&r=g\",\"contentUrl\":\"https:\\\/\\\/secure.gravatar.com\\\/avatar\\\/a8378756bb866d8a91ea5808ee291ef099888cc76273b42162b3ab961b9da5df?s=96&d=mm&r=g\",\"caption\":\"Antonio Palomera\"},\"url\":\"https:\\\/\\\/www.araalicante.com\\\/en\\\/author\\\/antonio\\\/\"}]}<\/script>\n<!-- \/ Yoast SEO plugin. -->","yoast_head_json":{"title":"\u00c9xito de p\u00fablico en el ecuador de GastroGarnacha - ARA | Asociaci\u00f3n de Restaurantes Alicante","robots":{"index":"index","follow":"follow","max-snippet":"max-snippet:-1","max-image-preview":"max-image-preview:large","max-video-preview":"max-video-preview:-1"},"canonical":"https:\/\/www.araalicante.com\/en\/exito-de-publico-en-el-ecuador-de-gastrogarnacha\/","og_locale":"en_GB","og_type":"article","og_title":"\u00c9xito de p\u00fablico en el ecuador de GastroGarnacha - ARA | Asociaci\u00f3n de Restaurantes Alicante","og_description":"GastroGarnacha llega hoy a su ecuador con un balance muy positivo. Visitantes [\u2026]","og_url":"https:\/\/www.araalicante.com\/en\/exito-de-publico-en-el-ecuador-de-gastrogarnacha\/","og_site_name":"ARA | Asociaci\u00f3n de Restaurantes Alicante","article_publisher":"https:\/\/www.facebook.com\/Ararestaurantesalicante","article_published_time":"2025-06-04T12:22:20+00:00","og_image":[{"url":"https:\/\/www.hosteleriadigital.es\/wp-content\/uploads\/2025\/06\/Garnacha-300x350.jpg","type":"","width":"","height":""}],"author":"Antonio Palomera","twitter_card":"summary_large_image","twitter_misc":{"Written by":"Antonio Palomera","Estimated reading time":"5 minutes"},"schema":{"@context":"https:\/\/schema.org","@graph":[{"@type":"Article","@id":"https:\/\/www.araalicante.com\/exito-de-publico-en-el-ecuador-de-gastrogarnacha\/#article","isPartOf":{"@id":"https:\/\/www.araalicante.com\/exito-de-publico-en-el-ecuador-de-gastrogarnacha\/"},"author":{"name":"Antonio Palomera","@id":"https:\/\/www.araalicante.com\/#\/schema\/person\/066f68dc3db0406c0829af861c17332f"},"headline":"\u00c9xito de p\u00fablico en el ecuador de GastroGarnacha","datePublished":"2025-06-04T12:22:20+00:00","mainEntityOfPage":{"@id":"https:\/\/www.araalicante.com\/exito-de-publico-en-el-ecuador-de-gastrogarnacha\/"},"wordCount":1141,"publisher":{"@id":"https:\/\/www.araalicante.com\/#organization"},"image":{"@id":"https:\/\/www.araalicante.com\/exito-de-publico-en-el-ecuador-de-gastrogarnacha\/#primaryimage"},"thumbnailUrl":"https:\/\/www.hosteleriadigital.es\/wp-content\/uploads\/2025\/06\/Garnacha-300x350.jpg","articleSection":["Noticias externas"],"inLanguage":"en-GB"},{"@type":"WebPage","@id":"https:\/\/www.araalicante.com\/exito-de-publico-en-el-ecuador-de-gastrogarnacha\/","url":"https:\/\/www.araalicante.com\/exito-de-publico-en-el-ecuador-de-gastrogarnacha\/","name":"\u00c9xito de p\u00fablico en el ecuador de GastroGarnacha - ARA | Asociaci\u00f3n de Restaurantes Alicante","isPartOf":{"@id":"https:\/\/www.araalicante.com\/#website"},"primaryImageOfPage":{"@id":"https:\/\/www.araalicante.com\/exito-de-publico-en-el-ecuador-de-gastrogarnacha\/#primaryimage"},"image":{"@id":"https:\/\/www.araalicante.com\/exito-de-publico-en-el-ecuador-de-gastrogarnacha\/#primaryimage"},"thumbnailUrl":"https:\/\/www.hosteleriadigital.es\/wp-content\/uploads\/2025\/06\/Garnacha-300x350.jpg","datePublished":"2025-06-04T12:22:20+00:00","breadcrumb":{"@id":"https:\/\/www.araalicante.com\/exito-de-publico-en-el-ecuador-de-gastrogarnacha\/#breadcrumb"},"inLanguage":"en-GB","potentialAction":[{"@type":"ReadAction","target":["https:\/\/www.araalicante.com\/exito-de-publico-en-el-ecuador-de-gastrogarnacha\/"]}]},{"@type":"ImageObject","inLanguage":"en-GB","@id":"https:\/\/www.araalicante.com\/exito-de-publico-en-el-ecuador-de-gastrogarnacha\/#primaryimage","url":"https:\/\/www.hosteleriadigital.es\/wp-content\/uploads\/2025\/06\/Garnacha-300x350.jpg","contentUrl":"https:\/\/www.hosteleriadigital.es\/wp-content\/uploads\/2025\/06\/Garnacha-300x350.jpg"},{"@type":"BreadcrumbList","@id":"https:\/\/www.araalicante.com\/exito-de-publico-en-el-ecuador-de-gastrogarnacha\/#breadcrumb","itemListElement":[{"@type":"ListItem","position":1,"name":"Portada","item":"https:\/\/www.araalicante.com\/"},{"@type":"ListItem","position":2,"name":"\u00c9xito de p\u00fablico en el ecuador de GastroGarnacha"}]},{"@type":"WebSite","@id":"https:\/\/www.araalicante.com\/#website","url":"https:\/\/www.araalicante.com\/","name":"ARA | Asociaci\u00f3n de Restaurantes Alicante","description":"Producto local, restauraci\u00f3n de calidad en Alicante y su provincia","publisher":{"@id":"https:\/\/www.araalicante.com\/#organization"},"potentialAction":[{"@type":"SearchAction","target":{"@type":"EntryPoint","urlTemplate":"https:\/\/www.araalicante.com\/?s={search_term_string}"},"query-input":{"@type":"PropertyValueSpecification","valueRequired":true,"valueName":"search_term_string"}}],"inLanguage":"en-GB"},{"@type":"Organization","@id":"https:\/\/www.araalicante.com\/#organization","name":"ARA | Asociaci\u00f3n de Restaurantes Alicante","url":"https:\/\/www.araalicante.com\/","logo":{"@type":"ImageObject","inLanguage":"en-GB","@id":"https:\/\/www.araalicante.com\/#\/schema\/logo\/image\/","url":"https:\/\/www.araalicante.com\/wp-content\/uploads\/2023\/09\/logoara.png","contentUrl":"https:\/\/www.araalicante.com\/wp-content\/uploads\/2023\/09\/logoara.png","width":400,"height":85,"caption":"ARA | Asociaci\u00f3n de Restaurantes Alicante"},"image":{"@id":"https:\/\/www.araalicante.com\/#\/schema\/logo\/image\/"},"sameAs":["https:\/\/www.facebook.com\/Ararestaurantesalicante","https:\/\/www.instagram.com\/ararestaurantesalicante\/"]},{"@type":"Person","@id":"https:\/\/www.araalicante.com\/#\/schema\/person\/066f68dc3db0406c0829af861c17332f","name":"Antonio Palomera","image":{"@type":"ImageObject","inLanguage":"en-GB","@id":"https:\/\/secure.gravatar.com\/avatar\/a8378756bb866d8a91ea5808ee291ef099888cc76273b42162b3ab961b9da5df?s=96&d=mm&r=g","url":"https:\/\/secure.gravatar.com\/avatar\/a8378756bb866d8a91ea5808ee291ef099888cc76273b42162b3ab961b9da5df?s=96&d=mm&r=g","contentUrl":"https:\/\/secure.gravatar.com\/avatar\/a8378756bb866d8a91ea5808ee291ef099888cc76273b42162b3ab961b9da5df?s=96&d=mm&r=g","caption":"Antonio Palomera"},"url":"https:\/\/www.araalicante.com\/en\/author\/antonio\/"}]}},"_links":{"self":[{"href":"https:\/\/www.araalicante.com\/en\/wp-json\/wp\/v2\/posts\/4839","targetHints":{"allow":["GET"]}}],"collection":[{"href":"https:\/\/www.araalicante.com\/en\/wp-json\/wp\/v2\/posts"}],"about":[{"href":"https:\/\/www.araalicante.com\/en\/wp-json\/wp\/v2\/types\/post"}],"author":[{"embeddable":true,"href":"https:\/\/www.araalicante.com\/en\/wp-json\/wp\/v2\/users\/17"}],"replies":[{"embeddable":true,"href":"https:\/\/www.araalicante.com\/en\/wp-json\/wp\/v2\/comments?post=4839"}],"version-history":[{"count":0,"href":"https:\/\/www.araalicante.com\/en\/wp-json\/wp\/v2\/posts\/4839\/revisions"}],"wp:attachment":[{"href":"https:\/\/www.araalicante.com\/en\/wp-json\/wp\/v2\/media?parent=4839"}],"wp:term":[{"taxonomy":"category","embeddable":true,"href":"https:\/\/www.araalicante.com\/en\/wp-json\/wp\/v2\/categories?post=4839"},{"taxonomy":"post_tag","embeddable":true,"href":"https:\/\/www.araalicante.com\/en\/wp-json\/wp\/v2\/tags?post=4839"}],"curies":[{"name":"wp","href":"https:\/\/api.w.org\/{rel}","templated":true}]}}