{"id":4834,"date":"2025-06-02T11:55:19","date_gmt":"2025-06-02T09:55:19","guid":{"rendered":"https:\/\/www.araalicante.com\/marcas-de-restauracion-y-la-universidad-ceu-san-pablo-impulsan-el-talento-joven-con-la-inauguracion-del-aula-ceu-mdr\/"},"modified":"2025-06-02T11:55:19","modified_gmt":"2025-06-02T09:55:19","slug":"marcas-de-restauracion-y-la-universidad-ceu-san-pablo-impulsan-el-talento-joven-con-la-inauguracion-del-aula-ceu-mdr","status":"publish","type":"post","link":"https:\/\/www.araalicante.com\/en\/marcas-de-restauracion-y-la-universidad-ceu-san-pablo-impulsan-el-talento-joven-con-la-inauguracion-del-aula-ceu-mdr\/","title":{"rendered":"Marcas de Restauraci\u00f3n y la Universidad CEU San Pablo impulsan el talento joven con la inauguraci\u00f3n del Aula CEU-MDR"},"content":{"rendered":"<div>\n<p><img fetchpriority=\"high\" decoding=\"async\" class=\"aligncenter wp-image-32288 size-full lazyload\" src=\"https:\/\/www.hosteleriadigital.es\/wp-content\/uploads\/2025\/06\/Imagen-interior.jpg\" alt=\"\" width=\"570\" height=\"254\"\/><noscript><img loading=\"lazy\" decoding=\"async\" class=\"aligncenter wp-image-32288 size-full lazyload\" src=\"https:\/\/www.hosteleriadigital.es\/wp-content\/uploads\/2025\/06\/Imagen-interior.jpg\" alt=\"\" width=\"570\" height=\"254\" srcset=\"https:\/\/www.hosteleriadigital.es\/wp-content\/uploads\/2025\/06\/Imagen-interior.jpg 570w, https:\/\/www.hosteleriadigital.es\/wp-content\/uploads\/2025\/06\/Imagen-interior-300x134.jpg 300w, https:\/\/www.hosteleriadigital.es\/wp-content\/uploads\/2025\/06\/Imagen-interior-150x67.jpg 150w\" sizes=\"auto, (max-width: 570px) 100vw, 570px\"\/><\/noscript><\/p>\n<p>La Asociaci\u00f3n Marcas de Restauraci\u00f3n y la Universidad CEU San Pablo han inaugurado el Aula CEU-MDR, un nuevo espacio de colaboraci\u00f3n entre el entorno acad\u00e9mico y el sector empresarial con el objetivo claro de\u00a0<strong>formar perfiles profesionales que liderar\u00e1n la transformaci\u00f3n del sector en los pr\u00f3ximos a\u00f1os.<\/strong><\/p>\n<p>La inauguraci\u00f3n oficial se ha celebrado en la Facultad de Humanidades y Ciencias de la Comunicaci\u00f3n de la CEU USP, con la participaci\u00f3n de\u00a0<strong>Borja Hern\u00e1ndez de Alba<\/strong>, presidente de Marcas de Restauraci\u00f3n y CEO de RBE Europa, y<strong>\u00a0Adriana Bonezzi<\/strong>, directora general de la Asociaci\u00f3n.<\/p>\n<p><em>\u00abCuando hablamos de aulas como esta, no se trata solo de un espacio f\u00edsico: hablamos de una\u00a0<strong>responsabilidad compartida<\/strong>, tanto para los profesionales como para los estudiantes. Este tipo de iniciativas nos permiten, como empresas,\u00a0<strong>identificar talento, captar ideas y generar un v\u00ednculo directo con el entorno acad\u00e9mico.<\/strong>\u00a0Esa cercan\u00eda nos enriquece mutuamente y permite que los estudiantes conozcan de primera mano c\u00f3mo es el d\u00eda a d\u00eda en una empresa.\u201d,\u00a0<\/em>ha se\u00f1alado Hern\u00e1ndez de Alba, subrayando el valor estrat\u00e9gico de este tipo de alianzas.<\/p>\n<p>Por parte de la universidad ha intervenido la rectora,<strong>\u00a0Rosa Visiedo<\/strong>, quien ha agradecido a Marcas de Restauraci\u00f3n su implicaci\u00f3n activa y ha animado a los estudiantes a aprovechar este entorno privilegiado de aprendizaje.\u00a0<em>\u201cQueremos formar las personas que nuestra sociedad necesita, que el mundo empresarial nos demanda; personas que sean capaces de liderar el cambio, de comprometerse con la mejora de nuestro mundo. Tenemos un compromiso ineludible con el empleo, por eso queremos estar cerca de las empresas, escucharlas y saber qu\u00e9 demandan de nuestros estudiantes\u201d.<\/em><\/p>\n<p>El Aula CEU\u2013MDR est\u00e1 vinculada a la asignatura \u2018Inteligencia preventiva aplicada al lobby\u2019 que forma parte del plan de estudios del M\u00e1ster de Formaci\u00f3n Permanente en Comunicaci\u00f3n Corporativa Pol\u00edtica y Lobby del CEU. Cada mes, el Aula ser\u00e1 un\u00a0<strong>espacio activo de aprendizaje y desarrollo<\/strong>, que incluir\u00e1\u00a0<strong>jornadas de formaci\u00f3n<\/strong>\u00a0dise\u00f1adas conjuntamente entre ambas instituciones,\u00a0<strong>sesiones de innovaci\u00f3n y emprendimiento<\/strong>,\u00a0<strong>jornadas de assessment para la detecci\u00f3n de talento joven<\/strong>, y encuentros en los que Marcas de Restauraci\u00f3n se presentar\u00e1 como marca empleadora.<\/p>\n<p>Este proyecto nace como un modelo de colaboraci\u00f3n que trasciende el aula y conecta directamente con el entorno profesional. La iniciativa se convierte as\u00ed en una v\u00eda concreta para que los estudiantes puedan desarrollar competencias clave acceder a procesos reales de selecci\u00f3n y conocer de cerca a los actores que hoy est\u00e1n transformando el sector.<\/p>\n<p>M\u00e1s que un acuerdo acad\u00e9mico, este espacio es una apuesta por el futuro un espacio donde las ideas se prueban, los talentos se descubren, y la conexi\u00f3n entre universidad y empresa deja de ser teor\u00eda para convertirse en acci\u00f3n.<\/p>\n<\/div>\n<p><a href=\"https:\/\/www.hosteleriadigital.es\/2025\/06\/02\/marcas-de-restauracion-y-la-universidad-ceu-san-pablo-impulsan-el-talento-joven-con-la-inauguracion-del-aula-ceu-mdr\/\">source<\/a><\/p>","protected":false},"excerpt":{"rendered":"<p>La Asociaci\u00f3n Marcas de Restauraci\u00f3n y la Universidad CEU San Pablo han<span class=\"excerpt-hellip\"> [\u2026]<\/span><\/p>\n","protected":false},"author":17,"featured_media":0,"comment_status":"","ping_status":"","sticky":false,"template":"","format":"standard","meta":{"footnotes":""},"categories":[1],"tags":[],"class_list":["post-4834","post","type-post","status-publish","format-standard","hentry","category-noticias-externas"],"yoast_head":"<!-- This site is optimized with the Yoast SEO plugin v27.4 - https:\/\/yoast.com\/product\/yoast-seo-wordpress\/ -->\n<title>Marcas de Restauraci\u00f3n y la Universidad CEU San Pablo impulsan el talento joven con la inauguraci\u00f3n del Aula CEU-MDR - ARA | Asociaci\u00f3n de Restaurantes Alicante<\/title>\n<meta name=\"robots\" content=\"index, follow, max-snippet:-1, max-image-preview:large, max-video-preview:-1\" \/>\n<link rel=\"canonical\" href=\"https:\/\/www.araalicante.com\/en\/marcas-de-restauracion-y-la-universidad-ceu-san-pablo-impulsan-el-talento-joven-con-la-inauguracion-del-aula-ceu-mdr\/\" \/>\n<meta property=\"og:locale\" content=\"en_GB\" \/>\n<meta property=\"og:type\" content=\"article\" \/>\n<meta property=\"og:title\" content=\"Marcas de Restauraci\u00f3n y la Universidad CEU San Pablo impulsan el talento joven con la inauguraci\u00f3n del Aula CEU-MDR - ARA | Asociaci\u00f3n de Restaurantes Alicante\" \/>\n<meta property=\"og:description\" content=\"La Asociaci\u00f3n Marcas de Restauraci\u00f3n y la Universidad CEU San Pablo han [\u2026]\" \/>\n<meta property=\"og:url\" content=\"https:\/\/www.araalicante.com\/en\/marcas-de-restauracion-y-la-universidad-ceu-san-pablo-impulsan-el-talento-joven-con-la-inauguracion-del-aula-ceu-mdr\/\" \/>\n<meta property=\"og:site_name\" content=\"ARA | Asociaci\u00f3n de Restaurantes Alicante\" \/>\n<meta property=\"article:publisher\" content=\"https:\/\/www.facebook.com\/Ararestaurantesalicante\" \/>\n<meta property=\"article:published_time\" content=\"2025-06-02T09:55:19+00:00\" \/>\n<meta property=\"og:image\" content=\"https:\/\/www.araalicante.com\/wp-content\/uploads\/2023\/10\/Sin-titulo-1.png\" \/>\n\t<meta property=\"og:image:width\" content=\"200\" \/>\n\t<meta property=\"og:image:height\" content=\"200\" \/>\n\t<meta property=\"og:image:type\" content=\"image\/png\" \/>\n<meta name=\"author\" content=\"Antonio Palomera\" \/>\n<meta name=\"twitter:card\" content=\"summary_large_image\" \/>\n<meta name=\"twitter:label1\" content=\"Written by\" \/>\n\t<meta name=\"twitter:data1\" content=\"Antonio Palomera\" \/>\n\t<meta name=\"twitter:label2\" content=\"Estimated reading time\" \/>\n\t<meta name=\"twitter:data2\" content=\"2 minutes\" \/>\n<script type=\"application\/ld+json\" class=\"yoast-schema-graph\">{\"@context\":\"https:\\\/\\\/schema.org\",\"@graph\":[{\"@type\":\"Article\",\"@id\":\"https:\\\/\\\/www.araalicante.com\\\/marcas-de-restauracion-y-la-universidad-ceu-san-pablo-impulsan-el-talento-joven-con-la-inauguracion-del-aula-ceu-mdr\\\/#article\",\"isPartOf\":{\"@id\":\"https:\\\/\\\/www.araalicante.com\\\/marcas-de-restauracion-y-la-universidad-ceu-san-pablo-impulsan-el-talento-joven-con-la-inauguracion-del-aula-ceu-mdr\\\/\"},\"author\":{\"name\":\"Antonio Palomera\",\"@id\":\"https:\\\/\\\/www.araalicante.com\\\/#\\\/schema\\\/person\\\/066f68dc3db0406c0829af861c17332f\"},\"headline\":\"Marcas de Restauraci\u00f3n y la Universidad CEU San Pablo impulsan el talento joven con la inauguraci\u00f3n del Aula CEU-MDR\",\"datePublished\":\"2025-06-02T09:55:19+00:00\",\"mainEntityOfPage\":{\"@id\":\"https:\\\/\\\/www.araalicante.com\\\/marcas-de-restauracion-y-la-universidad-ceu-san-pablo-impulsan-el-talento-joven-con-la-inauguracion-del-aula-ceu-mdr\\\/\"},\"wordCount\":508,\"publisher\":{\"@id\":\"https:\\\/\\\/www.araalicante.com\\\/#organization\"},\"image\":{\"@id\":\"https:\\\/\\\/www.araalicante.com\\\/marcas-de-restauracion-y-la-universidad-ceu-san-pablo-impulsan-el-talento-joven-con-la-inauguracion-del-aula-ceu-mdr\\\/#primaryimage\"},\"thumbnailUrl\":\"https:\\\/\\\/www.hosteleriadigital.es\\\/wp-content\\\/uploads\\\/2025\\\/06\\\/Imagen-interior.jpg\",\"articleSection\":[\"Noticias externas\"],\"inLanguage\":\"en-GB\"},{\"@type\":\"WebPage\",\"@id\":\"https:\\\/\\\/www.araalicante.com\\\/marcas-de-restauracion-y-la-universidad-ceu-san-pablo-impulsan-el-talento-joven-con-la-inauguracion-del-aula-ceu-mdr\\\/\",\"url\":\"https:\\\/\\\/www.araalicante.com\\\/marcas-de-restauracion-y-la-universidad-ceu-san-pablo-impulsan-el-talento-joven-con-la-inauguracion-del-aula-ceu-mdr\\\/\",\"name\":\"Marcas de Restauraci\u00f3n y la Universidad CEU San Pablo impulsan el talento joven con la inauguraci\u00f3n del Aula CEU-MDR - ARA | Asociaci\u00f3n de Restaurantes Alicante\",\"isPartOf\":{\"@id\":\"https:\\\/\\\/www.araalicante.com\\\/#website\"},\"primaryImageOfPage\":{\"@id\":\"https:\\\/\\\/www.araalicante.com\\\/marcas-de-restauracion-y-la-universidad-ceu-san-pablo-impulsan-el-talento-joven-con-la-inauguracion-del-aula-ceu-mdr\\\/#primaryimage\"},\"image\":{\"@id\":\"https:\\\/\\\/www.araalicante.com\\\/marcas-de-restauracion-y-la-universidad-ceu-san-pablo-impulsan-el-talento-joven-con-la-inauguracion-del-aula-ceu-mdr\\\/#primaryimage\"},\"thumbnailUrl\":\"https:\\\/\\\/www.hosteleriadigital.es\\\/wp-content\\\/uploads\\\/2025\\\/06\\\/Imagen-interior.jpg\",\"datePublished\":\"2025-06-02T09:55:19+00:00\",\"breadcrumb\":{\"@id\":\"https:\\\/\\\/www.araalicante.com\\\/marcas-de-restauracion-y-la-universidad-ceu-san-pablo-impulsan-el-talento-joven-con-la-inauguracion-del-aula-ceu-mdr\\\/#breadcrumb\"},\"inLanguage\":\"en-GB\",\"potentialAction\":[{\"@type\":\"ReadAction\",\"target\":[\"https:\\\/\\\/www.araalicante.com\\\/marcas-de-restauracion-y-la-universidad-ceu-san-pablo-impulsan-el-talento-joven-con-la-inauguracion-del-aula-ceu-mdr\\\/\"]}]},{\"@type\":\"ImageObject\",\"inLanguage\":\"en-GB\",\"@id\":\"https:\\\/\\\/www.araalicante.com\\\/marcas-de-restauracion-y-la-universidad-ceu-san-pablo-impulsan-el-talento-joven-con-la-inauguracion-del-aula-ceu-mdr\\\/#primaryimage\",\"url\":\"https:\\\/\\\/www.hosteleriadigital.es\\\/wp-content\\\/uploads\\\/2025\\\/06\\\/Imagen-interior.jpg\",\"contentUrl\":\"https:\\\/\\\/www.hosteleriadigital.es\\\/wp-content\\\/uploads\\\/2025\\\/06\\\/Imagen-interior.jpg\"},{\"@type\":\"BreadcrumbList\",\"@id\":\"https:\\\/\\\/www.araalicante.com\\\/marcas-de-restauracion-y-la-universidad-ceu-san-pablo-impulsan-el-talento-joven-con-la-inauguracion-del-aula-ceu-mdr\\\/#breadcrumb\",\"itemListElement\":[{\"@type\":\"ListItem\",\"position\":1,\"name\":\"Portada\",\"item\":\"https:\\\/\\\/www.araalicante.com\\\/\"},{\"@type\":\"ListItem\",\"position\":2,\"name\":\"Marcas de Restauraci\u00f3n y la Universidad CEU San Pablo impulsan el talento joven con la inauguraci\u00f3n del Aula CEU-MDR\"}]},{\"@type\":\"WebSite\",\"@id\":\"https:\\\/\\\/www.araalicante.com\\\/#website\",\"url\":\"https:\\\/\\\/www.araalicante.com\\\/\",\"name\":\"ARA | Asociaci\u00f3n de Restaurantes Alicante\",\"description\":\"Producto local, restauraci\u00f3n de calidad en Alicante y su provincia\",\"publisher\":{\"@id\":\"https:\\\/\\\/www.araalicante.com\\\/#organization\"},\"potentialAction\":[{\"@type\":\"SearchAction\",\"target\":{\"@type\":\"EntryPoint\",\"urlTemplate\":\"https:\\\/\\\/www.araalicante.com\\\/?s={search_term_string}\"},\"query-input\":{\"@type\":\"PropertyValueSpecification\",\"valueRequired\":true,\"valueName\":\"search_term_string\"}}],\"inLanguage\":\"en-GB\"},{\"@type\":\"Organization\",\"@id\":\"https:\\\/\\\/www.araalicante.com\\\/#organization\",\"name\":\"ARA | Asociaci\u00f3n de Restaurantes Alicante\",\"url\":\"https:\\\/\\\/www.araalicante.com\\\/\",\"logo\":{\"@type\":\"ImageObject\",\"inLanguage\":\"en-GB\",\"@id\":\"https:\\\/\\\/www.araalicante.com\\\/#\\\/schema\\\/logo\\\/image\\\/\",\"url\":\"https:\\\/\\\/www.araalicante.com\\\/wp-content\\\/uploads\\\/2023\\\/09\\\/logoara.png\",\"contentUrl\":\"https:\\\/\\\/www.araalicante.com\\\/wp-content\\\/uploads\\\/2023\\\/09\\\/logoara.png\",\"width\":400,\"height\":85,\"caption\":\"ARA | Asociaci\u00f3n de Restaurantes Alicante\"},\"image\":{\"@id\":\"https:\\\/\\\/www.araalicante.com\\\/#\\\/schema\\\/logo\\\/image\\\/\"},\"sameAs\":[\"https:\\\/\\\/www.facebook.com\\\/Ararestaurantesalicante\",\"https:\\\/\\\/www.instagram.com\\\/ararestaurantesalicante\\\/\"]},{\"@type\":\"Person\",\"@id\":\"https:\\\/\\\/www.araalicante.com\\\/#\\\/schema\\\/person\\\/066f68dc3db0406c0829af861c17332f\",\"name\":\"Antonio Palomera\",\"image\":{\"@type\":\"ImageObject\",\"inLanguage\":\"en-GB\",\"@id\":\"https:\\\/\\\/secure.gravatar.com\\\/avatar\\\/a8378756bb866d8a91ea5808ee291ef099888cc76273b42162b3ab961b9da5df?s=96&d=mm&r=g\",\"url\":\"https:\\\/\\\/secure.gravatar.com\\\/avatar\\\/a8378756bb866d8a91ea5808ee291ef099888cc76273b42162b3ab961b9da5df?s=96&d=mm&r=g\",\"contentUrl\":\"https:\\\/\\\/secure.gravatar.com\\\/avatar\\\/a8378756bb866d8a91ea5808ee291ef099888cc76273b42162b3ab961b9da5df?s=96&d=mm&r=g\",\"caption\":\"Antonio Palomera\"},\"url\":\"https:\\\/\\\/www.araalicante.com\\\/en\\\/author\\\/antonio\\\/\"}]}<\/script>\n<!-- \/ Yoast SEO plugin. -->","yoast_head_json":{"title":"Marcas de Restauraci\u00f3n y la Universidad CEU San Pablo impulsan el talento joven con la inauguraci\u00f3n del Aula CEU-MDR - ARA | Asociaci\u00f3n de Restaurantes Alicante","robots":{"index":"index","follow":"follow","max-snippet":"max-snippet:-1","max-image-preview":"max-image-preview:large","max-video-preview":"max-video-preview:-1"},"canonical":"https:\/\/www.araalicante.com\/en\/marcas-de-restauracion-y-la-universidad-ceu-san-pablo-impulsan-el-talento-joven-con-la-inauguracion-del-aula-ceu-mdr\/","og_locale":"en_GB","og_type":"article","og_title":"Marcas de Restauraci\u00f3n y la Universidad CEU San Pablo impulsan el talento joven con la inauguraci\u00f3n del Aula CEU-MDR - ARA | Asociaci\u00f3n de Restaurantes Alicante","og_description":"La Asociaci\u00f3n Marcas de Restauraci\u00f3n y la Universidad CEU San Pablo han [\u2026]","og_url":"https:\/\/www.araalicante.com\/en\/marcas-de-restauracion-y-la-universidad-ceu-san-pablo-impulsan-el-talento-joven-con-la-inauguracion-del-aula-ceu-mdr\/","og_site_name":"ARA | Asociaci\u00f3n de Restaurantes Alicante","article_publisher":"https:\/\/www.facebook.com\/Ararestaurantesalicante","article_published_time":"2025-06-02T09:55:19+00:00","og_image":[{"width":200,"height":200,"url":"https:\/\/www.araalicante.com\/wp-content\/uploads\/2023\/10\/Sin-titulo-1.png","type":"image\/png"}],"author":"Antonio Palomera","twitter_card":"summary_large_image","twitter_misc":{"Written by":"Antonio Palomera","Estimated reading time":"2 minutes"},"schema":{"@context":"https:\/\/schema.org","@graph":[{"@type":"Article","@id":"https:\/\/www.araalicante.com\/marcas-de-restauracion-y-la-universidad-ceu-san-pablo-impulsan-el-talento-joven-con-la-inauguracion-del-aula-ceu-mdr\/#article","isPartOf":{"@id":"https:\/\/www.araalicante.com\/marcas-de-restauracion-y-la-universidad-ceu-san-pablo-impulsan-el-talento-joven-con-la-inauguracion-del-aula-ceu-mdr\/"},"author":{"name":"Antonio Palomera","@id":"https:\/\/www.araalicante.com\/#\/schema\/person\/066f68dc3db0406c0829af861c17332f"},"headline":"Marcas de Restauraci\u00f3n y la Universidad CEU San Pablo impulsan el talento joven con la inauguraci\u00f3n del Aula CEU-MDR","datePublished":"2025-06-02T09:55:19+00:00","mainEntityOfPage":{"@id":"https:\/\/www.araalicante.com\/marcas-de-restauracion-y-la-universidad-ceu-san-pablo-impulsan-el-talento-joven-con-la-inauguracion-del-aula-ceu-mdr\/"},"wordCount":508,"publisher":{"@id":"https:\/\/www.araalicante.com\/#organization"},"image":{"@id":"https:\/\/www.araalicante.com\/marcas-de-restauracion-y-la-universidad-ceu-san-pablo-impulsan-el-talento-joven-con-la-inauguracion-del-aula-ceu-mdr\/#primaryimage"},"thumbnailUrl":"https:\/\/www.hosteleriadigital.es\/wp-content\/uploads\/2025\/06\/Imagen-interior.jpg","articleSection":["Noticias externas"],"inLanguage":"en-GB"},{"@type":"WebPage","@id":"https:\/\/www.araalicante.com\/marcas-de-restauracion-y-la-universidad-ceu-san-pablo-impulsan-el-talento-joven-con-la-inauguracion-del-aula-ceu-mdr\/","url":"https:\/\/www.araalicante.com\/marcas-de-restauracion-y-la-universidad-ceu-san-pablo-impulsan-el-talento-joven-con-la-inauguracion-del-aula-ceu-mdr\/","name":"Marcas de Restauraci\u00f3n y la Universidad CEU San Pablo impulsan el talento joven con la inauguraci\u00f3n del Aula CEU-MDR - ARA | Asociaci\u00f3n de Restaurantes Alicante","isPartOf":{"@id":"https:\/\/www.araalicante.com\/#website"},"primaryImageOfPage":{"@id":"https:\/\/www.araalicante.com\/marcas-de-restauracion-y-la-universidad-ceu-san-pablo-impulsan-el-talento-joven-con-la-inauguracion-del-aula-ceu-mdr\/#primaryimage"},"image":{"@id":"https:\/\/www.araalicante.com\/marcas-de-restauracion-y-la-universidad-ceu-san-pablo-impulsan-el-talento-joven-con-la-inauguracion-del-aula-ceu-mdr\/#primaryimage"},"thumbnailUrl":"https:\/\/www.hosteleriadigital.es\/wp-content\/uploads\/2025\/06\/Imagen-interior.jpg","datePublished":"2025-06-02T09:55:19+00:00","breadcrumb":{"@id":"https:\/\/www.araalicante.com\/marcas-de-restauracion-y-la-universidad-ceu-san-pablo-impulsan-el-talento-joven-con-la-inauguracion-del-aula-ceu-mdr\/#breadcrumb"},"inLanguage":"en-GB","potentialAction":[{"@type":"ReadAction","target":["https:\/\/www.araalicante.com\/marcas-de-restauracion-y-la-universidad-ceu-san-pablo-impulsan-el-talento-joven-con-la-inauguracion-del-aula-ceu-mdr\/"]}]},{"@type":"ImageObject","inLanguage":"en-GB","@id":"https:\/\/www.araalicante.com\/marcas-de-restauracion-y-la-universidad-ceu-san-pablo-impulsan-el-talento-joven-con-la-inauguracion-del-aula-ceu-mdr\/#primaryimage","url":"https:\/\/www.hosteleriadigital.es\/wp-content\/uploads\/2025\/06\/Imagen-interior.jpg","contentUrl":"https:\/\/www.hosteleriadigital.es\/wp-content\/uploads\/2025\/06\/Imagen-interior.jpg"},{"@type":"BreadcrumbList","@id":"https:\/\/www.araalicante.com\/marcas-de-restauracion-y-la-universidad-ceu-san-pablo-impulsan-el-talento-joven-con-la-inauguracion-del-aula-ceu-mdr\/#breadcrumb","itemListElement":[{"@type":"ListItem","position":1,"name":"Portada","item":"https:\/\/www.araalicante.com\/"},{"@type":"ListItem","position":2,"name":"Marcas de Restauraci\u00f3n y la Universidad CEU San Pablo impulsan el talento joven con la inauguraci\u00f3n del Aula CEU-MDR"}]},{"@type":"WebSite","@id":"https:\/\/www.araalicante.com\/#website","url":"https:\/\/www.araalicante.com\/","name":"ARA | Asociaci\u00f3n de Restaurantes Alicante","description":"Producto local, restauraci\u00f3n de calidad en Alicante y su provincia","publisher":{"@id":"https:\/\/www.araalicante.com\/#organization"},"potentialAction":[{"@type":"SearchAction","target":{"@type":"EntryPoint","urlTemplate":"https:\/\/www.araalicante.com\/?s={search_term_string}"},"query-input":{"@type":"PropertyValueSpecification","valueRequired":true,"valueName":"search_term_string"}}],"inLanguage":"en-GB"},{"@type":"Organization","@id":"https:\/\/www.araalicante.com\/#organization","name":"ARA | Asociaci\u00f3n de Restaurantes Alicante","url":"https:\/\/www.araalicante.com\/","logo":{"@type":"ImageObject","inLanguage":"en-GB","@id":"https:\/\/www.araalicante.com\/#\/schema\/logo\/image\/","url":"https:\/\/www.araalicante.com\/wp-content\/uploads\/2023\/09\/logoara.png","contentUrl":"https:\/\/www.araalicante.com\/wp-content\/uploads\/2023\/09\/logoara.png","width":400,"height":85,"caption":"ARA | Asociaci\u00f3n de Restaurantes Alicante"},"image":{"@id":"https:\/\/www.araalicante.com\/#\/schema\/logo\/image\/"},"sameAs":["https:\/\/www.facebook.com\/Ararestaurantesalicante","https:\/\/www.instagram.com\/ararestaurantesalicante\/"]},{"@type":"Person","@id":"https:\/\/www.araalicante.com\/#\/schema\/person\/066f68dc3db0406c0829af861c17332f","name":"Antonio Palomera","image":{"@type":"ImageObject","inLanguage":"en-GB","@id":"https:\/\/secure.gravatar.com\/avatar\/a8378756bb866d8a91ea5808ee291ef099888cc76273b42162b3ab961b9da5df?s=96&d=mm&r=g","url":"https:\/\/secure.gravatar.com\/avatar\/a8378756bb866d8a91ea5808ee291ef099888cc76273b42162b3ab961b9da5df?s=96&d=mm&r=g","contentUrl":"https:\/\/secure.gravatar.com\/avatar\/a8378756bb866d8a91ea5808ee291ef099888cc76273b42162b3ab961b9da5df?s=96&d=mm&r=g","caption":"Antonio Palomera"},"url":"https:\/\/www.araalicante.com\/en\/author\/antonio\/"}]}},"_links":{"self":[{"href":"https:\/\/www.araalicante.com\/en\/wp-json\/wp\/v2\/posts\/4834","targetHints":{"allow":["GET"]}}],"collection":[{"href":"https:\/\/www.araalicante.com\/en\/wp-json\/wp\/v2\/posts"}],"about":[{"href":"https:\/\/www.araalicante.com\/en\/wp-json\/wp\/v2\/types\/post"}],"author":[{"embeddable":true,"href":"https:\/\/www.araalicante.com\/en\/wp-json\/wp\/v2\/users\/17"}],"replies":[{"embeddable":true,"href":"https:\/\/www.araalicante.com\/en\/wp-json\/wp\/v2\/comments?post=4834"}],"version-history":[{"count":0,"href":"https:\/\/www.araalicante.com\/en\/wp-json\/wp\/v2\/posts\/4834\/revisions"}],"wp:attachment":[{"href":"https:\/\/www.araalicante.com\/en\/wp-json\/wp\/v2\/media?parent=4834"}],"wp:term":[{"taxonomy":"category","embeddable":true,"href":"https:\/\/www.araalicante.com\/en\/wp-json\/wp\/v2\/categories?post=4834"},{"taxonomy":"post_tag","embeddable":true,"href":"https:\/\/www.araalicante.com\/en\/wp-json\/wp\/v2\/tags?post=4834"}],"curies":[{"name":"wp","href":"https:\/\/api.w.org\/{rel}","templated":true}]}}