{"id":4829,"date":"2025-05-30T16:34:11","date_gmt":"2025-05-30T14:34:11","guid":{"rendered":"https:\/\/www.araalicante.com\/los-asientos-previstos-en-vuelos-internacionales-alcanzan-los-122-millones-en-el-mes-de-junio-un-47-mas-que-hace-un-ano\/"},"modified":"2025-05-30T16:34:11","modified_gmt":"2025-05-30T14:34:11","slug":"los-asientos-previstos-en-vuelos-internacionales-alcanzan-los-122-millones-en-el-mes-de-junio-un-47-mas-que-hace-un-ano","status":"publish","type":"post","link":"https:\/\/www.araalicante.com\/en\/los-asientos-previstos-en-vuelos-internacionales-alcanzan-los-122-millones-en-el-mes-de-junio-un-47-mas-que-hace-un-ano\/","title":{"rendered":"Los asientos previstos en vuelos internacionales alcanzan los 12,2 millones en el mes de junio, un 4,7% m\u00e1s que hace un a\u00f1o"},"content":{"rendered":"<div>\n<p>El n\u00famero total de asientos previstos en vuelos internacionales hacia Espa\u00f1a para el mes de junio de 2025 supera los 12,2 millones, seg\u00fan datos difundidos por Turespa\u00f1a. En comparaci\u00f3n con el mismo mes del a\u00f1o anterior, cuando se ofertaron 11,7 millones, el incremento interanual es del 4,7%.<\/p>\n<p>Comparando las previsiones de n\u00famero de asientos con los datos registrados en el mismo periodo de 2024, junio proyecta un buen comportamiento de los principales mercados emisores. Reino Unido incrementa sus plazas un 5%, Alemania suma un 0,9%, Francia un 1,3% e Italia presenta una intensidad superior con el 9,3% de incremento.<\/p>\n<p>Los pa\u00edses n\u00f3rdicos, por el contrario, pierden dinamismo y contraen los asientos previstos en junio, Dinamarca un 8,0% menos, Suecia un -5,7%, Noruega -9,6 % y Finlandia un -3,5%. Destaca la aceleraci\u00f3n de Polonia y Turqu\u00eda con una proyecci\u00f3n de crecimiento superior al 15% respectivamente.<\/p>\n<p>Por su parte Estados Unidos proyecta un crecimiento del 3,1% en junio. Entre los pa\u00edses iberoamericanos, Colombia y M\u00e9xico registran el mayor volumen de capacidades programadas, con una notable subida del 11,1% el primero, y una ca\u00edda del \u2013 5,0 % el segundo para el sexto mes del a\u00f1o.<\/p>\n<\/div>\n<p><a href=\"https:\/\/www.hosteleriadigital.es\/2025\/05\/30\/los-asientos-previstos-en-vuelos-internacionales-alcanzan-los-122-millones-en-el-mes-de-junio-un-47-mas-que-hace-un-ano\/\">source<\/a><\/p>","protected":false},"excerpt":{"rendered":"<p>El n\u00famero total de asientos previstos en vuelos internacionales hacia Espa\u00f1a para<span class=\"excerpt-hellip\"> [\u2026]<\/span><\/p>\n","protected":false},"author":17,"featured_media":0,"comment_status":"","ping_status":"","sticky":false,"template":"","format":"standard","meta":{"footnotes":""},"categories":[1],"tags":[],"class_list":["post-4829","post","type-post","status-publish","format-standard","hentry","category-noticias-externas"],"yoast_head":"<!-- This site is optimized with the Yoast SEO plugin v27.4 - https:\/\/yoast.com\/product\/yoast-seo-wordpress\/ -->\n<title>Los asientos previstos en vuelos internacionales alcanzan los 12,2 millones en el mes de junio, un 4,7% m\u00e1s que hace un a\u00f1o - ARA | Asociaci\u00f3n de Restaurantes Alicante<\/title>\n<meta name=\"robots\" content=\"index, follow, max-snippet:-1, max-image-preview:large, max-video-preview:-1\" \/>\n<link rel=\"canonical\" href=\"https:\/\/www.araalicante.com\/en\/los-asientos-previstos-en-vuelos-internacionales-alcanzan-los-122-millones-en-el-mes-de-junio-un-47-mas-que-hace-un-ano\/\" \/>\n<meta property=\"og:locale\" content=\"en_GB\" \/>\n<meta property=\"og:type\" content=\"article\" \/>\n<meta property=\"og:title\" content=\"Los asientos previstos en vuelos internacionales alcanzan los 12,2 millones en el mes de junio, un 4,7% m\u00e1s que hace un a\u00f1o - ARA | Asociaci\u00f3n de Restaurantes Alicante\" \/>\n<meta property=\"og:description\" content=\"El n\u00famero total de asientos previstos en vuelos internacionales hacia Espa\u00f1a para [\u2026]\" \/>\n<meta property=\"og:url\" content=\"https:\/\/www.araalicante.com\/en\/los-asientos-previstos-en-vuelos-internacionales-alcanzan-los-122-millones-en-el-mes-de-junio-un-47-mas-que-hace-un-ano\/\" \/>\n<meta property=\"og:site_name\" content=\"ARA | Asociaci\u00f3n de Restaurantes Alicante\" \/>\n<meta property=\"article:publisher\" content=\"https:\/\/www.facebook.com\/Ararestaurantesalicante\" \/>\n<meta property=\"article:published_time\" content=\"2025-05-30T14:34:11+00:00\" \/>\n<meta property=\"og:image\" content=\"https:\/\/www.araalicante.com\/wp-content\/uploads\/2023\/10\/Sin-titulo-1.png\" \/>\n\t<meta property=\"og:image:width\" content=\"200\" \/>\n\t<meta property=\"og:image:height\" content=\"200\" \/>\n\t<meta property=\"og:image:type\" content=\"image\/png\" \/>\n<meta name=\"author\" content=\"Antonio Palomera\" \/>\n<meta name=\"twitter:card\" content=\"summary_large_image\" \/>\n<meta name=\"twitter:label1\" content=\"Written by\" \/>\n\t<meta name=\"twitter:data1\" content=\"Antonio Palomera\" \/>\n\t<meta name=\"twitter:label2\" content=\"Estimated reading time\" \/>\n\t<meta name=\"twitter:data2\" content=\"1 minute\" \/>\n<script type=\"application\/ld+json\" class=\"yoast-schema-graph\">{\"@context\":\"https:\\\/\\\/schema.org\",\"@graph\":[{\"@type\":\"Article\",\"@id\":\"https:\\\/\\\/www.araalicante.com\\\/los-asientos-previstos-en-vuelos-internacionales-alcanzan-los-122-millones-en-el-mes-de-junio-un-47-mas-que-hace-un-ano\\\/#article\",\"isPartOf\":{\"@id\":\"https:\\\/\\\/www.araalicante.com\\\/los-asientos-previstos-en-vuelos-internacionales-alcanzan-los-122-millones-en-el-mes-de-junio-un-47-mas-que-hace-un-ano\\\/\"},\"author\":{\"name\":\"Antonio Palomera\",\"@id\":\"https:\\\/\\\/www.araalicante.com\\\/#\\\/schema\\\/person\\\/066f68dc3db0406c0829af861c17332f\"},\"headline\":\"Los asientos previstos en vuelos internacionales alcanzan los 12,2 millones en el mes de junio, un 4,7% m\u00e1s que hace un a\u00f1o\",\"datePublished\":\"2025-05-30T14:34:11+00:00\",\"mainEntityOfPage\":{\"@id\":\"https:\\\/\\\/www.araalicante.com\\\/los-asientos-previstos-en-vuelos-internacionales-alcanzan-los-122-millones-en-el-mes-de-junio-un-47-mas-que-hace-un-ano\\\/\"},\"wordCount\":215,\"publisher\":{\"@id\":\"https:\\\/\\\/www.araalicante.com\\\/#organization\"},\"articleSection\":[\"Noticias externas\"],\"inLanguage\":\"en-GB\"},{\"@type\":\"WebPage\",\"@id\":\"https:\\\/\\\/www.araalicante.com\\\/los-asientos-previstos-en-vuelos-internacionales-alcanzan-los-122-millones-en-el-mes-de-junio-un-47-mas-que-hace-un-ano\\\/\",\"url\":\"https:\\\/\\\/www.araalicante.com\\\/los-asientos-previstos-en-vuelos-internacionales-alcanzan-los-122-millones-en-el-mes-de-junio-un-47-mas-que-hace-un-ano\\\/\",\"name\":\"Los asientos previstos en vuelos internacionales alcanzan los 12,2 millones en el mes de junio, un 4,7% m\u00e1s que hace un a\u00f1o - ARA | Asociaci\u00f3n de Restaurantes Alicante\",\"isPartOf\":{\"@id\":\"https:\\\/\\\/www.araalicante.com\\\/#website\"},\"datePublished\":\"2025-05-30T14:34:11+00:00\",\"breadcrumb\":{\"@id\":\"https:\\\/\\\/www.araalicante.com\\\/los-asientos-previstos-en-vuelos-internacionales-alcanzan-los-122-millones-en-el-mes-de-junio-un-47-mas-que-hace-un-ano\\\/#breadcrumb\"},\"inLanguage\":\"en-GB\",\"potentialAction\":[{\"@type\":\"ReadAction\",\"target\":[\"https:\\\/\\\/www.araalicante.com\\\/los-asientos-previstos-en-vuelos-internacionales-alcanzan-los-122-millones-en-el-mes-de-junio-un-47-mas-que-hace-un-ano\\\/\"]}]},{\"@type\":\"BreadcrumbList\",\"@id\":\"https:\\\/\\\/www.araalicante.com\\\/los-asientos-previstos-en-vuelos-internacionales-alcanzan-los-122-millones-en-el-mes-de-junio-un-47-mas-que-hace-un-ano\\\/#breadcrumb\",\"itemListElement\":[{\"@type\":\"ListItem\",\"position\":1,\"name\":\"Portada\",\"item\":\"https:\\\/\\\/www.araalicante.com\\\/\"},{\"@type\":\"ListItem\",\"position\":2,\"name\":\"Los asientos previstos en vuelos internacionales alcanzan los 12,2 millones en el mes de junio, un 4,7% m\u00e1s que hace un a\u00f1o\"}]},{\"@type\":\"WebSite\",\"@id\":\"https:\\\/\\\/www.araalicante.com\\\/#website\",\"url\":\"https:\\\/\\\/www.araalicante.com\\\/\",\"name\":\"ARA | Asociaci\u00f3n de Restaurantes Alicante\",\"description\":\"Producto local, restauraci\u00f3n de calidad en Alicante y su provincia\",\"publisher\":{\"@id\":\"https:\\\/\\\/www.araalicante.com\\\/#organization\"},\"potentialAction\":[{\"@type\":\"SearchAction\",\"target\":{\"@type\":\"EntryPoint\",\"urlTemplate\":\"https:\\\/\\\/www.araalicante.com\\\/?s={search_term_string}\"},\"query-input\":{\"@type\":\"PropertyValueSpecification\",\"valueRequired\":true,\"valueName\":\"search_term_string\"}}],\"inLanguage\":\"en-GB\"},{\"@type\":\"Organization\",\"@id\":\"https:\\\/\\\/www.araalicante.com\\\/#organization\",\"name\":\"ARA | Asociaci\u00f3n de Restaurantes Alicante\",\"url\":\"https:\\\/\\\/www.araalicante.com\\\/\",\"logo\":{\"@type\":\"ImageObject\",\"inLanguage\":\"en-GB\",\"@id\":\"https:\\\/\\\/www.araalicante.com\\\/#\\\/schema\\\/logo\\\/image\\\/\",\"url\":\"https:\\\/\\\/www.araalicante.com\\\/wp-content\\\/uploads\\\/2023\\\/09\\\/logoara.png\",\"contentUrl\":\"https:\\\/\\\/www.araalicante.com\\\/wp-content\\\/uploads\\\/2023\\\/09\\\/logoara.png\",\"width\":400,\"height\":85,\"caption\":\"ARA | Asociaci\u00f3n de Restaurantes Alicante\"},\"image\":{\"@id\":\"https:\\\/\\\/www.araalicante.com\\\/#\\\/schema\\\/logo\\\/image\\\/\"},\"sameAs\":[\"https:\\\/\\\/www.facebook.com\\\/Ararestaurantesalicante\",\"https:\\\/\\\/www.instagram.com\\\/ararestaurantesalicante\\\/\"]},{\"@type\":\"Person\",\"@id\":\"https:\\\/\\\/www.araalicante.com\\\/#\\\/schema\\\/person\\\/066f68dc3db0406c0829af861c17332f\",\"name\":\"Antonio Palomera\",\"image\":{\"@type\":\"ImageObject\",\"inLanguage\":\"en-GB\",\"@id\":\"https:\\\/\\\/secure.gravatar.com\\\/avatar\\\/a8378756bb866d8a91ea5808ee291ef099888cc76273b42162b3ab961b9da5df?s=96&d=mm&r=g\",\"url\":\"https:\\\/\\\/secure.gravatar.com\\\/avatar\\\/a8378756bb866d8a91ea5808ee291ef099888cc76273b42162b3ab961b9da5df?s=96&d=mm&r=g\",\"contentUrl\":\"https:\\\/\\\/secure.gravatar.com\\\/avatar\\\/a8378756bb866d8a91ea5808ee291ef099888cc76273b42162b3ab961b9da5df?s=96&d=mm&r=g\",\"caption\":\"Antonio Palomera\"},\"url\":\"https:\\\/\\\/www.araalicante.com\\\/en\\\/author\\\/antonio\\\/\"}]}<\/script>\n<!-- \/ Yoast SEO plugin. -->","yoast_head_json":{"title":"Los asientos previstos en vuelos internacionales alcanzan los 12,2 millones en el mes de junio, un 4,7% m\u00e1s que hace un a\u00f1o - ARA | Asociaci\u00f3n de Restaurantes Alicante","robots":{"index":"index","follow":"follow","max-snippet":"max-snippet:-1","max-image-preview":"max-image-preview:large","max-video-preview":"max-video-preview:-1"},"canonical":"https:\/\/www.araalicante.com\/en\/los-asientos-previstos-en-vuelos-internacionales-alcanzan-los-122-millones-en-el-mes-de-junio-un-47-mas-que-hace-un-ano\/","og_locale":"en_GB","og_type":"article","og_title":"Los asientos previstos en vuelos internacionales alcanzan los 12,2 millones en el mes de junio, un 4,7% m\u00e1s que hace un a\u00f1o - ARA | Asociaci\u00f3n de Restaurantes Alicante","og_description":"El n\u00famero total de asientos previstos en vuelos internacionales hacia Espa\u00f1a para [\u2026]","og_url":"https:\/\/www.araalicante.com\/en\/los-asientos-previstos-en-vuelos-internacionales-alcanzan-los-122-millones-en-el-mes-de-junio-un-47-mas-que-hace-un-ano\/","og_site_name":"ARA | Asociaci\u00f3n de Restaurantes Alicante","article_publisher":"https:\/\/www.facebook.com\/Ararestaurantesalicante","article_published_time":"2025-05-30T14:34:11+00:00","og_image":[{"width":200,"height":200,"url":"https:\/\/www.araalicante.com\/wp-content\/uploads\/2023\/10\/Sin-titulo-1.png","type":"image\/png"}],"author":"Antonio Palomera","twitter_card":"summary_large_image","twitter_misc":{"Written by":"Antonio Palomera","Estimated reading time":"1 minute"},"schema":{"@context":"https:\/\/schema.org","@graph":[{"@type":"Article","@id":"https:\/\/www.araalicante.com\/los-asientos-previstos-en-vuelos-internacionales-alcanzan-los-122-millones-en-el-mes-de-junio-un-47-mas-que-hace-un-ano\/#article","isPartOf":{"@id":"https:\/\/www.araalicante.com\/los-asientos-previstos-en-vuelos-internacionales-alcanzan-los-122-millones-en-el-mes-de-junio-un-47-mas-que-hace-un-ano\/"},"author":{"name":"Antonio Palomera","@id":"https:\/\/www.araalicante.com\/#\/schema\/person\/066f68dc3db0406c0829af861c17332f"},"headline":"Los asientos previstos en vuelos internacionales alcanzan los 12,2 millones en el mes de junio, un 4,7% m\u00e1s que hace un a\u00f1o","datePublished":"2025-05-30T14:34:11+00:00","mainEntityOfPage":{"@id":"https:\/\/www.araalicante.com\/los-asientos-previstos-en-vuelos-internacionales-alcanzan-los-122-millones-en-el-mes-de-junio-un-47-mas-que-hace-un-ano\/"},"wordCount":215,"publisher":{"@id":"https:\/\/www.araalicante.com\/#organization"},"articleSection":["Noticias externas"],"inLanguage":"en-GB"},{"@type":"WebPage","@id":"https:\/\/www.araalicante.com\/los-asientos-previstos-en-vuelos-internacionales-alcanzan-los-122-millones-en-el-mes-de-junio-un-47-mas-que-hace-un-ano\/","url":"https:\/\/www.araalicante.com\/los-asientos-previstos-en-vuelos-internacionales-alcanzan-los-122-millones-en-el-mes-de-junio-un-47-mas-que-hace-un-ano\/","name":"Los asientos previstos en vuelos internacionales alcanzan los 12,2 millones en el mes de junio, un 4,7% m\u00e1s que hace un a\u00f1o - ARA | Asociaci\u00f3n de Restaurantes Alicante","isPartOf":{"@id":"https:\/\/www.araalicante.com\/#website"},"datePublished":"2025-05-30T14:34:11+00:00","breadcrumb":{"@id":"https:\/\/www.araalicante.com\/los-asientos-previstos-en-vuelos-internacionales-alcanzan-los-122-millones-en-el-mes-de-junio-un-47-mas-que-hace-un-ano\/#breadcrumb"},"inLanguage":"en-GB","potentialAction":[{"@type":"ReadAction","target":["https:\/\/www.araalicante.com\/los-asientos-previstos-en-vuelos-internacionales-alcanzan-los-122-millones-en-el-mes-de-junio-un-47-mas-que-hace-un-ano\/"]}]},{"@type":"BreadcrumbList","@id":"https:\/\/www.araalicante.com\/los-asientos-previstos-en-vuelos-internacionales-alcanzan-los-122-millones-en-el-mes-de-junio-un-47-mas-que-hace-un-ano\/#breadcrumb","itemListElement":[{"@type":"ListItem","position":1,"name":"Portada","item":"https:\/\/www.araalicante.com\/"},{"@type":"ListItem","position":2,"name":"Los asientos previstos en vuelos internacionales alcanzan los 12,2 millones en el mes de junio, un 4,7% m\u00e1s que hace un a\u00f1o"}]},{"@type":"WebSite","@id":"https:\/\/www.araalicante.com\/#website","url":"https:\/\/www.araalicante.com\/","name":"ARA | Asociaci\u00f3n de Restaurantes Alicante","description":"Producto local, restauraci\u00f3n de calidad en Alicante y su provincia","publisher":{"@id":"https:\/\/www.araalicante.com\/#organization"},"potentialAction":[{"@type":"SearchAction","target":{"@type":"EntryPoint","urlTemplate":"https:\/\/www.araalicante.com\/?s={search_term_string}"},"query-input":{"@type":"PropertyValueSpecification","valueRequired":true,"valueName":"search_term_string"}}],"inLanguage":"en-GB"},{"@type":"Organization","@id":"https:\/\/www.araalicante.com\/#organization","name":"ARA | Asociaci\u00f3n de Restaurantes Alicante","url":"https:\/\/www.araalicante.com\/","logo":{"@type":"ImageObject","inLanguage":"en-GB","@id":"https:\/\/www.araalicante.com\/#\/schema\/logo\/image\/","url":"https:\/\/www.araalicante.com\/wp-content\/uploads\/2023\/09\/logoara.png","contentUrl":"https:\/\/www.araalicante.com\/wp-content\/uploads\/2023\/09\/logoara.png","width":400,"height":85,"caption":"ARA | Asociaci\u00f3n de Restaurantes Alicante"},"image":{"@id":"https:\/\/www.araalicante.com\/#\/schema\/logo\/image\/"},"sameAs":["https:\/\/www.facebook.com\/Ararestaurantesalicante","https:\/\/www.instagram.com\/ararestaurantesalicante\/"]},{"@type":"Person","@id":"https:\/\/www.araalicante.com\/#\/schema\/person\/066f68dc3db0406c0829af861c17332f","name":"Antonio Palomera","image":{"@type":"ImageObject","inLanguage":"en-GB","@id":"https:\/\/secure.gravatar.com\/avatar\/a8378756bb866d8a91ea5808ee291ef099888cc76273b42162b3ab961b9da5df?s=96&d=mm&r=g","url":"https:\/\/secure.gravatar.com\/avatar\/a8378756bb866d8a91ea5808ee291ef099888cc76273b42162b3ab961b9da5df?s=96&d=mm&r=g","contentUrl":"https:\/\/secure.gravatar.com\/avatar\/a8378756bb866d8a91ea5808ee291ef099888cc76273b42162b3ab961b9da5df?s=96&d=mm&r=g","caption":"Antonio Palomera"},"url":"https:\/\/www.araalicante.com\/en\/author\/antonio\/"}]}},"_links":{"self":[{"href":"https:\/\/www.araalicante.com\/en\/wp-json\/wp\/v2\/posts\/4829","targetHints":{"allow":["GET"]}}],"collection":[{"href":"https:\/\/www.araalicante.com\/en\/wp-json\/wp\/v2\/posts"}],"about":[{"href":"https:\/\/www.araalicante.com\/en\/wp-json\/wp\/v2\/types\/post"}],"author":[{"embeddable":true,"href":"https:\/\/www.araalicante.com\/en\/wp-json\/wp\/v2\/users\/17"}],"replies":[{"embeddable":true,"href":"https:\/\/www.araalicante.com\/en\/wp-json\/wp\/v2\/comments?post=4829"}],"version-history":[{"count":0,"href":"https:\/\/www.araalicante.com\/en\/wp-json\/wp\/v2\/posts\/4829\/revisions"}],"wp:attachment":[{"href":"https:\/\/www.araalicante.com\/en\/wp-json\/wp\/v2\/media?parent=4829"}],"wp:term":[{"taxonomy":"category","embeddable":true,"href":"https:\/\/www.araalicante.com\/en\/wp-json\/wp\/v2\/categories?post=4829"},{"taxonomy":"post_tag","embeddable":true,"href":"https:\/\/www.araalicante.com\/en\/wp-json\/wp\/v2\/tags?post=4829"}],"curies":[{"name":"wp","href":"https:\/\/api.w.org\/{rel}","templated":true}]}}