{"id":4828,"date":"2025-05-30T14:53:09","date_gmt":"2025-05-30T12:53:09","guid":{"rendered":"https:\/\/www.araalicante.com\/asturias-apuesta-por-la-sostenibilidad-turistica-certificada\/"},"modified":"2025-05-30T14:53:09","modified_gmt":"2025-05-30T12:53:09","slug":"asturias-apuesta-por-la-sostenibilidad-turistica-certificada","status":"publish","type":"post","link":"https:\/\/www.araalicante.com\/en\/asturias-apuesta-por-la-sostenibilidad-turistica-certificada\/","title":{"rendered":"Asturias apuesta por la Sostenibilidad Tur\u00edstica certificada"},"content":{"rendered":"<div>\n<div class=\"td-featured-image-rec\">\n<div class=\"td-post-featured-image\"><a href=\"https:\/\/www.hosteleriadigital.es\/wp-content\/uploads\/2015\/09\/MERCADO-DEL-FONT\u00c1N-OVIEDO.jpg\" data-caption=\"\"><img loading=\"lazy\" decoding=\"async\" width=\"300\" height=\"350\" class=\"entry-thumb td-modal-image\" src=\"https:\/\/www.hosteleriadigital.es\/wp-content\/uploads\/2015\/09\/MERCADO-DEL-FONT\u00c1N-OVIEDO-300x350.jpg\" alt=\"\" title=\"MERCADO DEL FONT\u00c1N (OVIEDO)\"\/><\/a><\/div>\n<\/div>\n<p class=\"x_MsoNormal\" data-olk-copy-source=\"MessageBody\">El Palacio de los Condes de Toreno en Oviedo ha acogido hoy la presentaci\u00f3n del proyecto que el Gobierno del Principado de Asturias y el ICTES | Instituto para la Calidad Tur\u00edstica Espa\u00f1ola y la Sostenibilidad ponen en marcha en torno a la Sostenibilidad Tur\u00edstica, con el apoyo de\u00a0<span class=\"markrf62fnsb0\" data-markjs=\"true\" data-ogac=\"\" data-ogab=\"\" data-ogsc=\"\" data-ogsb=\"\">OTEA<\/span>\u00a0(Asociaci\u00f3n de Hosteler\u00eda y Turismo en\u00a0Asturias). La jornada informativa, a la que han sido invitados empresarios del sector tur\u00edstico, ha contado con la participaci\u00f3n de la vicepresidenta del Principado de Asturias, Gimena Llamedo, el presidente del ICTES, Miguel Mirones y el presidente de\u00a0<span class=\"markrf62fnsb0\" data-markjs=\"true\" data-ogac=\"\" data-ogab=\"\" data-ogsc=\"\" data-ogsb=\"\">OTEA<\/span>, Jos\u00e9 Luis Almeida, presidente, a su vez, de Hosteler\u00eda de Espa\u00f1a.<\/p>\n<p class=\"x_MsoNormal\">El proyecto Asturias 25 trata sensibilizar sobre la importancia de la Sostenibilidad Tur\u00edstica certificada entre los hoteleros y restauradores asturianos, con el fin de que 25 empresas de la regi\u00f3n reciban el apoyo necesario para certificarse con la S de Sostenibilidad Tur\u00edstica, \u00fanica marca en Espa\u00f1a que cumple con los dictados de la Uni\u00f3n Europea en la Directiva conocida como \u201cGreen Claims\u201d (reclamos verdes): las marcas de sostenibilidad deben obtenerse en base a una norma p\u00fablica y a trav\u00e9s de una auditor\u00eda externa independiente.<\/p>\n<p class=\"x_MsoNormal\">Por ello, el ICTES, con el apoyo del Principado de Asturias y\u00a0<span class=\"markrf62fnsb0\" data-markjs=\"true\" data-ogac=\"\" data-ogab=\"\" data-ogsc=\"\" data-ogsb=\"\">OTEA<\/span>\u00a0impulsar\u00e1 la sensibilizaci\u00f3n, formaci\u00f3n, implantaci\u00f3n y certificaci\u00f3n con la S de Sostenibilidad en hoteles y apartamentos tur\u00edsticos, as\u00ed como servicios de restauraci\u00f3n. De esta forma, se dar\u00e1n a conocer de forma pr\u00e1ctica y aplicada los Objetivos de Desarrollo Sostenible, guiando a las empresas en la identificaci\u00f3n de pr\u00e1cticas de sostenibilidad social, econ\u00f3mica y medioambiental, muchas de las cuales pueden ya estar establecidas, mientras otras ser\u00e1n de nueva implantaci\u00f3n. Las entidades participantes en este proyecto conocer\u00e1n c\u00f3mo elaborar un Informe de Sostenibilidad y obtendr\u00e1n apoyo para obtener la marca S, como garant\u00eda de gesti\u00f3n de las pr\u00e1cticas sostenibles.<\/p>\n<p class=\"x_MsoNormal\">Tal y como Gimena Llamedo explic\u00f3, el Principado de Asturias apuesta as\u00ed por la Sostenibilidad certificada en el desarrollo de su modelo tur\u00edstico. Para alcanzar dichos objetivos se llevar\u00e1n a cabo distintas tareas destinadas a la implantaci\u00f3n de sistemas de gesti\u00f3n de la sostenibilidad tur\u00edstica y la certificaci\u00f3n de la S del ICTES en hoteles y restaurantes en Asturias. Para ello, se trabajar\u00e1 en la identificaci\u00f3n y selecci\u00f3n de las entidades participantes y se planificar\u00e1 la asistencia t\u00e9cnica a los establecimientos que se integren. Las empresas recibir\u00e1n visitas t\u00e9cnicas y formaci\u00f3n personalizada, as\u00ed como asesoramiento para realizar el Informe de Sostenibilidad, que despu\u00e9s ser\u00e1 ajustado y validado, para, finalmente, obtener la S de Sostenibilidad Tur\u00edstica.<\/p>\n<p class=\"x_MsoNormal\">En palabras de la vicepresidenta, \u201cLa sostenibilidad tur\u00edstica es una oportunidad para seguir mejorando como destino y generar m\u00e1s valor en todo el territorio. Las empresas son aliadas imprescindibles en ese avance, y desde el Gobierno de Asturias estamos a su lado, ofreci\u00e9ndoles formaci\u00f3n, acompa\u00f1amiento y herramientas que impulsen su compromiso con la calidad y el respeto\u00a0al\u00a0entorno\u201d.<\/p>\n<p class=\"x_MsoNormal\">Por su parte, Miguel Mirones felicit\u00f3 al Gobierno del Principado \u201cesta apuesta clara por el desarrollo de la sostenibilidad tur\u00edstica certificada en Asturias\u201d y dio las gracias a\u00a0<span class=\"markrf62fnsb0\" data-markjs=\"true\" data-ogac=\"\" data-ogab=\"\" data-ogsc=\"\" data-ogsb=\"\">OTEA<\/span>\u00a0por su apoyo activo. As\u00ed mismo, explic\u00f3 que \u201clos estudios demuestran que las certificaciones de sostenibilidad contribuyen a que empresas y destinos se diferencien en un entorno competitivo y son cada vez m\u00e1s demandadas por los turistas\u201d. El presidente del ICTES record\u00f3 que \u201cla S de Sostenibilidad es la \u00fanica marca en Espa\u00f1a que cumple con los requisitos de la Uni\u00f3n Europea\u201d (Directiva UE 2024\/825) y cada vez son m\u00e1s los establecimientos que apuestan por obtener esta certificaci\u00f3n.<\/p>\n<p class=\"x_MsoNormal\">Jos\u00e9 Luis Almeida, presidente de\u00a0<span class=\"markrf62fnsb0\" data-markjs=\"true\" data-ogac=\"\" data-ogab=\"\" data-ogsc=\"\" data-ogsb=\"\">OTEA<\/span>\u00a0dijo durante su intervenci\u00f3n que \u201ccon el proyecto \u2018Asturias 25\u2019,\u00a0<span class=\"markrf62fnsb0\" data-markjs=\"true\" data-ogac=\"\" data-ogab=\"\" data-ogsc=\"\" data-ogsb=\"\">OTEA<\/span>\u00a0afianza la apuesta de la hosteler\u00eda asturiana por una sostenibilidad rigurosa y verificable, esencial para asegurar un futuro pr\u00f3spero y responsable de nuestro sector tur\u00edstico\u201d y a\u00f1adi\u00f3 que Asturias ha sido hist\u00f3ricamente una regi\u00f3n\u00a0<strong>pionera en la implantaci\u00f3n de las certificaciones de calidad tur\u00edstica, primero con la Q y ahora con al S de Sostenibilidad<\/strong>, impulsando en 2022 las primeras certificaciones S de Sostenibilidad\u201d.\u00a0 Con el proyecto \u2018Asturias 25\u2019, reafirmamos nuestro liderazgo al revalidar, gracias al Principado de Asturias y el ICTES, nuestra posici\u00f3n de vanguardia ante la sostenibilidad certificada, esencial para el futuro de nuestra hosteler\u00eda\u201d.<\/p>\n<p class=\"x_MsoNormal\">La S de Sostenibilidad es una marca espa\u00f1ola que el ICTES otorga a las organizaciones tur\u00edsticas que cumplen los requisitos de la norma UNE-ISO-21401, que define el sistema de gesti\u00f3n de sostenibilidad para alojamientos, o de la UNE-0083, en cuyo desarrollo ha trabajado todo el sector tur\u00edstico, y que especifica los criterios para certificar la contribuci\u00f3n de las organizaciones tur\u00edsticas a los ODS. El presidente del Instituto record\u00f3 que m\u00e1s de 600 empresas y destinos espa\u00f1oles se han certificado ya con S, lo que \u201cel sector tur\u00edstico espa\u00f1ol est\u00e1 apostando por esta norma homologada, que ahora se proyectar\u00e1 de forma especial en Asturias\u201d.<span class=\"x_gmail-oypena\">\u00a0<\/span><\/p>\n<\/div>\n<p><a href=\"https:\/\/www.hosteleriadigital.es\/2025\/05\/30\/asturias-apuesta-por-la-sostenibilidad-turistica-certificada\/\">source<\/a><\/p>","protected":false},"excerpt":{"rendered":"<p>El Palacio de los Condes de Toreno en Oviedo ha acogido hoy<span class=\"excerpt-hellip\"> [\u2026]<\/span><\/p>\n","protected":false},"author":17,"featured_media":0,"comment_status":"","ping_status":"","sticky":false,"template":"","format":"standard","meta":{"footnotes":""},"categories":[1],"tags":[],"class_list":["post-4828","post","type-post","status-publish","format-standard","hentry","category-noticias-externas"],"yoast_head":"<!-- This site is optimized with the Yoast SEO plugin v27.4 - https:\/\/yoast.com\/product\/yoast-seo-wordpress\/ -->\n<title>Asturias apuesta por la Sostenibilidad Tur\u00edstica certificada - ARA | Asociaci\u00f3n de Restaurantes Alicante<\/title>\n<meta name=\"robots\" content=\"index, follow, max-snippet:-1, max-image-preview:large, max-video-preview:-1\" \/>\n<link rel=\"canonical\" href=\"https:\/\/www.araalicante.com\/en\/asturias-apuesta-por-la-sostenibilidad-turistica-certificada\/\" \/>\n<meta property=\"og:locale\" content=\"en_GB\" \/>\n<meta property=\"og:type\" content=\"article\" \/>\n<meta property=\"og:title\" content=\"Asturias apuesta por la Sostenibilidad Tur\u00edstica certificada - ARA | Asociaci\u00f3n de Restaurantes Alicante\" \/>\n<meta property=\"og:description\" content=\"El Palacio de los Condes de Toreno en Oviedo ha acogido hoy [\u2026]\" \/>\n<meta property=\"og:url\" content=\"https:\/\/www.araalicante.com\/en\/asturias-apuesta-por-la-sostenibilidad-turistica-certificada\/\" \/>\n<meta property=\"og:site_name\" content=\"ARA | Asociaci\u00f3n de Restaurantes Alicante\" \/>\n<meta property=\"article:publisher\" content=\"https:\/\/www.facebook.com\/Ararestaurantesalicante\" \/>\n<meta property=\"article:published_time\" content=\"2025-05-30T12:53:09+00:00\" \/>\n<meta property=\"og:image\" content=\"https:\/\/www.araalicante.com\/wp-content\/uploads\/2023\/10\/Sin-titulo-1.png\" \/>\n\t<meta property=\"og:image:width\" content=\"200\" \/>\n\t<meta property=\"og:image:height\" content=\"200\" \/>\n\t<meta property=\"og:image:type\" content=\"image\/png\" \/>\n<meta name=\"author\" content=\"Antonio Palomera\" \/>\n<meta name=\"twitter:card\" content=\"summary_large_image\" \/>\n<meta name=\"twitter:label1\" content=\"Written by\" \/>\n\t<meta name=\"twitter:data1\" content=\"Antonio Palomera\" \/>\n\t<meta name=\"twitter:label2\" content=\"Estimated reading time\" \/>\n\t<meta name=\"twitter:data2\" content=\"4 minutes\" \/>\n<script type=\"application\/ld+json\" class=\"yoast-schema-graph\">{\"@context\":\"https:\\\/\\\/schema.org\",\"@graph\":[{\"@type\":\"Article\",\"@id\":\"https:\\\/\\\/www.araalicante.com\\\/asturias-apuesta-por-la-sostenibilidad-turistica-certificada\\\/#article\",\"isPartOf\":{\"@id\":\"https:\\\/\\\/www.araalicante.com\\\/asturias-apuesta-por-la-sostenibilidad-turistica-certificada\\\/\"},\"author\":{\"name\":\"Antonio Palomera\",\"@id\":\"https:\\\/\\\/www.araalicante.com\\\/#\\\/schema\\\/person\\\/066f68dc3db0406c0829af861c17332f\"},\"headline\":\"Asturias apuesta por la Sostenibilidad Tur\u00edstica certificada\",\"datePublished\":\"2025-05-30T12:53:09+00:00\",\"mainEntityOfPage\":{\"@id\":\"https:\\\/\\\/www.araalicante.com\\\/asturias-apuesta-por-la-sostenibilidad-turistica-certificada\\\/\"},\"wordCount\":882,\"publisher\":{\"@id\":\"https:\\\/\\\/www.araalicante.com\\\/#organization\"},\"articleSection\":[\"Noticias externas\"],\"inLanguage\":\"en-GB\"},{\"@type\":\"WebPage\",\"@id\":\"https:\\\/\\\/www.araalicante.com\\\/asturias-apuesta-por-la-sostenibilidad-turistica-certificada\\\/\",\"url\":\"https:\\\/\\\/www.araalicante.com\\\/asturias-apuesta-por-la-sostenibilidad-turistica-certificada\\\/\",\"name\":\"Asturias apuesta por la Sostenibilidad Tur\u00edstica certificada - ARA | Asociaci\u00f3n de Restaurantes Alicante\",\"isPartOf\":{\"@id\":\"https:\\\/\\\/www.araalicante.com\\\/#website\"},\"datePublished\":\"2025-05-30T12:53:09+00:00\",\"breadcrumb\":{\"@id\":\"https:\\\/\\\/www.araalicante.com\\\/asturias-apuesta-por-la-sostenibilidad-turistica-certificada\\\/#breadcrumb\"},\"inLanguage\":\"en-GB\",\"potentialAction\":[{\"@type\":\"ReadAction\",\"target\":[\"https:\\\/\\\/www.araalicante.com\\\/asturias-apuesta-por-la-sostenibilidad-turistica-certificada\\\/\"]}]},{\"@type\":\"BreadcrumbList\",\"@id\":\"https:\\\/\\\/www.araalicante.com\\\/asturias-apuesta-por-la-sostenibilidad-turistica-certificada\\\/#breadcrumb\",\"itemListElement\":[{\"@type\":\"ListItem\",\"position\":1,\"name\":\"Portada\",\"item\":\"https:\\\/\\\/www.araalicante.com\\\/\"},{\"@type\":\"ListItem\",\"position\":2,\"name\":\"Asturias apuesta por la Sostenibilidad Tur\u00edstica certificada\"}]},{\"@type\":\"WebSite\",\"@id\":\"https:\\\/\\\/www.araalicante.com\\\/#website\",\"url\":\"https:\\\/\\\/www.araalicante.com\\\/\",\"name\":\"ARA | Asociaci\u00f3n de Restaurantes Alicante\",\"description\":\"Producto local, restauraci\u00f3n de calidad en Alicante y su provincia\",\"publisher\":{\"@id\":\"https:\\\/\\\/www.araalicante.com\\\/#organization\"},\"potentialAction\":[{\"@type\":\"SearchAction\",\"target\":{\"@type\":\"EntryPoint\",\"urlTemplate\":\"https:\\\/\\\/www.araalicante.com\\\/?s={search_term_string}\"},\"query-input\":{\"@type\":\"PropertyValueSpecification\",\"valueRequired\":true,\"valueName\":\"search_term_string\"}}],\"inLanguage\":\"en-GB\"},{\"@type\":\"Organization\",\"@id\":\"https:\\\/\\\/www.araalicante.com\\\/#organization\",\"name\":\"ARA | Asociaci\u00f3n de Restaurantes Alicante\",\"url\":\"https:\\\/\\\/www.araalicante.com\\\/\",\"logo\":{\"@type\":\"ImageObject\",\"inLanguage\":\"en-GB\",\"@id\":\"https:\\\/\\\/www.araalicante.com\\\/#\\\/schema\\\/logo\\\/image\\\/\",\"url\":\"https:\\\/\\\/www.araalicante.com\\\/wp-content\\\/uploads\\\/2023\\\/09\\\/logoara.png\",\"contentUrl\":\"https:\\\/\\\/www.araalicante.com\\\/wp-content\\\/uploads\\\/2023\\\/09\\\/logoara.png\",\"width\":400,\"height\":85,\"caption\":\"ARA | Asociaci\u00f3n de Restaurantes Alicante\"},\"image\":{\"@id\":\"https:\\\/\\\/www.araalicante.com\\\/#\\\/schema\\\/logo\\\/image\\\/\"},\"sameAs\":[\"https:\\\/\\\/www.facebook.com\\\/Ararestaurantesalicante\",\"https:\\\/\\\/www.instagram.com\\\/ararestaurantesalicante\\\/\"]},{\"@type\":\"Person\",\"@id\":\"https:\\\/\\\/www.araalicante.com\\\/#\\\/schema\\\/person\\\/066f68dc3db0406c0829af861c17332f\",\"name\":\"Antonio Palomera\",\"image\":{\"@type\":\"ImageObject\",\"inLanguage\":\"en-GB\",\"@id\":\"https:\\\/\\\/secure.gravatar.com\\\/avatar\\\/a8378756bb866d8a91ea5808ee291ef099888cc76273b42162b3ab961b9da5df?s=96&d=mm&r=g\",\"url\":\"https:\\\/\\\/secure.gravatar.com\\\/avatar\\\/a8378756bb866d8a91ea5808ee291ef099888cc76273b42162b3ab961b9da5df?s=96&d=mm&r=g\",\"contentUrl\":\"https:\\\/\\\/secure.gravatar.com\\\/avatar\\\/a8378756bb866d8a91ea5808ee291ef099888cc76273b42162b3ab961b9da5df?s=96&d=mm&r=g\",\"caption\":\"Antonio Palomera\"},\"url\":\"https:\\\/\\\/www.araalicante.com\\\/en\\\/author\\\/antonio\\\/\"}]}<\/script>\n<!-- \/ Yoast SEO plugin. -->","yoast_head_json":{"title":"Asturias apuesta por la Sostenibilidad Tur\u00edstica certificada - ARA | Asociaci\u00f3n de Restaurantes Alicante","robots":{"index":"index","follow":"follow","max-snippet":"max-snippet:-1","max-image-preview":"max-image-preview:large","max-video-preview":"max-video-preview:-1"},"canonical":"https:\/\/www.araalicante.com\/en\/asturias-apuesta-por-la-sostenibilidad-turistica-certificada\/","og_locale":"en_GB","og_type":"article","og_title":"Asturias apuesta por la Sostenibilidad Tur\u00edstica certificada - ARA | Asociaci\u00f3n de Restaurantes Alicante","og_description":"El Palacio de los Condes de Toreno en Oviedo ha acogido hoy [\u2026]","og_url":"https:\/\/www.araalicante.com\/en\/asturias-apuesta-por-la-sostenibilidad-turistica-certificada\/","og_site_name":"ARA | Asociaci\u00f3n de Restaurantes Alicante","article_publisher":"https:\/\/www.facebook.com\/Ararestaurantesalicante","article_published_time":"2025-05-30T12:53:09+00:00","og_image":[{"width":200,"height":200,"url":"https:\/\/www.araalicante.com\/wp-content\/uploads\/2023\/10\/Sin-titulo-1.png","type":"image\/png"}],"author":"Antonio Palomera","twitter_card":"summary_large_image","twitter_misc":{"Written by":"Antonio Palomera","Estimated reading time":"4 minutes"},"schema":{"@context":"https:\/\/schema.org","@graph":[{"@type":"Article","@id":"https:\/\/www.araalicante.com\/asturias-apuesta-por-la-sostenibilidad-turistica-certificada\/#article","isPartOf":{"@id":"https:\/\/www.araalicante.com\/asturias-apuesta-por-la-sostenibilidad-turistica-certificada\/"},"author":{"name":"Antonio Palomera","@id":"https:\/\/www.araalicante.com\/#\/schema\/person\/066f68dc3db0406c0829af861c17332f"},"headline":"Asturias apuesta por la Sostenibilidad Tur\u00edstica certificada","datePublished":"2025-05-30T12:53:09+00:00","mainEntityOfPage":{"@id":"https:\/\/www.araalicante.com\/asturias-apuesta-por-la-sostenibilidad-turistica-certificada\/"},"wordCount":882,"publisher":{"@id":"https:\/\/www.araalicante.com\/#organization"},"articleSection":["Noticias externas"],"inLanguage":"en-GB"},{"@type":"WebPage","@id":"https:\/\/www.araalicante.com\/asturias-apuesta-por-la-sostenibilidad-turistica-certificada\/","url":"https:\/\/www.araalicante.com\/asturias-apuesta-por-la-sostenibilidad-turistica-certificada\/","name":"Asturias apuesta por la Sostenibilidad Tur\u00edstica certificada - ARA | Asociaci\u00f3n de Restaurantes Alicante","isPartOf":{"@id":"https:\/\/www.araalicante.com\/#website"},"datePublished":"2025-05-30T12:53:09+00:00","breadcrumb":{"@id":"https:\/\/www.araalicante.com\/asturias-apuesta-por-la-sostenibilidad-turistica-certificada\/#breadcrumb"},"inLanguage":"en-GB","potentialAction":[{"@type":"ReadAction","target":["https:\/\/www.araalicante.com\/asturias-apuesta-por-la-sostenibilidad-turistica-certificada\/"]}]},{"@type":"BreadcrumbList","@id":"https:\/\/www.araalicante.com\/asturias-apuesta-por-la-sostenibilidad-turistica-certificada\/#breadcrumb","itemListElement":[{"@type":"ListItem","position":1,"name":"Portada","item":"https:\/\/www.araalicante.com\/"},{"@type":"ListItem","position":2,"name":"Asturias apuesta por la Sostenibilidad Tur\u00edstica certificada"}]},{"@type":"WebSite","@id":"https:\/\/www.araalicante.com\/#website","url":"https:\/\/www.araalicante.com\/","name":"ARA | Asociaci\u00f3n de Restaurantes Alicante","description":"Producto local, restauraci\u00f3n de calidad en Alicante y su provincia","publisher":{"@id":"https:\/\/www.araalicante.com\/#organization"},"potentialAction":[{"@type":"SearchAction","target":{"@type":"EntryPoint","urlTemplate":"https:\/\/www.araalicante.com\/?s={search_term_string}"},"query-input":{"@type":"PropertyValueSpecification","valueRequired":true,"valueName":"search_term_string"}}],"inLanguage":"en-GB"},{"@type":"Organization","@id":"https:\/\/www.araalicante.com\/#organization","name":"ARA | Asociaci\u00f3n de Restaurantes Alicante","url":"https:\/\/www.araalicante.com\/","logo":{"@type":"ImageObject","inLanguage":"en-GB","@id":"https:\/\/www.araalicante.com\/#\/schema\/logo\/image\/","url":"https:\/\/www.araalicante.com\/wp-content\/uploads\/2023\/09\/logoara.png","contentUrl":"https:\/\/www.araalicante.com\/wp-content\/uploads\/2023\/09\/logoara.png","width":400,"height":85,"caption":"ARA | Asociaci\u00f3n de Restaurantes Alicante"},"image":{"@id":"https:\/\/www.araalicante.com\/#\/schema\/logo\/image\/"},"sameAs":["https:\/\/www.facebook.com\/Ararestaurantesalicante","https:\/\/www.instagram.com\/ararestaurantesalicante\/"]},{"@type":"Person","@id":"https:\/\/www.araalicante.com\/#\/schema\/person\/066f68dc3db0406c0829af861c17332f","name":"Antonio Palomera","image":{"@type":"ImageObject","inLanguage":"en-GB","@id":"https:\/\/secure.gravatar.com\/avatar\/a8378756bb866d8a91ea5808ee291ef099888cc76273b42162b3ab961b9da5df?s=96&d=mm&r=g","url":"https:\/\/secure.gravatar.com\/avatar\/a8378756bb866d8a91ea5808ee291ef099888cc76273b42162b3ab961b9da5df?s=96&d=mm&r=g","contentUrl":"https:\/\/secure.gravatar.com\/avatar\/a8378756bb866d8a91ea5808ee291ef099888cc76273b42162b3ab961b9da5df?s=96&d=mm&r=g","caption":"Antonio Palomera"},"url":"https:\/\/www.araalicante.com\/en\/author\/antonio\/"}]}},"_links":{"self":[{"href":"https:\/\/www.araalicante.com\/en\/wp-json\/wp\/v2\/posts\/4828","targetHints":{"allow":["GET"]}}],"collection":[{"href":"https:\/\/www.araalicante.com\/en\/wp-json\/wp\/v2\/posts"}],"about":[{"href":"https:\/\/www.araalicante.com\/en\/wp-json\/wp\/v2\/types\/post"}],"author":[{"embeddable":true,"href":"https:\/\/www.araalicante.com\/en\/wp-json\/wp\/v2\/users\/17"}],"replies":[{"embeddable":true,"href":"https:\/\/www.araalicante.com\/en\/wp-json\/wp\/v2\/comments?post=4828"}],"version-history":[{"count":0,"href":"https:\/\/www.araalicante.com\/en\/wp-json\/wp\/v2\/posts\/4828\/revisions"}],"wp:attachment":[{"href":"https:\/\/www.araalicante.com\/en\/wp-json\/wp\/v2\/media?parent=4828"}],"wp:term":[{"taxonomy":"category","embeddable":true,"href":"https:\/\/www.araalicante.com\/en\/wp-json\/wp\/v2\/categories?post=4828"},{"taxonomy":"post_tag","embeddable":true,"href":"https:\/\/www.araalicante.com\/en\/wp-json\/wp\/v2\/tags?post=4828"}],"curies":[{"name":"wp","href":"https:\/\/api.w.org\/{rel}","templated":true}]}}