{"id":4827,"date":"2025-05-30T13:12:19","date_gmt":"2025-05-30T11:12:19","guid":{"rendered":"https:\/\/www.araalicante.com\/transgourmet-iberica-conmemora-en-burgos-sus-100-anos-de-historia-y-refuerza-su-liderazgo-en-la-distribucion-mayorista\/"},"modified":"2025-05-30T13:12:19","modified_gmt":"2025-05-30T11:12:19","slug":"transgourmet-iberica-conmemora-en-burgos-sus-100-anos-de-historia-y-refuerza-su-liderazgo-en-la-distribucion-mayorista","status":"publish","type":"post","link":"https:\/\/www.araalicante.com\/en\/transgourmet-iberica-conmemora-en-burgos-sus-100-anos-de-historia-y-refuerza-su-liderazgo-en-la-distribucion-mayorista\/","title":{"rendered":"Transgourmet Ib\u00e9rica conmemora en Burgos sus 100 a\u00f1os  de historia y refuerza su liderazgo en la distribuci\u00f3n mayorista"},"content":{"rendered":"<div>\n<p>Transgourmet Ib\u00e9rica ha celebrado hoy un acto hist\u00f3rico en el Palacio de Congresos y Auditorio de Burgos para conmemorar sus 100 a\u00f1os de trayectoria. El evento ha reunido a m\u00e1s de 350 personas, entre representantes institucionales, miembros del sector, clientes, proveedores y empleados de Castilla y Le\u00f3n y la zona norte de Espa\u00f1a, quienes han querido rendir homenaje a la compa\u00f1\u00eda, que se ha consolidado como referente de la distribuci\u00f3n mayorista de alimentaci\u00f3n.<\/p>\n<p>El director general de Transgourmet Ib\u00e9rica, Llu\u00eds Labairu, ha inaugurado la jornada expresando su agradecimiento a todas las personas que han hecho posible que Transgourmet Ib\u00e9rica cumpla 100 a\u00f1os. En su intervenci\u00f3n, ha destacado el trabajo de todo el equipo y la capacidad que ha tenido la compa\u00f1\u00eda para adaptarse a cada momento, lo que le ha permitido llegar al centenario con muy buena salud. Tambi\u00e9n se ha referido al peso de Transgourment en Burgos, a trav\u00e9s de su plataforma de distribuci\u00f3n, y en toda la comunidad de Castilla y Le\u00f3n \u201cdonde tenemos un perfil de cliente familiar muy fiel y donde vamos a seguir creciendo\u201d.<\/p>\n<p>Asimismo, ha intervenido Mariano Mu\u00f1oz, director general de Industria de la Junta de Castilla y Le\u00f3n, quien ha afirmado que \u00aben la regi\u00f3n valoramos el esfuerzo y la visi\u00f3n de compa\u00f1\u00edas como Transgourmet, que generan empleo y oportunidades, y adem\u00e1s refuerzan el tejido empresarial de nuestra comunidad. Cumplir 100 a\u00f1os es un hito extraordinario que refleja la solidez de la compa\u00f1\u00eda y su capacidad para evolucionar en un sector tan din\u00e1mico como el de la distribuci\u00f3n alimentaria\u00bb.<\/p>\n<p>Tambi\u00e9n han asistido al evento, Carolina \u00c1lvarez, teniente de alcalde del Ayuntamiento de Burgos; Pedro L. de la Fuente, subdelegado del Gobierno en Burgos, y Carlos Gallo, diputado provincial y presidente de la Sociedad para el Desarrollo de la Provincia de Burgos (SODEBUR).<\/p>\n<p>Este evento forma parte de un a\u00f1o lleno de conmemoraciones que la compa\u00f1\u00eda est\u00e1 llevando a cabo por toda Espa\u00f1a y que ponen en valor el legado de esfuerzo, innovaci\u00f3n y compromiso de la compa\u00f1\u00eda a lo largo de sus 100 a\u00f1os de historia.<\/p>\n<p><strong>\u00a0<\/strong><strong>Presencia de Transgourmet en Castilla y Le\u00f3n y zona norte de Espa\u00f1a<\/strong><\/p>\n<p>Transgourmet ha elegido Burgos para celebrar su centenario por su fuerte presencia en el sector de la distribuci\u00f3n alimentaria en Castilla y Le\u00f3n y en regiones como Arag\u00f3n, La Rioja, Navarra y Pa\u00eds Vasco.<\/p>\n<p>En la ciudad de Burgos se ubica una de las cinco plataformas log\u00edsticas de la compa\u00f1\u00eda con una extensi\u00f3n de 21.800 m<sup>2<\/sup>. Estas instalaciones, gracias a su ubicaci\u00f3n estrat\u00e9gica, desempe\u00f1an un papel fundamental en la distribuci\u00f3n mayorista de alimentaci\u00f3n del pa\u00eds, garantizando el abastecimiento de la zona norte y centro: Castilla y Le\u00f3n, Comunidad de Madrid, Toledo, una parte de Arag\u00f3n, La Rioja, Navarra, Pa\u00eds Vasco, Cantabria, Principado de Asturias y Galicia.<\/p>\n<p>La plataforma de Burgos se inaugur\u00f3 en 2003 y en la actualidad mueve 10 millones de cajas al a\u00f1o con una plantilla de 70 empleados.<\/p>\n<p>Transgourmet, adem\u00e1s, se ha posicionado como empresa l\u00edder en la distribuci\u00f3n a la hosteler\u00eda de esta zona de Espa\u00f1a con sus 11 centros especializados de\u00a0<em>cash&amp;carry<\/em>\u00a0GM Cash, ubicados en Castilla y Le\u00f3n (6), en La Rioja (2), en Pa\u00eds Vasco (2) y en Navarra (1). \u00a0Asimismo, dispone de la divisi\u00f3n de Food Service, un servicio exclusivo que garantiza la entrega directa y eficiente a negocios, proporcionando soluciones adaptadas a las necesidades del sector.<\/p>\n<p><img fetchpriority=\"high\" decoding=\"async\" class=\"alignnone wp-image-32261 size-full lazyload\" src=\"https:\/\/www.hosteleriadigital.es\/wp-content\/uploads\/2025\/05\/transgourmet2.jpg\" alt=\"\" width=\"700\" height=\"520\"\/><noscript><img loading=\"lazy\" decoding=\"async\" class=\"alignnone wp-image-32261 size-full lazyload\" src=\"https:\/\/www.hosteleriadigital.es\/wp-content\/uploads\/2025\/05\/transgourmet2.jpg\" alt=\"\" width=\"700\" height=\"520\" srcset=\"https:\/\/www.hosteleriadigital.es\/wp-content\/uploads\/2025\/05\/transgourmet2.jpg 700w, https:\/\/www.hosteleriadigital.es\/wp-content\/uploads\/2025\/05\/transgourmet2-300x223.jpg 300w, https:\/\/www.hosteleriadigital.es\/wp-content\/uploads\/2025\/05\/transgourmet2-150x111.jpg 150w, https:\/\/www.hosteleriadigital.es\/wp-content\/uploads\/2025\/05\/transgourmet2-565x420.jpg 565w, https:\/\/www.hosteleriadigital.es\/wp-content\/uploads\/2025\/05\/transgourmet2-80x60.jpg 80w, https:\/\/www.hosteleriadigital.es\/wp-content\/uploads\/2025\/05\/transgourmet2-100x75.jpg 100w, https:\/\/www.hosteleriadigital.es\/wp-content\/uploads\/2025\/05\/transgourmet2-180x135.jpg 180w, https:\/\/www.hosteleriadigital.es\/wp-content\/uploads\/2025\/05\/transgourmet2-238x178.jpg 238w, https:\/\/www.hosteleriadigital.es\/wp-content\/uploads\/2025\/05\/transgourmet2-265x198.jpg 265w, https:\/\/www.hosteleriadigital.es\/wp-content\/uploads\/2025\/05\/transgourmet2-640x475.jpg 640w, https:\/\/www.hosteleriadigital.es\/wp-content\/uploads\/2025\/05\/transgourmet2-681x506.jpg 681w\" sizes=\"auto, (max-width: 700px) 100vw, 700px\"\/><\/noscript><\/p>\n<p>Tambi\u00e9n, la compa\u00f1\u00eda ha apostado por la expansi\u00f3n de sus supermercados franquiciados, impulsando el crecimiento con la ense\u00f1a Suma en estas regiones estrat\u00e9gicas para la compa\u00f1\u00eda, ya que cuentan con un alto potencial de desarrollo.<\/p>\n<p><strong><br \/>Programa de eventos y actividades en 2025<\/strong><\/p>\n<p>Para conmemorar su centenario, Transgourmet ha organizado un completo programa de actividades durante 2025, que incluye la presentaci\u00f3n de una exposici\u00f3n fotogr\u00e1fica sobre la trayectoria de la compa\u00f1\u00eda, un <a href=\"https:\/\/www.youtube.com\/watch?v=6f2BR3GHfnM&amp;list=PLSydNqKU_dZOizg9-bl6neao2_mtGcWSa&amp;index=1\">documental<\/a> sobre el centenario y la creaci\u00f3n de la <a href=\"https:\/\/www.youtube.com\/watch?v=7Er9nd4Mchw&amp;list=PLSydNqKU_dZOizg9-bl6neao2_mtGcWSa&amp;index=2\">canci\u00f3n<\/a> <em>Somos fuertes<\/em>, s\u00edmbolo de su identidad y valores.<\/p>\n<p>\u00a0<\/p>\n<p>Tambi\u00e9n ha creado un logotipo especial con el lema \u201cAlimentando historias\u201d, un c\u00f3mic y un espacio web \u2014<a href=\"https:\/\/www.centenariotransgourmetiberica.es\">https:\/\/www.centenariotransgourmetiberica.es<\/a>\u2014 con las novedades e informaci\u00f3n sobre las actividades.<\/p>\n<p>\u00a0<\/p>\n<\/div>\n<p><a href=\"https:\/\/www.hosteleriadigital.es\/2025\/05\/30\/transgourmet-iberica-conmemora-en-burgos-sus-100-anos-de-historia-y-refuerza-su-liderazgo-en-la-distribucion-mayorista\/\">source<\/a><\/p>","protected":false},"excerpt":{"rendered":"<p>Transgourmet Ib\u00e9rica ha celebrado hoy un acto hist\u00f3rico en el Palacio de<span class=\"excerpt-hellip\"> [\u2026]<\/span><\/p>\n","protected":false},"author":17,"featured_media":0,"comment_status":"","ping_status":"","sticky":false,"template":"","format":"standard","meta":{"footnotes":""},"categories":[1],"tags":[],"class_list":["post-4827","post","type-post","status-publish","format-standard","hentry","category-noticias-externas"],"yoast_head":"<!-- This site is optimized with the Yoast SEO plugin v27.4 - https:\/\/yoast.com\/product\/yoast-seo-wordpress\/ -->\n<title>Transgourmet Ib\u00e9rica conmemora en Burgos sus 100 a\u00f1os de historia y refuerza su liderazgo en la distribuci\u00f3n mayorista - ARA | Asociaci\u00f3n de Restaurantes Alicante<\/title>\n<meta name=\"robots\" content=\"index, follow, max-snippet:-1, max-image-preview:large, max-video-preview:-1\" \/>\n<link rel=\"canonical\" href=\"https:\/\/www.araalicante.com\/en\/transgourmet-iberica-conmemora-en-burgos-sus-100-anos-de-historia-y-refuerza-su-liderazgo-en-la-distribucion-mayorista\/\" \/>\n<meta property=\"og:locale\" content=\"en_GB\" \/>\n<meta property=\"og:type\" content=\"article\" \/>\n<meta property=\"og:title\" content=\"Transgourmet Ib\u00e9rica conmemora en Burgos sus 100 a\u00f1os de historia y refuerza su liderazgo en la distribuci\u00f3n mayorista - ARA | Asociaci\u00f3n de Restaurantes Alicante\" \/>\n<meta property=\"og:description\" content=\"Transgourmet Ib\u00e9rica ha celebrado hoy un acto hist\u00f3rico en el Palacio de [\u2026]\" \/>\n<meta property=\"og:url\" content=\"https:\/\/www.araalicante.com\/en\/transgourmet-iberica-conmemora-en-burgos-sus-100-anos-de-historia-y-refuerza-su-liderazgo-en-la-distribucion-mayorista\/\" \/>\n<meta property=\"og:site_name\" content=\"ARA | Asociaci\u00f3n de Restaurantes Alicante\" \/>\n<meta property=\"article:publisher\" content=\"https:\/\/www.facebook.com\/Ararestaurantesalicante\" \/>\n<meta property=\"article:published_time\" content=\"2025-05-30T11:12:19+00:00\" \/>\n<meta property=\"og:image\" content=\"https:\/\/www.araalicante.com\/wp-content\/uploads\/2023\/10\/Sin-titulo-1.png\" \/>\n\t<meta property=\"og:image:width\" content=\"200\" \/>\n\t<meta property=\"og:image:height\" content=\"200\" \/>\n\t<meta property=\"og:image:type\" content=\"image\/png\" \/>\n<meta name=\"author\" content=\"Antonio Palomera\" \/>\n<meta name=\"twitter:card\" content=\"summary_large_image\" \/>\n<meta name=\"twitter:label1\" content=\"Written by\" \/>\n\t<meta name=\"twitter:data1\" content=\"Antonio Palomera\" \/>\n\t<meta name=\"twitter:label2\" content=\"Estimated reading time\" \/>\n\t<meta name=\"twitter:data2\" content=\"4 minutes\" \/>\n<script type=\"application\/ld+json\" class=\"yoast-schema-graph\">{\"@context\":\"https:\\\/\\\/schema.org\",\"@graph\":[{\"@type\":\"Article\",\"@id\":\"https:\\\/\\\/www.araalicante.com\\\/transgourmet-iberica-conmemora-en-burgos-sus-100-anos-de-historia-y-refuerza-su-liderazgo-en-la-distribucion-mayorista\\\/#article\",\"isPartOf\":{\"@id\":\"https:\\\/\\\/www.araalicante.com\\\/transgourmet-iberica-conmemora-en-burgos-sus-100-anos-de-historia-y-refuerza-su-liderazgo-en-la-distribucion-mayorista\\\/\"},\"author\":{\"name\":\"Antonio Palomera\",\"@id\":\"https:\\\/\\\/www.araalicante.com\\\/#\\\/schema\\\/person\\\/066f68dc3db0406c0829af861c17332f\"},\"headline\":\"Transgourmet Ib\u00e9rica conmemora en Burgos sus 100 a\u00f1os de historia y refuerza su liderazgo en la distribuci\u00f3n mayorista\",\"datePublished\":\"2025-05-30T11:12:19+00:00\",\"mainEntityOfPage\":{\"@id\":\"https:\\\/\\\/www.araalicante.com\\\/transgourmet-iberica-conmemora-en-burgos-sus-100-anos-de-historia-y-refuerza-su-liderazgo-en-la-distribucion-mayorista\\\/\"},\"wordCount\":764,\"publisher\":{\"@id\":\"https:\\\/\\\/www.araalicante.com\\\/#organization\"},\"image\":{\"@id\":\"https:\\\/\\\/www.araalicante.com\\\/transgourmet-iberica-conmemora-en-burgos-sus-100-anos-de-historia-y-refuerza-su-liderazgo-en-la-distribucion-mayorista\\\/#primaryimage\"},\"thumbnailUrl\":\"https:\\\/\\\/www.hosteleriadigital.es\\\/wp-content\\\/uploads\\\/2025\\\/05\\\/transgourmet2.jpg\",\"articleSection\":[\"Noticias externas\"],\"inLanguage\":\"en-GB\"},{\"@type\":\"WebPage\",\"@id\":\"https:\\\/\\\/www.araalicante.com\\\/transgourmet-iberica-conmemora-en-burgos-sus-100-anos-de-historia-y-refuerza-su-liderazgo-en-la-distribucion-mayorista\\\/\",\"url\":\"https:\\\/\\\/www.araalicante.com\\\/transgourmet-iberica-conmemora-en-burgos-sus-100-anos-de-historia-y-refuerza-su-liderazgo-en-la-distribucion-mayorista\\\/\",\"name\":\"Transgourmet Ib\u00e9rica conmemora en Burgos sus 100 a\u00f1os de historia y refuerza su liderazgo en la distribuci\u00f3n mayorista - ARA | Asociaci\u00f3n de Restaurantes Alicante\",\"isPartOf\":{\"@id\":\"https:\\\/\\\/www.araalicante.com\\\/#website\"},\"primaryImageOfPage\":{\"@id\":\"https:\\\/\\\/www.araalicante.com\\\/transgourmet-iberica-conmemora-en-burgos-sus-100-anos-de-historia-y-refuerza-su-liderazgo-en-la-distribucion-mayorista\\\/#primaryimage\"},\"image\":{\"@id\":\"https:\\\/\\\/www.araalicante.com\\\/transgourmet-iberica-conmemora-en-burgos-sus-100-anos-de-historia-y-refuerza-su-liderazgo-en-la-distribucion-mayorista\\\/#primaryimage\"},\"thumbnailUrl\":\"https:\\\/\\\/www.hosteleriadigital.es\\\/wp-content\\\/uploads\\\/2025\\\/05\\\/transgourmet2.jpg\",\"datePublished\":\"2025-05-30T11:12:19+00:00\",\"breadcrumb\":{\"@id\":\"https:\\\/\\\/www.araalicante.com\\\/transgourmet-iberica-conmemora-en-burgos-sus-100-anos-de-historia-y-refuerza-su-liderazgo-en-la-distribucion-mayorista\\\/#breadcrumb\"},\"inLanguage\":\"en-GB\",\"potentialAction\":[{\"@type\":\"ReadAction\",\"target\":[\"https:\\\/\\\/www.araalicante.com\\\/transgourmet-iberica-conmemora-en-burgos-sus-100-anos-de-historia-y-refuerza-su-liderazgo-en-la-distribucion-mayorista\\\/\"]}]},{\"@type\":\"ImageObject\",\"inLanguage\":\"en-GB\",\"@id\":\"https:\\\/\\\/www.araalicante.com\\\/transgourmet-iberica-conmemora-en-burgos-sus-100-anos-de-historia-y-refuerza-su-liderazgo-en-la-distribucion-mayorista\\\/#primaryimage\",\"url\":\"https:\\\/\\\/www.hosteleriadigital.es\\\/wp-content\\\/uploads\\\/2025\\\/05\\\/transgourmet2.jpg\",\"contentUrl\":\"https:\\\/\\\/www.hosteleriadigital.es\\\/wp-content\\\/uploads\\\/2025\\\/05\\\/transgourmet2.jpg\"},{\"@type\":\"BreadcrumbList\",\"@id\":\"https:\\\/\\\/www.araalicante.com\\\/transgourmet-iberica-conmemora-en-burgos-sus-100-anos-de-historia-y-refuerza-su-liderazgo-en-la-distribucion-mayorista\\\/#breadcrumb\",\"itemListElement\":[{\"@type\":\"ListItem\",\"position\":1,\"name\":\"Portada\",\"item\":\"https:\\\/\\\/www.araalicante.com\\\/\"},{\"@type\":\"ListItem\",\"position\":2,\"name\":\"Transgourmet Ib\u00e9rica conmemora en Burgos sus 100 a\u00f1os de historia y refuerza su liderazgo en la distribuci\u00f3n mayorista\"}]},{\"@type\":\"WebSite\",\"@id\":\"https:\\\/\\\/www.araalicante.com\\\/#website\",\"url\":\"https:\\\/\\\/www.araalicante.com\\\/\",\"name\":\"ARA | Asociaci\u00f3n de Restaurantes Alicante\",\"description\":\"Producto local, restauraci\u00f3n de calidad en Alicante y su provincia\",\"publisher\":{\"@id\":\"https:\\\/\\\/www.araalicante.com\\\/#organization\"},\"potentialAction\":[{\"@type\":\"SearchAction\",\"target\":{\"@type\":\"EntryPoint\",\"urlTemplate\":\"https:\\\/\\\/www.araalicante.com\\\/?s={search_term_string}\"},\"query-input\":{\"@type\":\"PropertyValueSpecification\",\"valueRequired\":true,\"valueName\":\"search_term_string\"}}],\"inLanguage\":\"en-GB\"},{\"@type\":\"Organization\",\"@id\":\"https:\\\/\\\/www.araalicante.com\\\/#organization\",\"name\":\"ARA | Asociaci\u00f3n de Restaurantes Alicante\",\"url\":\"https:\\\/\\\/www.araalicante.com\\\/\",\"logo\":{\"@type\":\"ImageObject\",\"inLanguage\":\"en-GB\",\"@id\":\"https:\\\/\\\/www.araalicante.com\\\/#\\\/schema\\\/logo\\\/image\\\/\",\"url\":\"https:\\\/\\\/www.araalicante.com\\\/wp-content\\\/uploads\\\/2023\\\/09\\\/logoara.png\",\"contentUrl\":\"https:\\\/\\\/www.araalicante.com\\\/wp-content\\\/uploads\\\/2023\\\/09\\\/logoara.png\",\"width\":400,\"height\":85,\"caption\":\"ARA | Asociaci\u00f3n de Restaurantes Alicante\"},\"image\":{\"@id\":\"https:\\\/\\\/www.araalicante.com\\\/#\\\/schema\\\/logo\\\/image\\\/\"},\"sameAs\":[\"https:\\\/\\\/www.facebook.com\\\/Ararestaurantesalicante\",\"https:\\\/\\\/www.instagram.com\\\/ararestaurantesalicante\\\/\"]},{\"@type\":\"Person\",\"@id\":\"https:\\\/\\\/www.araalicante.com\\\/#\\\/schema\\\/person\\\/066f68dc3db0406c0829af861c17332f\",\"name\":\"Antonio Palomera\",\"image\":{\"@type\":\"ImageObject\",\"inLanguage\":\"en-GB\",\"@id\":\"https:\\\/\\\/secure.gravatar.com\\\/avatar\\\/a8378756bb866d8a91ea5808ee291ef099888cc76273b42162b3ab961b9da5df?s=96&d=mm&r=g\",\"url\":\"https:\\\/\\\/secure.gravatar.com\\\/avatar\\\/a8378756bb866d8a91ea5808ee291ef099888cc76273b42162b3ab961b9da5df?s=96&d=mm&r=g\",\"contentUrl\":\"https:\\\/\\\/secure.gravatar.com\\\/avatar\\\/a8378756bb866d8a91ea5808ee291ef099888cc76273b42162b3ab961b9da5df?s=96&d=mm&r=g\",\"caption\":\"Antonio Palomera\"},\"url\":\"https:\\\/\\\/www.araalicante.com\\\/en\\\/author\\\/antonio\\\/\"}]}<\/script>\n<!-- \/ Yoast SEO plugin. -->","yoast_head_json":{"title":"Transgourmet Ib\u00e9rica conmemora en Burgos sus 100 a\u00f1os de historia y refuerza su liderazgo en la distribuci\u00f3n mayorista - ARA | Asociaci\u00f3n de Restaurantes Alicante","robots":{"index":"index","follow":"follow","max-snippet":"max-snippet:-1","max-image-preview":"max-image-preview:large","max-video-preview":"max-video-preview:-1"},"canonical":"https:\/\/www.araalicante.com\/en\/transgourmet-iberica-conmemora-en-burgos-sus-100-anos-de-historia-y-refuerza-su-liderazgo-en-la-distribucion-mayorista\/","og_locale":"en_GB","og_type":"article","og_title":"Transgourmet Ib\u00e9rica conmemora en Burgos sus 100 a\u00f1os de historia y refuerza su liderazgo en la distribuci\u00f3n mayorista - ARA | Asociaci\u00f3n de Restaurantes Alicante","og_description":"Transgourmet Ib\u00e9rica ha celebrado hoy un acto hist\u00f3rico en el Palacio de [\u2026]","og_url":"https:\/\/www.araalicante.com\/en\/transgourmet-iberica-conmemora-en-burgos-sus-100-anos-de-historia-y-refuerza-su-liderazgo-en-la-distribucion-mayorista\/","og_site_name":"ARA | Asociaci\u00f3n de Restaurantes Alicante","article_publisher":"https:\/\/www.facebook.com\/Ararestaurantesalicante","article_published_time":"2025-05-30T11:12:19+00:00","og_image":[{"width":200,"height":200,"url":"https:\/\/www.araalicante.com\/wp-content\/uploads\/2023\/10\/Sin-titulo-1.png","type":"image\/png"}],"author":"Antonio Palomera","twitter_card":"summary_large_image","twitter_misc":{"Written by":"Antonio Palomera","Estimated reading time":"4 minutes"},"schema":{"@context":"https:\/\/schema.org","@graph":[{"@type":"Article","@id":"https:\/\/www.araalicante.com\/transgourmet-iberica-conmemora-en-burgos-sus-100-anos-de-historia-y-refuerza-su-liderazgo-en-la-distribucion-mayorista\/#article","isPartOf":{"@id":"https:\/\/www.araalicante.com\/transgourmet-iberica-conmemora-en-burgos-sus-100-anos-de-historia-y-refuerza-su-liderazgo-en-la-distribucion-mayorista\/"},"author":{"name":"Antonio Palomera","@id":"https:\/\/www.araalicante.com\/#\/schema\/person\/066f68dc3db0406c0829af861c17332f"},"headline":"Transgourmet Ib\u00e9rica conmemora en Burgos sus 100 a\u00f1os de historia y refuerza su liderazgo en la distribuci\u00f3n mayorista","datePublished":"2025-05-30T11:12:19+00:00","mainEntityOfPage":{"@id":"https:\/\/www.araalicante.com\/transgourmet-iberica-conmemora-en-burgos-sus-100-anos-de-historia-y-refuerza-su-liderazgo-en-la-distribucion-mayorista\/"},"wordCount":764,"publisher":{"@id":"https:\/\/www.araalicante.com\/#organization"},"image":{"@id":"https:\/\/www.araalicante.com\/transgourmet-iberica-conmemora-en-burgos-sus-100-anos-de-historia-y-refuerza-su-liderazgo-en-la-distribucion-mayorista\/#primaryimage"},"thumbnailUrl":"https:\/\/www.hosteleriadigital.es\/wp-content\/uploads\/2025\/05\/transgourmet2.jpg","articleSection":["Noticias externas"],"inLanguage":"en-GB"},{"@type":"WebPage","@id":"https:\/\/www.araalicante.com\/transgourmet-iberica-conmemora-en-burgos-sus-100-anos-de-historia-y-refuerza-su-liderazgo-en-la-distribucion-mayorista\/","url":"https:\/\/www.araalicante.com\/transgourmet-iberica-conmemora-en-burgos-sus-100-anos-de-historia-y-refuerza-su-liderazgo-en-la-distribucion-mayorista\/","name":"Transgourmet Ib\u00e9rica conmemora en Burgos sus 100 a\u00f1os de historia y refuerza su liderazgo en la distribuci\u00f3n mayorista - ARA | Asociaci\u00f3n de Restaurantes Alicante","isPartOf":{"@id":"https:\/\/www.araalicante.com\/#website"},"primaryImageOfPage":{"@id":"https:\/\/www.araalicante.com\/transgourmet-iberica-conmemora-en-burgos-sus-100-anos-de-historia-y-refuerza-su-liderazgo-en-la-distribucion-mayorista\/#primaryimage"},"image":{"@id":"https:\/\/www.araalicante.com\/transgourmet-iberica-conmemora-en-burgos-sus-100-anos-de-historia-y-refuerza-su-liderazgo-en-la-distribucion-mayorista\/#primaryimage"},"thumbnailUrl":"https:\/\/www.hosteleriadigital.es\/wp-content\/uploads\/2025\/05\/transgourmet2.jpg","datePublished":"2025-05-30T11:12:19+00:00","breadcrumb":{"@id":"https:\/\/www.araalicante.com\/transgourmet-iberica-conmemora-en-burgos-sus-100-anos-de-historia-y-refuerza-su-liderazgo-en-la-distribucion-mayorista\/#breadcrumb"},"inLanguage":"en-GB","potentialAction":[{"@type":"ReadAction","target":["https:\/\/www.araalicante.com\/transgourmet-iberica-conmemora-en-burgos-sus-100-anos-de-historia-y-refuerza-su-liderazgo-en-la-distribucion-mayorista\/"]}]},{"@type":"ImageObject","inLanguage":"en-GB","@id":"https:\/\/www.araalicante.com\/transgourmet-iberica-conmemora-en-burgos-sus-100-anos-de-historia-y-refuerza-su-liderazgo-en-la-distribucion-mayorista\/#primaryimage","url":"https:\/\/www.hosteleriadigital.es\/wp-content\/uploads\/2025\/05\/transgourmet2.jpg","contentUrl":"https:\/\/www.hosteleriadigital.es\/wp-content\/uploads\/2025\/05\/transgourmet2.jpg"},{"@type":"BreadcrumbList","@id":"https:\/\/www.araalicante.com\/transgourmet-iberica-conmemora-en-burgos-sus-100-anos-de-historia-y-refuerza-su-liderazgo-en-la-distribucion-mayorista\/#breadcrumb","itemListElement":[{"@type":"ListItem","position":1,"name":"Portada","item":"https:\/\/www.araalicante.com\/"},{"@type":"ListItem","position":2,"name":"Transgourmet Ib\u00e9rica conmemora en Burgos sus 100 a\u00f1os de historia y refuerza su liderazgo en la distribuci\u00f3n mayorista"}]},{"@type":"WebSite","@id":"https:\/\/www.araalicante.com\/#website","url":"https:\/\/www.araalicante.com\/","name":"ARA | Asociaci\u00f3n de Restaurantes Alicante","description":"Producto local, restauraci\u00f3n de calidad en Alicante y su provincia","publisher":{"@id":"https:\/\/www.araalicante.com\/#organization"},"potentialAction":[{"@type":"SearchAction","target":{"@type":"EntryPoint","urlTemplate":"https:\/\/www.araalicante.com\/?s={search_term_string}"},"query-input":{"@type":"PropertyValueSpecification","valueRequired":true,"valueName":"search_term_string"}}],"inLanguage":"en-GB"},{"@type":"Organization","@id":"https:\/\/www.araalicante.com\/#organization","name":"ARA | Asociaci\u00f3n de Restaurantes Alicante","url":"https:\/\/www.araalicante.com\/","logo":{"@type":"ImageObject","inLanguage":"en-GB","@id":"https:\/\/www.araalicante.com\/#\/schema\/logo\/image\/","url":"https:\/\/www.araalicante.com\/wp-content\/uploads\/2023\/09\/logoara.png","contentUrl":"https:\/\/www.araalicante.com\/wp-content\/uploads\/2023\/09\/logoara.png","width":400,"height":85,"caption":"ARA | Asociaci\u00f3n de Restaurantes Alicante"},"image":{"@id":"https:\/\/www.araalicante.com\/#\/schema\/logo\/image\/"},"sameAs":["https:\/\/www.facebook.com\/Ararestaurantesalicante","https:\/\/www.instagram.com\/ararestaurantesalicante\/"]},{"@type":"Person","@id":"https:\/\/www.araalicante.com\/#\/schema\/person\/066f68dc3db0406c0829af861c17332f","name":"Antonio Palomera","image":{"@type":"ImageObject","inLanguage":"en-GB","@id":"https:\/\/secure.gravatar.com\/avatar\/a8378756bb866d8a91ea5808ee291ef099888cc76273b42162b3ab961b9da5df?s=96&d=mm&r=g","url":"https:\/\/secure.gravatar.com\/avatar\/a8378756bb866d8a91ea5808ee291ef099888cc76273b42162b3ab961b9da5df?s=96&d=mm&r=g","contentUrl":"https:\/\/secure.gravatar.com\/avatar\/a8378756bb866d8a91ea5808ee291ef099888cc76273b42162b3ab961b9da5df?s=96&d=mm&r=g","caption":"Antonio Palomera"},"url":"https:\/\/www.araalicante.com\/en\/author\/antonio\/"}]}},"_links":{"self":[{"href":"https:\/\/www.araalicante.com\/en\/wp-json\/wp\/v2\/posts\/4827","targetHints":{"allow":["GET"]}}],"collection":[{"href":"https:\/\/www.araalicante.com\/en\/wp-json\/wp\/v2\/posts"}],"about":[{"href":"https:\/\/www.araalicante.com\/en\/wp-json\/wp\/v2\/types\/post"}],"author":[{"embeddable":true,"href":"https:\/\/www.araalicante.com\/en\/wp-json\/wp\/v2\/users\/17"}],"replies":[{"embeddable":true,"href":"https:\/\/www.araalicante.com\/en\/wp-json\/wp\/v2\/comments?post=4827"}],"version-history":[{"count":0,"href":"https:\/\/www.araalicante.com\/en\/wp-json\/wp\/v2\/posts\/4827\/revisions"}],"wp:attachment":[{"href":"https:\/\/www.araalicante.com\/en\/wp-json\/wp\/v2\/media?parent=4827"}],"wp:term":[{"taxonomy":"category","embeddable":true,"href":"https:\/\/www.araalicante.com\/en\/wp-json\/wp\/v2\/categories?post=4827"},{"taxonomy":"post_tag","embeddable":true,"href":"https:\/\/www.araalicante.com\/en\/wp-json\/wp\/v2\/tags?post=4827"}],"curies":[{"name":"wp","href":"https:\/\/api.w.org\/{rel}","templated":true}]}}