{"id":4826,"date":"2025-05-30T11:32:00","date_gmt":"2025-05-30T09:32:00","guid":{"rendered":"https:\/\/www.araalicante.com\/la-semana-santa-impulso-las-pernoctaciones-extrahoteleras-en-abril-hasta-un-194\/"},"modified":"2025-05-30T11:32:00","modified_gmt":"2025-05-30T09:32:00","slug":"la-semana-santa-impulso-las-pernoctaciones-extrahoteleras-en-abril-hasta-un-194","status":"publish","type":"post","link":"https:\/\/www.araalicante.com\/en\/la-semana-santa-impulso-las-pernoctaciones-extrahoteleras-en-abril-hasta-un-194\/","title":{"rendered":"La Semana Santa impuls\u00f3 las pernoctaciones extrahoteleras en abril hasta un 19,4%"},"content":{"rendered":"<div>\n<p><img fetchpriority=\"high\" decoding=\"async\" class=\"aligncenter wp-image-32251 size-full lazyload\" src=\"https:\/\/www.hosteleriadigital.es\/wp-content\/uploads\/2025\/05\/Ocupac.-extrahot-abr25.jpg\" alt=\"\" width=\"552\" height=\"385\"\/><noscript><img loading=\"lazy\" decoding=\"async\" class=\"aligncenter wp-image-32251 size-full lazyload\" src=\"https:\/\/www.hosteleriadigital.es\/wp-content\/uploads\/2025\/05\/Ocupac.-extrahot-abr25.jpg\" alt=\"\" width=\"552\" height=\"385\" srcset=\"https:\/\/www.hosteleriadigital.es\/wp-content\/uploads\/2025\/05\/Ocupac.-extrahot-abr25.jpg 552w, https:\/\/www.hosteleriadigital.es\/wp-content\/uploads\/2025\/05\/Ocupac.-extrahot-abr25-300x209.jpg 300w, https:\/\/www.hosteleriadigital.es\/wp-content\/uploads\/2025\/05\/Ocupac.-extrahot-abr25-150x105.jpg 150w\" sizes=\"auto, (max-width: 552px) 100vw, 552px\"\/><\/noscript><\/p>\n<p>Los alojamientos tur\u00edsticos extrahoteleros (apartamentos, campings, turismo rural y albergues) superaron en abril <strong>10,7 millones de pernoctaciones<\/strong>, un 19,4% m\u00e1s que en el mismo mes del a\u00f1o anterior, seg\u00fan los datos de la Encuesta de Ocupaci\u00f3n de Alojamientos Tur\u00edsticos del INE. \u00a0El crecimiento fue m\u00e1s intenso por parte de los espa\u00f1oles, cuyas pernoctaciones aumentaron un 43,9%, despu\u00e9s de cuatro meses consecutivos de descenso. Las de los extranjeros subieron con menor intensidad, un 4,8%. El impulso de abril se debe principalmente al cambio de fechas de celebraci\u00f3n de la Semana Santa que el a\u00f1o pasado tuvo lugar en marzo.<\/p>\n<p>Analizando en conjunto marzo y abril, para eliminar el efecto de la Semana Santa, resulta un aumento de las pernoctaciones de un 1,4%, con descenso de los espa\u00f1oles de un 1,8%, mientras que las de los extranjeros suponen aumento de un 3,6%.<\/p>\n<p>Por tipo de alojamiento, las pernoctaciones aumentaron en abril en todos los establecimientos, debido principalmente al impulso por parte de los espa\u00f1oles que tuvieron subidas de dos d\u00edgitos porcentuales en todos ellos, mientras que las de los extranjeros s\u00f3lo aumentaron en los apartamentos. El mayor incremento tuvo lugar en los alojamientos de <strong>turismo rural<\/strong> donde las pernoctaciones aumentaron un 30,1%, con alza de los espa\u00f1oles de un 50,5%, mientras que las de los extranjeros descendieron un 1,5%. Por su parte, en los <strong>campings<\/strong> las noches aumentaron un 23,6% con un 50,2% m\u00e1s de espa\u00f1oles y una ca\u00edda de un 2,4% por parte de los extranjeros. Los <strong>apartamentos,<\/strong> fueron los \u00fanicos donde subieron las pernoctaciones tanto de los espa\u00f1oles (41,8%), como de los extranjeros (10,1%), con un aumento medio de un 17,8%. En los <strong>albergues <\/strong>pr\u00e1cticamente se mantuvieron las mismas noches que el a\u00f1o anterior, con un ligero ascenso de un 0,2%, con alza de los espa\u00f1oles de un 12,6% y descenso de extranjeros de un 10,2%.<\/p>\n<p>El \u00cdndice de Precios de los Apartamentos Tur\u00edsticos subi\u00f3 un 6,4% en abril respecto al mismo mes de 2024, y el de Turismo Rural un 9,5%. El de los Campings supuso la subida m\u00e1s moderada, de un 4,8%.<\/p>\n<\/div>\n<p><a href=\"https:\/\/www.hosteleriadigital.es\/2025\/05\/30\/la-semana-santa-impulso-las-pernoctaciones-extrahoteleras-en-abril-hasta-un-194\/\">source<\/a><\/p>","protected":false},"excerpt":{"rendered":"<p>Los alojamientos tur\u00edsticos extrahoteleros (apartamentos, campings, turismo rural y albergues) superaron en<span class=\"excerpt-hellip\"> [\u2026]<\/span><\/p>\n","protected":false},"author":17,"featured_media":0,"comment_status":"","ping_status":"","sticky":false,"template":"","format":"standard","meta":{"footnotes":""},"categories":[1],"tags":[],"class_list":["post-4826","post","type-post","status-publish","format-standard","hentry","category-noticias-externas"],"yoast_head":"<!-- This site is optimized with the Yoast SEO plugin v27.4 - https:\/\/yoast.com\/product\/yoast-seo-wordpress\/ -->\n<title>La Semana Santa impuls\u00f3 las pernoctaciones extrahoteleras en abril hasta un 19,4% - ARA | Asociaci\u00f3n de Restaurantes Alicante<\/title>\n<meta name=\"robots\" content=\"index, follow, max-snippet:-1, max-image-preview:large, max-video-preview:-1\" \/>\n<link rel=\"canonical\" href=\"https:\/\/www.araalicante.com\/en\/la-semana-santa-impulso-las-pernoctaciones-extrahoteleras-en-abril-hasta-un-194\/\" \/>\n<meta property=\"og:locale\" content=\"en_GB\" \/>\n<meta property=\"og:type\" content=\"article\" \/>\n<meta property=\"og:title\" content=\"La Semana Santa impuls\u00f3 las pernoctaciones extrahoteleras en abril hasta un 19,4% - ARA | Asociaci\u00f3n de Restaurantes Alicante\" \/>\n<meta property=\"og:description\" content=\"Los alojamientos tur\u00edsticos extrahoteleros (apartamentos, campings, turismo rural y albergues) superaron en [\u2026]\" \/>\n<meta property=\"og:url\" content=\"https:\/\/www.araalicante.com\/en\/la-semana-santa-impulso-las-pernoctaciones-extrahoteleras-en-abril-hasta-un-194\/\" \/>\n<meta property=\"og:site_name\" content=\"ARA | Asociaci\u00f3n de Restaurantes Alicante\" \/>\n<meta property=\"article:publisher\" content=\"https:\/\/www.facebook.com\/Ararestaurantesalicante\" \/>\n<meta property=\"article:published_time\" content=\"2025-05-30T09:32:00+00:00\" \/>\n<meta property=\"og:image\" content=\"https:\/\/www.araalicante.com\/wp-content\/uploads\/2023\/10\/Sin-titulo-1.png\" \/>\n\t<meta property=\"og:image:width\" content=\"200\" \/>\n\t<meta property=\"og:image:height\" content=\"200\" \/>\n\t<meta property=\"og:image:type\" content=\"image\/png\" \/>\n<meta name=\"author\" content=\"Antonio Palomera\" \/>\n<meta name=\"twitter:card\" content=\"summary_large_image\" \/>\n<meta name=\"twitter:label1\" content=\"Written by\" \/>\n\t<meta name=\"twitter:data1\" content=\"Antonio Palomera\" \/>\n\t<meta name=\"twitter:label2\" content=\"Estimated reading time\" \/>\n\t<meta name=\"twitter:data2\" content=\"2 minutes\" \/>\n<script type=\"application\/ld+json\" class=\"yoast-schema-graph\">{\"@context\":\"https:\\\/\\\/schema.org\",\"@graph\":[{\"@type\":\"Article\",\"@id\":\"https:\\\/\\\/www.araalicante.com\\\/la-semana-santa-impulso-las-pernoctaciones-extrahoteleras-en-abril-hasta-un-194\\\/#article\",\"isPartOf\":{\"@id\":\"https:\\\/\\\/www.araalicante.com\\\/la-semana-santa-impulso-las-pernoctaciones-extrahoteleras-en-abril-hasta-un-194\\\/\"},\"author\":{\"name\":\"Antonio Palomera\",\"@id\":\"https:\\\/\\\/www.araalicante.com\\\/#\\\/schema\\\/person\\\/066f68dc3db0406c0829af861c17332f\"},\"headline\":\"La Semana Santa impuls\u00f3 las pernoctaciones extrahoteleras en abril hasta un 19,4%\",\"datePublished\":\"2025-05-30T09:32:00+00:00\",\"mainEntityOfPage\":{\"@id\":\"https:\\\/\\\/www.araalicante.com\\\/la-semana-santa-impulso-las-pernoctaciones-extrahoteleras-en-abril-hasta-un-194\\\/\"},\"wordCount\":358,\"publisher\":{\"@id\":\"https:\\\/\\\/www.araalicante.com\\\/#organization\"},\"image\":{\"@id\":\"https:\\\/\\\/www.araalicante.com\\\/la-semana-santa-impulso-las-pernoctaciones-extrahoteleras-en-abril-hasta-un-194\\\/#primaryimage\"},\"thumbnailUrl\":\"https:\\\/\\\/www.hosteleriadigital.es\\\/wp-content\\\/uploads\\\/2025\\\/05\\\/Ocupac.-extrahot-abr25.jpg\",\"articleSection\":[\"Noticias externas\"],\"inLanguage\":\"en-GB\"},{\"@type\":\"WebPage\",\"@id\":\"https:\\\/\\\/www.araalicante.com\\\/la-semana-santa-impulso-las-pernoctaciones-extrahoteleras-en-abril-hasta-un-194\\\/\",\"url\":\"https:\\\/\\\/www.araalicante.com\\\/la-semana-santa-impulso-las-pernoctaciones-extrahoteleras-en-abril-hasta-un-194\\\/\",\"name\":\"La Semana Santa impuls\u00f3 las pernoctaciones extrahoteleras en abril hasta un 19,4% - ARA | Asociaci\u00f3n de Restaurantes Alicante\",\"isPartOf\":{\"@id\":\"https:\\\/\\\/www.araalicante.com\\\/#website\"},\"primaryImageOfPage\":{\"@id\":\"https:\\\/\\\/www.araalicante.com\\\/la-semana-santa-impulso-las-pernoctaciones-extrahoteleras-en-abril-hasta-un-194\\\/#primaryimage\"},\"image\":{\"@id\":\"https:\\\/\\\/www.araalicante.com\\\/la-semana-santa-impulso-las-pernoctaciones-extrahoteleras-en-abril-hasta-un-194\\\/#primaryimage\"},\"thumbnailUrl\":\"https:\\\/\\\/www.hosteleriadigital.es\\\/wp-content\\\/uploads\\\/2025\\\/05\\\/Ocupac.-extrahot-abr25.jpg\",\"datePublished\":\"2025-05-30T09:32:00+00:00\",\"breadcrumb\":{\"@id\":\"https:\\\/\\\/www.araalicante.com\\\/la-semana-santa-impulso-las-pernoctaciones-extrahoteleras-en-abril-hasta-un-194\\\/#breadcrumb\"},\"inLanguage\":\"en-GB\",\"potentialAction\":[{\"@type\":\"ReadAction\",\"target\":[\"https:\\\/\\\/www.araalicante.com\\\/la-semana-santa-impulso-las-pernoctaciones-extrahoteleras-en-abril-hasta-un-194\\\/\"]}]},{\"@type\":\"ImageObject\",\"inLanguage\":\"en-GB\",\"@id\":\"https:\\\/\\\/www.araalicante.com\\\/la-semana-santa-impulso-las-pernoctaciones-extrahoteleras-en-abril-hasta-un-194\\\/#primaryimage\",\"url\":\"https:\\\/\\\/www.hosteleriadigital.es\\\/wp-content\\\/uploads\\\/2025\\\/05\\\/Ocupac.-extrahot-abr25.jpg\",\"contentUrl\":\"https:\\\/\\\/www.hosteleriadigital.es\\\/wp-content\\\/uploads\\\/2025\\\/05\\\/Ocupac.-extrahot-abr25.jpg\"},{\"@type\":\"BreadcrumbList\",\"@id\":\"https:\\\/\\\/www.araalicante.com\\\/la-semana-santa-impulso-las-pernoctaciones-extrahoteleras-en-abril-hasta-un-194\\\/#breadcrumb\",\"itemListElement\":[{\"@type\":\"ListItem\",\"position\":1,\"name\":\"Portada\",\"item\":\"https:\\\/\\\/www.araalicante.com\\\/\"},{\"@type\":\"ListItem\",\"position\":2,\"name\":\"La Semana Santa impuls\u00f3 las pernoctaciones extrahoteleras en abril hasta un 19,4%\"}]},{\"@type\":\"WebSite\",\"@id\":\"https:\\\/\\\/www.araalicante.com\\\/#website\",\"url\":\"https:\\\/\\\/www.araalicante.com\\\/\",\"name\":\"ARA | Asociaci\u00f3n de Restaurantes Alicante\",\"description\":\"Producto local, restauraci\u00f3n de calidad en Alicante y su provincia\",\"publisher\":{\"@id\":\"https:\\\/\\\/www.araalicante.com\\\/#organization\"},\"potentialAction\":[{\"@type\":\"SearchAction\",\"target\":{\"@type\":\"EntryPoint\",\"urlTemplate\":\"https:\\\/\\\/www.araalicante.com\\\/?s={search_term_string}\"},\"query-input\":{\"@type\":\"PropertyValueSpecification\",\"valueRequired\":true,\"valueName\":\"search_term_string\"}}],\"inLanguage\":\"en-GB\"},{\"@type\":\"Organization\",\"@id\":\"https:\\\/\\\/www.araalicante.com\\\/#organization\",\"name\":\"ARA | Asociaci\u00f3n de Restaurantes Alicante\",\"url\":\"https:\\\/\\\/www.araalicante.com\\\/\",\"logo\":{\"@type\":\"ImageObject\",\"inLanguage\":\"en-GB\",\"@id\":\"https:\\\/\\\/www.araalicante.com\\\/#\\\/schema\\\/logo\\\/image\\\/\",\"url\":\"https:\\\/\\\/www.araalicante.com\\\/wp-content\\\/uploads\\\/2023\\\/09\\\/logoara.png\",\"contentUrl\":\"https:\\\/\\\/www.araalicante.com\\\/wp-content\\\/uploads\\\/2023\\\/09\\\/logoara.png\",\"width\":400,\"height\":85,\"caption\":\"ARA | Asociaci\u00f3n de Restaurantes Alicante\"},\"image\":{\"@id\":\"https:\\\/\\\/www.araalicante.com\\\/#\\\/schema\\\/logo\\\/image\\\/\"},\"sameAs\":[\"https:\\\/\\\/www.facebook.com\\\/Ararestaurantesalicante\",\"https:\\\/\\\/www.instagram.com\\\/ararestaurantesalicante\\\/\"]},{\"@type\":\"Person\",\"@id\":\"https:\\\/\\\/www.araalicante.com\\\/#\\\/schema\\\/person\\\/066f68dc3db0406c0829af861c17332f\",\"name\":\"Antonio Palomera\",\"image\":{\"@type\":\"ImageObject\",\"inLanguage\":\"en-GB\",\"@id\":\"https:\\\/\\\/secure.gravatar.com\\\/avatar\\\/a8378756bb866d8a91ea5808ee291ef099888cc76273b42162b3ab961b9da5df?s=96&d=mm&r=g\",\"url\":\"https:\\\/\\\/secure.gravatar.com\\\/avatar\\\/a8378756bb866d8a91ea5808ee291ef099888cc76273b42162b3ab961b9da5df?s=96&d=mm&r=g\",\"contentUrl\":\"https:\\\/\\\/secure.gravatar.com\\\/avatar\\\/a8378756bb866d8a91ea5808ee291ef099888cc76273b42162b3ab961b9da5df?s=96&d=mm&r=g\",\"caption\":\"Antonio Palomera\"},\"url\":\"https:\\\/\\\/www.araalicante.com\\\/en\\\/author\\\/antonio\\\/\"}]}<\/script>\n<!-- \/ Yoast SEO plugin. -->","yoast_head_json":{"title":"La Semana Santa impuls\u00f3 las pernoctaciones extrahoteleras en abril hasta un 19,4% - ARA | Asociaci\u00f3n de Restaurantes Alicante","robots":{"index":"index","follow":"follow","max-snippet":"max-snippet:-1","max-image-preview":"max-image-preview:large","max-video-preview":"max-video-preview:-1"},"canonical":"https:\/\/www.araalicante.com\/en\/la-semana-santa-impulso-las-pernoctaciones-extrahoteleras-en-abril-hasta-un-194\/","og_locale":"en_GB","og_type":"article","og_title":"La Semana Santa impuls\u00f3 las pernoctaciones extrahoteleras en abril hasta un 19,4% - ARA | Asociaci\u00f3n de Restaurantes Alicante","og_description":"Los alojamientos tur\u00edsticos extrahoteleros (apartamentos, campings, turismo rural y albergues) superaron en [\u2026]","og_url":"https:\/\/www.araalicante.com\/en\/la-semana-santa-impulso-las-pernoctaciones-extrahoteleras-en-abril-hasta-un-194\/","og_site_name":"ARA | Asociaci\u00f3n de Restaurantes Alicante","article_publisher":"https:\/\/www.facebook.com\/Ararestaurantesalicante","article_published_time":"2025-05-30T09:32:00+00:00","og_image":[{"width":200,"height":200,"url":"https:\/\/www.araalicante.com\/wp-content\/uploads\/2023\/10\/Sin-titulo-1.png","type":"image\/png"}],"author":"Antonio Palomera","twitter_card":"summary_large_image","twitter_misc":{"Written by":"Antonio Palomera","Estimated reading time":"2 minutes"},"schema":{"@context":"https:\/\/schema.org","@graph":[{"@type":"Article","@id":"https:\/\/www.araalicante.com\/la-semana-santa-impulso-las-pernoctaciones-extrahoteleras-en-abril-hasta-un-194\/#article","isPartOf":{"@id":"https:\/\/www.araalicante.com\/la-semana-santa-impulso-las-pernoctaciones-extrahoteleras-en-abril-hasta-un-194\/"},"author":{"name":"Antonio Palomera","@id":"https:\/\/www.araalicante.com\/#\/schema\/person\/066f68dc3db0406c0829af861c17332f"},"headline":"La Semana Santa impuls\u00f3 las pernoctaciones extrahoteleras en abril hasta un 19,4%","datePublished":"2025-05-30T09:32:00+00:00","mainEntityOfPage":{"@id":"https:\/\/www.araalicante.com\/la-semana-santa-impulso-las-pernoctaciones-extrahoteleras-en-abril-hasta-un-194\/"},"wordCount":358,"publisher":{"@id":"https:\/\/www.araalicante.com\/#organization"},"image":{"@id":"https:\/\/www.araalicante.com\/la-semana-santa-impulso-las-pernoctaciones-extrahoteleras-en-abril-hasta-un-194\/#primaryimage"},"thumbnailUrl":"https:\/\/www.hosteleriadigital.es\/wp-content\/uploads\/2025\/05\/Ocupac.-extrahot-abr25.jpg","articleSection":["Noticias externas"],"inLanguage":"en-GB"},{"@type":"WebPage","@id":"https:\/\/www.araalicante.com\/la-semana-santa-impulso-las-pernoctaciones-extrahoteleras-en-abril-hasta-un-194\/","url":"https:\/\/www.araalicante.com\/la-semana-santa-impulso-las-pernoctaciones-extrahoteleras-en-abril-hasta-un-194\/","name":"La Semana Santa impuls\u00f3 las pernoctaciones extrahoteleras en abril hasta un 19,4% - ARA | Asociaci\u00f3n de Restaurantes Alicante","isPartOf":{"@id":"https:\/\/www.araalicante.com\/#website"},"primaryImageOfPage":{"@id":"https:\/\/www.araalicante.com\/la-semana-santa-impulso-las-pernoctaciones-extrahoteleras-en-abril-hasta-un-194\/#primaryimage"},"image":{"@id":"https:\/\/www.araalicante.com\/la-semana-santa-impulso-las-pernoctaciones-extrahoteleras-en-abril-hasta-un-194\/#primaryimage"},"thumbnailUrl":"https:\/\/www.hosteleriadigital.es\/wp-content\/uploads\/2025\/05\/Ocupac.-extrahot-abr25.jpg","datePublished":"2025-05-30T09:32:00+00:00","breadcrumb":{"@id":"https:\/\/www.araalicante.com\/la-semana-santa-impulso-las-pernoctaciones-extrahoteleras-en-abril-hasta-un-194\/#breadcrumb"},"inLanguage":"en-GB","potentialAction":[{"@type":"ReadAction","target":["https:\/\/www.araalicante.com\/la-semana-santa-impulso-las-pernoctaciones-extrahoteleras-en-abril-hasta-un-194\/"]}]},{"@type":"ImageObject","inLanguage":"en-GB","@id":"https:\/\/www.araalicante.com\/la-semana-santa-impulso-las-pernoctaciones-extrahoteleras-en-abril-hasta-un-194\/#primaryimage","url":"https:\/\/www.hosteleriadigital.es\/wp-content\/uploads\/2025\/05\/Ocupac.-extrahot-abr25.jpg","contentUrl":"https:\/\/www.hosteleriadigital.es\/wp-content\/uploads\/2025\/05\/Ocupac.-extrahot-abr25.jpg"},{"@type":"BreadcrumbList","@id":"https:\/\/www.araalicante.com\/la-semana-santa-impulso-las-pernoctaciones-extrahoteleras-en-abril-hasta-un-194\/#breadcrumb","itemListElement":[{"@type":"ListItem","position":1,"name":"Portada","item":"https:\/\/www.araalicante.com\/"},{"@type":"ListItem","position":2,"name":"La Semana Santa impuls\u00f3 las pernoctaciones extrahoteleras en abril hasta un 19,4%"}]},{"@type":"WebSite","@id":"https:\/\/www.araalicante.com\/#website","url":"https:\/\/www.araalicante.com\/","name":"ARA | Asociaci\u00f3n de Restaurantes Alicante","description":"Producto local, restauraci\u00f3n de calidad en Alicante y su provincia","publisher":{"@id":"https:\/\/www.araalicante.com\/#organization"},"potentialAction":[{"@type":"SearchAction","target":{"@type":"EntryPoint","urlTemplate":"https:\/\/www.araalicante.com\/?s={search_term_string}"},"query-input":{"@type":"PropertyValueSpecification","valueRequired":true,"valueName":"search_term_string"}}],"inLanguage":"en-GB"},{"@type":"Organization","@id":"https:\/\/www.araalicante.com\/#organization","name":"ARA | Asociaci\u00f3n de Restaurantes Alicante","url":"https:\/\/www.araalicante.com\/","logo":{"@type":"ImageObject","inLanguage":"en-GB","@id":"https:\/\/www.araalicante.com\/#\/schema\/logo\/image\/","url":"https:\/\/www.araalicante.com\/wp-content\/uploads\/2023\/09\/logoara.png","contentUrl":"https:\/\/www.araalicante.com\/wp-content\/uploads\/2023\/09\/logoara.png","width":400,"height":85,"caption":"ARA | Asociaci\u00f3n de Restaurantes Alicante"},"image":{"@id":"https:\/\/www.araalicante.com\/#\/schema\/logo\/image\/"},"sameAs":["https:\/\/www.facebook.com\/Ararestaurantesalicante","https:\/\/www.instagram.com\/ararestaurantesalicante\/"]},{"@type":"Person","@id":"https:\/\/www.araalicante.com\/#\/schema\/person\/066f68dc3db0406c0829af861c17332f","name":"Antonio Palomera","image":{"@type":"ImageObject","inLanguage":"en-GB","@id":"https:\/\/secure.gravatar.com\/avatar\/a8378756bb866d8a91ea5808ee291ef099888cc76273b42162b3ab961b9da5df?s=96&d=mm&r=g","url":"https:\/\/secure.gravatar.com\/avatar\/a8378756bb866d8a91ea5808ee291ef099888cc76273b42162b3ab961b9da5df?s=96&d=mm&r=g","contentUrl":"https:\/\/secure.gravatar.com\/avatar\/a8378756bb866d8a91ea5808ee291ef099888cc76273b42162b3ab961b9da5df?s=96&d=mm&r=g","caption":"Antonio Palomera"},"url":"https:\/\/www.araalicante.com\/en\/author\/antonio\/"}]}},"_links":{"self":[{"href":"https:\/\/www.araalicante.com\/en\/wp-json\/wp\/v2\/posts\/4826","targetHints":{"allow":["GET"]}}],"collection":[{"href":"https:\/\/www.araalicante.com\/en\/wp-json\/wp\/v2\/posts"}],"about":[{"href":"https:\/\/www.araalicante.com\/en\/wp-json\/wp\/v2\/types\/post"}],"author":[{"embeddable":true,"href":"https:\/\/www.araalicante.com\/en\/wp-json\/wp\/v2\/users\/17"}],"replies":[{"embeddable":true,"href":"https:\/\/www.araalicante.com\/en\/wp-json\/wp\/v2\/comments?post=4826"}],"version-history":[{"count":0,"href":"https:\/\/www.araalicante.com\/en\/wp-json\/wp\/v2\/posts\/4826\/revisions"}],"wp:attachment":[{"href":"https:\/\/www.araalicante.com\/en\/wp-json\/wp\/v2\/media?parent=4826"}],"wp:term":[{"taxonomy":"category","embeddable":true,"href":"https:\/\/www.araalicante.com\/en\/wp-json\/wp\/v2\/categories?post=4826"},{"taxonomy":"post_tag","embeddable":true,"href":"https:\/\/www.araalicante.com\/en\/wp-json\/wp\/v2\/tags?post=4826"}],"curies":[{"name":"wp","href":"https:\/\/api.w.org\/{rel}","templated":true}]}}