{"id":4816,"date":"2025-05-27T10:44:11","date_gmt":"2025-05-27T08:44:11","guid":{"rendered":"https:\/\/www.araalicante.com\/alicante-lleva-su-arroz-al-bernabeu-con-grupo-montoro\/"},"modified":"2025-05-27T10:44:11","modified_gmt":"2025-05-27T08:44:11","slug":"alicante-lleva-su-arroz-al-bernabeu-con-grupo-montoro","status":"publish","type":"post","link":"https:\/\/www.araalicante.com\/en\/alicante-lleva-su-arroz-al-bernabeu-con-grupo-montoro\/","title":{"rendered":"Alicante lleva su arroz al Bernab\u00e9u con Grupo Montoro"},"content":{"rendered":"<div id=\"post-11317\">\n<div class=\"eltd-post-image-holder\">\n<div class=\"eltd-post-image\">\n\t\t\t<img width=\"1100\" height=\"1100\" src=\"https:\/\/www.grupomontoro.es\/wp-content\/uploads\/2025\/05\/BERNABEU_ESPACIO_MONTORO_DESTACADA-1.jpg\" class=\"attachment-full size-full wp-post-image\" alt=\"\" decoding=\"async\" fetchpriority=\"high\" srcset=\"https:\/\/www.grupomontoro.es\/wp-content\/uploads\/2025\/05\/BERNABEU_ESPACIO_MONTORO_DESTACADA-1.jpg 1100w, https:\/\/www.grupomontoro.es\/wp-content\/uploads\/2025\/05\/BERNABEU_ESPACIO_MONTORO_DESTACADA-1-300x300.jpg 300w, https:\/\/www.grupomontoro.es\/wp-content\/uploads\/2025\/05\/BERNABEU_ESPACIO_MONTORO_DESTACADA-1-1024x1024.jpg 1024w, https:\/\/www.grupomontoro.es\/wp-content\/uploads\/2025\/05\/BERNABEU_ESPACIO_MONTORO_DESTACADA-1-150x150.jpg 150w, https:\/\/www.grupomontoro.es\/wp-content\/uploads\/2025\/05\/BERNABEU_ESPACIO_MONTORO_DESTACADA-1-768x768.jpg 768w, https:\/\/www.grupomontoro.es\/wp-content\/uploads\/2025\/05\/BERNABEU_ESPACIO_MONTORO_DESTACADA-1-550x550.jpg 550w, https:\/\/www.grupomontoro.es\/wp-content\/uploads\/2025\/05\/BERNABEU_ESPACIO_MONTORO_DESTACADA-1-1000x1000.jpg 1000w\" sizes=\"(max-width: 1100px) 100vw, 1100px\"\/>\t<\/div>\n<\/p><\/div>\n<div class=\"eltd-post-text\">\n<div class=\"eltd-post-info eltd-top-section\">\n<p>\n\t27 mayo, 2025<\/p>\n<div class=\"eltd-post-info-category\">\n\t<a href=\"https:\/\/www.grupomontoro.es\/category\/espacio-montoro\/\" rel=\"category tag\">Espacio Montoro<\/a>, <a href=\"https:\/\/www.grupomontoro.es\/category\/noticias\/\" rel=\"category tag\">Noticias<\/a><\/div>\n<\/p><\/div>\n<h3 class=\"eltd-post-title\">\n\tAlicante lleva su arroz al Bernab\u00e9u con Grupo Montoro<\/h3>\n<h4 class=\"wp-block-heading has-black-color has-text-color\"><em>La cocina alicantina se prepara para brillar en uno de los escenarios m\u00e1s emblem\u00e1ticos del pa\u00eds: el <strong>estadio Santiago Bernab\u00e9u<\/strong>. En el marco de la <strong>Capital Espa\u00f1ola de la Gastronom\u00eda 2025<\/strong>, Alicante ser\u00e1 la protagonista de una jornada gastron\u00f3mica organizada por la <strong>Asociaci\u00f3n de Restaurantes de Alicante (ARA)<\/strong>, donde el arroz \u2014s\u00edmbolo de nuestra identidad culinaria\u2014 ser\u00e1 el gran protagonista.<\/em><\/h4>\n<p class=\"has-black-color has-text-color has-link-color wp-elements-4bcbd63b4fc6359fe3634b46de4fadbe\"><strong>Pablo Montoro<\/strong> ha sido uno de los profesionales seleccionados para representar lo mejor de nuestra tierra en esta cita \u00fanica en Madrid. Y lo har\u00e1 como es habitual en \u00e9l: con una propuesta donde la innovaci\u00f3n y la sostenibilidad se dan la mano, sin olvidar nunca la ra\u00edz. <\/p>\n<p class=\"has-black-color has-text-color has-link-color wp-elements-88146888f2024c0480ec787b72c5c571\">Pero como en toda buena historia, <strong>no va solo<\/strong>. A este evento acudir\u00e1n tambi\u00e9n otros grandes nombres de la gastronom\u00eda alicantina, compa\u00f1eros y compa\u00f1eras que comparten el amor por el oficio y la voluntad de elevar nuestra cocina all\u00ed donde haya paladares atentos. <\/p>\n<p class=\"has-black-color has-text-color has-link-color wp-elements-58f1a50a5266be26d10f1d3333a4f8ee\">Una oportunidad para visibilizar el trabajo conjunto del sector, el compromiso con la calidad y la fuerza de una provincia que se ha ganado, a pulso, un lugar en la alta cocina nacional.<\/p>\n<p class=\"has-black-color has-text-color has-link-color wp-elements-62549de6a04431943794fe97405d6c1c\">Desde <strong>Grupo Montoro<\/strong> celebramos este paso con alegr\u00eda, orgullo y, como siempre, con la vista puesta en seguir creando, sumando y compartiendo lo que mejor sabemos hacer: emocionar a trav\u00e9s del sabor.<\/p>\n<figure class=\"wp-block-gallery has-nested-images columns-default is-cropped wp-block-gallery-1 is-layout-flex wp-block-gallery-is-layout-flex\"\/><\/div>\n<\/div>\n<p><a href=\"https:\/\/www.grupomontoro.es\/grupo-montoro-arroz-bernabeu-alicante-2025\/\">source<\/a><\/p>","protected":false},"excerpt":{"rendered":"<p>27 mayo, 2025 Espacio Montoro, Noticias Alicante lleva su arroz al Bernab\u00e9u<span class=\"excerpt-hellip\"> [\u2026]<\/span><\/p>\n","protected":false},"author":17,"featured_media":0,"comment_status":"","ping_status":"","sticky":false,"template":"","format":"standard","meta":{"footnotes":""},"categories":[1],"tags":[],"class_list":["post-4816","post","type-post","status-publish","format-standard","hentry","category-noticias-externas"],"yoast_head":"<!-- This site is optimized with the Yoast SEO plugin v27.4 - https:\/\/yoast.com\/product\/yoast-seo-wordpress\/ -->\n<title>Alicante lleva su arroz al Bernab\u00e9u con Grupo Montoro - ARA | Asociaci\u00f3n de Restaurantes Alicante<\/title>\n<meta name=\"robots\" content=\"index, follow, max-snippet:-1, max-image-preview:large, max-video-preview:-1\" \/>\n<link rel=\"canonical\" href=\"https:\/\/www.araalicante.com\/en\/alicante-lleva-su-arroz-al-bernabeu-con-grupo-montoro\/\" \/>\n<meta property=\"og:locale\" content=\"en_GB\" \/>\n<meta property=\"og:type\" content=\"article\" \/>\n<meta property=\"og:title\" content=\"Alicante lleva su arroz al Bernab\u00e9u con Grupo Montoro - ARA | Asociaci\u00f3n de Restaurantes Alicante\" \/>\n<meta property=\"og:description\" content=\"27 mayo, 2025 Espacio Montoro, Noticias Alicante lleva su arroz al Bernab\u00e9u [\u2026]\" \/>\n<meta property=\"og:url\" content=\"https:\/\/www.araalicante.com\/en\/alicante-lleva-su-arroz-al-bernabeu-con-grupo-montoro\/\" \/>\n<meta property=\"og:site_name\" content=\"ARA | Asociaci\u00f3n de Restaurantes Alicante\" \/>\n<meta property=\"article:publisher\" content=\"https:\/\/www.facebook.com\/Ararestaurantesalicante\" \/>\n<meta property=\"article:published_time\" content=\"2025-05-27T08:44:11+00:00\" \/>\n<meta property=\"og:image\" content=\"https:\/\/www.grupomontoro.es\/wp-content\/uploads\/2025\/05\/BERNABEU_ESPACIO_MONTORO_DESTACADA-1.jpg\" \/>\n<meta name=\"author\" content=\"Antonio Palomera\" \/>\n<meta name=\"twitter:card\" content=\"summary_large_image\" \/>\n<meta name=\"twitter:label1\" content=\"Written by\" \/>\n\t<meta name=\"twitter:data1\" content=\"Antonio Palomera\" \/>\n\t<meta name=\"twitter:label2\" content=\"Estimated reading time\" \/>\n\t<meta name=\"twitter:data2\" content=\"1 minute\" \/>\n<script type=\"application\/ld+json\" class=\"yoast-schema-graph\">{\"@context\":\"https:\\\/\\\/schema.org\",\"@graph\":[{\"@type\":\"Article\",\"@id\":\"https:\\\/\\\/www.araalicante.com\\\/alicante-lleva-su-arroz-al-bernabeu-con-grupo-montoro\\\/#article\",\"isPartOf\":{\"@id\":\"https:\\\/\\\/www.araalicante.com\\\/alicante-lleva-su-arroz-al-bernabeu-con-grupo-montoro\\\/\"},\"author\":{\"name\":\"Antonio Palomera\",\"@id\":\"https:\\\/\\\/www.araalicante.com\\\/#\\\/schema\\\/person\\\/066f68dc3db0406c0829af861c17332f\"},\"headline\":\"Alicante lleva su arroz al Bernab\u00e9u con Grupo Montoro\",\"datePublished\":\"2025-05-27T08:44:11+00:00\",\"mainEntityOfPage\":{\"@id\":\"https:\\\/\\\/www.araalicante.com\\\/alicante-lleva-su-arroz-al-bernabeu-con-grupo-montoro\\\/\"},\"wordCount\":258,\"publisher\":{\"@id\":\"https:\\\/\\\/www.araalicante.com\\\/#organization\"},\"image\":{\"@id\":\"https:\\\/\\\/www.araalicante.com\\\/alicante-lleva-su-arroz-al-bernabeu-con-grupo-montoro\\\/#primaryimage\"},\"thumbnailUrl\":\"https:\\\/\\\/www.grupomontoro.es\\\/wp-content\\\/uploads\\\/2025\\\/05\\\/BERNABEU_ESPACIO_MONTORO_DESTACADA-1.jpg\",\"articleSection\":[\"Noticias externas\"],\"inLanguage\":\"en-GB\"},{\"@type\":\"WebPage\",\"@id\":\"https:\\\/\\\/www.araalicante.com\\\/alicante-lleva-su-arroz-al-bernabeu-con-grupo-montoro\\\/\",\"url\":\"https:\\\/\\\/www.araalicante.com\\\/alicante-lleva-su-arroz-al-bernabeu-con-grupo-montoro\\\/\",\"name\":\"Alicante lleva su arroz al Bernab\u00e9u con Grupo Montoro - ARA | Asociaci\u00f3n de Restaurantes Alicante\",\"isPartOf\":{\"@id\":\"https:\\\/\\\/www.araalicante.com\\\/#website\"},\"primaryImageOfPage\":{\"@id\":\"https:\\\/\\\/www.araalicante.com\\\/alicante-lleva-su-arroz-al-bernabeu-con-grupo-montoro\\\/#primaryimage\"},\"image\":{\"@id\":\"https:\\\/\\\/www.araalicante.com\\\/alicante-lleva-su-arroz-al-bernabeu-con-grupo-montoro\\\/#primaryimage\"},\"thumbnailUrl\":\"https:\\\/\\\/www.grupomontoro.es\\\/wp-content\\\/uploads\\\/2025\\\/05\\\/BERNABEU_ESPACIO_MONTORO_DESTACADA-1.jpg\",\"datePublished\":\"2025-05-27T08:44:11+00:00\",\"breadcrumb\":{\"@id\":\"https:\\\/\\\/www.araalicante.com\\\/alicante-lleva-su-arroz-al-bernabeu-con-grupo-montoro\\\/#breadcrumb\"},\"inLanguage\":\"en-GB\",\"potentialAction\":[{\"@type\":\"ReadAction\",\"target\":[\"https:\\\/\\\/www.araalicante.com\\\/alicante-lleva-su-arroz-al-bernabeu-con-grupo-montoro\\\/\"]}]},{\"@type\":\"ImageObject\",\"inLanguage\":\"en-GB\",\"@id\":\"https:\\\/\\\/www.araalicante.com\\\/alicante-lleva-su-arroz-al-bernabeu-con-grupo-montoro\\\/#primaryimage\",\"url\":\"https:\\\/\\\/www.grupomontoro.es\\\/wp-content\\\/uploads\\\/2025\\\/05\\\/BERNABEU_ESPACIO_MONTORO_DESTACADA-1.jpg\",\"contentUrl\":\"https:\\\/\\\/www.grupomontoro.es\\\/wp-content\\\/uploads\\\/2025\\\/05\\\/BERNABEU_ESPACIO_MONTORO_DESTACADA-1.jpg\"},{\"@type\":\"BreadcrumbList\",\"@id\":\"https:\\\/\\\/www.araalicante.com\\\/alicante-lleva-su-arroz-al-bernabeu-con-grupo-montoro\\\/#breadcrumb\",\"itemListElement\":[{\"@type\":\"ListItem\",\"position\":1,\"name\":\"Portada\",\"item\":\"https:\\\/\\\/www.araalicante.com\\\/\"},{\"@type\":\"ListItem\",\"position\":2,\"name\":\"Alicante lleva su arroz al Bernab\u00e9u con Grupo Montoro\"}]},{\"@type\":\"WebSite\",\"@id\":\"https:\\\/\\\/www.araalicante.com\\\/#website\",\"url\":\"https:\\\/\\\/www.araalicante.com\\\/\",\"name\":\"ARA | Asociaci\u00f3n de Restaurantes Alicante\",\"description\":\"Producto local, restauraci\u00f3n de calidad en Alicante y su provincia\",\"publisher\":{\"@id\":\"https:\\\/\\\/www.araalicante.com\\\/#organization\"},\"potentialAction\":[{\"@type\":\"SearchAction\",\"target\":{\"@type\":\"EntryPoint\",\"urlTemplate\":\"https:\\\/\\\/www.araalicante.com\\\/?s={search_term_string}\"},\"query-input\":{\"@type\":\"PropertyValueSpecification\",\"valueRequired\":true,\"valueName\":\"search_term_string\"}}],\"inLanguage\":\"en-GB\"},{\"@type\":\"Organization\",\"@id\":\"https:\\\/\\\/www.araalicante.com\\\/#organization\",\"name\":\"ARA | Asociaci\u00f3n de Restaurantes Alicante\",\"url\":\"https:\\\/\\\/www.araalicante.com\\\/\",\"logo\":{\"@type\":\"ImageObject\",\"inLanguage\":\"en-GB\",\"@id\":\"https:\\\/\\\/www.araalicante.com\\\/#\\\/schema\\\/logo\\\/image\\\/\",\"url\":\"https:\\\/\\\/www.araalicante.com\\\/wp-content\\\/uploads\\\/2023\\\/09\\\/logoara.png\",\"contentUrl\":\"https:\\\/\\\/www.araalicante.com\\\/wp-content\\\/uploads\\\/2023\\\/09\\\/logoara.png\",\"width\":400,\"height\":85,\"caption\":\"ARA | Asociaci\u00f3n de Restaurantes Alicante\"},\"image\":{\"@id\":\"https:\\\/\\\/www.araalicante.com\\\/#\\\/schema\\\/logo\\\/image\\\/\"},\"sameAs\":[\"https:\\\/\\\/www.facebook.com\\\/Ararestaurantesalicante\",\"https:\\\/\\\/www.instagram.com\\\/ararestaurantesalicante\\\/\"]},{\"@type\":\"Person\",\"@id\":\"https:\\\/\\\/www.araalicante.com\\\/#\\\/schema\\\/person\\\/066f68dc3db0406c0829af861c17332f\",\"name\":\"Antonio Palomera\",\"image\":{\"@type\":\"ImageObject\",\"inLanguage\":\"en-GB\",\"@id\":\"https:\\\/\\\/secure.gravatar.com\\\/avatar\\\/a8378756bb866d8a91ea5808ee291ef099888cc76273b42162b3ab961b9da5df?s=96&d=mm&r=g\",\"url\":\"https:\\\/\\\/secure.gravatar.com\\\/avatar\\\/a8378756bb866d8a91ea5808ee291ef099888cc76273b42162b3ab961b9da5df?s=96&d=mm&r=g\",\"contentUrl\":\"https:\\\/\\\/secure.gravatar.com\\\/avatar\\\/a8378756bb866d8a91ea5808ee291ef099888cc76273b42162b3ab961b9da5df?s=96&d=mm&r=g\",\"caption\":\"Antonio Palomera\"},\"url\":\"https:\\\/\\\/www.araalicante.com\\\/en\\\/author\\\/antonio\\\/\"}]}<\/script>\n<!-- \/ Yoast SEO plugin. -->","yoast_head_json":{"title":"Alicante lleva su arroz al Bernab\u00e9u con Grupo Montoro - ARA | Asociaci\u00f3n de Restaurantes Alicante","robots":{"index":"index","follow":"follow","max-snippet":"max-snippet:-1","max-image-preview":"max-image-preview:large","max-video-preview":"max-video-preview:-1"},"canonical":"https:\/\/www.araalicante.com\/en\/alicante-lleva-su-arroz-al-bernabeu-con-grupo-montoro\/","og_locale":"en_GB","og_type":"article","og_title":"Alicante lleva su arroz al Bernab\u00e9u con Grupo Montoro - ARA | Asociaci\u00f3n de Restaurantes Alicante","og_description":"27 mayo, 2025 Espacio Montoro, Noticias Alicante lleva su arroz al Bernab\u00e9u [\u2026]","og_url":"https:\/\/www.araalicante.com\/en\/alicante-lleva-su-arroz-al-bernabeu-con-grupo-montoro\/","og_site_name":"ARA | Asociaci\u00f3n de Restaurantes Alicante","article_publisher":"https:\/\/www.facebook.com\/Ararestaurantesalicante","article_published_time":"2025-05-27T08:44:11+00:00","og_image":[{"url":"https:\/\/www.grupomontoro.es\/wp-content\/uploads\/2025\/05\/BERNABEU_ESPACIO_MONTORO_DESTACADA-1.jpg","type":"","width":"","height":""}],"author":"Antonio Palomera","twitter_card":"summary_large_image","twitter_misc":{"Written by":"Antonio Palomera","Estimated reading time":"1 minute"},"schema":{"@context":"https:\/\/schema.org","@graph":[{"@type":"Article","@id":"https:\/\/www.araalicante.com\/alicante-lleva-su-arroz-al-bernabeu-con-grupo-montoro\/#article","isPartOf":{"@id":"https:\/\/www.araalicante.com\/alicante-lleva-su-arroz-al-bernabeu-con-grupo-montoro\/"},"author":{"name":"Antonio Palomera","@id":"https:\/\/www.araalicante.com\/#\/schema\/person\/066f68dc3db0406c0829af861c17332f"},"headline":"Alicante lleva su arroz al Bernab\u00e9u con Grupo Montoro","datePublished":"2025-05-27T08:44:11+00:00","mainEntityOfPage":{"@id":"https:\/\/www.araalicante.com\/alicante-lleva-su-arroz-al-bernabeu-con-grupo-montoro\/"},"wordCount":258,"publisher":{"@id":"https:\/\/www.araalicante.com\/#organization"},"image":{"@id":"https:\/\/www.araalicante.com\/alicante-lleva-su-arroz-al-bernabeu-con-grupo-montoro\/#primaryimage"},"thumbnailUrl":"https:\/\/www.grupomontoro.es\/wp-content\/uploads\/2025\/05\/BERNABEU_ESPACIO_MONTORO_DESTACADA-1.jpg","articleSection":["Noticias externas"],"inLanguage":"en-GB"},{"@type":"WebPage","@id":"https:\/\/www.araalicante.com\/alicante-lleva-su-arroz-al-bernabeu-con-grupo-montoro\/","url":"https:\/\/www.araalicante.com\/alicante-lleva-su-arroz-al-bernabeu-con-grupo-montoro\/","name":"Alicante lleva su arroz al Bernab\u00e9u con Grupo Montoro - ARA | Asociaci\u00f3n de Restaurantes Alicante","isPartOf":{"@id":"https:\/\/www.araalicante.com\/#website"},"primaryImageOfPage":{"@id":"https:\/\/www.araalicante.com\/alicante-lleva-su-arroz-al-bernabeu-con-grupo-montoro\/#primaryimage"},"image":{"@id":"https:\/\/www.araalicante.com\/alicante-lleva-su-arroz-al-bernabeu-con-grupo-montoro\/#primaryimage"},"thumbnailUrl":"https:\/\/www.grupomontoro.es\/wp-content\/uploads\/2025\/05\/BERNABEU_ESPACIO_MONTORO_DESTACADA-1.jpg","datePublished":"2025-05-27T08:44:11+00:00","breadcrumb":{"@id":"https:\/\/www.araalicante.com\/alicante-lleva-su-arroz-al-bernabeu-con-grupo-montoro\/#breadcrumb"},"inLanguage":"en-GB","potentialAction":[{"@type":"ReadAction","target":["https:\/\/www.araalicante.com\/alicante-lleva-su-arroz-al-bernabeu-con-grupo-montoro\/"]}]},{"@type":"ImageObject","inLanguage":"en-GB","@id":"https:\/\/www.araalicante.com\/alicante-lleva-su-arroz-al-bernabeu-con-grupo-montoro\/#primaryimage","url":"https:\/\/www.grupomontoro.es\/wp-content\/uploads\/2025\/05\/BERNABEU_ESPACIO_MONTORO_DESTACADA-1.jpg","contentUrl":"https:\/\/www.grupomontoro.es\/wp-content\/uploads\/2025\/05\/BERNABEU_ESPACIO_MONTORO_DESTACADA-1.jpg"},{"@type":"BreadcrumbList","@id":"https:\/\/www.araalicante.com\/alicante-lleva-su-arroz-al-bernabeu-con-grupo-montoro\/#breadcrumb","itemListElement":[{"@type":"ListItem","position":1,"name":"Portada","item":"https:\/\/www.araalicante.com\/"},{"@type":"ListItem","position":2,"name":"Alicante lleva su arroz al Bernab\u00e9u con Grupo Montoro"}]},{"@type":"WebSite","@id":"https:\/\/www.araalicante.com\/#website","url":"https:\/\/www.araalicante.com\/","name":"ARA | Asociaci\u00f3n de Restaurantes Alicante","description":"Producto local, restauraci\u00f3n de calidad en Alicante y su provincia","publisher":{"@id":"https:\/\/www.araalicante.com\/#organization"},"potentialAction":[{"@type":"SearchAction","target":{"@type":"EntryPoint","urlTemplate":"https:\/\/www.araalicante.com\/?s={search_term_string}"},"query-input":{"@type":"PropertyValueSpecification","valueRequired":true,"valueName":"search_term_string"}}],"inLanguage":"en-GB"},{"@type":"Organization","@id":"https:\/\/www.araalicante.com\/#organization","name":"ARA | Asociaci\u00f3n de Restaurantes Alicante","url":"https:\/\/www.araalicante.com\/","logo":{"@type":"ImageObject","inLanguage":"en-GB","@id":"https:\/\/www.araalicante.com\/#\/schema\/logo\/image\/","url":"https:\/\/www.araalicante.com\/wp-content\/uploads\/2023\/09\/logoara.png","contentUrl":"https:\/\/www.araalicante.com\/wp-content\/uploads\/2023\/09\/logoara.png","width":400,"height":85,"caption":"ARA | Asociaci\u00f3n de Restaurantes Alicante"},"image":{"@id":"https:\/\/www.araalicante.com\/#\/schema\/logo\/image\/"},"sameAs":["https:\/\/www.facebook.com\/Ararestaurantesalicante","https:\/\/www.instagram.com\/ararestaurantesalicante\/"]},{"@type":"Person","@id":"https:\/\/www.araalicante.com\/#\/schema\/person\/066f68dc3db0406c0829af861c17332f","name":"Antonio Palomera","image":{"@type":"ImageObject","inLanguage":"en-GB","@id":"https:\/\/secure.gravatar.com\/avatar\/a8378756bb866d8a91ea5808ee291ef099888cc76273b42162b3ab961b9da5df?s=96&d=mm&r=g","url":"https:\/\/secure.gravatar.com\/avatar\/a8378756bb866d8a91ea5808ee291ef099888cc76273b42162b3ab961b9da5df?s=96&d=mm&r=g","contentUrl":"https:\/\/secure.gravatar.com\/avatar\/a8378756bb866d8a91ea5808ee291ef099888cc76273b42162b3ab961b9da5df?s=96&d=mm&r=g","caption":"Antonio Palomera"},"url":"https:\/\/www.araalicante.com\/en\/author\/antonio\/"}]}},"_links":{"self":[{"href":"https:\/\/www.araalicante.com\/en\/wp-json\/wp\/v2\/posts\/4816","targetHints":{"allow":["GET"]}}],"collection":[{"href":"https:\/\/www.araalicante.com\/en\/wp-json\/wp\/v2\/posts"}],"about":[{"href":"https:\/\/www.araalicante.com\/en\/wp-json\/wp\/v2\/types\/post"}],"author":[{"embeddable":true,"href":"https:\/\/www.araalicante.com\/en\/wp-json\/wp\/v2\/users\/17"}],"replies":[{"embeddable":true,"href":"https:\/\/www.araalicante.com\/en\/wp-json\/wp\/v2\/comments?post=4816"}],"version-history":[{"count":0,"href":"https:\/\/www.araalicante.com\/en\/wp-json\/wp\/v2\/posts\/4816\/revisions"}],"wp:attachment":[{"href":"https:\/\/www.araalicante.com\/en\/wp-json\/wp\/v2\/media?parent=4816"}],"wp:term":[{"taxonomy":"category","embeddable":true,"href":"https:\/\/www.araalicante.com\/en\/wp-json\/wp\/v2\/categories?post=4816"},{"taxonomy":"post_tag","embeddable":true,"href":"https:\/\/www.araalicante.com\/en\/wp-json\/wp\/v2\/tags?post=4816"}],"curies":[{"name":"wp","href":"https:\/\/api.w.org\/{rel}","templated":true}]}}