{"id":4809,"date":"2025-05-22T15:10:20","date_gmt":"2025-05-22T13:10:20","guid":{"rendered":"https:\/\/www.araalicante.com\/la-gestion-de-residuos-y-el-consumo-responsable-principales-acciones-realizadas-por-los-bares-y-restaurantes-premiados-en-la-ii-edicion-de-los-premios-sin-huella\/"},"modified":"2025-05-22T15:10:20","modified_gmt":"2025-05-22T13:10:20","slug":"la-gestion-de-residuos-y-el-consumo-responsable-principales-acciones-realizadas-por-los-bares-y-restaurantes-premiados-en-la-ii-edicion-de-los-premios-sin-huella","status":"publish","type":"post","link":"https:\/\/www.araalicante.com\/en\/la-gestion-de-residuos-y-el-consumo-responsable-principales-acciones-realizadas-por-los-bares-y-restaurantes-premiados-en-la-ii-edicion-de-los-premios-sin-huella\/","title":{"rendered":"La gesti\u00f3n de residuos y el consumo responsable, principales acciones realizadas por los bares y restaurantes premiados en la II Edici\u00f3n de los Premios \u2018Sin Huella\u2019"},"content":{"rendered":"<div>\n<p>La correcta gesti\u00f3n de los residuos, la promoci\u00f3n de un consumo responsable, as\u00ed como el impulso del ahorro de agua o la b\u00fasqueda de la eficiencia en materia energ\u00e9tica, son las principales acciones desarrolladas por los establecimientos premiados en la II Edici\u00f3n de los premios \u2018Sin Huella. Estos galardones, otorgados por Hosteler\u00eda #PorElClima, una iniciativa de Coca-Cola y Comunidad #PorElClima (ECODES)con el apoyo de Hosteler\u00eda de Espa\u00f1a, son un reconocimiento a aquellos establecimientos hosteleros, instituciones y asociaciones que han asumido un compromiso decidido para actuar contra el cambio clim\u00e1tico en el sector de la hosteler\u00eda.<\/p>\n<p>La entrega de estos premios ha tenido lugar en un acto celebrado en Madrid que ha contado con la presencia de Elena Pita, directora general de la Oficina Espa\u00f1ola de Cambio Clim\u00e1tico del Ministerio para la Transici\u00f3n Ecol\u00f3gica y el Reto Demogr\u00e1fico.<\/p>\n<p>En esta II edici\u00f3n, han sido galardonados, a nivel nacional, el restaurante Ovillo, el proyecto de Javier Mu\u00f1oz-Calero, en la categor\u00eda de \u201cInnovaci\u00f3n\u201d; la ense\u00f1a La Tagliatella, en la de \u201cAcci\u00f3n\u201d; la Oficina de Sostenibilidad de Turismo de Navarra, en la de \u201cLiderazgo\u201d; el grupo hostelero RBE (Restaurant Brands Europe), en la de \u201cImpulso\u201d; y el Ayuntamiento de Bilbao, en la de \u201cAlianzas\u201d. Adem\u00e1s, Restalia Brands ha recibido un especial reconocimiento por su compromiso.<\/p>\n<p>La ambici\u00f3n de Hosteler\u00eda #PorElClima es que estos premios sirvan de inspiraci\u00f3n para involucrar tanto a otros establecimientos del sector como a otras instituciones en la importancia de actuar por el clima y avanzar en la reducci\u00f3n de las emisiones de carbono. <em>\u201cLa hosteler\u00eda espa\u00f1ola, adem\u00e1s de ser un referente a nivel europeo por su excelencia como sector, tambi\u00e9n cuenta con un gran potencial para concienciar y actuar contra el cambio clim\u00e1tico dada su presencia en todo el territorio espa\u00f1ol. A pesar de que no es un sector intensivo en emisiones, la hosteler\u00eda est\u00e1 actuando y sigue avanzando en su acci\u00f3n clim\u00e1tica. Precisamente, todos estos establecimientos premiados son un claro ejemplo del compromiso creciente del sector con el cumplimiento de los objetivos de reducci\u00f3n de emisiones de CO2\u201d<\/em>, afirma <strong>Carmen G\u00f3mez-Acebo, directora de Sostenibilidad de Coca-Cola Europacific Partners Iberia.<\/strong><\/p>\n<p><img fetchpriority=\"high\" decoding=\"async\" class=\"wp-image-32171 aligncenter lazyload\" src=\"https:\/\/www.hosteleriadigital.es\/wp-content\/uploads\/2025\/05\/620-foto-almeida-coca-300x200.jpg\" alt=\"\" width=\"500\" height=\"333\"\/><noscript><img loading=\"lazy\" decoding=\"async\" class=\"wp-image-32171 aligncenter lazyload\" src=\"https:\/\/www.hosteleriadigital.es\/wp-content\/uploads\/2025\/05\/620-foto-almeida-coca-300x200.jpg\" alt=\"\" width=\"500\" height=\"333\" srcset=\"https:\/\/www.hosteleriadigital.es\/wp-content\/uploads\/2025\/05\/620-foto-almeida-coca-300x200.jpg 300w, https:\/\/www.hosteleriadigital.es\/wp-content\/uploads\/2025\/05\/620-foto-almeida-coca-150x100.jpg 150w, https:\/\/www.hosteleriadigital.es\/wp-content\/uploads\/2025\/05\/620-foto-almeida-coca.jpg 620w\" sizes=\"auto, (max-width: 500px) 100vw, 500px\"\/><\/noscript><\/p>\n<p><strong>Juan Ortiz, director general de ECODES<\/strong>, que act\u00faa como secretar\u00eda t\u00e9cnica de la Comunidad #PorElClima, se\u00f1ala que \u201cvolvemos hoy a demostrar que es posible ofrecer un servicio de hosteler\u00eda excelente mientras se reduce la huella de carbono. Los premiados en esta edici\u00f3n son un valioso ejemplo de acciones cercanas, comprometidas y valientes que construyen el camino de las transformaciones aut\u00e9nticas y necesarias, aquellas que no solo benefician al medio ambiente y al clima sino que tambi\u00e9n fortalecen la resiliencia y competitividad de sus negocios. La hosteler\u00eda espa\u00f1ola vuelve a ser ejemplo de liderazgo en la construcci\u00f3n de un futuro m\u00e1s verde y din\u00e1mico\u201d.<br \/>Por su parte,<strong> Jos\u00e9 Almeida, presidente de Hosteler\u00eda de Espa\u00f1a<\/strong>, apunta que \u201c<em>todos los premiados son un claro ejemplo del compromiso de la hosteler\u00eda con la sociedad. El cambio clim\u00e1tico es una preocupaci\u00f3n de muchas empresas y de muchos de nuestros clientes, por lo que la hosteler\u00eda no puede quedar al margen, y est\u00e1 haciendo esfuerzos de adaptaci\u00f3n para minimizar su impacto. Adem\u00e1s, la enorme capilaridad de este sector hace que sea perfecto para amplificar ese mensaje de compromiso a los millones de clientes que visitan diariamente los m\u00e1s de 300.000 establecimientos de hosteler\u00eda que hay en nuestro pa\u00eds<\/em>\u201d.<\/p>\n<p>Adem\u00e1s de estos galardones, Hosteler\u00eda #PorElClima ha reconocido ejemplos de buenas pr\u00e1cticas y referentes a nivel regional, uno por cada comunidad aut\u00f3noma, en reconocimiento a su compromiso con el clima (ver listado de premiados).<\/p>\n<p><strong>Premiados<\/strong><\/p>\n<p>En el caso del restaurante <strong>Ovillo<\/strong>, ubicado en Madrid, el proyecto m\u00e1s personal de Javier Mu\u00f1oz-Calero, chef y propietario, se ha valorado su capacidad para dar un servicio de calidad a sus clientes adoptando, a la vez, un compromiso con el medio ambiente. Mu\u00f1oz-Calero ha puesto en marcha m\u00e1s de 40 medidas encaminadas a reducir sus emisiones, con acciones tan diferenciales como un sistema de recuperaci\u00f3n de agua de lluvia o el aprovechamiento de los residuos para crear compost. Este compromiso le ha hecho merecedor del premio a la \u201cInnovaci\u00f3n\u201d.<\/p>\n<p><img loading=\"lazy\" decoding=\"async\" class=\"wp-image-32172 aligncenter lazyload\" src=\"https:\/\/www.hosteleriadigital.es\/wp-content\/uploads\/2025\/05\/620-300x200.jpg\" alt=\"\" width=\"456\" height=\"304\"\/><noscript><img loading=\"lazy\" decoding=\"async\" class=\"wp-image-32172 aligncenter lazyload\" src=\"https:\/\/www.hosteleriadigital.es\/wp-content\/uploads\/2025\/05\/620-300x200.jpg\" alt=\"\" width=\"456\" height=\"304\" srcset=\"https:\/\/www.hosteleriadigital.es\/wp-content\/uploads\/2025\/05\/620-300x200.jpg 300w, https:\/\/www.hosteleriadigital.es\/wp-content\/uploads\/2025\/05\/620-150x100.jpg 150w, https:\/\/www.hosteleriadigital.es\/wp-content\/uploads\/2025\/05\/620.jpg 620w\" sizes=\"auto, (max-width: 456px) 100vw, 456px\"\/><\/noscript><\/p>\n<p>Por su parte,<strong> La Tagliatella<\/strong>, cadena de restaurantes especializada en gastronom\u00eda italiana, ha decidido acelerar la reducci\u00f3n de sus emisiones. El grupo ha adherido a Hosteler\u00eda #PorElClima a 29 de sus establecimientos que, en conjunto, realizan m\u00e1s de 1.000 acciones en favor del clima. Entre las acciones puestas en marcha por los establecimientos de La Tagliatella destacan el trabajo con proveedores locales en cada zona y la correcta gesti\u00f3n de los residuos, especialmente el reciclaje tanto de vidrio, como papel y cart\u00f3n, bombillas y todo tipo de envases. Adem\u00e1s, en parte de estos establecimientos ha llevado a cabo la instalaci\u00f3n de sistemas que reducen el consumo de agua y la sustituci\u00f3n de electrodom\u00e9sticos por otros m\u00e1s eficientes.<\/p>\n<p><strong>Restaurant Brands Europe<\/strong>, grupo de restauraci\u00f3n, fue el primer gran grupo de restauraci\u00f3n en adherirse a Hosteler\u00eda #PorElClima gracias a la incorporaci\u00f3n, en 2022, de m\u00e1s de 400 establecimientos de las marcas Burger King (387) y Popeyes Louisiana Kitchen (26). El grupo ha sido pionero en iniciar un plan para reducir sus emisiones a trav\u00e9s de la disminuci\u00f3n del uso de combustible f\u00f3sil en los establecimientos de sus marcas y alinearse con los objetivos marcados por el Acuerdo de Par\u00eds. Para ello est\u00e1 actuando en tres l\u00edneas de acci\u00f3n: uso de energ\u00edas renovables, movilidad sostenible y uso de material reciclado en la construcci\u00f3n de sus locales.<\/p>\n<p><img loading=\"lazy\" decoding=\"async\" class=\"wp-image-32173 aligncenter lazyload\" src=\"https:\/\/www.hosteleriadigital.es\/wp-content\/uploads\/2025\/05\/620-foto-borja-coca-300x200.jpg\" alt=\"\" width=\"497\" height=\"331\"\/><noscript><img loading=\"lazy\" decoding=\"async\" class=\"wp-image-32173 aligncenter lazyload\" src=\"https:\/\/www.hosteleriadigital.es\/wp-content\/uploads\/2025\/05\/620-foto-borja-coca-300x200.jpg\" alt=\"\" width=\"497\" height=\"331\" srcset=\"https:\/\/www.hosteleriadigital.es\/wp-content\/uploads\/2025\/05\/620-foto-borja-coca-300x200.jpg 300w, https:\/\/www.hosteleriadigital.es\/wp-content\/uploads\/2025\/05\/620-foto-borja-coca-150x100.jpg 150w, https:\/\/www.hosteleriadigital.es\/wp-content\/uploads\/2025\/05\/620-foto-borja-coca.jpg 620w\" sizes=\"auto, (max-width: 497px) 100vw, 497px\"\/><\/noscript><\/p>\n<p>Desde su creaci\u00f3n en 2023 por parte de la Asociaci\u00f3n de Hosteler\u00eda de Navarra, la <strong>Oficina de Sostenibilidad de Turismo de Navarra<\/strong> colabora con Hosteler\u00eda #PorElClima para cubrir los objetivos ambientales y clim\u00e1ticos en el sector hostelero. Esta organizaci\u00f3n se est\u00e1 encargando de difundir el proyecto para incrementar la adhesi\u00f3n de los establecimientos navarros y ofrece las herramientas y servicios a disposici\u00f3n de estos. Ha generado un espacio de trabajo espec\u00edfico para estos temas que benefician al sector y al medioambiente. Esta labor de promoci\u00f3n e impulso le ha hecho merecedor del premio al \u201cLiderazgo\u201d.<\/p>\n<p>El <strong>Ayuntamiento de Bilbao<\/strong> ha sido premiado por su capacidad de establecer \u201cAlianzas\u201d para promocionar la descarbonizaci\u00f3n del sector. El Ayuntamiento acudi\u00f3 a Hosteler\u00eda #PorElClima en la ciudad para realizar una colaboraci\u00f3n conjunta y dar a conocer el proyecto al mayor n\u00famero de hosteleros bilba\u00ednos posible. El Ayuntamiento, adem\u00e1s, para facilitar el cumplimiento de medidas de sostenibilidad, ha entregado a todos los establecimientos de la ciudad folletos informativos sobre medidas que pueden poner en marcha y reductores de caudal para mejorar el ahorro de agua en los locales.<\/p>\n<\/div>\n<p><a href=\"https:\/\/www.hosteleriadigital.es\/2025\/05\/22\/la-gestion-de-residuos-y-el-consumo-responsable-principales-acciones-realizadas-por-los-bares-y-restaurantes-premiados-en-la-ii-edicion-de-los-premios-sin-huella\/\">source<\/a><\/p>","protected":false},"excerpt":{"rendered":"<p>La correcta gesti\u00f3n de los residuos, la promoci\u00f3n de un consumo responsable,<span class=\"excerpt-hellip\"> [\u2026]<\/span><\/p>\n","protected":false},"author":17,"featured_media":0,"comment_status":"","ping_status":"","sticky":false,"template":"","format":"standard","meta":{"footnotes":""},"categories":[1],"tags":[],"class_list":["post-4809","post","type-post","status-publish","format-standard","hentry","category-noticias-externas"],"yoast_head":"<!-- This site is optimized with the Yoast SEO plugin v27.4 - https:\/\/yoast.com\/product\/yoast-seo-wordpress\/ -->\n<title>La gesti\u00f3n de residuos y el consumo responsable, principales acciones realizadas por los bares y restaurantes premiados en la II Edici\u00f3n de los Premios \u2018Sin Huella\u2019 - ARA | Asociaci\u00f3n de Restaurantes Alicante<\/title>\n<meta name=\"robots\" content=\"index, follow, max-snippet:-1, max-image-preview:large, max-video-preview:-1\" \/>\n<link rel=\"canonical\" href=\"https:\/\/www.araalicante.com\/en\/la-gestion-de-residuos-y-el-consumo-responsable-principales-acciones-realizadas-por-los-bares-y-restaurantes-premiados-en-la-ii-edicion-de-los-premios-sin-huella\/\" \/>\n<meta property=\"og:locale\" content=\"en_GB\" \/>\n<meta property=\"og:type\" content=\"article\" \/>\n<meta property=\"og:title\" content=\"La gesti\u00f3n de residuos y el consumo responsable, principales acciones realizadas por los bares y restaurantes premiados en la II Edici\u00f3n de los Premios \u2018Sin Huella\u2019 - ARA | Asociaci\u00f3n de Restaurantes Alicante\" \/>\n<meta property=\"og:description\" content=\"La correcta gesti\u00f3n de los residuos, la promoci\u00f3n de un consumo responsable, [\u2026]\" \/>\n<meta property=\"og:url\" content=\"https:\/\/www.araalicante.com\/en\/la-gestion-de-residuos-y-el-consumo-responsable-principales-acciones-realizadas-por-los-bares-y-restaurantes-premiados-en-la-ii-edicion-de-los-premios-sin-huella\/\" \/>\n<meta property=\"og:site_name\" content=\"ARA | Asociaci\u00f3n de Restaurantes Alicante\" \/>\n<meta property=\"article:publisher\" content=\"https:\/\/www.facebook.com\/Ararestaurantesalicante\" \/>\n<meta property=\"article:published_time\" content=\"2025-05-22T13:10:20+00:00\" \/>\n<meta property=\"og:image\" content=\"https:\/\/www.araalicante.com\/wp-content\/uploads\/2023\/10\/Sin-titulo-1.png\" \/>\n\t<meta property=\"og:image:width\" content=\"200\" \/>\n\t<meta property=\"og:image:height\" content=\"200\" \/>\n\t<meta property=\"og:image:type\" content=\"image\/png\" \/>\n<meta name=\"author\" content=\"Antonio Palomera\" \/>\n<meta name=\"twitter:card\" content=\"summary_large_image\" \/>\n<meta name=\"twitter:label1\" content=\"Written by\" \/>\n\t<meta name=\"twitter:data1\" content=\"Antonio Palomera\" \/>\n\t<meta name=\"twitter:label2\" content=\"Estimated reading time\" \/>\n\t<meta name=\"twitter:data2\" content=\"6 minutes\" \/>\n<script type=\"application\/ld+json\" class=\"yoast-schema-graph\">{\"@context\":\"https:\\\/\\\/schema.org\",\"@graph\":[{\"@type\":\"Article\",\"@id\":\"https:\\\/\\\/www.araalicante.com\\\/la-gestion-de-residuos-y-el-consumo-responsable-principales-acciones-realizadas-por-los-bares-y-restaurantes-premiados-en-la-ii-edicion-de-los-premios-sin-huella\\\/#article\",\"isPartOf\":{\"@id\":\"https:\\\/\\\/www.araalicante.com\\\/la-gestion-de-residuos-y-el-consumo-responsable-principales-acciones-realizadas-por-los-bares-y-restaurantes-premiados-en-la-ii-edicion-de-los-premios-sin-huella\\\/\"},\"author\":{\"name\":\"Antonio Palomera\",\"@id\":\"https:\\\/\\\/www.araalicante.com\\\/#\\\/schema\\\/person\\\/066f68dc3db0406c0829af861c17332f\"},\"headline\":\"La gesti\u00f3n de residuos y el consumo responsable, principales acciones realizadas por los bares y restaurantes premiados en la II Edici\u00f3n de los Premios \u2018Sin Huella\u2019\",\"datePublished\":\"2025-05-22T13:10:20+00:00\",\"mainEntityOfPage\":{\"@id\":\"https:\\\/\\\/www.araalicante.com\\\/la-gestion-de-residuos-y-el-consumo-responsable-principales-acciones-realizadas-por-los-bares-y-restaurantes-premiados-en-la-ii-edicion-de-los-premios-sin-huella\\\/\"},\"wordCount\":1215,\"publisher\":{\"@id\":\"https:\\\/\\\/www.araalicante.com\\\/#organization\"},\"image\":{\"@id\":\"https:\\\/\\\/www.araalicante.com\\\/la-gestion-de-residuos-y-el-consumo-responsable-principales-acciones-realizadas-por-los-bares-y-restaurantes-premiados-en-la-ii-edicion-de-los-premios-sin-huella\\\/#primaryimage\"},\"thumbnailUrl\":\"https:\\\/\\\/www.hosteleriadigital.es\\\/wp-content\\\/uploads\\\/2025\\\/05\\\/620-foto-almeida-coca-300x200.jpg\",\"articleSection\":[\"Noticias externas\"],\"inLanguage\":\"en-GB\"},{\"@type\":\"WebPage\",\"@id\":\"https:\\\/\\\/www.araalicante.com\\\/la-gestion-de-residuos-y-el-consumo-responsable-principales-acciones-realizadas-por-los-bares-y-restaurantes-premiados-en-la-ii-edicion-de-los-premios-sin-huella\\\/\",\"url\":\"https:\\\/\\\/www.araalicante.com\\\/la-gestion-de-residuos-y-el-consumo-responsable-principales-acciones-realizadas-por-los-bares-y-restaurantes-premiados-en-la-ii-edicion-de-los-premios-sin-huella\\\/\",\"name\":\"La gesti\u00f3n de residuos y el consumo responsable, principales acciones realizadas por los bares y restaurantes premiados en la II Edici\u00f3n de los Premios \u2018Sin Huella\u2019 - ARA | Asociaci\u00f3n de Restaurantes Alicante\",\"isPartOf\":{\"@id\":\"https:\\\/\\\/www.araalicante.com\\\/#website\"},\"primaryImageOfPage\":{\"@id\":\"https:\\\/\\\/www.araalicante.com\\\/la-gestion-de-residuos-y-el-consumo-responsable-principales-acciones-realizadas-por-los-bares-y-restaurantes-premiados-en-la-ii-edicion-de-los-premios-sin-huella\\\/#primaryimage\"},\"image\":{\"@id\":\"https:\\\/\\\/www.araalicante.com\\\/la-gestion-de-residuos-y-el-consumo-responsable-principales-acciones-realizadas-por-los-bares-y-restaurantes-premiados-en-la-ii-edicion-de-los-premios-sin-huella\\\/#primaryimage\"},\"thumbnailUrl\":\"https:\\\/\\\/www.hosteleriadigital.es\\\/wp-content\\\/uploads\\\/2025\\\/05\\\/620-foto-almeida-coca-300x200.jpg\",\"datePublished\":\"2025-05-22T13:10:20+00:00\",\"breadcrumb\":{\"@id\":\"https:\\\/\\\/www.araalicante.com\\\/la-gestion-de-residuos-y-el-consumo-responsable-principales-acciones-realizadas-por-los-bares-y-restaurantes-premiados-en-la-ii-edicion-de-los-premios-sin-huella\\\/#breadcrumb\"},\"inLanguage\":\"en-GB\",\"potentialAction\":[{\"@type\":\"ReadAction\",\"target\":[\"https:\\\/\\\/www.araalicante.com\\\/la-gestion-de-residuos-y-el-consumo-responsable-principales-acciones-realizadas-por-los-bares-y-restaurantes-premiados-en-la-ii-edicion-de-los-premios-sin-huella\\\/\"]}]},{\"@type\":\"ImageObject\",\"inLanguage\":\"en-GB\",\"@id\":\"https:\\\/\\\/www.araalicante.com\\\/la-gestion-de-residuos-y-el-consumo-responsable-principales-acciones-realizadas-por-los-bares-y-restaurantes-premiados-en-la-ii-edicion-de-los-premios-sin-huella\\\/#primaryimage\",\"url\":\"https:\\\/\\\/www.hosteleriadigital.es\\\/wp-content\\\/uploads\\\/2025\\\/05\\\/620-foto-almeida-coca-300x200.jpg\",\"contentUrl\":\"https:\\\/\\\/www.hosteleriadigital.es\\\/wp-content\\\/uploads\\\/2025\\\/05\\\/620-foto-almeida-coca-300x200.jpg\"},{\"@type\":\"BreadcrumbList\",\"@id\":\"https:\\\/\\\/www.araalicante.com\\\/la-gestion-de-residuos-y-el-consumo-responsable-principales-acciones-realizadas-por-los-bares-y-restaurantes-premiados-en-la-ii-edicion-de-los-premios-sin-huella\\\/#breadcrumb\",\"itemListElement\":[{\"@type\":\"ListItem\",\"position\":1,\"name\":\"Portada\",\"item\":\"https:\\\/\\\/www.araalicante.com\\\/\"},{\"@type\":\"ListItem\",\"position\":2,\"name\":\"La gesti\u00f3n de residuos y el consumo responsable, principales acciones realizadas por los bares y restaurantes premiados en la II Edici\u00f3n de los Premios \u2018Sin Huella\u2019\"}]},{\"@type\":\"WebSite\",\"@id\":\"https:\\\/\\\/www.araalicante.com\\\/#website\",\"url\":\"https:\\\/\\\/www.araalicante.com\\\/\",\"name\":\"ARA | Asociaci\u00f3n de Restaurantes Alicante\",\"description\":\"Producto local, restauraci\u00f3n de calidad en Alicante y su provincia\",\"publisher\":{\"@id\":\"https:\\\/\\\/www.araalicante.com\\\/#organization\"},\"potentialAction\":[{\"@type\":\"SearchAction\",\"target\":{\"@type\":\"EntryPoint\",\"urlTemplate\":\"https:\\\/\\\/www.araalicante.com\\\/?s={search_term_string}\"},\"query-input\":{\"@type\":\"PropertyValueSpecification\",\"valueRequired\":true,\"valueName\":\"search_term_string\"}}],\"inLanguage\":\"en-GB\"},{\"@type\":\"Organization\",\"@id\":\"https:\\\/\\\/www.araalicante.com\\\/#organization\",\"name\":\"ARA | Asociaci\u00f3n de Restaurantes Alicante\",\"url\":\"https:\\\/\\\/www.araalicante.com\\\/\",\"logo\":{\"@type\":\"ImageObject\",\"inLanguage\":\"en-GB\",\"@id\":\"https:\\\/\\\/www.araalicante.com\\\/#\\\/schema\\\/logo\\\/image\\\/\",\"url\":\"https:\\\/\\\/www.araalicante.com\\\/wp-content\\\/uploads\\\/2023\\\/09\\\/logoara.png\",\"contentUrl\":\"https:\\\/\\\/www.araalicante.com\\\/wp-content\\\/uploads\\\/2023\\\/09\\\/logoara.png\",\"width\":400,\"height\":85,\"caption\":\"ARA | Asociaci\u00f3n de Restaurantes Alicante\"},\"image\":{\"@id\":\"https:\\\/\\\/www.araalicante.com\\\/#\\\/schema\\\/logo\\\/image\\\/\"},\"sameAs\":[\"https:\\\/\\\/www.facebook.com\\\/Ararestaurantesalicante\",\"https:\\\/\\\/www.instagram.com\\\/ararestaurantesalicante\\\/\"]},{\"@type\":\"Person\",\"@id\":\"https:\\\/\\\/www.araalicante.com\\\/#\\\/schema\\\/person\\\/066f68dc3db0406c0829af861c17332f\",\"name\":\"Antonio Palomera\",\"image\":{\"@type\":\"ImageObject\",\"inLanguage\":\"en-GB\",\"@id\":\"https:\\\/\\\/secure.gravatar.com\\\/avatar\\\/a8378756bb866d8a91ea5808ee291ef099888cc76273b42162b3ab961b9da5df?s=96&d=mm&r=g\",\"url\":\"https:\\\/\\\/secure.gravatar.com\\\/avatar\\\/a8378756bb866d8a91ea5808ee291ef099888cc76273b42162b3ab961b9da5df?s=96&d=mm&r=g\",\"contentUrl\":\"https:\\\/\\\/secure.gravatar.com\\\/avatar\\\/a8378756bb866d8a91ea5808ee291ef099888cc76273b42162b3ab961b9da5df?s=96&d=mm&r=g\",\"caption\":\"Antonio Palomera\"},\"url\":\"https:\\\/\\\/www.araalicante.com\\\/en\\\/author\\\/antonio\\\/\"}]}<\/script>\n<!-- \/ Yoast SEO plugin. -->","yoast_head_json":{"title":"La gesti\u00f3n de residuos y el consumo responsable, principales acciones realizadas por los bares y restaurantes premiados en la II Edici\u00f3n de los Premios \u2018Sin Huella\u2019 - ARA | Asociaci\u00f3n de Restaurantes Alicante","robots":{"index":"index","follow":"follow","max-snippet":"max-snippet:-1","max-image-preview":"max-image-preview:large","max-video-preview":"max-video-preview:-1"},"canonical":"https:\/\/www.araalicante.com\/en\/la-gestion-de-residuos-y-el-consumo-responsable-principales-acciones-realizadas-por-los-bares-y-restaurantes-premiados-en-la-ii-edicion-de-los-premios-sin-huella\/","og_locale":"en_GB","og_type":"article","og_title":"La gesti\u00f3n de residuos y el consumo responsable, principales acciones realizadas por los bares y restaurantes premiados en la II Edici\u00f3n de los Premios \u2018Sin Huella\u2019 - ARA | Asociaci\u00f3n de Restaurantes Alicante","og_description":"La correcta gesti\u00f3n de los residuos, la promoci\u00f3n de un consumo responsable, [\u2026]","og_url":"https:\/\/www.araalicante.com\/en\/la-gestion-de-residuos-y-el-consumo-responsable-principales-acciones-realizadas-por-los-bares-y-restaurantes-premiados-en-la-ii-edicion-de-los-premios-sin-huella\/","og_site_name":"ARA | Asociaci\u00f3n de Restaurantes Alicante","article_publisher":"https:\/\/www.facebook.com\/Ararestaurantesalicante","article_published_time":"2025-05-22T13:10:20+00:00","og_image":[{"width":200,"height":200,"url":"https:\/\/www.araalicante.com\/wp-content\/uploads\/2023\/10\/Sin-titulo-1.png","type":"image\/png"}],"author":"Antonio Palomera","twitter_card":"summary_large_image","twitter_misc":{"Written by":"Antonio Palomera","Estimated reading time":"6 minutes"},"schema":{"@context":"https:\/\/schema.org","@graph":[{"@type":"Article","@id":"https:\/\/www.araalicante.com\/la-gestion-de-residuos-y-el-consumo-responsable-principales-acciones-realizadas-por-los-bares-y-restaurantes-premiados-en-la-ii-edicion-de-los-premios-sin-huella\/#article","isPartOf":{"@id":"https:\/\/www.araalicante.com\/la-gestion-de-residuos-y-el-consumo-responsable-principales-acciones-realizadas-por-los-bares-y-restaurantes-premiados-en-la-ii-edicion-de-los-premios-sin-huella\/"},"author":{"name":"Antonio Palomera","@id":"https:\/\/www.araalicante.com\/#\/schema\/person\/066f68dc3db0406c0829af861c17332f"},"headline":"La gesti\u00f3n de residuos y el consumo responsable, principales acciones realizadas por los bares y restaurantes premiados en la II Edici\u00f3n de los Premios \u2018Sin Huella\u2019","datePublished":"2025-05-22T13:10:20+00:00","mainEntityOfPage":{"@id":"https:\/\/www.araalicante.com\/la-gestion-de-residuos-y-el-consumo-responsable-principales-acciones-realizadas-por-los-bares-y-restaurantes-premiados-en-la-ii-edicion-de-los-premios-sin-huella\/"},"wordCount":1215,"publisher":{"@id":"https:\/\/www.araalicante.com\/#organization"},"image":{"@id":"https:\/\/www.araalicante.com\/la-gestion-de-residuos-y-el-consumo-responsable-principales-acciones-realizadas-por-los-bares-y-restaurantes-premiados-en-la-ii-edicion-de-los-premios-sin-huella\/#primaryimage"},"thumbnailUrl":"https:\/\/www.hosteleriadigital.es\/wp-content\/uploads\/2025\/05\/620-foto-almeida-coca-300x200.jpg","articleSection":["Noticias externas"],"inLanguage":"en-GB"},{"@type":"WebPage","@id":"https:\/\/www.araalicante.com\/la-gestion-de-residuos-y-el-consumo-responsable-principales-acciones-realizadas-por-los-bares-y-restaurantes-premiados-en-la-ii-edicion-de-los-premios-sin-huella\/","url":"https:\/\/www.araalicante.com\/la-gestion-de-residuos-y-el-consumo-responsable-principales-acciones-realizadas-por-los-bares-y-restaurantes-premiados-en-la-ii-edicion-de-los-premios-sin-huella\/","name":"La gesti\u00f3n de residuos y el consumo responsable, principales acciones realizadas por los bares y restaurantes premiados en la II Edici\u00f3n de los Premios \u2018Sin Huella\u2019 - ARA | Asociaci\u00f3n de Restaurantes Alicante","isPartOf":{"@id":"https:\/\/www.araalicante.com\/#website"},"primaryImageOfPage":{"@id":"https:\/\/www.araalicante.com\/la-gestion-de-residuos-y-el-consumo-responsable-principales-acciones-realizadas-por-los-bares-y-restaurantes-premiados-en-la-ii-edicion-de-los-premios-sin-huella\/#primaryimage"},"image":{"@id":"https:\/\/www.araalicante.com\/la-gestion-de-residuos-y-el-consumo-responsable-principales-acciones-realizadas-por-los-bares-y-restaurantes-premiados-en-la-ii-edicion-de-los-premios-sin-huella\/#primaryimage"},"thumbnailUrl":"https:\/\/www.hosteleriadigital.es\/wp-content\/uploads\/2025\/05\/620-foto-almeida-coca-300x200.jpg","datePublished":"2025-05-22T13:10:20+00:00","breadcrumb":{"@id":"https:\/\/www.araalicante.com\/la-gestion-de-residuos-y-el-consumo-responsable-principales-acciones-realizadas-por-los-bares-y-restaurantes-premiados-en-la-ii-edicion-de-los-premios-sin-huella\/#breadcrumb"},"inLanguage":"en-GB","potentialAction":[{"@type":"ReadAction","target":["https:\/\/www.araalicante.com\/la-gestion-de-residuos-y-el-consumo-responsable-principales-acciones-realizadas-por-los-bares-y-restaurantes-premiados-en-la-ii-edicion-de-los-premios-sin-huella\/"]}]},{"@type":"ImageObject","inLanguage":"en-GB","@id":"https:\/\/www.araalicante.com\/la-gestion-de-residuos-y-el-consumo-responsable-principales-acciones-realizadas-por-los-bares-y-restaurantes-premiados-en-la-ii-edicion-de-los-premios-sin-huella\/#primaryimage","url":"https:\/\/www.hosteleriadigital.es\/wp-content\/uploads\/2025\/05\/620-foto-almeida-coca-300x200.jpg","contentUrl":"https:\/\/www.hosteleriadigital.es\/wp-content\/uploads\/2025\/05\/620-foto-almeida-coca-300x200.jpg"},{"@type":"BreadcrumbList","@id":"https:\/\/www.araalicante.com\/la-gestion-de-residuos-y-el-consumo-responsable-principales-acciones-realizadas-por-los-bares-y-restaurantes-premiados-en-la-ii-edicion-de-los-premios-sin-huella\/#breadcrumb","itemListElement":[{"@type":"ListItem","position":1,"name":"Portada","item":"https:\/\/www.araalicante.com\/"},{"@type":"ListItem","position":2,"name":"La gesti\u00f3n de residuos y el consumo responsable, principales acciones realizadas por los bares y restaurantes premiados en la II Edici\u00f3n de los Premios \u2018Sin Huella\u2019"}]},{"@type":"WebSite","@id":"https:\/\/www.araalicante.com\/#website","url":"https:\/\/www.araalicante.com\/","name":"ARA | Asociaci\u00f3n de Restaurantes Alicante","description":"Producto local, restauraci\u00f3n de calidad en Alicante y su provincia","publisher":{"@id":"https:\/\/www.araalicante.com\/#organization"},"potentialAction":[{"@type":"SearchAction","target":{"@type":"EntryPoint","urlTemplate":"https:\/\/www.araalicante.com\/?s={search_term_string}"},"query-input":{"@type":"PropertyValueSpecification","valueRequired":true,"valueName":"search_term_string"}}],"inLanguage":"en-GB"},{"@type":"Organization","@id":"https:\/\/www.araalicante.com\/#organization","name":"ARA | Asociaci\u00f3n de Restaurantes Alicante","url":"https:\/\/www.araalicante.com\/","logo":{"@type":"ImageObject","inLanguage":"en-GB","@id":"https:\/\/www.araalicante.com\/#\/schema\/logo\/image\/","url":"https:\/\/www.araalicante.com\/wp-content\/uploads\/2023\/09\/logoara.png","contentUrl":"https:\/\/www.araalicante.com\/wp-content\/uploads\/2023\/09\/logoara.png","width":400,"height":85,"caption":"ARA | Asociaci\u00f3n de Restaurantes Alicante"},"image":{"@id":"https:\/\/www.araalicante.com\/#\/schema\/logo\/image\/"},"sameAs":["https:\/\/www.facebook.com\/Ararestaurantesalicante","https:\/\/www.instagram.com\/ararestaurantesalicante\/"]},{"@type":"Person","@id":"https:\/\/www.araalicante.com\/#\/schema\/person\/066f68dc3db0406c0829af861c17332f","name":"Antonio Palomera","image":{"@type":"ImageObject","inLanguage":"en-GB","@id":"https:\/\/secure.gravatar.com\/avatar\/a8378756bb866d8a91ea5808ee291ef099888cc76273b42162b3ab961b9da5df?s=96&d=mm&r=g","url":"https:\/\/secure.gravatar.com\/avatar\/a8378756bb866d8a91ea5808ee291ef099888cc76273b42162b3ab961b9da5df?s=96&d=mm&r=g","contentUrl":"https:\/\/secure.gravatar.com\/avatar\/a8378756bb866d8a91ea5808ee291ef099888cc76273b42162b3ab961b9da5df?s=96&d=mm&r=g","caption":"Antonio Palomera"},"url":"https:\/\/www.araalicante.com\/en\/author\/antonio\/"}]}},"_links":{"self":[{"href":"https:\/\/www.araalicante.com\/en\/wp-json\/wp\/v2\/posts\/4809","targetHints":{"allow":["GET"]}}],"collection":[{"href":"https:\/\/www.araalicante.com\/en\/wp-json\/wp\/v2\/posts"}],"about":[{"href":"https:\/\/www.araalicante.com\/en\/wp-json\/wp\/v2\/types\/post"}],"author":[{"embeddable":true,"href":"https:\/\/www.araalicante.com\/en\/wp-json\/wp\/v2\/users\/17"}],"replies":[{"embeddable":true,"href":"https:\/\/www.araalicante.com\/en\/wp-json\/wp\/v2\/comments?post=4809"}],"version-history":[{"count":0,"href":"https:\/\/www.araalicante.com\/en\/wp-json\/wp\/v2\/posts\/4809\/revisions"}],"wp:attachment":[{"href":"https:\/\/www.araalicante.com\/en\/wp-json\/wp\/v2\/media?parent=4809"}],"wp:term":[{"taxonomy":"category","embeddable":true,"href":"https:\/\/www.araalicante.com\/en\/wp-json\/wp\/v2\/categories?post=4809"},{"taxonomy":"post_tag","embeddable":true,"href":"https:\/\/www.araalicante.com\/en\/wp-json\/wp\/v2\/tags?post=4809"}],"curies":[{"name":"wp","href":"https:\/\/api.w.org\/{rel}","templated":true}]}}