{"id":4808,"date":"2025-05-22T13:29:34","date_gmt":"2025-05-22T11:29:34","guid":{"rendered":"https:\/\/www.araalicante.com\/la-asociacion-de-usuarios-de-veladores-de-zaragoza-se-integra-en-horeca-que-gestionara-a-partir-del-ano-proximo-el-convenio-de-veladores-2026-2029\/"},"modified":"2025-05-22T13:29:34","modified_gmt":"2025-05-22T11:29:34","slug":"la-asociacion-de-usuarios-de-veladores-de-zaragoza-se-integra-en-horeca-que-gestionara-a-partir-del-ano-proximo-el-convenio-de-veladores-2026-2029","status":"publish","type":"post","link":"https:\/\/www.araalicante.com\/en\/la-asociacion-de-usuarios-de-veladores-de-zaragoza-se-integra-en-horeca-que-gestionara-a-partir-del-ano-proximo-el-convenio-de-veladores-2026-2029\/","title":{"rendered":"La Asociaci\u00f3n de Usuarios de Veladores de Zaragoza se integra en Horeca, que gestionar\u00e1 a partir del a\u00f1o pr\u00f3ximo el Convenio de Veladores 2026-2029"},"content":{"rendered":"<div>\n<div class=\"td-featured-image-rec\">\n<div class=\"td-post-featured-image\"><a href=\"https:\/\/www.hosteleriadigital.es\/wp-content\/uploads\/2025\/05\/H.Zaragoza.jpg\" data-caption=\"\"><img loading=\"lazy\" decoding=\"async\" width=\"300\" height=\"350\" class=\"entry-thumb td-modal-image\" src=\"https:\/\/www.hosteleriadigital.es\/wp-content\/uploads\/2025\/05\/H.Zaragoza-300x350.jpg\" alt=\"\" title=\"H.Zaragoza\"\/><\/a><\/div>\n<\/div>\n<p>En 2026, la Federaci\u00f3n de Empresarios de Hosteler\u00eda de Zaragoza asumir\u00e1 la gesti\u00f3n de todos los asuntos relacionados con la Asociaci\u00f3n de Usuarios de Veladores en Zaragoza. Se trata de un acuerdo de integraci\u00f3n a trav\u00e9s del cual los m\u00e1s de 600 establecimientos que forman parte de la Asociaci\u00f3n de Veladores de Zaragoza se integran en Horeca. Con este acuerdo, Horeca refuerza su papel como representante del sector hostelero, y ser\u00e1 la entidad responsable de coordinar y tramitar las licencias de veladores dentro del nuevo convenio 2026-2029.<\/p>\n<p>De esta manera, Horeca pasar\u00e1 a gestionar, entre otras cuestiones, el pr\u00f3ximo convenio de veladores 2026-2029 con el Ayuntamiento de Zaragoza. Hasta este acuerdo, era la Asociaci\u00f3n de usuarios de Veladores la que ven\u00eda realizando convenios con el Ayuntamiento de Zaragoza desde 1983. En estos 42 a\u00f1os ha gestionado diversos convenios proporcionando servicio de asesoramiento en terrazas y veladores al conjunto de la hosteler\u00eda de Zaragoza. Los establecimientos acogidos a estos convenios han venido obteniendo importantes descuentos, que alcanzan el 40 %, en la obtenci\u00f3n de la licencia\u00a0de\u00a0veladores, que se mantendr\u00e1 a partir de ahora para los establecimientos interesados en tramitar el proceso de solicitud de licencias con la Federaci\u00f3n.<\/p>\n<p>As\u00ed, los m\u00e1s de 600 establecimientos de la Asociaci\u00f3n de Veladores se suman a los que pertenecen en la actualidad a la Federaci\u00f3n de Empresarios de Hosteler\u00eda de Zaragoza y provincia (Horeca Zaragoza), con m\u00e1s de 400 empresas asociadas. Gracias a este convenio, los socios de Veladores podr\u00e1n acceder a servicios que ofrece Horeca como, entre otros, servicios de formaci\u00f3n especializada en Hosteler\u00eda (gesti\u00f3n de la formaci\u00f3n bonificada, acceso a los contratos de alternancia en el empleo (formaci\u00f3n de aprendices) y cursos gratuitos de especializaci\u00f3n dirigidos a trabajadores de hosteler\u00eda.<\/p>\n<p>Para el presidente de Horeca, Fernando Mart\u00edn, \u201cla uni\u00f3n de todas las asociaciones de hosteler\u00eda y turismo locales y comarcales en una sola Federaci\u00f3n provincial, da m\u00e1s fuerza al sector y permite ofrecer a las empresas servicios m\u00e1s competitivos y de mayor calidad\u201d. Con la firma de esta integraci\u00f3n, ha subrayado, HORECA da un paso importante para incrementar su presencia sumando el servicio de tramitaci\u00f3n de la licencia de terrazas y veladores con importantes descuentos en las tasas a pagar al Ayuntamiento de Zaragoza.<\/p>\n<p>Para el presidente de la Asociaci\u00f3n de Usuarios de Veladores, Paco Montaner, integrarse en Horeca es tambi\u00e9n un paso importante ya que garantiza que sus socios sigan teniendo las mismas tarifas, procesos de gesti\u00f3n de solicitudes y descuentos que hasta este momento y, adem\u00e1s, pasar\u00e1n a disponer de otros servicios complementarios ofertados por la Federaci\u00f3n.<\/p>\n<\/div>\n<p><a href=\"https:\/\/www.hosteleriadigital.es\/2025\/05\/22\/la-asociacion-de-usuarios-de-veladores-de-zaragoza-se-integra-en-horeca-que-gestionara-a-partir-del-ano-proximo-el-convenio-de-veladores-2026-2029\/\">source<\/a><\/p>","protected":false},"excerpt":{"rendered":"<p>En 2026, la Federaci\u00f3n de Empresarios de Hosteler\u00eda de Zaragoza asumir\u00e1 la<span class=\"excerpt-hellip\"> [\u2026]<\/span><\/p>\n","protected":false},"author":17,"featured_media":0,"comment_status":"","ping_status":"","sticky":false,"template":"","format":"standard","meta":{"footnotes":""},"categories":[1],"tags":[],"class_list":["post-4808","post","type-post","status-publish","format-standard","hentry","category-noticias-externas"],"yoast_head":"<!-- This site is optimized with the Yoast SEO plugin v27.4 - https:\/\/yoast.com\/product\/yoast-seo-wordpress\/ -->\n<title>La Asociaci\u00f3n de Usuarios de Veladores de Zaragoza se integra en Horeca, que gestionar\u00e1 a partir del a\u00f1o pr\u00f3ximo el Convenio de Veladores 2026-2029 - ARA | Asociaci\u00f3n de Restaurantes Alicante<\/title>\n<meta name=\"robots\" content=\"index, follow, max-snippet:-1, max-image-preview:large, max-video-preview:-1\" \/>\n<link rel=\"canonical\" href=\"https:\/\/www.araalicante.com\/en\/la-asociacion-de-usuarios-de-veladores-de-zaragoza-se-integra-en-horeca-que-gestionara-a-partir-del-ano-proximo-el-convenio-de-veladores-2026-2029\/\" \/>\n<meta property=\"og:locale\" content=\"en_GB\" \/>\n<meta property=\"og:type\" content=\"article\" \/>\n<meta property=\"og:title\" content=\"La Asociaci\u00f3n de Usuarios de Veladores de Zaragoza se integra en Horeca, que gestionar\u00e1 a partir del a\u00f1o pr\u00f3ximo el Convenio de Veladores 2026-2029 - ARA | Asociaci\u00f3n de Restaurantes Alicante\" \/>\n<meta property=\"og:description\" content=\"En 2026, la Federaci\u00f3n de Empresarios de Hosteler\u00eda de Zaragoza asumir\u00e1 la [\u2026]\" \/>\n<meta property=\"og:url\" content=\"https:\/\/www.araalicante.com\/en\/la-asociacion-de-usuarios-de-veladores-de-zaragoza-se-integra-en-horeca-que-gestionara-a-partir-del-ano-proximo-el-convenio-de-veladores-2026-2029\/\" \/>\n<meta property=\"og:site_name\" content=\"ARA | Asociaci\u00f3n de Restaurantes Alicante\" \/>\n<meta property=\"article:publisher\" content=\"https:\/\/www.facebook.com\/Ararestaurantesalicante\" \/>\n<meta property=\"article:published_time\" content=\"2025-05-22T11:29:34+00:00\" \/>\n<meta property=\"og:image\" content=\"https:\/\/www.hosteleriadigital.es\/wp-content\/uploads\/2025\/05\/H.Zaragoza-300x350.jpg\" \/>\n<meta name=\"author\" content=\"Antonio Palomera\" \/>\n<meta name=\"twitter:card\" content=\"summary_large_image\" \/>\n<meta name=\"twitter:label1\" content=\"Written by\" \/>\n\t<meta name=\"twitter:data1\" content=\"Antonio Palomera\" \/>\n\t<meta name=\"twitter:label2\" content=\"Estimated reading time\" \/>\n\t<meta name=\"twitter:data2\" content=\"2 minutes\" \/>\n<script type=\"application\/ld+json\" class=\"yoast-schema-graph\">{\"@context\":\"https:\\\/\\\/schema.org\",\"@graph\":[{\"@type\":\"Article\",\"@id\":\"https:\\\/\\\/www.araalicante.com\\\/la-asociacion-de-usuarios-de-veladores-de-zaragoza-se-integra-en-horeca-que-gestionara-a-partir-del-ano-proximo-el-convenio-de-veladores-2026-2029\\\/#article\",\"isPartOf\":{\"@id\":\"https:\\\/\\\/www.araalicante.com\\\/la-asociacion-de-usuarios-de-veladores-de-zaragoza-se-integra-en-horeca-que-gestionara-a-partir-del-ano-proximo-el-convenio-de-veladores-2026-2029\\\/\"},\"author\":{\"name\":\"Antonio Palomera\",\"@id\":\"https:\\\/\\\/www.araalicante.com\\\/#\\\/schema\\\/person\\\/066f68dc3db0406c0829af861c17332f\"},\"headline\":\"La Asociaci\u00f3n de Usuarios de Veladores de Zaragoza se integra en Horeca, que gestionar\u00e1 a partir del a\u00f1o pr\u00f3ximo el Convenio de Veladores 2026-2029\",\"datePublished\":\"2025-05-22T11:29:34+00:00\",\"mainEntityOfPage\":{\"@id\":\"https:\\\/\\\/www.araalicante.com\\\/la-asociacion-de-usuarios-de-veladores-de-zaragoza-se-integra-en-horeca-que-gestionara-a-partir-del-ano-proximo-el-convenio-de-veladores-2026-2029\\\/\"},\"wordCount\":490,\"publisher\":{\"@id\":\"https:\\\/\\\/www.araalicante.com\\\/#organization\"},\"image\":{\"@id\":\"https:\\\/\\\/www.araalicante.com\\\/la-asociacion-de-usuarios-de-veladores-de-zaragoza-se-integra-en-horeca-que-gestionara-a-partir-del-ano-proximo-el-convenio-de-veladores-2026-2029\\\/#primaryimage\"},\"thumbnailUrl\":\"https:\\\/\\\/www.hosteleriadigital.es\\\/wp-content\\\/uploads\\\/2025\\\/05\\\/H.Zaragoza-300x350.jpg\",\"articleSection\":[\"Noticias externas\"],\"inLanguage\":\"en-GB\"},{\"@type\":\"WebPage\",\"@id\":\"https:\\\/\\\/www.araalicante.com\\\/la-asociacion-de-usuarios-de-veladores-de-zaragoza-se-integra-en-horeca-que-gestionara-a-partir-del-ano-proximo-el-convenio-de-veladores-2026-2029\\\/\",\"url\":\"https:\\\/\\\/www.araalicante.com\\\/la-asociacion-de-usuarios-de-veladores-de-zaragoza-se-integra-en-horeca-que-gestionara-a-partir-del-ano-proximo-el-convenio-de-veladores-2026-2029\\\/\",\"name\":\"La Asociaci\u00f3n de Usuarios de Veladores de Zaragoza se integra en Horeca, que gestionar\u00e1 a partir del a\u00f1o pr\u00f3ximo el Convenio de Veladores 2026-2029 - ARA | Asociaci\u00f3n de Restaurantes Alicante\",\"isPartOf\":{\"@id\":\"https:\\\/\\\/www.araalicante.com\\\/#website\"},\"primaryImageOfPage\":{\"@id\":\"https:\\\/\\\/www.araalicante.com\\\/la-asociacion-de-usuarios-de-veladores-de-zaragoza-se-integra-en-horeca-que-gestionara-a-partir-del-ano-proximo-el-convenio-de-veladores-2026-2029\\\/#primaryimage\"},\"image\":{\"@id\":\"https:\\\/\\\/www.araalicante.com\\\/la-asociacion-de-usuarios-de-veladores-de-zaragoza-se-integra-en-horeca-que-gestionara-a-partir-del-ano-proximo-el-convenio-de-veladores-2026-2029\\\/#primaryimage\"},\"thumbnailUrl\":\"https:\\\/\\\/www.hosteleriadigital.es\\\/wp-content\\\/uploads\\\/2025\\\/05\\\/H.Zaragoza-300x350.jpg\",\"datePublished\":\"2025-05-22T11:29:34+00:00\",\"breadcrumb\":{\"@id\":\"https:\\\/\\\/www.araalicante.com\\\/la-asociacion-de-usuarios-de-veladores-de-zaragoza-se-integra-en-horeca-que-gestionara-a-partir-del-ano-proximo-el-convenio-de-veladores-2026-2029\\\/#breadcrumb\"},\"inLanguage\":\"en-GB\",\"potentialAction\":[{\"@type\":\"ReadAction\",\"target\":[\"https:\\\/\\\/www.araalicante.com\\\/la-asociacion-de-usuarios-de-veladores-de-zaragoza-se-integra-en-horeca-que-gestionara-a-partir-del-ano-proximo-el-convenio-de-veladores-2026-2029\\\/\"]}]},{\"@type\":\"ImageObject\",\"inLanguage\":\"en-GB\",\"@id\":\"https:\\\/\\\/www.araalicante.com\\\/la-asociacion-de-usuarios-de-veladores-de-zaragoza-se-integra-en-horeca-que-gestionara-a-partir-del-ano-proximo-el-convenio-de-veladores-2026-2029\\\/#primaryimage\",\"url\":\"https:\\\/\\\/www.hosteleriadigital.es\\\/wp-content\\\/uploads\\\/2025\\\/05\\\/H.Zaragoza-300x350.jpg\",\"contentUrl\":\"https:\\\/\\\/www.hosteleriadigital.es\\\/wp-content\\\/uploads\\\/2025\\\/05\\\/H.Zaragoza-300x350.jpg\"},{\"@type\":\"BreadcrumbList\",\"@id\":\"https:\\\/\\\/www.araalicante.com\\\/la-asociacion-de-usuarios-de-veladores-de-zaragoza-se-integra-en-horeca-que-gestionara-a-partir-del-ano-proximo-el-convenio-de-veladores-2026-2029\\\/#breadcrumb\",\"itemListElement\":[{\"@type\":\"ListItem\",\"position\":1,\"name\":\"Portada\",\"item\":\"https:\\\/\\\/www.araalicante.com\\\/\"},{\"@type\":\"ListItem\",\"position\":2,\"name\":\"La Asociaci\u00f3n de Usuarios de Veladores de Zaragoza se integra en Horeca, que gestionar\u00e1 a partir del a\u00f1o pr\u00f3ximo el Convenio de Veladores 2026-2029\"}]},{\"@type\":\"WebSite\",\"@id\":\"https:\\\/\\\/www.araalicante.com\\\/#website\",\"url\":\"https:\\\/\\\/www.araalicante.com\\\/\",\"name\":\"ARA | Asociaci\u00f3n de Restaurantes Alicante\",\"description\":\"Producto local, restauraci\u00f3n de calidad en Alicante y su provincia\",\"publisher\":{\"@id\":\"https:\\\/\\\/www.araalicante.com\\\/#organization\"},\"potentialAction\":[{\"@type\":\"SearchAction\",\"target\":{\"@type\":\"EntryPoint\",\"urlTemplate\":\"https:\\\/\\\/www.araalicante.com\\\/?s={search_term_string}\"},\"query-input\":{\"@type\":\"PropertyValueSpecification\",\"valueRequired\":true,\"valueName\":\"search_term_string\"}}],\"inLanguage\":\"en-GB\"},{\"@type\":\"Organization\",\"@id\":\"https:\\\/\\\/www.araalicante.com\\\/#organization\",\"name\":\"ARA | Asociaci\u00f3n de Restaurantes Alicante\",\"url\":\"https:\\\/\\\/www.araalicante.com\\\/\",\"logo\":{\"@type\":\"ImageObject\",\"inLanguage\":\"en-GB\",\"@id\":\"https:\\\/\\\/www.araalicante.com\\\/#\\\/schema\\\/logo\\\/image\\\/\",\"url\":\"https:\\\/\\\/www.araalicante.com\\\/wp-content\\\/uploads\\\/2023\\\/09\\\/logoara.png\",\"contentUrl\":\"https:\\\/\\\/www.araalicante.com\\\/wp-content\\\/uploads\\\/2023\\\/09\\\/logoara.png\",\"width\":400,\"height\":85,\"caption\":\"ARA | Asociaci\u00f3n de Restaurantes Alicante\"},\"image\":{\"@id\":\"https:\\\/\\\/www.araalicante.com\\\/#\\\/schema\\\/logo\\\/image\\\/\"},\"sameAs\":[\"https:\\\/\\\/www.facebook.com\\\/Ararestaurantesalicante\",\"https:\\\/\\\/www.instagram.com\\\/ararestaurantesalicante\\\/\"]},{\"@type\":\"Person\",\"@id\":\"https:\\\/\\\/www.araalicante.com\\\/#\\\/schema\\\/person\\\/066f68dc3db0406c0829af861c17332f\",\"name\":\"Antonio Palomera\",\"image\":{\"@type\":\"ImageObject\",\"inLanguage\":\"en-GB\",\"@id\":\"https:\\\/\\\/secure.gravatar.com\\\/avatar\\\/a8378756bb866d8a91ea5808ee291ef099888cc76273b42162b3ab961b9da5df?s=96&d=mm&r=g\",\"url\":\"https:\\\/\\\/secure.gravatar.com\\\/avatar\\\/a8378756bb866d8a91ea5808ee291ef099888cc76273b42162b3ab961b9da5df?s=96&d=mm&r=g\",\"contentUrl\":\"https:\\\/\\\/secure.gravatar.com\\\/avatar\\\/a8378756bb866d8a91ea5808ee291ef099888cc76273b42162b3ab961b9da5df?s=96&d=mm&r=g\",\"caption\":\"Antonio Palomera\"},\"url\":\"https:\\\/\\\/www.araalicante.com\\\/en\\\/author\\\/antonio\\\/\"}]}<\/script>\n<!-- \/ Yoast SEO plugin. -->","yoast_head_json":{"title":"La Asociaci\u00f3n de Usuarios de Veladores de Zaragoza se integra en Horeca, que gestionar\u00e1 a partir del a\u00f1o pr\u00f3ximo el Convenio de Veladores 2026-2029 - ARA | Asociaci\u00f3n de Restaurantes Alicante","robots":{"index":"index","follow":"follow","max-snippet":"max-snippet:-1","max-image-preview":"max-image-preview:large","max-video-preview":"max-video-preview:-1"},"canonical":"https:\/\/www.araalicante.com\/en\/la-asociacion-de-usuarios-de-veladores-de-zaragoza-se-integra-en-horeca-que-gestionara-a-partir-del-ano-proximo-el-convenio-de-veladores-2026-2029\/","og_locale":"en_GB","og_type":"article","og_title":"La Asociaci\u00f3n de Usuarios de Veladores de Zaragoza se integra en Horeca, que gestionar\u00e1 a partir del a\u00f1o pr\u00f3ximo el Convenio de Veladores 2026-2029 - ARA | Asociaci\u00f3n de Restaurantes Alicante","og_description":"En 2026, la Federaci\u00f3n de Empresarios de Hosteler\u00eda de Zaragoza asumir\u00e1 la [\u2026]","og_url":"https:\/\/www.araalicante.com\/en\/la-asociacion-de-usuarios-de-veladores-de-zaragoza-se-integra-en-horeca-que-gestionara-a-partir-del-ano-proximo-el-convenio-de-veladores-2026-2029\/","og_site_name":"ARA | Asociaci\u00f3n de Restaurantes Alicante","article_publisher":"https:\/\/www.facebook.com\/Ararestaurantesalicante","article_published_time":"2025-05-22T11:29:34+00:00","og_image":[{"url":"https:\/\/www.hosteleriadigital.es\/wp-content\/uploads\/2025\/05\/H.Zaragoza-300x350.jpg","type":"","width":"","height":""}],"author":"Antonio Palomera","twitter_card":"summary_large_image","twitter_misc":{"Written by":"Antonio Palomera","Estimated reading time":"2 minutes"},"schema":{"@context":"https:\/\/schema.org","@graph":[{"@type":"Article","@id":"https:\/\/www.araalicante.com\/la-asociacion-de-usuarios-de-veladores-de-zaragoza-se-integra-en-horeca-que-gestionara-a-partir-del-ano-proximo-el-convenio-de-veladores-2026-2029\/#article","isPartOf":{"@id":"https:\/\/www.araalicante.com\/la-asociacion-de-usuarios-de-veladores-de-zaragoza-se-integra-en-horeca-que-gestionara-a-partir-del-ano-proximo-el-convenio-de-veladores-2026-2029\/"},"author":{"name":"Antonio Palomera","@id":"https:\/\/www.araalicante.com\/#\/schema\/person\/066f68dc3db0406c0829af861c17332f"},"headline":"La Asociaci\u00f3n de Usuarios de Veladores de Zaragoza se integra en Horeca, que gestionar\u00e1 a partir del a\u00f1o pr\u00f3ximo el Convenio de Veladores 2026-2029","datePublished":"2025-05-22T11:29:34+00:00","mainEntityOfPage":{"@id":"https:\/\/www.araalicante.com\/la-asociacion-de-usuarios-de-veladores-de-zaragoza-se-integra-en-horeca-que-gestionara-a-partir-del-ano-proximo-el-convenio-de-veladores-2026-2029\/"},"wordCount":490,"publisher":{"@id":"https:\/\/www.araalicante.com\/#organization"},"image":{"@id":"https:\/\/www.araalicante.com\/la-asociacion-de-usuarios-de-veladores-de-zaragoza-se-integra-en-horeca-que-gestionara-a-partir-del-ano-proximo-el-convenio-de-veladores-2026-2029\/#primaryimage"},"thumbnailUrl":"https:\/\/www.hosteleriadigital.es\/wp-content\/uploads\/2025\/05\/H.Zaragoza-300x350.jpg","articleSection":["Noticias externas"],"inLanguage":"en-GB"},{"@type":"WebPage","@id":"https:\/\/www.araalicante.com\/la-asociacion-de-usuarios-de-veladores-de-zaragoza-se-integra-en-horeca-que-gestionara-a-partir-del-ano-proximo-el-convenio-de-veladores-2026-2029\/","url":"https:\/\/www.araalicante.com\/la-asociacion-de-usuarios-de-veladores-de-zaragoza-se-integra-en-horeca-que-gestionara-a-partir-del-ano-proximo-el-convenio-de-veladores-2026-2029\/","name":"La Asociaci\u00f3n de Usuarios de Veladores de Zaragoza se integra en Horeca, que gestionar\u00e1 a partir del a\u00f1o pr\u00f3ximo el Convenio de Veladores 2026-2029 - ARA | Asociaci\u00f3n de Restaurantes Alicante","isPartOf":{"@id":"https:\/\/www.araalicante.com\/#website"},"primaryImageOfPage":{"@id":"https:\/\/www.araalicante.com\/la-asociacion-de-usuarios-de-veladores-de-zaragoza-se-integra-en-horeca-que-gestionara-a-partir-del-ano-proximo-el-convenio-de-veladores-2026-2029\/#primaryimage"},"image":{"@id":"https:\/\/www.araalicante.com\/la-asociacion-de-usuarios-de-veladores-de-zaragoza-se-integra-en-horeca-que-gestionara-a-partir-del-ano-proximo-el-convenio-de-veladores-2026-2029\/#primaryimage"},"thumbnailUrl":"https:\/\/www.hosteleriadigital.es\/wp-content\/uploads\/2025\/05\/H.Zaragoza-300x350.jpg","datePublished":"2025-05-22T11:29:34+00:00","breadcrumb":{"@id":"https:\/\/www.araalicante.com\/la-asociacion-de-usuarios-de-veladores-de-zaragoza-se-integra-en-horeca-que-gestionara-a-partir-del-ano-proximo-el-convenio-de-veladores-2026-2029\/#breadcrumb"},"inLanguage":"en-GB","potentialAction":[{"@type":"ReadAction","target":["https:\/\/www.araalicante.com\/la-asociacion-de-usuarios-de-veladores-de-zaragoza-se-integra-en-horeca-que-gestionara-a-partir-del-ano-proximo-el-convenio-de-veladores-2026-2029\/"]}]},{"@type":"ImageObject","inLanguage":"en-GB","@id":"https:\/\/www.araalicante.com\/la-asociacion-de-usuarios-de-veladores-de-zaragoza-se-integra-en-horeca-que-gestionara-a-partir-del-ano-proximo-el-convenio-de-veladores-2026-2029\/#primaryimage","url":"https:\/\/www.hosteleriadigital.es\/wp-content\/uploads\/2025\/05\/H.Zaragoza-300x350.jpg","contentUrl":"https:\/\/www.hosteleriadigital.es\/wp-content\/uploads\/2025\/05\/H.Zaragoza-300x350.jpg"},{"@type":"BreadcrumbList","@id":"https:\/\/www.araalicante.com\/la-asociacion-de-usuarios-de-veladores-de-zaragoza-se-integra-en-horeca-que-gestionara-a-partir-del-ano-proximo-el-convenio-de-veladores-2026-2029\/#breadcrumb","itemListElement":[{"@type":"ListItem","position":1,"name":"Portada","item":"https:\/\/www.araalicante.com\/"},{"@type":"ListItem","position":2,"name":"La Asociaci\u00f3n de Usuarios de Veladores de Zaragoza se integra en Horeca, que gestionar\u00e1 a partir del a\u00f1o pr\u00f3ximo el Convenio de Veladores 2026-2029"}]},{"@type":"WebSite","@id":"https:\/\/www.araalicante.com\/#website","url":"https:\/\/www.araalicante.com\/","name":"ARA | Asociaci\u00f3n de Restaurantes Alicante","description":"Producto local, restauraci\u00f3n de calidad en Alicante y su provincia","publisher":{"@id":"https:\/\/www.araalicante.com\/#organization"},"potentialAction":[{"@type":"SearchAction","target":{"@type":"EntryPoint","urlTemplate":"https:\/\/www.araalicante.com\/?s={search_term_string}"},"query-input":{"@type":"PropertyValueSpecification","valueRequired":true,"valueName":"search_term_string"}}],"inLanguage":"en-GB"},{"@type":"Organization","@id":"https:\/\/www.araalicante.com\/#organization","name":"ARA | Asociaci\u00f3n de Restaurantes Alicante","url":"https:\/\/www.araalicante.com\/","logo":{"@type":"ImageObject","inLanguage":"en-GB","@id":"https:\/\/www.araalicante.com\/#\/schema\/logo\/image\/","url":"https:\/\/www.araalicante.com\/wp-content\/uploads\/2023\/09\/logoara.png","contentUrl":"https:\/\/www.araalicante.com\/wp-content\/uploads\/2023\/09\/logoara.png","width":400,"height":85,"caption":"ARA | Asociaci\u00f3n de Restaurantes Alicante"},"image":{"@id":"https:\/\/www.araalicante.com\/#\/schema\/logo\/image\/"},"sameAs":["https:\/\/www.facebook.com\/Ararestaurantesalicante","https:\/\/www.instagram.com\/ararestaurantesalicante\/"]},{"@type":"Person","@id":"https:\/\/www.araalicante.com\/#\/schema\/person\/066f68dc3db0406c0829af861c17332f","name":"Antonio Palomera","image":{"@type":"ImageObject","inLanguage":"en-GB","@id":"https:\/\/secure.gravatar.com\/avatar\/a8378756bb866d8a91ea5808ee291ef099888cc76273b42162b3ab961b9da5df?s=96&d=mm&r=g","url":"https:\/\/secure.gravatar.com\/avatar\/a8378756bb866d8a91ea5808ee291ef099888cc76273b42162b3ab961b9da5df?s=96&d=mm&r=g","contentUrl":"https:\/\/secure.gravatar.com\/avatar\/a8378756bb866d8a91ea5808ee291ef099888cc76273b42162b3ab961b9da5df?s=96&d=mm&r=g","caption":"Antonio Palomera"},"url":"https:\/\/www.araalicante.com\/en\/author\/antonio\/"}]}},"_links":{"self":[{"href":"https:\/\/www.araalicante.com\/en\/wp-json\/wp\/v2\/posts\/4808","targetHints":{"allow":["GET"]}}],"collection":[{"href":"https:\/\/www.araalicante.com\/en\/wp-json\/wp\/v2\/posts"}],"about":[{"href":"https:\/\/www.araalicante.com\/en\/wp-json\/wp\/v2\/types\/post"}],"author":[{"embeddable":true,"href":"https:\/\/www.araalicante.com\/en\/wp-json\/wp\/v2\/users\/17"}],"replies":[{"embeddable":true,"href":"https:\/\/www.araalicante.com\/en\/wp-json\/wp\/v2\/comments?post=4808"}],"version-history":[{"count":0,"href":"https:\/\/www.araalicante.com\/en\/wp-json\/wp\/v2\/posts\/4808\/revisions"}],"wp:attachment":[{"href":"https:\/\/www.araalicante.com\/en\/wp-json\/wp\/v2\/media?parent=4808"}],"wp:term":[{"taxonomy":"category","embeddable":true,"href":"https:\/\/www.araalicante.com\/en\/wp-json\/wp\/v2\/categories?post=4808"},{"taxonomy":"post_tag","embeddable":true,"href":"https:\/\/www.araalicante.com\/en\/wp-json\/wp\/v2\/tags?post=4808"}],"curies":[{"name":"wp","href":"https:\/\/api.w.org\/{rel}","templated":true}]}}