{"id":4806,"date":"2025-05-22T10:07:32","date_gmt":"2025-05-22T08:07:32","guid":{"rendered":"https:\/\/www.araalicante.com\/jose-antonio-aparicio-vicepresidente-de-hosteleria-de-espana-ostenta-la-vicepresidencia-de-cepyme-en-el-mandato-de-angela-de-miguel\/"},"modified":"2025-05-22T10:07:32","modified_gmt":"2025-05-22T08:07:32","slug":"jose-antonio-aparicio-vicepresidente-de-hosteleria-de-espana-ostenta-la-vicepresidencia-de-cepyme-en-el-mandato-de-angela-de-miguel","status":"publish","type":"post","link":"https:\/\/www.araalicante.com\/en\/jose-antonio-aparicio-vicepresidente-de-hosteleria-de-espana-ostenta-la-vicepresidencia-de-cepyme-en-el-mandato-de-angela-de-miguel\/","title":{"rendered":"Jos\u00e9 Antonio Aparicio, vicepresidente de Hosteler\u00eda de Espa\u00f1a, ostenta la vicepresidencia de CEPYME en el mandato de \u00c1ngela de Miguel"},"content":{"rendered":"<div id=\"post-32132\">\n<div class=\"td-post-content td-pb-padding-side\">\n<figure id=\"attachment_32139\" aria-describedby=\"caption-attachment-32139\" style=\"width: 250px\" class=\"wp-caption alignright\"><a href=\"https:\/\/www.hosteleriadigital.es\/wp-content\/uploads\/2025\/05\/JAAparicio.jpg\"><img fetchpriority=\"high\" decoding=\"async\" class=\"wp-image-32139 lazyload\" src=\"https:\/\/www.hosteleriadigital.es\/wp-content\/uploads\/2025\/05\/JAAparicio.jpg\" alt=\"\" width=\"250\" height=\"375\"\/><figcaption id=\"caption-attachment-32139\" class=\"wp-caption-text\"><noscript><img loading=\"lazy\" decoding=\"async\" class=\"wp-image-32139 lazyload\" src=\"https:\/\/www.hosteleriadigital.es\/wp-content\/uploads\/2025\/05\/JAAparicio.jpg\" alt=\"\" width=\"250\" height=\"375\" srcset=\"https:\/\/www.hosteleriadigital.es\/wp-content\/uploads\/2025\/05\/JAAparicio.jpg 300w, https:\/\/www.hosteleriadigital.es\/wp-content\/uploads\/2025\/05\/JAAparicio-200x300.jpg 200w, https:\/\/www.hosteleriadigital.es\/wp-content\/uploads\/2025\/05\/JAAparicio-100x150.jpg 100w, https:\/\/www.hosteleriadigital.es\/wp-content\/uploads\/2025\/05\/JAAparicio-280x420.jpg 280w\" sizes=\"auto, (max-width: 250px) 100vw, 250px\"\/><\/noscript><\/figcaption><\/a> Jos\u00e9 Antonio Aparicio, vicepresidente primero de Hosteler\u00eda de Espa\u00f1a<\/figure>\n<p>La Asamblea General electoral de la Confederaci\u00f3n Espa\u00f1ola de la Peque\u00f1a y<br \/>Mediana Empresa eligi\u00f3 el pasado 20 de mayo nueva presidenta de la Confederaci\u00f3n a \u00c1ngela de Miguel.<br \/>La candidatura encabezada por \u00c1ngela de Miguel obtuvo 246 votos, de 466<br \/>votos emitidos, mientras que la candidatura encabezada por Gerardo Cuerva ha<br \/>obtenido 216 votos. Hubo 200 votos delegados, el 40% del total; un voto en<br \/>blanco y tres nulos.<br \/>La Asamblea General de CEPYME est\u00e1 integrada por 505 vocales representantes<br \/>de 147 organizaciones de \u00e1mbito territorial y sectorial<\/p>\n<p>En el Comit\u00e9 Ejecutivo celebrado al d\u00eda siguiente, se eligieron los vicepresidentes, entre los que se encuentra Jos\u00e9 Antonio Aparicio, vicepresidente primero de Hosteler\u00eda de Espa\u00f1a.<\/p>\n<p>Los nuevos vicepresidentes de CEPYME son:<\/p>\n<ul>\n<li>Laly Escudero. CEIM (Madrid).<\/li>\n<li>Xavier Panes. Foment del Treball (Catalu\u00f1a).<\/li>\n<li>Vicente Lafuente. CEV (Comunitat Valenciana).<\/li>\n<li>Jos\u00e9 Luis Garc\u00eda Palacios. FOE Huelva (Andaluc\u00eda).<\/li>\n<li>Mar\u00eda Jes\u00fas Lorente. CEPYME Arag\u00f3n.<\/li>\n<li>Carlos del Rey. FER (La Rioja).<\/li>\n<li>Juan Antonio S\u00e1nchez. SEA \u00c1lava (Pa\u00eds Vasco).<\/li>\n<li>Carmen Planas. CAEB (Baleares).<\/li>\n<li>Pedro Andueza. ATA (Aut\u00f3nomos)<\/li>\n<li>Jos\u00e9 Miguel Guerrero. Confemetal (Industria).<\/li>\n<li>Francisco Ruano. CNC (Construcci\u00f3n).<\/li>\n<li>Marta Bl\u00e1zquez. Faconauto (Automoci\u00f3n).<\/li>\n<li>Jos\u00e9 Antonio Aparicio. Hosteler\u00eda de Espa\u00f1a<\/li>\n<li>Rafael Torres. CEC (Comercio).<\/li>\n<li>Val D\u00edez. Stanpa (Perfumer\u00eda y Cosm\u00e9tica).<\/li>\n<\/ul>\n<p>El nuevo Comit\u00e9 Ejecutivo reafirm\u00f3 su compromiso con las peque\u00f1as y medianas empresas espa\u00f1olas, de todo el territorio y de los distintos sectores, y su voluntad de trabajar desde ya para defender sus intereses y hacer frente a los retos que tienen por delante<\/p>\n<\/div>\n<footer> <span class=\"td-page-meta\" itemprop=\"author\" itemscope=\"\" itemtype=\"https:\/\/schema.org\/Person\"><meta itemprop=\"name\" content=\"Redacci\u00f3n HD\"\/><meta itemprop=\"url\" content=\"https:\/\/www.hosteleriadigital.es\/author\/maria\/\"\/><\/span><meta itemprop=\"datePublished\" content=\"2025-05-22T09:03:07+01:00\"\/><meta itemprop=\"dateModified\" content=\"2025-05-22T09:05:47+01:00\"\/><meta itemscope=\"\" itemprop=\"mainEntityOfPage\" itemtype=\"https:\/\/schema.org\/WebPage\" itemid=\"https:\/\/www.hosteleriadigital.es\/2025\/05\/22\/jose-antonio-aparicio-vicepresidente-de-hosteleria-de-espana-ostenta-la-vicepresidencia-de-cepyme-en-el-mandato-de-angela-de-miguel\/\"\/><span class=\"td-page-meta\" itemprop=\"publisher\" itemscope=\"\" itemtype=\"https:\/\/schema.org\/Organization\"><span class=\"td-page-meta\" itemprop=\"logo\" itemscope=\"\" itemtype=\"https:\/\/schema.org\/ImageObject\"><meta itemprop=\"url\" content=\"https:\/\/www.hosteleriadigital.es\/wp-content\/uploads\/2018\/12\/logo-272x90.png\"\/><\/span><meta itemprop=\"name\" content=\"Hosteleria Digital\"\/><\/span><meta itemprop=\"headline \" content=\"Jos\u00e9 Antonio Aparicio, vicepresidente de Hosteler\u00eda de Espa\u00f1a, ostenta la vicepresidencia de CEPYME en el mandato de \u00c1ngela de Miguel\"\/><span class=\"td-page-meta\" itemprop=\"image\" itemscope=\"\" itemtype=\"https:\/\/schema.org\/ImageObject\"><meta itemprop=\"url\" content=\"https:\/\/www.hosteleriadigital.es\/wp-content\/uploads\/2025\/05\/CEPYME.jpg\"\/><meta itemprop=\"width\" content=\"300\"\/><meta itemprop=\"height\" content=\"225\"\/><\/span><\/footer>\n<\/div>\n<p><a href=\"https:\/\/www.hosteleriadigital.es\/2025\/05\/22\/jose-antonio-aparicio-vicepresidente-de-hosteleria-de-espana-ostenta-la-vicepresidencia-de-cepyme-en-el-mandato-de-angela-de-miguel\/\">source<\/a><\/p>","protected":false},"excerpt":{"rendered":"<p>Jos\u00e9 Antonio Aparicio, vicepresidente primero de Hosteler\u00eda de Espa\u00f1a La Asamblea General<span class=\"excerpt-hellip\"> [\u2026]<\/span><\/p>\n","protected":false},"author":17,"featured_media":0,"comment_status":"","ping_status":"","sticky":false,"template":"","format":"standard","meta":{"footnotes":""},"categories":[1],"tags":[],"class_list":["post-4806","post","type-post","status-publish","format-standard","hentry","category-noticias-externas"],"yoast_head":"<!-- This site is optimized with the Yoast SEO plugin v27.4 - https:\/\/yoast.com\/product\/yoast-seo-wordpress\/ -->\n<title>Jos\u00e9 Antonio Aparicio, vicepresidente de Hosteler\u00eda de Espa\u00f1a, ostenta la vicepresidencia de CEPYME en el mandato de \u00c1ngela de Miguel - ARA | Asociaci\u00f3n de Restaurantes Alicante<\/title>\n<meta name=\"robots\" content=\"index, follow, max-snippet:-1, max-image-preview:large, max-video-preview:-1\" \/>\n<link rel=\"canonical\" href=\"https:\/\/www.araalicante.com\/en\/jose-antonio-aparicio-vicepresidente-de-hosteleria-de-espana-ostenta-la-vicepresidencia-de-cepyme-en-el-mandato-de-angela-de-miguel\/\" \/>\n<meta property=\"og:locale\" content=\"en_GB\" \/>\n<meta property=\"og:type\" content=\"article\" \/>\n<meta property=\"og:title\" content=\"Jos\u00e9 Antonio Aparicio, vicepresidente de Hosteler\u00eda de Espa\u00f1a, ostenta la vicepresidencia de CEPYME en el mandato de \u00c1ngela de Miguel - ARA | Asociaci\u00f3n de Restaurantes Alicante\" \/>\n<meta property=\"og:description\" content=\"Jos\u00e9 Antonio Aparicio, vicepresidente primero de Hosteler\u00eda de Espa\u00f1a La Asamblea General [\u2026]\" \/>\n<meta property=\"og:url\" content=\"https:\/\/www.araalicante.com\/en\/jose-antonio-aparicio-vicepresidente-de-hosteleria-de-espana-ostenta-la-vicepresidencia-de-cepyme-en-el-mandato-de-angela-de-miguel\/\" \/>\n<meta property=\"og:site_name\" content=\"ARA | Asociaci\u00f3n de Restaurantes Alicante\" \/>\n<meta property=\"article:publisher\" content=\"https:\/\/www.facebook.com\/Ararestaurantesalicante\" \/>\n<meta property=\"article:published_time\" content=\"2025-05-22T08:07:32+00:00\" \/>\n<meta property=\"og:image\" content=\"https:\/\/www.araalicante.com\/wp-content\/uploads\/2023\/10\/Sin-titulo-1.png\" \/>\n\t<meta property=\"og:image:width\" content=\"200\" \/>\n\t<meta property=\"og:image:height\" content=\"200\" \/>\n\t<meta property=\"og:image:type\" content=\"image\/png\" \/>\n<meta name=\"author\" content=\"Antonio Palomera\" \/>\n<meta name=\"twitter:card\" content=\"summary_large_image\" \/>\n<meta name=\"twitter:label1\" content=\"Written by\" \/>\n\t<meta name=\"twitter:data1\" content=\"Antonio Palomera\" \/>\n\t<meta name=\"twitter:label2\" content=\"Estimated reading time\" \/>\n\t<meta name=\"twitter:data2\" content=\"1 minute\" \/>\n<script type=\"application\/ld+json\" class=\"yoast-schema-graph\">{\"@context\":\"https:\\\/\\\/schema.org\",\"@graph\":[{\"@type\":\"Article\",\"@id\":\"https:\\\/\\\/www.araalicante.com\\\/jose-antonio-aparicio-vicepresidente-de-hosteleria-de-espana-ostenta-la-vicepresidencia-de-cepyme-en-el-mandato-de-angela-de-miguel\\\/#article\",\"isPartOf\":{\"@id\":\"https:\\\/\\\/www.araalicante.com\\\/jose-antonio-aparicio-vicepresidente-de-hosteleria-de-espana-ostenta-la-vicepresidencia-de-cepyme-en-el-mandato-de-angela-de-miguel\\\/\"},\"author\":{\"name\":\"Antonio Palomera\",\"@id\":\"https:\\\/\\\/www.araalicante.com\\\/#\\\/schema\\\/person\\\/066f68dc3db0406c0829af861c17332f\"},\"headline\":\"Jos\u00e9 Antonio Aparicio, vicepresidente de Hosteler\u00eda de Espa\u00f1a, ostenta la vicepresidencia de CEPYME en el mandato de \u00c1ngela de Miguel\",\"datePublished\":\"2025-05-22T08:07:32+00:00\",\"mainEntityOfPage\":{\"@id\":\"https:\\\/\\\/www.araalicante.com\\\/jose-antonio-aparicio-vicepresidente-de-hosteleria-de-espana-ostenta-la-vicepresidencia-de-cepyme-en-el-mandato-de-angela-de-miguel\\\/\"},\"wordCount\":290,\"publisher\":{\"@id\":\"https:\\\/\\\/www.araalicante.com\\\/#organization\"},\"image\":{\"@id\":\"https:\\\/\\\/www.araalicante.com\\\/jose-antonio-aparicio-vicepresidente-de-hosteleria-de-espana-ostenta-la-vicepresidencia-de-cepyme-en-el-mandato-de-angela-de-miguel\\\/#primaryimage\"},\"thumbnailUrl\":\"https:\\\/\\\/www.hosteleriadigital.es\\\/wp-content\\\/uploads\\\/2025\\\/05\\\/JAAparicio.jpg\",\"articleSection\":[\"Noticias externas\"],\"inLanguage\":\"en-GB\"},{\"@type\":\"WebPage\",\"@id\":\"https:\\\/\\\/www.araalicante.com\\\/jose-antonio-aparicio-vicepresidente-de-hosteleria-de-espana-ostenta-la-vicepresidencia-de-cepyme-en-el-mandato-de-angela-de-miguel\\\/\",\"url\":\"https:\\\/\\\/www.araalicante.com\\\/jose-antonio-aparicio-vicepresidente-de-hosteleria-de-espana-ostenta-la-vicepresidencia-de-cepyme-en-el-mandato-de-angela-de-miguel\\\/\",\"name\":\"Jos\u00e9 Antonio Aparicio, vicepresidente de Hosteler\u00eda de Espa\u00f1a, ostenta la vicepresidencia de CEPYME en el mandato de \u00c1ngela de Miguel - ARA | Asociaci\u00f3n de Restaurantes Alicante\",\"isPartOf\":{\"@id\":\"https:\\\/\\\/www.araalicante.com\\\/#website\"},\"primaryImageOfPage\":{\"@id\":\"https:\\\/\\\/www.araalicante.com\\\/jose-antonio-aparicio-vicepresidente-de-hosteleria-de-espana-ostenta-la-vicepresidencia-de-cepyme-en-el-mandato-de-angela-de-miguel\\\/#primaryimage\"},\"image\":{\"@id\":\"https:\\\/\\\/www.araalicante.com\\\/jose-antonio-aparicio-vicepresidente-de-hosteleria-de-espana-ostenta-la-vicepresidencia-de-cepyme-en-el-mandato-de-angela-de-miguel\\\/#primaryimage\"},\"thumbnailUrl\":\"https:\\\/\\\/www.hosteleriadigital.es\\\/wp-content\\\/uploads\\\/2025\\\/05\\\/JAAparicio.jpg\",\"datePublished\":\"2025-05-22T08:07:32+00:00\",\"breadcrumb\":{\"@id\":\"https:\\\/\\\/www.araalicante.com\\\/jose-antonio-aparicio-vicepresidente-de-hosteleria-de-espana-ostenta-la-vicepresidencia-de-cepyme-en-el-mandato-de-angela-de-miguel\\\/#breadcrumb\"},\"inLanguage\":\"en-GB\",\"potentialAction\":[{\"@type\":\"ReadAction\",\"target\":[\"https:\\\/\\\/www.araalicante.com\\\/jose-antonio-aparicio-vicepresidente-de-hosteleria-de-espana-ostenta-la-vicepresidencia-de-cepyme-en-el-mandato-de-angela-de-miguel\\\/\"]}]},{\"@type\":\"ImageObject\",\"inLanguage\":\"en-GB\",\"@id\":\"https:\\\/\\\/www.araalicante.com\\\/jose-antonio-aparicio-vicepresidente-de-hosteleria-de-espana-ostenta-la-vicepresidencia-de-cepyme-en-el-mandato-de-angela-de-miguel\\\/#primaryimage\",\"url\":\"https:\\\/\\\/www.hosteleriadigital.es\\\/wp-content\\\/uploads\\\/2025\\\/05\\\/JAAparicio.jpg\",\"contentUrl\":\"https:\\\/\\\/www.hosteleriadigital.es\\\/wp-content\\\/uploads\\\/2025\\\/05\\\/JAAparicio.jpg\"},{\"@type\":\"BreadcrumbList\",\"@id\":\"https:\\\/\\\/www.araalicante.com\\\/jose-antonio-aparicio-vicepresidente-de-hosteleria-de-espana-ostenta-la-vicepresidencia-de-cepyme-en-el-mandato-de-angela-de-miguel\\\/#breadcrumb\",\"itemListElement\":[{\"@type\":\"ListItem\",\"position\":1,\"name\":\"Portada\",\"item\":\"https:\\\/\\\/www.araalicante.com\\\/\"},{\"@type\":\"ListItem\",\"position\":2,\"name\":\"Jos\u00e9 Antonio Aparicio, vicepresidente de Hosteler\u00eda de Espa\u00f1a, ostenta la vicepresidencia de CEPYME en el mandato de \u00c1ngela de Miguel\"}]},{\"@type\":\"WebSite\",\"@id\":\"https:\\\/\\\/www.araalicante.com\\\/#website\",\"url\":\"https:\\\/\\\/www.araalicante.com\\\/\",\"name\":\"ARA | Asociaci\u00f3n de Restaurantes Alicante\",\"description\":\"Producto local, restauraci\u00f3n de calidad en Alicante y su provincia\",\"publisher\":{\"@id\":\"https:\\\/\\\/www.araalicante.com\\\/#organization\"},\"potentialAction\":[{\"@type\":\"SearchAction\",\"target\":{\"@type\":\"EntryPoint\",\"urlTemplate\":\"https:\\\/\\\/www.araalicante.com\\\/?s={search_term_string}\"},\"query-input\":{\"@type\":\"PropertyValueSpecification\",\"valueRequired\":true,\"valueName\":\"search_term_string\"}}],\"inLanguage\":\"en-GB\"},{\"@type\":\"Organization\",\"@id\":\"https:\\\/\\\/www.araalicante.com\\\/#organization\",\"name\":\"ARA | Asociaci\u00f3n de Restaurantes Alicante\",\"url\":\"https:\\\/\\\/www.araalicante.com\\\/\",\"logo\":{\"@type\":\"ImageObject\",\"inLanguage\":\"en-GB\",\"@id\":\"https:\\\/\\\/www.araalicante.com\\\/#\\\/schema\\\/logo\\\/image\\\/\",\"url\":\"https:\\\/\\\/www.araalicante.com\\\/wp-content\\\/uploads\\\/2023\\\/09\\\/logoara.png\",\"contentUrl\":\"https:\\\/\\\/www.araalicante.com\\\/wp-content\\\/uploads\\\/2023\\\/09\\\/logoara.png\",\"width\":400,\"height\":85,\"caption\":\"ARA | Asociaci\u00f3n de Restaurantes Alicante\"},\"image\":{\"@id\":\"https:\\\/\\\/www.araalicante.com\\\/#\\\/schema\\\/logo\\\/image\\\/\"},\"sameAs\":[\"https:\\\/\\\/www.facebook.com\\\/Ararestaurantesalicante\",\"https:\\\/\\\/www.instagram.com\\\/ararestaurantesalicante\\\/\"]},{\"@type\":\"Person\",\"@id\":\"https:\\\/\\\/www.araalicante.com\\\/#\\\/schema\\\/person\\\/066f68dc3db0406c0829af861c17332f\",\"name\":\"Antonio Palomera\",\"image\":{\"@type\":\"ImageObject\",\"inLanguage\":\"en-GB\",\"@id\":\"https:\\\/\\\/secure.gravatar.com\\\/avatar\\\/a8378756bb866d8a91ea5808ee291ef099888cc76273b42162b3ab961b9da5df?s=96&d=mm&r=g\",\"url\":\"https:\\\/\\\/secure.gravatar.com\\\/avatar\\\/a8378756bb866d8a91ea5808ee291ef099888cc76273b42162b3ab961b9da5df?s=96&d=mm&r=g\",\"contentUrl\":\"https:\\\/\\\/secure.gravatar.com\\\/avatar\\\/a8378756bb866d8a91ea5808ee291ef099888cc76273b42162b3ab961b9da5df?s=96&d=mm&r=g\",\"caption\":\"Antonio Palomera\"},\"url\":\"https:\\\/\\\/www.araalicante.com\\\/en\\\/author\\\/antonio\\\/\"}]}<\/script>\n<!-- \/ Yoast SEO plugin. -->","yoast_head_json":{"title":"Jos\u00e9 Antonio Aparicio, vicepresidente de Hosteler\u00eda de Espa\u00f1a, ostenta la vicepresidencia de CEPYME en el mandato de \u00c1ngela de Miguel - ARA | Asociaci\u00f3n de Restaurantes Alicante","robots":{"index":"index","follow":"follow","max-snippet":"max-snippet:-1","max-image-preview":"max-image-preview:large","max-video-preview":"max-video-preview:-1"},"canonical":"https:\/\/www.araalicante.com\/en\/jose-antonio-aparicio-vicepresidente-de-hosteleria-de-espana-ostenta-la-vicepresidencia-de-cepyme-en-el-mandato-de-angela-de-miguel\/","og_locale":"en_GB","og_type":"article","og_title":"Jos\u00e9 Antonio Aparicio, vicepresidente de Hosteler\u00eda de Espa\u00f1a, ostenta la vicepresidencia de CEPYME en el mandato de \u00c1ngela de Miguel - ARA | Asociaci\u00f3n de Restaurantes Alicante","og_description":"Jos\u00e9 Antonio Aparicio, vicepresidente primero de Hosteler\u00eda de Espa\u00f1a La Asamblea General [\u2026]","og_url":"https:\/\/www.araalicante.com\/en\/jose-antonio-aparicio-vicepresidente-de-hosteleria-de-espana-ostenta-la-vicepresidencia-de-cepyme-en-el-mandato-de-angela-de-miguel\/","og_site_name":"ARA | Asociaci\u00f3n de Restaurantes Alicante","article_publisher":"https:\/\/www.facebook.com\/Ararestaurantesalicante","article_published_time":"2025-05-22T08:07:32+00:00","og_image":[{"width":200,"height":200,"url":"https:\/\/www.araalicante.com\/wp-content\/uploads\/2023\/10\/Sin-titulo-1.png","type":"image\/png"}],"author":"Antonio Palomera","twitter_card":"summary_large_image","twitter_misc":{"Written by":"Antonio Palomera","Estimated reading time":"1 minute"},"schema":{"@context":"https:\/\/schema.org","@graph":[{"@type":"Article","@id":"https:\/\/www.araalicante.com\/jose-antonio-aparicio-vicepresidente-de-hosteleria-de-espana-ostenta-la-vicepresidencia-de-cepyme-en-el-mandato-de-angela-de-miguel\/#article","isPartOf":{"@id":"https:\/\/www.araalicante.com\/jose-antonio-aparicio-vicepresidente-de-hosteleria-de-espana-ostenta-la-vicepresidencia-de-cepyme-en-el-mandato-de-angela-de-miguel\/"},"author":{"name":"Antonio Palomera","@id":"https:\/\/www.araalicante.com\/#\/schema\/person\/066f68dc3db0406c0829af861c17332f"},"headline":"Jos\u00e9 Antonio Aparicio, vicepresidente de Hosteler\u00eda de Espa\u00f1a, ostenta la vicepresidencia de CEPYME en el mandato de \u00c1ngela de Miguel","datePublished":"2025-05-22T08:07:32+00:00","mainEntityOfPage":{"@id":"https:\/\/www.araalicante.com\/jose-antonio-aparicio-vicepresidente-de-hosteleria-de-espana-ostenta-la-vicepresidencia-de-cepyme-en-el-mandato-de-angela-de-miguel\/"},"wordCount":290,"publisher":{"@id":"https:\/\/www.araalicante.com\/#organization"},"image":{"@id":"https:\/\/www.araalicante.com\/jose-antonio-aparicio-vicepresidente-de-hosteleria-de-espana-ostenta-la-vicepresidencia-de-cepyme-en-el-mandato-de-angela-de-miguel\/#primaryimage"},"thumbnailUrl":"https:\/\/www.hosteleriadigital.es\/wp-content\/uploads\/2025\/05\/JAAparicio.jpg","articleSection":["Noticias externas"],"inLanguage":"en-GB"},{"@type":"WebPage","@id":"https:\/\/www.araalicante.com\/jose-antonio-aparicio-vicepresidente-de-hosteleria-de-espana-ostenta-la-vicepresidencia-de-cepyme-en-el-mandato-de-angela-de-miguel\/","url":"https:\/\/www.araalicante.com\/jose-antonio-aparicio-vicepresidente-de-hosteleria-de-espana-ostenta-la-vicepresidencia-de-cepyme-en-el-mandato-de-angela-de-miguel\/","name":"Jos\u00e9 Antonio Aparicio, vicepresidente de Hosteler\u00eda de Espa\u00f1a, ostenta la vicepresidencia de CEPYME en el mandato de \u00c1ngela de Miguel - ARA | Asociaci\u00f3n de Restaurantes Alicante","isPartOf":{"@id":"https:\/\/www.araalicante.com\/#website"},"primaryImageOfPage":{"@id":"https:\/\/www.araalicante.com\/jose-antonio-aparicio-vicepresidente-de-hosteleria-de-espana-ostenta-la-vicepresidencia-de-cepyme-en-el-mandato-de-angela-de-miguel\/#primaryimage"},"image":{"@id":"https:\/\/www.araalicante.com\/jose-antonio-aparicio-vicepresidente-de-hosteleria-de-espana-ostenta-la-vicepresidencia-de-cepyme-en-el-mandato-de-angela-de-miguel\/#primaryimage"},"thumbnailUrl":"https:\/\/www.hosteleriadigital.es\/wp-content\/uploads\/2025\/05\/JAAparicio.jpg","datePublished":"2025-05-22T08:07:32+00:00","breadcrumb":{"@id":"https:\/\/www.araalicante.com\/jose-antonio-aparicio-vicepresidente-de-hosteleria-de-espana-ostenta-la-vicepresidencia-de-cepyme-en-el-mandato-de-angela-de-miguel\/#breadcrumb"},"inLanguage":"en-GB","potentialAction":[{"@type":"ReadAction","target":["https:\/\/www.araalicante.com\/jose-antonio-aparicio-vicepresidente-de-hosteleria-de-espana-ostenta-la-vicepresidencia-de-cepyme-en-el-mandato-de-angela-de-miguel\/"]}]},{"@type":"ImageObject","inLanguage":"en-GB","@id":"https:\/\/www.araalicante.com\/jose-antonio-aparicio-vicepresidente-de-hosteleria-de-espana-ostenta-la-vicepresidencia-de-cepyme-en-el-mandato-de-angela-de-miguel\/#primaryimage","url":"https:\/\/www.hosteleriadigital.es\/wp-content\/uploads\/2025\/05\/JAAparicio.jpg","contentUrl":"https:\/\/www.hosteleriadigital.es\/wp-content\/uploads\/2025\/05\/JAAparicio.jpg"},{"@type":"BreadcrumbList","@id":"https:\/\/www.araalicante.com\/jose-antonio-aparicio-vicepresidente-de-hosteleria-de-espana-ostenta-la-vicepresidencia-de-cepyme-en-el-mandato-de-angela-de-miguel\/#breadcrumb","itemListElement":[{"@type":"ListItem","position":1,"name":"Portada","item":"https:\/\/www.araalicante.com\/"},{"@type":"ListItem","position":2,"name":"Jos\u00e9 Antonio Aparicio, vicepresidente de Hosteler\u00eda de Espa\u00f1a, ostenta la vicepresidencia de CEPYME en el mandato de \u00c1ngela de Miguel"}]},{"@type":"WebSite","@id":"https:\/\/www.araalicante.com\/#website","url":"https:\/\/www.araalicante.com\/","name":"ARA | Asociaci\u00f3n de Restaurantes Alicante","description":"Producto local, restauraci\u00f3n de calidad en Alicante y su provincia","publisher":{"@id":"https:\/\/www.araalicante.com\/#organization"},"potentialAction":[{"@type":"SearchAction","target":{"@type":"EntryPoint","urlTemplate":"https:\/\/www.araalicante.com\/?s={search_term_string}"},"query-input":{"@type":"PropertyValueSpecification","valueRequired":true,"valueName":"search_term_string"}}],"inLanguage":"en-GB"},{"@type":"Organization","@id":"https:\/\/www.araalicante.com\/#organization","name":"ARA | Asociaci\u00f3n de Restaurantes Alicante","url":"https:\/\/www.araalicante.com\/","logo":{"@type":"ImageObject","inLanguage":"en-GB","@id":"https:\/\/www.araalicante.com\/#\/schema\/logo\/image\/","url":"https:\/\/www.araalicante.com\/wp-content\/uploads\/2023\/09\/logoara.png","contentUrl":"https:\/\/www.araalicante.com\/wp-content\/uploads\/2023\/09\/logoara.png","width":400,"height":85,"caption":"ARA | Asociaci\u00f3n de Restaurantes Alicante"},"image":{"@id":"https:\/\/www.araalicante.com\/#\/schema\/logo\/image\/"},"sameAs":["https:\/\/www.facebook.com\/Ararestaurantesalicante","https:\/\/www.instagram.com\/ararestaurantesalicante\/"]},{"@type":"Person","@id":"https:\/\/www.araalicante.com\/#\/schema\/person\/066f68dc3db0406c0829af861c17332f","name":"Antonio Palomera","image":{"@type":"ImageObject","inLanguage":"en-GB","@id":"https:\/\/secure.gravatar.com\/avatar\/a8378756bb866d8a91ea5808ee291ef099888cc76273b42162b3ab961b9da5df?s=96&d=mm&r=g","url":"https:\/\/secure.gravatar.com\/avatar\/a8378756bb866d8a91ea5808ee291ef099888cc76273b42162b3ab961b9da5df?s=96&d=mm&r=g","contentUrl":"https:\/\/secure.gravatar.com\/avatar\/a8378756bb866d8a91ea5808ee291ef099888cc76273b42162b3ab961b9da5df?s=96&d=mm&r=g","caption":"Antonio Palomera"},"url":"https:\/\/www.araalicante.com\/en\/author\/antonio\/"}]}},"_links":{"self":[{"href":"https:\/\/www.araalicante.com\/en\/wp-json\/wp\/v2\/posts\/4806","targetHints":{"allow":["GET"]}}],"collection":[{"href":"https:\/\/www.araalicante.com\/en\/wp-json\/wp\/v2\/posts"}],"about":[{"href":"https:\/\/www.araalicante.com\/en\/wp-json\/wp\/v2\/types\/post"}],"author":[{"embeddable":true,"href":"https:\/\/www.araalicante.com\/en\/wp-json\/wp\/v2\/users\/17"}],"replies":[{"embeddable":true,"href":"https:\/\/www.araalicante.com\/en\/wp-json\/wp\/v2\/comments?post=4806"}],"version-history":[{"count":0,"href":"https:\/\/www.araalicante.com\/en\/wp-json\/wp\/v2\/posts\/4806\/revisions"}],"wp:attachment":[{"href":"https:\/\/www.araalicante.com\/en\/wp-json\/wp\/v2\/media?parent=4806"}],"wp:term":[{"taxonomy":"category","embeddable":true,"href":"https:\/\/www.araalicante.com\/en\/wp-json\/wp\/v2\/categories?post=4806"},{"taxonomy":"post_tag","embeddable":true,"href":"https:\/\/www.araalicante.com\/en\/wp-json\/wp\/v2\/tags?post=4806"}],"curies":[{"name":"wp","href":"https:\/\/api.w.org\/{rel}","templated":true}]}}