{"id":4805,"date":"2025-05-21T17:23:00","date_gmt":"2025-05-21T15:23:00","guid":{"rendered":"https:\/\/www.araalicante.com\/un-verano-con-prevision-de-nuevas-cifras-record-en-viajes-y-gasto\/"},"modified":"2025-05-21T17:23:00","modified_gmt":"2025-05-21T15:23:00","slug":"un-verano-con-prevision-de-nuevas-cifras-record-en-viajes-y-gasto","status":"publish","type":"post","link":"https:\/\/www.araalicante.com\/en\/un-verano-con-prevision-de-nuevas-cifras-record-en-viajes-y-gasto\/","title":{"rendered":"Un verano con previsi\u00f3n de nuevas cifras r\u00e9cord en viajes y gasto"},"content":{"rendered":"<div>\n<div class=\"td-featured-image-rec\">\n<div class=\"td-post-featured-image\"><a href=\"https:\/\/www.hosteleriadigital.es\/wp-content\/uploads\/2017\/07\/TURISMO_140447884_\u00a9-Unclesam-Fotolia.com_.jpg\" data-caption=\"\"><img loading=\"lazy\" decoding=\"async\" width=\"300\" height=\"200\" class=\"entry-thumb td-modal-image\" src=\"https:\/\/www.hosteleriadigital.es\/wp-content\/uploads\/2017\/07\/TURISMO_140447884_\u00a9-Unclesam-Fotolia.com_-300x200.jpg\" srcset=\"https:\/\/www.hosteleriadigital.es\/wp-content\/uploads\/2017\/07\/TURISMO_140447884_\u00a9-Unclesam-Fotolia.com_.jpg 300w, https:\/\/www.hosteleriadigital.es\/wp-content\/uploads\/2017\/07\/TURISMO_140447884_\u00a9-Unclesam-Fotolia.com_-150x100.jpg 150w\" sizes=\"auto, (max-width: 300px) 100vw, 300px\" alt=\"\" title=\"femme assise sur un banc, plage de Cadaqus, Costa Brava, Espagne\"\/><\/a><\/div>\n<\/div>\n<p>Las estimaciones de\u00a0<strong>SEGITTUR<\/strong>\u00a0apuntan a un verano con\u00a0<strong>nuevas cifras r\u00e9cord<\/strong> tanto en n\u00famero de viajes como en gasto tur\u00edstico. Se prev\u00e9 un aumento del <strong>2,7% en la llegada de turistas internacionales<\/strong> y del\u00a0<strong>1% en los viajes nacionales<\/strong> respecto al verano de 2024. Adem\u00e1s, el gasto de los turistas internacionales crecer\u00eda a un ritmo a\u00fan mayor:\u00a0<strong>4,2%<\/strong>, lo que supone un crecimiento muy superior al de las llegadas. En el caso del turismo nacional, el gasto tambi\u00e9n aumentar\u00e1, aunque de forma m\u00e1s moderada y en l\u00ednea con el volumen de viajes: <strong>1,1%<\/strong>.<\/p>\n<p>Para completar este an\u00e1lisis, se presentan las tendencias a\u00e9reas para este verano. Si bien la demanda, representada en volumen de b\u00fasquedas de vuelos, se encuentra ligeramente por debajo (-6,9%), la \u00a0oferta de asientos para viajar a destinos espa\u00f1oles aumenta un 3,2%. Esta mejora la impulsa el origen internacional (5,1%), mientras que el origen nacional desciende ligeramente (-1,2%).<\/p>\n<p>Dentro de las b\u00fasquedas, las realizadas desde origen internacional decrecen menos (-4,9%) que desde origen nacional (-19,2%). La ralentizaci\u00f3n de b\u00fasquedas que se identifica en Espa\u00f1a es com\u00fan a los destinos m\u00e1s solicitados, adem\u00e1s, Espa\u00f1a se mantiene dentro de los destinos m\u00e1s buscados.<\/p>\n<p>Las estimaciones de viaje y gasto sit\u00faan el <strong>gasto medio por turista internacional<\/strong>\u00a0en\u00a0<strong>1.440 \u20ac<\/strong>\u00a0(+1,5%) y el del\u00a0<strong>turista nacional<\/strong>\u00a0en\u00a0<strong>323,3 \u20ac<\/strong>\u00a0(+0,1%).<\/p>\n<p>En los <strong>mercados internacionales<\/strong>,\u00a0<strong>julio<\/strong>\u00a0ser\u00e1 el mes con mayor crecimiento en la llegada de turistas, alcanzando cifras muy similares a las de agosto. Incluso se espera que el\u00a0<strong>gasto medio en julio supere ligeramente al de agosto<\/strong>.<\/p>\n<p>En el caso del\u00a0<strong>turismo nacional<\/strong>,\u00a0<strong>agosto seguir\u00e1 siendo el mes l\u00edder<\/strong>, con un\u00a018% m\u00e1s de viajes que julio. Adem\u00e1s, el\u00a0<strong>gasto medio en julio ser\u00e1 72 \u20ac inferior al de agosto.<\/strong><\/p>\n<p><img fetchpriority=\"high\" decoding=\"async\" class=\"alignnone wp-image-32125 size-full lazyload\" src=\"https:\/\/www.hosteleriadigital.es\/wp-content\/uploads\/2025\/05\/Verano-Segittur.jpg\" alt=\"\" width=\"620\" height=\"312\"\/><noscript><img loading=\"lazy\" decoding=\"async\" class=\"alignnone wp-image-32125 size-full lazyload\" src=\"https:\/\/www.hosteleriadigital.es\/wp-content\/uploads\/2025\/05\/Verano-Segittur.jpg\" alt=\"\" width=\"620\" height=\"312\" srcset=\"https:\/\/www.hosteleriadigital.es\/wp-content\/uploads\/2025\/05\/Verano-Segittur.jpg 620w, https:\/\/www.hosteleriadigital.es\/wp-content\/uploads\/2025\/05\/Verano-Segittur-300x151.jpg 300w, https:\/\/www.hosteleriadigital.es\/wp-content\/uploads\/2025\/05\/Verano-Segittur-150x75.jpg 150w\" sizes=\"auto, (max-width: 620px) 100vw, 620px\"\/><\/noscript><\/p>\n<h4 class=\"widget-title\"><strong>El gasto de n\u00f3rdicos y alemanes crecer\u00e1 m\u00e1s r\u00e1pido que los turistas<\/strong><\/h4>\n<div class=\"siteorigin-widget-tinymce textwidget\">\n<p>Seg\u00fan las estimaciones, los principales mercados emisores crecer\u00e1n tanto en n\u00famero de viajes como en gasto tur\u00edstico este verano. <strong>Reino Unido y Francia<\/strong> mantendr\u00e1n su liderazgo con un crecimiento moderado en la llegada y gasto de turistas, entre\u00a0<strong>0,5% y 2,5%<\/strong>.<\/p>\n<p>Uno de los indicadores m\u00e1s reveladores para entender la evoluci\u00f3n del turismo es comparar el ritmo de crecimiento del gasto con el del n\u00famero de visitantes. Este an\u00e1lisis permite ver no solo cu\u00e1ntos turistas llegan, sino tambi\u00e9n\u00a0<strong>cu\u00e1nto est\u00e1n dispuestos a gastar<\/strong>. <strong>Pa\u00edses N\u00f3rdicos<\/strong>\u00a0lideran esta tendencia: su gasto tur\u00edstico crecer\u00e1 mucho m\u00e1s r\u00e1pido que la llegada de turistas. Esto podr\u00eda apuntar a un perfil de visitante con mayor poder adquisitivo o a una oferta tur\u00edstica que ha sabido aumentar su valor por visitante.<\/p>\n<p><strong>Alemania<\/strong>\u00a0tambi\u00e9n destaca, con un gasto que crecer\u00e1 m\u00e1s r\u00e1pido que el n\u00famero de turistas, reflejando una mejora significativa en el gasto medio por viajero. Por el momento, la oferta de asientos en vuelos se sit\u00faa similar a la del verano anterior.<\/p>\n<p>En contraste, el caso de\u00a0<strong>EEUU<\/strong> es diferente: aunque se espera un aumento en el n\u00famero de turistas, el gasto tur\u00edstico crecer\u00e1 m\u00e1s lento. La capacidad a\u00e9rea programada por el momento mejora un 8,3% respecto al a\u00f1o anterior, tasa de crecimiento pr\u00f3xima a la estimada de turistas (9,9%). A\u00fan as\u00ed, la demanda, a\u00fan se encuentra ralentizada si atendemos a las b\u00fasquedas de vuelos desde este mercado.<\/p>\n<h4 class=\"widget-title\"><strong>Andaluc\u00eda, Catalu\u00f1a y Baleares, los destinos m\u00e1s visitados<\/strong><\/h4>\n<div class=\"siteorigin-widget-tinymce textwidget\">\n<p>Dentro de las previsiones para este verano, se ha elaborado la estimaci\u00f3n para cinco destinos principales. Seg\u00fan \u00e9stas, <strong>Baleares<\/strong>\u00a0y\u00a0<strong>Catalu\u00f1a<\/strong>\u00a0ser\u00e1n los <strong>destinos m\u00e1s visitados por turistas internacionales<\/strong>. Para el <strong>turismo nacional<\/strong>,\u00a0<strong>Andaluc\u00eda<\/strong>\u00a0se posiciona como el destino m\u00e1s popular, seguida de\u00a0<strong>Catalu\u00f1a<\/strong>. Tambi\u00e9n destaca el fuerte crecimiento del turismo internacional en <strong>Canarias<\/strong>\u00a0y\u00a0<strong>Andaluc\u00eda <\/strong>y el aumento del turismo nacional hacia <strong>Baleares<\/strong>.<\/p>\n<p>Las tendencias a\u00e9reas apuntan a una mejora de la oferta de asientos por encima del 5% en Andaluc\u00eda, Catalu\u00f1a y Canarias.\u00a0 La capacidad a\u00e9rea en la Comunidad Valenciana ir\u00eda pr\u00f3xima, 4,8% y en Baleares aumentar\u00eda 1%, a\u00fan as\u00ed, sigue siendo dentro de esta selecci\u00f3n de destinos el m\u00e1s buscado.<\/p>\n<p>Respecto al gasto,\u00a0<strong>Baleares liderar\u00e1 el gasto internacional<\/strong>, mientras que\u00a0<strong>Andaluc\u00eda encabezar\u00e1 el gasto nacional<\/strong>. En cuanto al crecimiento del gasto, los destinos que m\u00e1s destacan son\u00a0<strong>Canarias<\/strong> y <strong>Baleares<\/strong>, con una evoluci\u00f3n positiva generalizada en la mayor\u00eda de regiones. La \u00fanica excepci\u00f3n es la\u00a0<strong>Comunidad Valenciana<\/strong>, donde se prev\u00e9 una ligera ca\u00edda en el gasto nacional.<\/p>\n<p>El gasto medio de estos destinos para este verano se prev\u00e9 seg\u00fan sigue:<\/p>\n<ul>\n<li><strong>Andaluc\u00eda:\u00a0<\/strong>se estima un gasto medio de aproximadamente\u00a0<strong>1.445 \u20ac<\/strong>\u00a0por turista, frente a los\u00a0<strong>358 \u20ac<\/strong>\u00a0de gasto medio de los turistas nacionales.<\/li>\n<li><strong>Baleares: <\/strong>se estima una media de\u00a0<strong>1.591 \u20ac<\/strong>\u00a0por estancia, en contraste con los\u00a0<strong>516\u20ac<\/strong>\u00a0de los turistas nacionales.<\/li>\n<li><strong>Canarias:\u00a0<\/strong>destaca por un gasto medio internacional de\u00a0<strong>1.742 \u20ac<\/strong>, muy superior al gasto medio nacional de\u00a0<strong>439 \u20ac<\/strong>.<\/li>\n<li><strong>Catalu\u00f1a:\u00a0<\/strong>el\u00a0 gasto medio de turistas internacionales se estima en\u00a0<strong>1.271 \u20ac<\/strong>, frente a los\u00a0<strong>270 \u20ac<\/strong>\u00a0de los nacionales.<\/li>\n<li><strong>Comunidad Valenciana:\u00a0<\/strong>se estima el gasto medio internacional en\u00a0<strong>1.455 \u20ac\u00a0<\/strong>frente al nacional de\u00a0<strong>326 \u20ac<\/strong>.<\/li>\n<\/ul>\n<p>Estas previsiones suponen una variaci\u00f3n respecto al verano anterior. En la mayor\u00eda de casos, el gasto medio se incrementar\u00e1 s\u00f3lo en mercado internacional si bien hay que tener en cuenta que las previsiones de gasto y de viajes o turistas son en general positivas. As\u00ed, por ejemplo, para Catalu\u00f1a se prev\u00e9 aumento del gasto y de viajes, por lo que el gasto medio se podr\u00eda reducir ligeramente a causa de un aumento en los viajes superior al del gasto.<\/p>\n<\/div>\n<\/div>\n<\/div>\n<p><a href=\"https:\/\/www.hosteleriadigital.es\/2025\/05\/21\/un-verano-con-prevision-de-nuevas-cifras-record-en-viajes-y-gasto\/\">source<\/a><\/p>","protected":false},"excerpt":{"rendered":"<p>Las estimaciones de\u00a0SEGITTUR\u00a0apuntan a un verano con\u00a0nuevas cifras r\u00e9cord tanto en n\u00famero<span class=\"excerpt-hellip\"> [\u2026]<\/span><\/p>\n","protected":false},"author":17,"featured_media":0,"comment_status":"","ping_status":"","sticky":false,"template":"","format":"standard","meta":{"footnotes":""},"categories":[1],"tags":[],"class_list":["post-4805","post","type-post","status-publish","format-standard","hentry","category-noticias-externas"],"yoast_head":"<!-- This site is optimized with the Yoast SEO plugin v27.4 - https:\/\/yoast.com\/product\/yoast-seo-wordpress\/ -->\n<title>Un verano con previsi\u00f3n de nuevas cifras r\u00e9cord en viajes y gasto - ARA | Asociaci\u00f3n de Restaurantes Alicante<\/title>\n<meta name=\"robots\" content=\"index, follow, max-snippet:-1, max-image-preview:large, max-video-preview:-1\" \/>\n<link rel=\"canonical\" href=\"https:\/\/www.araalicante.com\/en\/un-verano-con-prevision-de-nuevas-cifras-record-en-viajes-y-gasto\/\" \/>\n<meta property=\"og:locale\" content=\"en_GB\" \/>\n<meta property=\"og:type\" content=\"article\" \/>\n<meta property=\"og:title\" content=\"Un verano con previsi\u00f3n de nuevas cifras r\u00e9cord en viajes y gasto - ARA | Asociaci\u00f3n de Restaurantes Alicante\" \/>\n<meta property=\"og:description\" content=\"Las estimaciones de\u00a0SEGITTUR\u00a0apuntan a un verano con\u00a0nuevas cifras r\u00e9cord tanto en n\u00famero [\u2026]\" \/>\n<meta property=\"og:url\" content=\"https:\/\/www.araalicante.com\/en\/un-verano-con-prevision-de-nuevas-cifras-record-en-viajes-y-gasto\/\" \/>\n<meta property=\"og:site_name\" content=\"ARA | Asociaci\u00f3n de Restaurantes Alicante\" \/>\n<meta property=\"article:publisher\" content=\"https:\/\/www.facebook.com\/Ararestaurantesalicante\" \/>\n<meta property=\"article:published_time\" content=\"2025-05-21T15:23:00+00:00\" \/>\n<meta property=\"og:image\" content=\"https:\/\/www.hosteleriadigital.es\/wp-content\/uploads\/2025\/05\/Verano-Segittur.jpg\" \/>\n<meta name=\"author\" content=\"Antonio Palomera\" \/>\n<meta name=\"twitter:card\" content=\"summary_large_image\" \/>\n<meta name=\"twitter:label1\" content=\"Written by\" \/>\n\t<meta name=\"twitter:data1\" content=\"Antonio Palomera\" \/>\n\t<meta name=\"twitter:label2\" content=\"Estimated reading time\" \/>\n\t<meta name=\"twitter:data2\" content=\"5 minutes\" \/>\n<script type=\"application\/ld+json\" class=\"yoast-schema-graph\">{\"@context\":\"https:\\\/\\\/schema.org\",\"@graph\":[{\"@type\":\"Article\",\"@id\":\"https:\\\/\\\/www.araalicante.com\\\/un-verano-con-prevision-de-nuevas-cifras-record-en-viajes-y-gasto\\\/#article\",\"isPartOf\":{\"@id\":\"https:\\\/\\\/www.araalicante.com\\\/un-verano-con-prevision-de-nuevas-cifras-record-en-viajes-y-gasto\\\/\"},\"author\":{\"name\":\"Antonio Palomera\",\"@id\":\"https:\\\/\\\/www.araalicante.com\\\/#\\\/schema\\\/person\\\/066f68dc3db0406c0829af861c17332f\"},\"headline\":\"Un verano con previsi\u00f3n de nuevas cifras r\u00e9cord en viajes y gasto\",\"datePublished\":\"2025-05-21T15:23:00+00:00\",\"mainEntityOfPage\":{\"@id\":\"https:\\\/\\\/www.araalicante.com\\\/un-verano-con-prevision-de-nuevas-cifras-record-en-viajes-y-gasto\\\/\"},\"wordCount\":978,\"publisher\":{\"@id\":\"https:\\\/\\\/www.araalicante.com\\\/#organization\"},\"image\":{\"@id\":\"https:\\\/\\\/www.araalicante.com\\\/un-verano-con-prevision-de-nuevas-cifras-record-en-viajes-y-gasto\\\/#primaryimage\"},\"thumbnailUrl\":\"https:\\\/\\\/www.hosteleriadigital.es\\\/wp-content\\\/uploads\\\/2025\\\/05\\\/Verano-Segittur.jpg\",\"articleSection\":[\"Noticias externas\"],\"inLanguage\":\"en-GB\"},{\"@type\":\"WebPage\",\"@id\":\"https:\\\/\\\/www.araalicante.com\\\/un-verano-con-prevision-de-nuevas-cifras-record-en-viajes-y-gasto\\\/\",\"url\":\"https:\\\/\\\/www.araalicante.com\\\/un-verano-con-prevision-de-nuevas-cifras-record-en-viajes-y-gasto\\\/\",\"name\":\"Un verano con previsi\u00f3n de nuevas cifras r\u00e9cord en viajes y gasto - ARA | Asociaci\u00f3n de Restaurantes Alicante\",\"isPartOf\":{\"@id\":\"https:\\\/\\\/www.araalicante.com\\\/#website\"},\"primaryImageOfPage\":{\"@id\":\"https:\\\/\\\/www.araalicante.com\\\/un-verano-con-prevision-de-nuevas-cifras-record-en-viajes-y-gasto\\\/#primaryimage\"},\"image\":{\"@id\":\"https:\\\/\\\/www.araalicante.com\\\/un-verano-con-prevision-de-nuevas-cifras-record-en-viajes-y-gasto\\\/#primaryimage\"},\"thumbnailUrl\":\"https:\\\/\\\/www.hosteleriadigital.es\\\/wp-content\\\/uploads\\\/2025\\\/05\\\/Verano-Segittur.jpg\",\"datePublished\":\"2025-05-21T15:23:00+00:00\",\"breadcrumb\":{\"@id\":\"https:\\\/\\\/www.araalicante.com\\\/un-verano-con-prevision-de-nuevas-cifras-record-en-viajes-y-gasto\\\/#breadcrumb\"},\"inLanguage\":\"en-GB\",\"potentialAction\":[{\"@type\":\"ReadAction\",\"target\":[\"https:\\\/\\\/www.araalicante.com\\\/un-verano-con-prevision-de-nuevas-cifras-record-en-viajes-y-gasto\\\/\"]}]},{\"@type\":\"ImageObject\",\"inLanguage\":\"en-GB\",\"@id\":\"https:\\\/\\\/www.araalicante.com\\\/un-verano-con-prevision-de-nuevas-cifras-record-en-viajes-y-gasto\\\/#primaryimage\",\"url\":\"https:\\\/\\\/www.hosteleriadigital.es\\\/wp-content\\\/uploads\\\/2025\\\/05\\\/Verano-Segittur.jpg\",\"contentUrl\":\"https:\\\/\\\/www.hosteleriadigital.es\\\/wp-content\\\/uploads\\\/2025\\\/05\\\/Verano-Segittur.jpg\"},{\"@type\":\"BreadcrumbList\",\"@id\":\"https:\\\/\\\/www.araalicante.com\\\/un-verano-con-prevision-de-nuevas-cifras-record-en-viajes-y-gasto\\\/#breadcrumb\",\"itemListElement\":[{\"@type\":\"ListItem\",\"position\":1,\"name\":\"Portada\",\"item\":\"https:\\\/\\\/www.araalicante.com\\\/\"},{\"@type\":\"ListItem\",\"position\":2,\"name\":\"Un verano con previsi\u00f3n de nuevas cifras r\u00e9cord en viajes y gasto\"}]},{\"@type\":\"WebSite\",\"@id\":\"https:\\\/\\\/www.araalicante.com\\\/#website\",\"url\":\"https:\\\/\\\/www.araalicante.com\\\/\",\"name\":\"ARA | Asociaci\u00f3n de Restaurantes Alicante\",\"description\":\"Producto local, restauraci\u00f3n de calidad en Alicante y su provincia\",\"publisher\":{\"@id\":\"https:\\\/\\\/www.araalicante.com\\\/#organization\"},\"potentialAction\":[{\"@type\":\"SearchAction\",\"target\":{\"@type\":\"EntryPoint\",\"urlTemplate\":\"https:\\\/\\\/www.araalicante.com\\\/?s={search_term_string}\"},\"query-input\":{\"@type\":\"PropertyValueSpecification\",\"valueRequired\":true,\"valueName\":\"search_term_string\"}}],\"inLanguage\":\"en-GB\"},{\"@type\":\"Organization\",\"@id\":\"https:\\\/\\\/www.araalicante.com\\\/#organization\",\"name\":\"ARA | Asociaci\u00f3n de Restaurantes Alicante\",\"url\":\"https:\\\/\\\/www.araalicante.com\\\/\",\"logo\":{\"@type\":\"ImageObject\",\"inLanguage\":\"en-GB\",\"@id\":\"https:\\\/\\\/www.araalicante.com\\\/#\\\/schema\\\/logo\\\/image\\\/\",\"url\":\"https:\\\/\\\/www.araalicante.com\\\/wp-content\\\/uploads\\\/2023\\\/09\\\/logoara.png\",\"contentUrl\":\"https:\\\/\\\/www.araalicante.com\\\/wp-content\\\/uploads\\\/2023\\\/09\\\/logoara.png\",\"width\":400,\"height\":85,\"caption\":\"ARA | Asociaci\u00f3n de Restaurantes Alicante\"},\"image\":{\"@id\":\"https:\\\/\\\/www.araalicante.com\\\/#\\\/schema\\\/logo\\\/image\\\/\"},\"sameAs\":[\"https:\\\/\\\/www.facebook.com\\\/Ararestaurantesalicante\",\"https:\\\/\\\/www.instagram.com\\\/ararestaurantesalicante\\\/\"]},{\"@type\":\"Person\",\"@id\":\"https:\\\/\\\/www.araalicante.com\\\/#\\\/schema\\\/person\\\/066f68dc3db0406c0829af861c17332f\",\"name\":\"Antonio Palomera\",\"image\":{\"@type\":\"ImageObject\",\"inLanguage\":\"en-GB\",\"@id\":\"https:\\\/\\\/secure.gravatar.com\\\/avatar\\\/a8378756bb866d8a91ea5808ee291ef099888cc76273b42162b3ab961b9da5df?s=96&d=mm&r=g\",\"url\":\"https:\\\/\\\/secure.gravatar.com\\\/avatar\\\/a8378756bb866d8a91ea5808ee291ef099888cc76273b42162b3ab961b9da5df?s=96&d=mm&r=g\",\"contentUrl\":\"https:\\\/\\\/secure.gravatar.com\\\/avatar\\\/a8378756bb866d8a91ea5808ee291ef099888cc76273b42162b3ab961b9da5df?s=96&d=mm&r=g\",\"caption\":\"Antonio Palomera\"},\"url\":\"https:\\\/\\\/www.araalicante.com\\\/en\\\/author\\\/antonio\\\/\"}]}<\/script>\n<!-- \/ Yoast SEO plugin. -->","yoast_head_json":{"title":"Un verano con previsi\u00f3n de nuevas cifras r\u00e9cord en viajes y gasto - ARA | Asociaci\u00f3n de Restaurantes Alicante","robots":{"index":"index","follow":"follow","max-snippet":"max-snippet:-1","max-image-preview":"max-image-preview:large","max-video-preview":"max-video-preview:-1"},"canonical":"https:\/\/www.araalicante.com\/en\/un-verano-con-prevision-de-nuevas-cifras-record-en-viajes-y-gasto\/","og_locale":"en_GB","og_type":"article","og_title":"Un verano con previsi\u00f3n de nuevas cifras r\u00e9cord en viajes y gasto - ARA | Asociaci\u00f3n de Restaurantes Alicante","og_description":"Las estimaciones de\u00a0SEGITTUR\u00a0apuntan a un verano con\u00a0nuevas cifras r\u00e9cord tanto en n\u00famero [\u2026]","og_url":"https:\/\/www.araalicante.com\/en\/un-verano-con-prevision-de-nuevas-cifras-record-en-viajes-y-gasto\/","og_site_name":"ARA | Asociaci\u00f3n de Restaurantes Alicante","article_publisher":"https:\/\/www.facebook.com\/Ararestaurantesalicante","article_published_time":"2025-05-21T15:23:00+00:00","og_image":[{"url":"https:\/\/www.hosteleriadigital.es\/wp-content\/uploads\/2025\/05\/Verano-Segittur.jpg","type":"","width":"","height":""}],"author":"Antonio Palomera","twitter_card":"summary_large_image","twitter_misc":{"Written by":"Antonio Palomera","Estimated reading time":"5 minutes"},"schema":{"@context":"https:\/\/schema.org","@graph":[{"@type":"Article","@id":"https:\/\/www.araalicante.com\/un-verano-con-prevision-de-nuevas-cifras-record-en-viajes-y-gasto\/#article","isPartOf":{"@id":"https:\/\/www.araalicante.com\/un-verano-con-prevision-de-nuevas-cifras-record-en-viajes-y-gasto\/"},"author":{"name":"Antonio Palomera","@id":"https:\/\/www.araalicante.com\/#\/schema\/person\/066f68dc3db0406c0829af861c17332f"},"headline":"Un verano con previsi\u00f3n de nuevas cifras r\u00e9cord en viajes y gasto","datePublished":"2025-05-21T15:23:00+00:00","mainEntityOfPage":{"@id":"https:\/\/www.araalicante.com\/un-verano-con-prevision-de-nuevas-cifras-record-en-viajes-y-gasto\/"},"wordCount":978,"publisher":{"@id":"https:\/\/www.araalicante.com\/#organization"},"image":{"@id":"https:\/\/www.araalicante.com\/un-verano-con-prevision-de-nuevas-cifras-record-en-viajes-y-gasto\/#primaryimage"},"thumbnailUrl":"https:\/\/www.hosteleriadigital.es\/wp-content\/uploads\/2025\/05\/Verano-Segittur.jpg","articleSection":["Noticias externas"],"inLanguage":"en-GB"},{"@type":"WebPage","@id":"https:\/\/www.araalicante.com\/un-verano-con-prevision-de-nuevas-cifras-record-en-viajes-y-gasto\/","url":"https:\/\/www.araalicante.com\/un-verano-con-prevision-de-nuevas-cifras-record-en-viajes-y-gasto\/","name":"Un verano con previsi\u00f3n de nuevas cifras r\u00e9cord en viajes y gasto - ARA | Asociaci\u00f3n de Restaurantes Alicante","isPartOf":{"@id":"https:\/\/www.araalicante.com\/#website"},"primaryImageOfPage":{"@id":"https:\/\/www.araalicante.com\/un-verano-con-prevision-de-nuevas-cifras-record-en-viajes-y-gasto\/#primaryimage"},"image":{"@id":"https:\/\/www.araalicante.com\/un-verano-con-prevision-de-nuevas-cifras-record-en-viajes-y-gasto\/#primaryimage"},"thumbnailUrl":"https:\/\/www.hosteleriadigital.es\/wp-content\/uploads\/2025\/05\/Verano-Segittur.jpg","datePublished":"2025-05-21T15:23:00+00:00","breadcrumb":{"@id":"https:\/\/www.araalicante.com\/un-verano-con-prevision-de-nuevas-cifras-record-en-viajes-y-gasto\/#breadcrumb"},"inLanguage":"en-GB","potentialAction":[{"@type":"ReadAction","target":["https:\/\/www.araalicante.com\/un-verano-con-prevision-de-nuevas-cifras-record-en-viajes-y-gasto\/"]}]},{"@type":"ImageObject","inLanguage":"en-GB","@id":"https:\/\/www.araalicante.com\/un-verano-con-prevision-de-nuevas-cifras-record-en-viajes-y-gasto\/#primaryimage","url":"https:\/\/www.hosteleriadigital.es\/wp-content\/uploads\/2025\/05\/Verano-Segittur.jpg","contentUrl":"https:\/\/www.hosteleriadigital.es\/wp-content\/uploads\/2025\/05\/Verano-Segittur.jpg"},{"@type":"BreadcrumbList","@id":"https:\/\/www.araalicante.com\/un-verano-con-prevision-de-nuevas-cifras-record-en-viajes-y-gasto\/#breadcrumb","itemListElement":[{"@type":"ListItem","position":1,"name":"Portada","item":"https:\/\/www.araalicante.com\/"},{"@type":"ListItem","position":2,"name":"Un verano con previsi\u00f3n de nuevas cifras r\u00e9cord en viajes y gasto"}]},{"@type":"WebSite","@id":"https:\/\/www.araalicante.com\/#website","url":"https:\/\/www.araalicante.com\/","name":"ARA | Asociaci\u00f3n de Restaurantes Alicante","description":"Producto local, restauraci\u00f3n de calidad en Alicante y su provincia","publisher":{"@id":"https:\/\/www.araalicante.com\/#organization"},"potentialAction":[{"@type":"SearchAction","target":{"@type":"EntryPoint","urlTemplate":"https:\/\/www.araalicante.com\/?s={search_term_string}"},"query-input":{"@type":"PropertyValueSpecification","valueRequired":true,"valueName":"search_term_string"}}],"inLanguage":"en-GB"},{"@type":"Organization","@id":"https:\/\/www.araalicante.com\/#organization","name":"ARA | Asociaci\u00f3n de Restaurantes Alicante","url":"https:\/\/www.araalicante.com\/","logo":{"@type":"ImageObject","inLanguage":"en-GB","@id":"https:\/\/www.araalicante.com\/#\/schema\/logo\/image\/","url":"https:\/\/www.araalicante.com\/wp-content\/uploads\/2023\/09\/logoara.png","contentUrl":"https:\/\/www.araalicante.com\/wp-content\/uploads\/2023\/09\/logoara.png","width":400,"height":85,"caption":"ARA | Asociaci\u00f3n de Restaurantes Alicante"},"image":{"@id":"https:\/\/www.araalicante.com\/#\/schema\/logo\/image\/"},"sameAs":["https:\/\/www.facebook.com\/Ararestaurantesalicante","https:\/\/www.instagram.com\/ararestaurantesalicante\/"]},{"@type":"Person","@id":"https:\/\/www.araalicante.com\/#\/schema\/person\/066f68dc3db0406c0829af861c17332f","name":"Antonio Palomera","image":{"@type":"ImageObject","inLanguage":"en-GB","@id":"https:\/\/secure.gravatar.com\/avatar\/a8378756bb866d8a91ea5808ee291ef099888cc76273b42162b3ab961b9da5df?s=96&d=mm&r=g","url":"https:\/\/secure.gravatar.com\/avatar\/a8378756bb866d8a91ea5808ee291ef099888cc76273b42162b3ab961b9da5df?s=96&d=mm&r=g","contentUrl":"https:\/\/secure.gravatar.com\/avatar\/a8378756bb866d8a91ea5808ee291ef099888cc76273b42162b3ab961b9da5df?s=96&d=mm&r=g","caption":"Antonio Palomera"},"url":"https:\/\/www.araalicante.com\/en\/author\/antonio\/"}]}},"_links":{"self":[{"href":"https:\/\/www.araalicante.com\/en\/wp-json\/wp\/v2\/posts\/4805","targetHints":{"allow":["GET"]}}],"collection":[{"href":"https:\/\/www.araalicante.com\/en\/wp-json\/wp\/v2\/posts"}],"about":[{"href":"https:\/\/www.araalicante.com\/en\/wp-json\/wp\/v2\/types\/post"}],"author":[{"embeddable":true,"href":"https:\/\/www.araalicante.com\/en\/wp-json\/wp\/v2\/users\/17"}],"replies":[{"embeddable":true,"href":"https:\/\/www.araalicante.com\/en\/wp-json\/wp\/v2\/comments?post=4805"}],"version-history":[{"count":0,"href":"https:\/\/www.araalicante.com\/en\/wp-json\/wp\/v2\/posts\/4805\/revisions"}],"wp:attachment":[{"href":"https:\/\/www.araalicante.com\/en\/wp-json\/wp\/v2\/media?parent=4805"}],"wp:term":[{"taxonomy":"category","embeddable":true,"href":"https:\/\/www.araalicante.com\/en\/wp-json\/wp\/v2\/categories?post=4805"},{"taxonomy":"post_tag","embeddable":true,"href":"https:\/\/www.araalicante.com\/en\/wp-json\/wp\/v2\/tags?post=4805"}],"curies":[{"name":"wp","href":"https:\/\/api.w.org\/{rel}","templated":true}]}}