{"id":4802,"date":"2025-05-21T12:20:36","date_gmt":"2025-05-21T10:20:36","guid":{"rendered":"https:\/\/www.araalicante.com\/la-cifra-de-negocios-hostelera-bajo-ligeramente-en-marzo\/"},"modified":"2025-05-21T12:20:36","modified_gmt":"2025-05-21T10:20:36","slug":"la-cifra-de-negocios-hostelera-bajo-ligeramente-en-marzo","status":"publish","type":"post","link":"https:\/\/www.araalicante.com\/en\/la-cifra-de-negocios-hostelera-bajo-ligeramente-en-marzo\/","title":{"rendered":"La cifra de negocios hostelera baj\u00f3 ligeramente en marzo"},"content":{"rendered":"<div>\n<p><img fetchpriority=\"high\" decoding=\"async\" class=\"aligncenter wp-image-32115 size-full lazyload\" src=\"https:\/\/www.hosteleriadigital.es\/wp-content\/uploads\/2025\/05\/Cifra-de-negocios-mar25.jpg\" alt=\"\" width=\"649\" height=\"201\"\/><noscript><img loading=\"lazy\" decoding=\"async\" class=\"aligncenter wp-image-32115 size-full lazyload\" src=\"https:\/\/www.hosteleriadigital.es\/wp-content\/uploads\/2025\/05\/Cifra-de-negocios-mar25.jpg\" alt=\"\" width=\"649\" height=\"201\" srcset=\"https:\/\/www.hosteleriadigital.es\/wp-content\/uploads\/2025\/05\/Cifra-de-negocios-mar25.jpg 649w, https:\/\/www.hosteleriadigital.es\/wp-content\/uploads\/2025\/05\/Cifra-de-negocios-mar25-300x93.jpg 300w, https:\/\/www.hosteleriadigital.es\/wp-content\/uploads\/2025\/05\/Cifra-de-negocios-mar25-150x46.jpg 150w, https:\/\/www.hosteleriadigital.es\/wp-content\/uploads\/2025\/05\/Cifra-de-negocios-mar25-640x198.jpg 640w\" sizes=\"auto, (max-width: 649px) 100vw, 649px\"\/><\/noscript><\/p>\n<p><strong>La cifra de negocios de la hosteler\u00eda descendi\u00f3 en marzo un 0,7%<\/strong> en relaci\u00f3n con el mismo mes de 2024, seg\u00fan los datos de los Indicadores de Actividad del Sector Servicios del INE. Se trata del primer descenso desde la pandemia, causado principalmente por el cambio de fechas de la Semana Santa y una peor climatolog\u00eda. No obstante, en la media del primer trimestre, la facturaci\u00f3n supone un incremento de un 2,6% respecto al mismo per\u00edodo de 2024.<\/p>\n<p>El descenso se debe especialmente a la rama de <strong>restauraci\u00f3n<\/strong>, donde <strong>cay\u00f3 un 1%<\/strong>, mientras que en el <strong>alojamiento,<\/strong> las ventas se mantuvieron pr\u00e1cticamente estables, con un ligero <strong>descenso de un 0,1%<\/strong>. En el primer trimestre la facturaci\u00f3n subi\u00f3 un 1,7% en restauraci\u00f3n y un 4,9% en el alojamiento, en comparaci\u00f3n con el mismo per\u00edodo del a\u00f1o anterior.<\/p>\n<p>En <strong>tasa intermensual<\/strong>, comparando con febrero, la facturaci\u00f3n aument\u00f3 un 15,2% en marzo, un incremento m\u00e1s moderado que el registrado en el mismo mes del a\u00f1o anterior. En las actividades de restauraci\u00f3n el aumento fue de un 12,8% y en las de alojamiento de un 21,1%.<\/p>\n<p><a href=\"https:\/\/cehe.es\/publicaciones-hosteleria.html\"><strong>M\u00e1s informaci\u00f3n<\/strong><\/a><\/p>\n<\/div>\n<p><a href=\"https:\/\/www.hosteleriadigital.es\/2025\/05\/21\/la-cifra-de-negocios-hostelera-baja-ligeramente-en-marzo\/\">source<\/a><\/p>","protected":false},"excerpt":{"rendered":"<p>La cifra de negocios de la hosteler\u00eda descendi\u00f3 en marzo un 0,7%<span class=\"excerpt-hellip\"> [\u2026]<\/span><\/p>\n","protected":false},"author":17,"featured_media":0,"comment_status":"","ping_status":"","sticky":false,"template":"","format":"standard","meta":{"footnotes":""},"categories":[1],"tags":[],"class_list":["post-4802","post","type-post","status-publish","format-standard","hentry","category-noticias-externas"],"yoast_head":"<!-- This site is optimized with the Yoast SEO plugin v27.4 - https:\/\/yoast.com\/product\/yoast-seo-wordpress\/ -->\n<title>La cifra de negocios hostelera baj\u00f3 ligeramente en marzo - ARA | Asociaci\u00f3n de Restaurantes Alicante<\/title>\n<meta name=\"robots\" content=\"index, follow, max-snippet:-1, max-image-preview:large, max-video-preview:-1\" \/>\n<link rel=\"canonical\" href=\"https:\/\/www.araalicante.com\/en\/la-cifra-de-negocios-hostelera-bajo-ligeramente-en-marzo\/\" \/>\n<meta property=\"og:locale\" content=\"en_GB\" \/>\n<meta property=\"og:type\" content=\"article\" \/>\n<meta property=\"og:title\" content=\"La cifra de negocios hostelera baj\u00f3 ligeramente en marzo - ARA | Asociaci\u00f3n de Restaurantes Alicante\" \/>\n<meta property=\"og:description\" content=\"La cifra de negocios de la hosteler\u00eda descendi\u00f3 en marzo un 0,7% [\u2026]\" \/>\n<meta property=\"og:url\" content=\"https:\/\/www.araalicante.com\/en\/la-cifra-de-negocios-hostelera-bajo-ligeramente-en-marzo\/\" \/>\n<meta property=\"og:site_name\" content=\"ARA | Asociaci\u00f3n de Restaurantes Alicante\" \/>\n<meta property=\"article:publisher\" content=\"https:\/\/www.facebook.com\/Ararestaurantesalicante\" \/>\n<meta property=\"article:published_time\" content=\"2025-05-21T10:20:36+00:00\" \/>\n<meta property=\"og:image\" content=\"https:\/\/www.araalicante.com\/wp-content\/uploads\/2023\/10\/Sin-titulo-1.png\" \/>\n\t<meta property=\"og:image:width\" content=\"200\" \/>\n\t<meta property=\"og:image:height\" content=\"200\" \/>\n\t<meta property=\"og:image:type\" content=\"image\/png\" \/>\n<meta name=\"author\" content=\"Antonio Palomera\" \/>\n<meta name=\"twitter:card\" content=\"summary_large_image\" \/>\n<meta name=\"twitter:label1\" content=\"Written by\" \/>\n\t<meta name=\"twitter:data1\" content=\"Antonio Palomera\" \/>\n\t<meta name=\"twitter:label2\" content=\"Estimated reading time\" \/>\n\t<meta name=\"twitter:data2\" content=\"1 minute\" \/>\n<script type=\"application\/ld+json\" class=\"yoast-schema-graph\">{\"@context\":\"https:\\\/\\\/schema.org\",\"@graph\":[{\"@type\":\"Article\",\"@id\":\"https:\\\/\\\/www.araalicante.com\\\/la-cifra-de-negocios-hostelera-bajo-ligeramente-en-marzo\\\/#article\",\"isPartOf\":{\"@id\":\"https:\\\/\\\/www.araalicante.com\\\/la-cifra-de-negocios-hostelera-bajo-ligeramente-en-marzo\\\/\"},\"author\":{\"name\":\"Antonio Palomera\",\"@id\":\"https:\\\/\\\/www.araalicante.com\\\/#\\\/schema\\\/person\\\/066f68dc3db0406c0829af861c17332f\"},\"headline\":\"La cifra de negocios hostelera baj\u00f3 ligeramente en marzo\",\"datePublished\":\"2025-05-21T10:20:36+00:00\",\"mainEntityOfPage\":{\"@id\":\"https:\\\/\\\/www.araalicante.com\\\/la-cifra-de-negocios-hostelera-bajo-ligeramente-en-marzo\\\/\"},\"wordCount\":202,\"publisher\":{\"@id\":\"https:\\\/\\\/www.araalicante.com\\\/#organization\"},\"image\":{\"@id\":\"https:\\\/\\\/www.araalicante.com\\\/la-cifra-de-negocios-hostelera-bajo-ligeramente-en-marzo\\\/#primaryimage\"},\"thumbnailUrl\":\"https:\\\/\\\/www.hosteleriadigital.es\\\/wp-content\\\/uploads\\\/2025\\\/05\\\/Cifra-de-negocios-mar25.jpg\",\"articleSection\":[\"Noticias externas\"],\"inLanguage\":\"en-GB\"},{\"@type\":\"WebPage\",\"@id\":\"https:\\\/\\\/www.araalicante.com\\\/la-cifra-de-negocios-hostelera-bajo-ligeramente-en-marzo\\\/\",\"url\":\"https:\\\/\\\/www.araalicante.com\\\/la-cifra-de-negocios-hostelera-bajo-ligeramente-en-marzo\\\/\",\"name\":\"La cifra de negocios hostelera baj\u00f3 ligeramente en marzo - ARA | Asociaci\u00f3n de Restaurantes Alicante\",\"isPartOf\":{\"@id\":\"https:\\\/\\\/www.araalicante.com\\\/#website\"},\"primaryImageOfPage\":{\"@id\":\"https:\\\/\\\/www.araalicante.com\\\/la-cifra-de-negocios-hostelera-bajo-ligeramente-en-marzo\\\/#primaryimage\"},\"image\":{\"@id\":\"https:\\\/\\\/www.araalicante.com\\\/la-cifra-de-negocios-hostelera-bajo-ligeramente-en-marzo\\\/#primaryimage\"},\"thumbnailUrl\":\"https:\\\/\\\/www.hosteleriadigital.es\\\/wp-content\\\/uploads\\\/2025\\\/05\\\/Cifra-de-negocios-mar25.jpg\",\"datePublished\":\"2025-05-21T10:20:36+00:00\",\"breadcrumb\":{\"@id\":\"https:\\\/\\\/www.araalicante.com\\\/la-cifra-de-negocios-hostelera-bajo-ligeramente-en-marzo\\\/#breadcrumb\"},\"inLanguage\":\"en-GB\",\"potentialAction\":[{\"@type\":\"ReadAction\",\"target\":[\"https:\\\/\\\/www.araalicante.com\\\/la-cifra-de-negocios-hostelera-bajo-ligeramente-en-marzo\\\/\"]}]},{\"@type\":\"ImageObject\",\"inLanguage\":\"en-GB\",\"@id\":\"https:\\\/\\\/www.araalicante.com\\\/la-cifra-de-negocios-hostelera-bajo-ligeramente-en-marzo\\\/#primaryimage\",\"url\":\"https:\\\/\\\/www.hosteleriadigital.es\\\/wp-content\\\/uploads\\\/2025\\\/05\\\/Cifra-de-negocios-mar25.jpg\",\"contentUrl\":\"https:\\\/\\\/www.hosteleriadigital.es\\\/wp-content\\\/uploads\\\/2025\\\/05\\\/Cifra-de-negocios-mar25.jpg\"},{\"@type\":\"BreadcrumbList\",\"@id\":\"https:\\\/\\\/www.araalicante.com\\\/la-cifra-de-negocios-hostelera-bajo-ligeramente-en-marzo\\\/#breadcrumb\",\"itemListElement\":[{\"@type\":\"ListItem\",\"position\":1,\"name\":\"Portada\",\"item\":\"https:\\\/\\\/www.araalicante.com\\\/\"},{\"@type\":\"ListItem\",\"position\":2,\"name\":\"La cifra de negocios hostelera baj\u00f3 ligeramente en marzo\"}]},{\"@type\":\"WebSite\",\"@id\":\"https:\\\/\\\/www.araalicante.com\\\/#website\",\"url\":\"https:\\\/\\\/www.araalicante.com\\\/\",\"name\":\"ARA | Asociaci\u00f3n de Restaurantes Alicante\",\"description\":\"Producto local, restauraci\u00f3n de calidad en Alicante y su provincia\",\"publisher\":{\"@id\":\"https:\\\/\\\/www.araalicante.com\\\/#organization\"},\"potentialAction\":[{\"@type\":\"SearchAction\",\"target\":{\"@type\":\"EntryPoint\",\"urlTemplate\":\"https:\\\/\\\/www.araalicante.com\\\/?s={search_term_string}\"},\"query-input\":{\"@type\":\"PropertyValueSpecification\",\"valueRequired\":true,\"valueName\":\"search_term_string\"}}],\"inLanguage\":\"en-GB\"},{\"@type\":\"Organization\",\"@id\":\"https:\\\/\\\/www.araalicante.com\\\/#organization\",\"name\":\"ARA | Asociaci\u00f3n de Restaurantes Alicante\",\"url\":\"https:\\\/\\\/www.araalicante.com\\\/\",\"logo\":{\"@type\":\"ImageObject\",\"inLanguage\":\"en-GB\",\"@id\":\"https:\\\/\\\/www.araalicante.com\\\/#\\\/schema\\\/logo\\\/image\\\/\",\"url\":\"https:\\\/\\\/www.araalicante.com\\\/wp-content\\\/uploads\\\/2023\\\/09\\\/logoara.png\",\"contentUrl\":\"https:\\\/\\\/www.araalicante.com\\\/wp-content\\\/uploads\\\/2023\\\/09\\\/logoara.png\",\"width\":400,\"height\":85,\"caption\":\"ARA | Asociaci\u00f3n de Restaurantes Alicante\"},\"image\":{\"@id\":\"https:\\\/\\\/www.araalicante.com\\\/#\\\/schema\\\/logo\\\/image\\\/\"},\"sameAs\":[\"https:\\\/\\\/www.facebook.com\\\/Ararestaurantesalicante\",\"https:\\\/\\\/www.instagram.com\\\/ararestaurantesalicante\\\/\"]},{\"@type\":\"Person\",\"@id\":\"https:\\\/\\\/www.araalicante.com\\\/#\\\/schema\\\/person\\\/066f68dc3db0406c0829af861c17332f\",\"name\":\"Antonio Palomera\",\"image\":{\"@type\":\"ImageObject\",\"inLanguage\":\"en-GB\",\"@id\":\"https:\\\/\\\/secure.gravatar.com\\\/avatar\\\/a8378756bb866d8a91ea5808ee291ef099888cc76273b42162b3ab961b9da5df?s=96&d=mm&r=g\",\"url\":\"https:\\\/\\\/secure.gravatar.com\\\/avatar\\\/a8378756bb866d8a91ea5808ee291ef099888cc76273b42162b3ab961b9da5df?s=96&d=mm&r=g\",\"contentUrl\":\"https:\\\/\\\/secure.gravatar.com\\\/avatar\\\/a8378756bb866d8a91ea5808ee291ef099888cc76273b42162b3ab961b9da5df?s=96&d=mm&r=g\",\"caption\":\"Antonio Palomera\"},\"url\":\"https:\\\/\\\/www.araalicante.com\\\/en\\\/author\\\/antonio\\\/\"}]}<\/script>\n<!-- \/ Yoast SEO plugin. -->","yoast_head_json":{"title":"La cifra de negocios hostelera baj\u00f3 ligeramente en marzo - ARA | Asociaci\u00f3n de Restaurantes Alicante","robots":{"index":"index","follow":"follow","max-snippet":"max-snippet:-1","max-image-preview":"max-image-preview:large","max-video-preview":"max-video-preview:-1"},"canonical":"https:\/\/www.araalicante.com\/en\/la-cifra-de-negocios-hostelera-bajo-ligeramente-en-marzo\/","og_locale":"en_GB","og_type":"article","og_title":"La cifra de negocios hostelera baj\u00f3 ligeramente en marzo - ARA | Asociaci\u00f3n de Restaurantes Alicante","og_description":"La cifra de negocios de la hosteler\u00eda descendi\u00f3 en marzo un 0,7% [\u2026]","og_url":"https:\/\/www.araalicante.com\/en\/la-cifra-de-negocios-hostelera-bajo-ligeramente-en-marzo\/","og_site_name":"ARA | Asociaci\u00f3n de Restaurantes Alicante","article_publisher":"https:\/\/www.facebook.com\/Ararestaurantesalicante","article_published_time":"2025-05-21T10:20:36+00:00","og_image":[{"width":200,"height":200,"url":"https:\/\/www.araalicante.com\/wp-content\/uploads\/2023\/10\/Sin-titulo-1.png","type":"image\/png"}],"author":"Antonio Palomera","twitter_card":"summary_large_image","twitter_misc":{"Written by":"Antonio Palomera","Estimated reading time":"1 minute"},"schema":{"@context":"https:\/\/schema.org","@graph":[{"@type":"Article","@id":"https:\/\/www.araalicante.com\/la-cifra-de-negocios-hostelera-bajo-ligeramente-en-marzo\/#article","isPartOf":{"@id":"https:\/\/www.araalicante.com\/la-cifra-de-negocios-hostelera-bajo-ligeramente-en-marzo\/"},"author":{"name":"Antonio Palomera","@id":"https:\/\/www.araalicante.com\/#\/schema\/person\/066f68dc3db0406c0829af861c17332f"},"headline":"La cifra de negocios hostelera baj\u00f3 ligeramente en marzo","datePublished":"2025-05-21T10:20:36+00:00","mainEntityOfPage":{"@id":"https:\/\/www.araalicante.com\/la-cifra-de-negocios-hostelera-bajo-ligeramente-en-marzo\/"},"wordCount":202,"publisher":{"@id":"https:\/\/www.araalicante.com\/#organization"},"image":{"@id":"https:\/\/www.araalicante.com\/la-cifra-de-negocios-hostelera-bajo-ligeramente-en-marzo\/#primaryimage"},"thumbnailUrl":"https:\/\/www.hosteleriadigital.es\/wp-content\/uploads\/2025\/05\/Cifra-de-negocios-mar25.jpg","articleSection":["Noticias externas"],"inLanguage":"en-GB"},{"@type":"WebPage","@id":"https:\/\/www.araalicante.com\/la-cifra-de-negocios-hostelera-bajo-ligeramente-en-marzo\/","url":"https:\/\/www.araalicante.com\/la-cifra-de-negocios-hostelera-bajo-ligeramente-en-marzo\/","name":"La cifra de negocios hostelera baj\u00f3 ligeramente en marzo - ARA | Asociaci\u00f3n de Restaurantes Alicante","isPartOf":{"@id":"https:\/\/www.araalicante.com\/#website"},"primaryImageOfPage":{"@id":"https:\/\/www.araalicante.com\/la-cifra-de-negocios-hostelera-bajo-ligeramente-en-marzo\/#primaryimage"},"image":{"@id":"https:\/\/www.araalicante.com\/la-cifra-de-negocios-hostelera-bajo-ligeramente-en-marzo\/#primaryimage"},"thumbnailUrl":"https:\/\/www.hosteleriadigital.es\/wp-content\/uploads\/2025\/05\/Cifra-de-negocios-mar25.jpg","datePublished":"2025-05-21T10:20:36+00:00","breadcrumb":{"@id":"https:\/\/www.araalicante.com\/la-cifra-de-negocios-hostelera-bajo-ligeramente-en-marzo\/#breadcrumb"},"inLanguage":"en-GB","potentialAction":[{"@type":"ReadAction","target":["https:\/\/www.araalicante.com\/la-cifra-de-negocios-hostelera-bajo-ligeramente-en-marzo\/"]}]},{"@type":"ImageObject","inLanguage":"en-GB","@id":"https:\/\/www.araalicante.com\/la-cifra-de-negocios-hostelera-bajo-ligeramente-en-marzo\/#primaryimage","url":"https:\/\/www.hosteleriadigital.es\/wp-content\/uploads\/2025\/05\/Cifra-de-negocios-mar25.jpg","contentUrl":"https:\/\/www.hosteleriadigital.es\/wp-content\/uploads\/2025\/05\/Cifra-de-negocios-mar25.jpg"},{"@type":"BreadcrumbList","@id":"https:\/\/www.araalicante.com\/la-cifra-de-negocios-hostelera-bajo-ligeramente-en-marzo\/#breadcrumb","itemListElement":[{"@type":"ListItem","position":1,"name":"Portada","item":"https:\/\/www.araalicante.com\/"},{"@type":"ListItem","position":2,"name":"La cifra de negocios hostelera baj\u00f3 ligeramente en marzo"}]},{"@type":"WebSite","@id":"https:\/\/www.araalicante.com\/#website","url":"https:\/\/www.araalicante.com\/","name":"ARA | Asociaci\u00f3n de Restaurantes Alicante","description":"Producto local, restauraci\u00f3n de calidad en Alicante y su provincia","publisher":{"@id":"https:\/\/www.araalicante.com\/#organization"},"potentialAction":[{"@type":"SearchAction","target":{"@type":"EntryPoint","urlTemplate":"https:\/\/www.araalicante.com\/?s={search_term_string}"},"query-input":{"@type":"PropertyValueSpecification","valueRequired":true,"valueName":"search_term_string"}}],"inLanguage":"en-GB"},{"@type":"Organization","@id":"https:\/\/www.araalicante.com\/#organization","name":"ARA | Asociaci\u00f3n de Restaurantes Alicante","url":"https:\/\/www.araalicante.com\/","logo":{"@type":"ImageObject","inLanguage":"en-GB","@id":"https:\/\/www.araalicante.com\/#\/schema\/logo\/image\/","url":"https:\/\/www.araalicante.com\/wp-content\/uploads\/2023\/09\/logoara.png","contentUrl":"https:\/\/www.araalicante.com\/wp-content\/uploads\/2023\/09\/logoara.png","width":400,"height":85,"caption":"ARA | Asociaci\u00f3n de Restaurantes Alicante"},"image":{"@id":"https:\/\/www.araalicante.com\/#\/schema\/logo\/image\/"},"sameAs":["https:\/\/www.facebook.com\/Ararestaurantesalicante","https:\/\/www.instagram.com\/ararestaurantesalicante\/"]},{"@type":"Person","@id":"https:\/\/www.araalicante.com\/#\/schema\/person\/066f68dc3db0406c0829af861c17332f","name":"Antonio Palomera","image":{"@type":"ImageObject","inLanguage":"en-GB","@id":"https:\/\/secure.gravatar.com\/avatar\/a8378756bb866d8a91ea5808ee291ef099888cc76273b42162b3ab961b9da5df?s=96&d=mm&r=g","url":"https:\/\/secure.gravatar.com\/avatar\/a8378756bb866d8a91ea5808ee291ef099888cc76273b42162b3ab961b9da5df?s=96&d=mm&r=g","contentUrl":"https:\/\/secure.gravatar.com\/avatar\/a8378756bb866d8a91ea5808ee291ef099888cc76273b42162b3ab961b9da5df?s=96&d=mm&r=g","caption":"Antonio Palomera"},"url":"https:\/\/www.araalicante.com\/en\/author\/antonio\/"}]}},"_links":{"self":[{"href":"https:\/\/www.araalicante.com\/en\/wp-json\/wp\/v2\/posts\/4802","targetHints":{"allow":["GET"]}}],"collection":[{"href":"https:\/\/www.araalicante.com\/en\/wp-json\/wp\/v2\/posts"}],"about":[{"href":"https:\/\/www.araalicante.com\/en\/wp-json\/wp\/v2\/types\/post"}],"author":[{"embeddable":true,"href":"https:\/\/www.araalicante.com\/en\/wp-json\/wp\/v2\/users\/17"}],"replies":[{"embeddable":true,"href":"https:\/\/www.araalicante.com\/en\/wp-json\/wp\/v2\/comments?post=4802"}],"version-history":[{"count":0,"href":"https:\/\/www.araalicante.com\/en\/wp-json\/wp\/v2\/posts\/4802\/revisions"}],"wp:attachment":[{"href":"https:\/\/www.araalicante.com\/en\/wp-json\/wp\/v2\/media?parent=4802"}],"wp:term":[{"taxonomy":"category","embeddable":true,"href":"https:\/\/www.araalicante.com\/en\/wp-json\/wp\/v2\/categories?post=4802"},{"taxonomy":"post_tag","embeddable":true,"href":"https:\/\/www.araalicante.com\/en\/wp-json\/wp\/v2\/tags?post=4802"}],"curies":[{"name":"wp","href":"https:\/\/api.w.org\/{rel}","templated":true}]}}