{"id":3767,"date":"2024-03-27T01:37:50","date_gmt":"2024-03-27T01:37:50","guid":{"rendered":"https:\/\/www.araalicante.com\/los-espanoles-aumentaron-sus-viajes-un-85-en-2023-con-record-de-gasto\/"},"modified":"2024-03-27T01:37:50","modified_gmt":"2024-03-27T01:37:50","slug":"los-espanoles-aumentaron-sus-viajes-un-85-en-2023-con-record-de-gasto","status":"publish","type":"post","link":"https:\/\/www.araalicante.com\/en\/los-espanoles-aumentaron-sus-viajes-un-85-en-2023-con-record-de-gasto\/","title":{"rendered":"Los espa\u00f1oles aumentaron sus viajes un 8,5% en 2023, con r\u00e9cord de gasto"},"content":{"rendered":"<div>\n<p><img fetchpriority=\"high\" decoding=\"async\" class=\"aligncenter wp-image-28753 size-full lazyload\" src=\"https:\/\/www.hosteleriadigital.es\/wp-content\/uploads\/2024\/03\/Familitur-2023-ok.jpg\" alt=\"\" width=\"525\" height=\"327\"\/><noscript><img loading=\"lazy\" decoding=\"async\" class=\"aligncenter wp-image-28753 size-full lazyload\" src=\"https:\/\/www.hosteleriadigital.es\/wp-content\/uploads\/2024\/03\/Familitur-2023-ok.jpg\" alt=\"\" width=\"525\" height=\"327\" srcset=\"https:\/\/www.hosteleriadigital.es\/wp-content\/uploads\/2024\/03\/Familitur-2023-ok.jpg 525w, https:\/\/www.hosteleriadigital.es\/wp-content\/uploads\/2024\/03\/Familitur-2023-ok-300x187.jpg 300w, https:\/\/www.hosteleriadigital.es\/wp-content\/uploads\/2024\/03\/Familitur-2023-ok-150x93.jpg 150w\" sizes=\"auto, (max-width: 525px) 100vw, 525px\"\/><\/noscript><\/p>\n<p>Los espa\u00f1oles realizaron un total de 185,9 millones de viajes en 2023, un 8,5% m\u00e1s que el a\u00f1o anterior, con un gasto asociado que supera los 58.750 millones de euros, que aument\u00f3 a doble ritmo que los viajes, un 16,8%, seg\u00fan los datos de la Encuesta de Turismo de Residentes del INE.<\/p>\n<p>Los viajes se han seguido recuperando a lo largo del a\u00f1o, y en el cuarto trimestre suponen un 10% m\u00e1s que los del mismo per\u00edodo del a\u00f1o anterior, superando por primera vez desde el inicio de la pandemia los de 2019 (+2,8%). \u00a0El gasto total en el \u00faltimo trimestre del a\u00f1o supuso un aumento de un 18,7% (+39% respecto a 2019).<\/p>\n<p>En la media de 2023 supone un descenso de las visitas de un 4,1% respecto a 2019 y un aumento del gasto de un 22,2%.<\/p>\n<p><strong>El 89,6% de los viajes realizados en 2023 tuvo como destino principal Espa\u00f1a<\/strong>, un 7,3% m\u00e1s que en 2022, y el 10,4% restante el extranjero, que tuvo un incremento m\u00e1s intenso (+19,6%). El gasto medio diario se situ\u00f3 en 61,7 euros en los viajes con destino interno y en 120,2 euros en los realizados al extranjero, que suponen alzas interanuales de un 5,9% y 11,3%, respectivamente.<\/p>\n<p>M\u00e1s de la mitad de los viajes se realizaron por ocio (52% del total), seguidos de las visitas a familiares o amigos (33,4%).<\/p>\n<p>En los viajes internos, el 42,4% de los espa\u00f1oles se alojaron en viviendas de familiares o amigos, un 9,5% m\u00e1s que el a\u00f1o anterior, alojamiento al que le sigue el hotelero, que supone un 21,8% del total y aun aumento de un 2,7%, y por detr\u00e1s la vivienda en propiedad (17,2% del total), que se ha mantenido invariable respecto a 2022.<\/p>\n<p>En los viajes al extranjero cerca de la mitad optaron por el alojamiento hotelero (47,5% de los viajes), con un incremento de un 14,9% respecto a 2022, seguido de la vivienda de familiares y amigos (25,5% del total con aumento del 22,5%).<\/p>\n<p><strong>Andaluc\u00eda fue el destino m\u00e1s visitado<\/strong>, con el 17,1% del total de los viajes, seguida de <strong>Catalu\u00f1a<\/strong> (12,8%) y la <strong>Comunidad Valenciana<\/strong> (9,9%). Los gastos medios diarios por persona m\u00e1s altos corresponden a los viajes a la Comunidad de Madrid (94 euros), seguidos de Baleares (92) y Canarias (90).<\/p>\n<p><strong>El gasto en bares y restaurantes supone el mayor porcentaje en los viajes internos<\/strong><\/p>\n<p>En los viajes internos, un 26,8% del gasto se realiz\u00f3 en bares y restaurantes, que supone el mayor porcentaje del gasto total, y aumenta un 17,1% respecto a 2022. Casi el mismo porcentaje supone el gasto en alojamiento (26,7%), que subi\u00f3 un 12%.<\/p>\n<p>En los viajes al extranjero, el transporte supone el mayor porcentaje del gasto (30%), seguido del gasto en alojamiento (21,7%).<\/p>\n<\/div>\n<p><a href=\"https:\/\/www.hosteleriadigital.es\/2024\/03\/26\/los-espanoles-aumentaron-sus-viajes-un-85-en-2023-con-record-de-gasto\/\">source<\/a><\/p>","protected":false},"excerpt":{"rendered":"<p>Los espa\u00f1oles realizaron un total de 185,9 millones de viajes en 2023,<span class=\"excerpt-hellip\"> [\u2026]<\/span><\/p>\n","protected":false},"author":17,"featured_media":0,"comment_status":"open","ping_status":"open","sticky":false,"template":"","format":"standard","meta":{"footnotes":""},"categories":[1],"tags":[],"class_list":["post-3767","post","type-post","status-publish","format-standard","hentry","category-noticias-externas"],"yoast_head":"<!-- This site is optimized with the Yoast SEO plugin v27.5 - https:\/\/yoast.com\/product\/yoast-seo-wordpress\/ -->\n<title>Los espa\u00f1oles aumentaron sus viajes un 8,5% en 2023, con r\u00e9cord de gasto - ARA | Asociaci\u00f3n de Restaurantes Alicante<\/title>\n<meta name=\"robots\" content=\"index, follow, max-snippet:-1, max-image-preview:large, max-video-preview:-1\" \/>\n<link rel=\"canonical\" href=\"https:\/\/www.araalicante.com\/en\/los-espanoles-aumentaron-sus-viajes-un-85-en-2023-con-record-de-gasto\/\" \/>\n<meta property=\"og:locale\" content=\"en_GB\" \/>\n<meta property=\"og:type\" content=\"article\" \/>\n<meta property=\"og:title\" content=\"Los espa\u00f1oles aumentaron sus viajes un 8,5% en 2023, con r\u00e9cord de gasto - ARA | Asociaci\u00f3n de Restaurantes Alicante\" \/>\n<meta property=\"og:description\" content=\"Los espa\u00f1oles realizaron un total de 185,9 millones de viajes en 2023, [\u2026]\" \/>\n<meta property=\"og:url\" content=\"https:\/\/www.araalicante.com\/en\/los-espanoles-aumentaron-sus-viajes-un-85-en-2023-con-record-de-gasto\/\" \/>\n<meta property=\"og:site_name\" content=\"ARA | Asociaci\u00f3n de Restaurantes Alicante\" \/>\n<meta property=\"article:publisher\" content=\"https:\/\/www.facebook.com\/Ararestaurantesalicante\" \/>\n<meta property=\"article:published_time\" content=\"2024-03-27T01:37:50+00:00\" \/>\n<meta property=\"og:image\" content=\"https:\/\/www.hosteleriadigital.es\/wp-content\/uploads\/2024\/03\/Familitur-2023-ok.jpg\" \/>\n<meta name=\"author\" content=\"Antonio Palomera\" \/>\n<meta name=\"twitter:card\" content=\"summary_large_image\" \/>\n<meta name=\"twitter:label1\" content=\"Written by\" \/>\n\t<meta name=\"twitter:data1\" content=\"Antonio Palomera\" \/>\n\t<meta name=\"twitter:label2\" content=\"Estimated reading time\" \/>\n\t<meta name=\"twitter:data2\" content=\"2 minutes\" \/>\n<script type=\"application\/ld+json\" class=\"yoast-schema-graph\">{\"@context\":\"https:\\\/\\\/schema.org\",\"@graph\":[{\"@type\":\"Article\",\"@id\":\"https:\\\/\\\/www.araalicante.com\\\/los-espanoles-aumentaron-sus-viajes-un-85-en-2023-con-record-de-gasto\\\/#article\",\"isPartOf\":{\"@id\":\"https:\\\/\\\/www.araalicante.com\\\/los-espanoles-aumentaron-sus-viajes-un-85-en-2023-con-record-de-gasto\\\/\"},\"author\":{\"name\":\"Antonio Palomera\",\"@id\":\"https:\\\/\\\/www.araalicante.com\\\/#\\\/schema\\\/person\\\/066f68dc3db0406c0829af861c17332f\"},\"headline\":\"Los espa\u00f1oles aumentaron sus viajes un 8,5% en 2023, con r\u00e9cord de gasto\",\"datePublished\":\"2024-03-27T01:37:50+00:00\",\"mainEntityOfPage\":{\"@id\":\"https:\\\/\\\/www.araalicante.com\\\/los-espanoles-aumentaron-sus-viajes-un-85-en-2023-con-record-de-gasto\\\/\"},\"wordCount\":440,\"commentCount\":0,\"publisher\":{\"@id\":\"https:\\\/\\\/www.araalicante.com\\\/#organization\"},\"image\":{\"@id\":\"https:\\\/\\\/www.araalicante.com\\\/los-espanoles-aumentaron-sus-viajes-un-85-en-2023-con-record-de-gasto\\\/#primaryimage\"},\"thumbnailUrl\":\"https:\\\/\\\/www.hosteleriadigital.es\\\/wp-content\\\/uploads\\\/2024\\\/03\\\/Familitur-2023-ok.jpg\",\"articleSection\":[\"Noticias externas\"],\"inLanguage\":\"en-GB\",\"potentialAction\":[{\"@type\":\"CommentAction\",\"name\":\"Comment\",\"target\":[\"https:\\\/\\\/www.araalicante.com\\\/los-espanoles-aumentaron-sus-viajes-un-85-en-2023-con-record-de-gasto\\\/#respond\"]}]},{\"@type\":\"WebPage\",\"@id\":\"https:\\\/\\\/www.araalicante.com\\\/los-espanoles-aumentaron-sus-viajes-un-85-en-2023-con-record-de-gasto\\\/\",\"url\":\"https:\\\/\\\/www.araalicante.com\\\/los-espanoles-aumentaron-sus-viajes-un-85-en-2023-con-record-de-gasto\\\/\",\"name\":\"Los espa\u00f1oles aumentaron sus viajes un 8,5% en 2023, con r\u00e9cord de gasto - ARA | Asociaci\u00f3n de Restaurantes Alicante\",\"isPartOf\":{\"@id\":\"https:\\\/\\\/www.araalicante.com\\\/#website\"},\"primaryImageOfPage\":{\"@id\":\"https:\\\/\\\/www.araalicante.com\\\/los-espanoles-aumentaron-sus-viajes-un-85-en-2023-con-record-de-gasto\\\/#primaryimage\"},\"image\":{\"@id\":\"https:\\\/\\\/www.araalicante.com\\\/los-espanoles-aumentaron-sus-viajes-un-85-en-2023-con-record-de-gasto\\\/#primaryimage\"},\"thumbnailUrl\":\"https:\\\/\\\/www.hosteleriadigital.es\\\/wp-content\\\/uploads\\\/2024\\\/03\\\/Familitur-2023-ok.jpg\",\"datePublished\":\"2024-03-27T01:37:50+00:00\",\"breadcrumb\":{\"@id\":\"https:\\\/\\\/www.araalicante.com\\\/los-espanoles-aumentaron-sus-viajes-un-85-en-2023-con-record-de-gasto\\\/#breadcrumb\"},\"inLanguage\":\"en-GB\",\"potentialAction\":[{\"@type\":\"ReadAction\",\"target\":[\"https:\\\/\\\/www.araalicante.com\\\/los-espanoles-aumentaron-sus-viajes-un-85-en-2023-con-record-de-gasto\\\/\"]}]},{\"@type\":\"ImageObject\",\"inLanguage\":\"en-GB\",\"@id\":\"https:\\\/\\\/www.araalicante.com\\\/los-espanoles-aumentaron-sus-viajes-un-85-en-2023-con-record-de-gasto\\\/#primaryimage\",\"url\":\"https:\\\/\\\/www.hosteleriadigital.es\\\/wp-content\\\/uploads\\\/2024\\\/03\\\/Familitur-2023-ok.jpg\",\"contentUrl\":\"https:\\\/\\\/www.hosteleriadigital.es\\\/wp-content\\\/uploads\\\/2024\\\/03\\\/Familitur-2023-ok.jpg\"},{\"@type\":\"BreadcrumbList\",\"@id\":\"https:\\\/\\\/www.araalicante.com\\\/los-espanoles-aumentaron-sus-viajes-un-85-en-2023-con-record-de-gasto\\\/#breadcrumb\",\"itemListElement\":[{\"@type\":\"ListItem\",\"position\":1,\"name\":\"Portada\",\"item\":\"https:\\\/\\\/www.araalicante.com\\\/\"},{\"@type\":\"ListItem\",\"position\":2,\"name\":\"Los espa\u00f1oles aumentaron sus viajes un 8,5% en 2023, con r\u00e9cord de gasto\"}]},{\"@type\":\"WebSite\",\"@id\":\"https:\\\/\\\/www.araalicante.com\\\/#website\",\"url\":\"https:\\\/\\\/www.araalicante.com\\\/\",\"name\":\"ARA | Asociaci\u00f3n de Restaurantes Alicante\",\"description\":\"Producto local, restauraci\u00f3n de calidad en Alicante y su provincia\",\"publisher\":{\"@id\":\"https:\\\/\\\/www.araalicante.com\\\/#organization\"},\"potentialAction\":[{\"@type\":\"SearchAction\",\"target\":{\"@type\":\"EntryPoint\",\"urlTemplate\":\"https:\\\/\\\/www.araalicante.com\\\/?s={search_term_string}\"},\"query-input\":{\"@type\":\"PropertyValueSpecification\",\"valueRequired\":true,\"valueName\":\"search_term_string\"}}],\"inLanguage\":\"en-GB\"},{\"@type\":\"Organization\",\"@id\":\"https:\\\/\\\/www.araalicante.com\\\/#organization\",\"name\":\"ARA | Asociaci\u00f3n de Restaurantes Alicante\",\"url\":\"https:\\\/\\\/www.araalicante.com\\\/\",\"logo\":{\"@type\":\"ImageObject\",\"inLanguage\":\"en-GB\",\"@id\":\"https:\\\/\\\/www.araalicante.com\\\/#\\\/schema\\\/logo\\\/image\\\/\",\"url\":\"https:\\\/\\\/www.araalicante.com\\\/wp-content\\\/uploads\\\/2023\\\/09\\\/logoara.png\",\"contentUrl\":\"https:\\\/\\\/www.araalicante.com\\\/wp-content\\\/uploads\\\/2023\\\/09\\\/logoara.png\",\"width\":400,\"height\":85,\"caption\":\"ARA | Asociaci\u00f3n de Restaurantes Alicante\"},\"image\":{\"@id\":\"https:\\\/\\\/www.araalicante.com\\\/#\\\/schema\\\/logo\\\/image\\\/\"},\"sameAs\":[\"https:\\\/\\\/www.facebook.com\\\/Ararestaurantesalicante\",\"https:\\\/\\\/www.instagram.com\\\/ararestaurantesalicante\\\/\"]},{\"@type\":\"Person\",\"@id\":\"https:\\\/\\\/www.araalicante.com\\\/#\\\/schema\\\/person\\\/066f68dc3db0406c0829af861c17332f\",\"name\":\"Antonio Palomera\",\"image\":{\"@type\":\"ImageObject\",\"inLanguage\":\"en-GB\",\"@id\":\"https:\\\/\\\/secure.gravatar.com\\\/avatar\\\/a8378756bb866d8a91ea5808ee291ef099888cc76273b42162b3ab961b9da5df?s=96&d=mm&r=g\",\"url\":\"https:\\\/\\\/secure.gravatar.com\\\/avatar\\\/a8378756bb866d8a91ea5808ee291ef099888cc76273b42162b3ab961b9da5df?s=96&d=mm&r=g\",\"contentUrl\":\"https:\\\/\\\/secure.gravatar.com\\\/avatar\\\/a8378756bb866d8a91ea5808ee291ef099888cc76273b42162b3ab961b9da5df?s=96&d=mm&r=g\",\"caption\":\"Antonio Palomera\"},\"url\":\"https:\\\/\\\/www.araalicante.com\\\/en\\\/author\\\/antonio\\\/\"}]}<\/script>\n<!-- \/ Yoast SEO plugin. -->","yoast_head_json":{"title":"Los espa\u00f1oles aumentaron sus viajes un 8,5% en 2023, con r\u00e9cord de gasto - ARA | Asociaci\u00f3n de Restaurantes Alicante","robots":{"index":"index","follow":"follow","max-snippet":"max-snippet:-1","max-image-preview":"max-image-preview:large","max-video-preview":"max-video-preview:-1"},"canonical":"https:\/\/www.araalicante.com\/en\/los-espanoles-aumentaron-sus-viajes-un-85-en-2023-con-record-de-gasto\/","og_locale":"en_GB","og_type":"article","og_title":"Los espa\u00f1oles aumentaron sus viajes un 8,5% en 2023, con r\u00e9cord de gasto - ARA | Asociaci\u00f3n de Restaurantes Alicante","og_description":"Los espa\u00f1oles realizaron un total de 185,9 millones de viajes en 2023, [\u2026]","og_url":"https:\/\/www.araalicante.com\/en\/los-espanoles-aumentaron-sus-viajes-un-85-en-2023-con-record-de-gasto\/","og_site_name":"ARA | Asociaci\u00f3n de Restaurantes Alicante","article_publisher":"https:\/\/www.facebook.com\/Ararestaurantesalicante","article_published_time":"2024-03-27T01:37:50+00:00","og_image":[{"url":"https:\/\/www.hosteleriadigital.es\/wp-content\/uploads\/2024\/03\/Familitur-2023-ok.jpg","type":"","width":"","height":""}],"author":"Antonio Palomera","twitter_card":"summary_large_image","twitter_misc":{"Written by":"Antonio Palomera","Estimated reading time":"2 minutes"},"schema":{"@context":"https:\/\/schema.org","@graph":[{"@type":"Article","@id":"https:\/\/www.araalicante.com\/los-espanoles-aumentaron-sus-viajes-un-85-en-2023-con-record-de-gasto\/#article","isPartOf":{"@id":"https:\/\/www.araalicante.com\/los-espanoles-aumentaron-sus-viajes-un-85-en-2023-con-record-de-gasto\/"},"author":{"name":"Antonio Palomera","@id":"https:\/\/www.araalicante.com\/#\/schema\/person\/066f68dc3db0406c0829af861c17332f"},"headline":"Los espa\u00f1oles aumentaron sus viajes un 8,5% en 2023, con r\u00e9cord de gasto","datePublished":"2024-03-27T01:37:50+00:00","mainEntityOfPage":{"@id":"https:\/\/www.araalicante.com\/los-espanoles-aumentaron-sus-viajes-un-85-en-2023-con-record-de-gasto\/"},"wordCount":440,"commentCount":0,"publisher":{"@id":"https:\/\/www.araalicante.com\/#organization"},"image":{"@id":"https:\/\/www.araalicante.com\/los-espanoles-aumentaron-sus-viajes-un-85-en-2023-con-record-de-gasto\/#primaryimage"},"thumbnailUrl":"https:\/\/www.hosteleriadigital.es\/wp-content\/uploads\/2024\/03\/Familitur-2023-ok.jpg","articleSection":["Noticias externas"],"inLanguage":"en-GB","potentialAction":[{"@type":"CommentAction","name":"Comment","target":["https:\/\/www.araalicante.com\/los-espanoles-aumentaron-sus-viajes-un-85-en-2023-con-record-de-gasto\/#respond"]}]},{"@type":"WebPage","@id":"https:\/\/www.araalicante.com\/los-espanoles-aumentaron-sus-viajes-un-85-en-2023-con-record-de-gasto\/","url":"https:\/\/www.araalicante.com\/los-espanoles-aumentaron-sus-viajes-un-85-en-2023-con-record-de-gasto\/","name":"Los espa\u00f1oles aumentaron sus viajes un 8,5% en 2023, con r\u00e9cord de gasto - ARA | Asociaci\u00f3n de Restaurantes Alicante","isPartOf":{"@id":"https:\/\/www.araalicante.com\/#website"},"primaryImageOfPage":{"@id":"https:\/\/www.araalicante.com\/los-espanoles-aumentaron-sus-viajes-un-85-en-2023-con-record-de-gasto\/#primaryimage"},"image":{"@id":"https:\/\/www.araalicante.com\/los-espanoles-aumentaron-sus-viajes-un-85-en-2023-con-record-de-gasto\/#primaryimage"},"thumbnailUrl":"https:\/\/www.hosteleriadigital.es\/wp-content\/uploads\/2024\/03\/Familitur-2023-ok.jpg","datePublished":"2024-03-27T01:37:50+00:00","breadcrumb":{"@id":"https:\/\/www.araalicante.com\/los-espanoles-aumentaron-sus-viajes-un-85-en-2023-con-record-de-gasto\/#breadcrumb"},"inLanguage":"en-GB","potentialAction":[{"@type":"ReadAction","target":["https:\/\/www.araalicante.com\/los-espanoles-aumentaron-sus-viajes-un-85-en-2023-con-record-de-gasto\/"]}]},{"@type":"ImageObject","inLanguage":"en-GB","@id":"https:\/\/www.araalicante.com\/los-espanoles-aumentaron-sus-viajes-un-85-en-2023-con-record-de-gasto\/#primaryimage","url":"https:\/\/www.hosteleriadigital.es\/wp-content\/uploads\/2024\/03\/Familitur-2023-ok.jpg","contentUrl":"https:\/\/www.hosteleriadigital.es\/wp-content\/uploads\/2024\/03\/Familitur-2023-ok.jpg"},{"@type":"BreadcrumbList","@id":"https:\/\/www.araalicante.com\/los-espanoles-aumentaron-sus-viajes-un-85-en-2023-con-record-de-gasto\/#breadcrumb","itemListElement":[{"@type":"ListItem","position":1,"name":"Portada","item":"https:\/\/www.araalicante.com\/"},{"@type":"ListItem","position":2,"name":"Los espa\u00f1oles aumentaron sus viajes un 8,5% en 2023, con r\u00e9cord de gasto"}]},{"@type":"WebSite","@id":"https:\/\/www.araalicante.com\/#website","url":"https:\/\/www.araalicante.com\/","name":"ARA | Asociaci\u00f3n de Restaurantes Alicante","description":"Producto local, restauraci\u00f3n de calidad en Alicante y su provincia","publisher":{"@id":"https:\/\/www.araalicante.com\/#organization"},"potentialAction":[{"@type":"SearchAction","target":{"@type":"EntryPoint","urlTemplate":"https:\/\/www.araalicante.com\/?s={search_term_string}"},"query-input":{"@type":"PropertyValueSpecification","valueRequired":true,"valueName":"search_term_string"}}],"inLanguage":"en-GB"},{"@type":"Organization","@id":"https:\/\/www.araalicante.com\/#organization","name":"ARA | Asociaci\u00f3n de Restaurantes Alicante","url":"https:\/\/www.araalicante.com\/","logo":{"@type":"ImageObject","inLanguage":"en-GB","@id":"https:\/\/www.araalicante.com\/#\/schema\/logo\/image\/","url":"https:\/\/www.araalicante.com\/wp-content\/uploads\/2023\/09\/logoara.png","contentUrl":"https:\/\/www.araalicante.com\/wp-content\/uploads\/2023\/09\/logoara.png","width":400,"height":85,"caption":"ARA | Asociaci\u00f3n de Restaurantes Alicante"},"image":{"@id":"https:\/\/www.araalicante.com\/#\/schema\/logo\/image\/"},"sameAs":["https:\/\/www.facebook.com\/Ararestaurantesalicante","https:\/\/www.instagram.com\/ararestaurantesalicante\/"]},{"@type":"Person","@id":"https:\/\/www.araalicante.com\/#\/schema\/person\/066f68dc3db0406c0829af861c17332f","name":"Antonio Palomera","image":{"@type":"ImageObject","inLanguage":"en-GB","@id":"https:\/\/secure.gravatar.com\/avatar\/a8378756bb866d8a91ea5808ee291ef099888cc76273b42162b3ab961b9da5df?s=96&d=mm&r=g","url":"https:\/\/secure.gravatar.com\/avatar\/a8378756bb866d8a91ea5808ee291ef099888cc76273b42162b3ab961b9da5df?s=96&d=mm&r=g","contentUrl":"https:\/\/secure.gravatar.com\/avatar\/a8378756bb866d8a91ea5808ee291ef099888cc76273b42162b3ab961b9da5df?s=96&d=mm&r=g","caption":"Antonio Palomera"},"url":"https:\/\/www.araalicante.com\/en\/author\/antonio\/"}]}},"_links":{"self":[{"href":"https:\/\/www.araalicante.com\/en\/wp-json\/wp\/v2\/posts\/3767","targetHints":{"allow":["GET"]}}],"collection":[{"href":"https:\/\/www.araalicante.com\/en\/wp-json\/wp\/v2\/posts"}],"about":[{"href":"https:\/\/www.araalicante.com\/en\/wp-json\/wp\/v2\/types\/post"}],"author":[{"embeddable":true,"href":"https:\/\/www.araalicante.com\/en\/wp-json\/wp\/v2\/users\/17"}],"replies":[{"embeddable":true,"href":"https:\/\/www.araalicante.com\/en\/wp-json\/wp\/v2\/comments?post=3767"}],"version-history":[{"count":0,"href":"https:\/\/www.araalicante.com\/en\/wp-json\/wp\/v2\/posts\/3767\/revisions"}],"wp:attachment":[{"href":"https:\/\/www.araalicante.com\/en\/wp-json\/wp\/v2\/media?parent=3767"}],"wp:term":[{"taxonomy":"category","embeddable":true,"href":"https:\/\/www.araalicante.com\/en\/wp-json\/wp\/v2\/categories?post=3767"},{"taxonomy":"post_tag","embeddable":true,"href":"https:\/\/www.araalicante.com\/en\/wp-json\/wp\/v2\/tags?post=3767"}],"curies":[{"name":"wp","href":"https:\/\/api.w.org\/{rel}","templated":true}]}}