{"id":3000,"date":"2023-11-20T13:49:01","date_gmt":"2023-11-20T13:49:01","guid":{"rendered":"http:\/\/ara.dev.crehaz.qwair.com\/?p=3000"},"modified":"2026-08-20T10:58:09","modified_gmt":"2026-08-20T08:58:09","slug":"torre-de-reixes","status":"publish","type":"post","link":"https:\/\/www.araalicante.com\/en\/torre-de-reixes\/","title":{"rendered":"TORRE DE REIXES"},"content":{"rendered":"","protected":false},"excerpt":{"rendered":"","protected":false},"author":19,"featured_media":3269,"comment_status":"open","ping_status":"open","sticky":false,"template":"","format":"standard","meta":{"_acf_changed":false,"footnotes":""},"categories":[79,28],"tags":[],"class_list":["post-3000","post","type-post","status-publish","format-standard","has-post-thumbnail","hentry","category-internacional-fusion","category-restaurantes-en-alicante"],"acf":{"descripcion":"Torre de Reixes encarna la arquitectura y el entorno de las casas nobles de la antigua huerta de Alicante. El Restaurante Torre de Reixes nace de la combinaci\u00f3n de la tradicional dieta mediterr\u00e1nea con los toques de distinci\u00f3n propios de la cocina m\u00e1s vanguardista. A la excelente calidad gastron\u00f3mica del restaurante se le suma el valor a\u00f1adido del marco incomparable en el que se encuentra.","direccion":"Camino de Benimagrell, 47","codigo_postal":"03559","zona":false,"latitud":38.379051,"longitud":-0.439158,"telefono":"965 262 631","tipo_cocina":["otros"],"rango_precio":"3","web":"https:\/\/www.torredereixes.com\/","horario":"","caracteristicas":[],"whatsapp":"","instagram":"","facebook":"","reserva":"","menu_carta":"","logo":null,"foto_1":3256,"foto_2":3255,"foto_3":3254,"destacado":false,"google_place_id":"ChIJt7cZncI5Yg0RYwVSsYvhhpM","rango_de_precios":"","pedido_online":"","horario_lunes":"cerrado","horario_martes":"11:00-18:00","horario_miercoles":"11:00-18:00","horario_jueves":"11:00-18:00","horario_viernes":"11:00-20:00","horario_sabado":"11:00-20:00","horario_domingo":"cerrado"},"yoast_head":"<!-- This site is optimized with the Yoast SEO plugin v28.3 - https:\/\/yoast.com\/product\/yoast-seo-wordpress\/ -->\n<title>TORRE DE REIXES - ARA | Asociaci\u00f3n de Restaurantes Alicante<\/title>\n<meta name=\"robots\" content=\"index, follow, max-snippet:-1, max-image-preview:large, max-video-preview:-1\" \/>\n<link rel=\"canonical\" href=\"https:\/\/www.araalicante.com\/en\/torre-de-reixes\/\" \/>\n<meta property=\"og:locale\" content=\"en_GB\" \/>\n<meta property=\"og:type\" content=\"article\" \/>\n<meta property=\"og:title\" content=\"TORRE DE REIXES - ARA | Asociaci\u00f3n de Restaurantes Alicante\" \/>\n<meta property=\"og:url\" content=\"https:\/\/www.araalicante.com\/en\/torre-de-reixes\/\" \/>\n<meta property=\"og:site_name\" content=\"ARA | Asociaci\u00f3n de Restaurantes Alicante\" \/>\n<meta property=\"article:publisher\" content=\"https:\/\/www.facebook.com\/Ararestaurantesalicante\" \/>\n<meta property=\"article:published_time\" content=\"2023-11-20T13:49:01+00:00\" \/>\n<meta property=\"article:modified_time\" content=\"2026-08-20T08:58:09+00:00\" \/>\n<meta property=\"og:image\" content=\"https:\/\/www.araalicante.com\/wp-content\/uploads\/2023\/11\/Torre-Reixes-1-ara-restaurantes-alicante-ara-restaurantes-alicante.jpg\" \/>\n\t<meta property=\"og:image:width\" content=\"1080\" \/>\n\t<meta property=\"og:image:height\" content=\"1080\" \/>\n\t<meta property=\"og:image:type\" content=\"image\/jpeg\" \/>\n<meta name=\"author\" content=\"Maria Jose Anguita Garc\u00eda\" \/>\n<meta name=\"twitter:card\" content=\"summary_large_image\" \/>\n<meta name=\"twitter:label1\" content=\"Written by\" \/>\n\t<meta name=\"twitter:data1\" content=\"Maria Jose Anguita Garc\u00eda\" \/>\n<script type=\"application\/ld+json\" class=\"yoast-schema-graph\">{\"@context\":\"https:\\\/\\\/schema.org\",\"@graph\":[{\"@type\":\"Article\",\"@id\":\"https:\\\/\\\/www.araalicante.com\\\/torre-de-reixes\\\/#article\",\"isPartOf\":{\"@id\":\"https:\\\/\\\/www.araalicante.com\\\/torre-de-reixes\\\/\"},\"author\":{\"name\":\"Maria Jose Anguita Garc\u00eda\",\"@id\":\"https:\\\/\\\/www.araalicante.com\\\/#\\\/schema\\\/person\\\/e812fee62b3ce0c0ebca64fd5be08d67\"},\"headline\":\"TORRE DE REIXES\",\"datePublished\":\"2023-11-20T13:49:01+00:00\",\"dateModified\":\"2026-08-20T08:58:09+00:00\",\"mainEntityOfPage\":{\"@id\":\"https:\\\/\\\/www.araalicante.com\\\/torre-de-reixes\\\/\"},\"wordCount\":3,\"commentCount\":0,\"publisher\":{\"@id\":\"https:\\\/\\\/www.araalicante.com\\\/#organization\"},\"image\":{\"@id\":\"https:\\\/\\\/www.araalicante.com\\\/torre-de-reixes\\\/#primaryimage\"},\"thumbnailUrl\":\"https:\\\/\\\/www.araalicante.com\\\/wp-content\\\/uploads\\\/2023\\\/11\\\/Torre-Reixes-1-ara-restaurantes-alicante-ara-restaurantes-alicante.jpg\",\"articleSection\":[\"Internacional\\\/fusion\",\"RESTAURANTES EN ALICANTE\"],\"inLanguage\":\"en-GB\",\"potentialAction\":[{\"@type\":\"CommentAction\",\"name\":\"Comment\",\"target\":[\"https:\\\/\\\/www.araalicante.com\\\/torre-de-reixes\\\/#respond\"]}]},{\"@type\":\"WebPage\",\"@id\":\"https:\\\/\\\/www.araalicante.com\\\/torre-de-reixes\\\/\",\"url\":\"https:\\\/\\\/www.araalicante.com\\\/torre-de-reixes\\\/\",\"name\":\"TORRE DE REIXES - ARA | Asociaci\u00f3n de Restaurantes Alicante\",\"isPartOf\":{\"@id\":\"https:\\\/\\\/www.araalicante.com\\\/#website\"},\"primaryImageOfPage\":{\"@id\":\"https:\\\/\\\/www.araalicante.com\\\/torre-de-reixes\\\/#primaryimage\"},\"image\":{\"@id\":\"https:\\\/\\\/www.araalicante.com\\\/torre-de-reixes\\\/#primaryimage\"},\"thumbnailUrl\":\"https:\\\/\\\/www.araalicante.com\\\/wp-content\\\/uploads\\\/2023\\\/11\\\/Torre-Reixes-1-ara-restaurantes-alicante-ara-restaurantes-alicante.jpg\",\"datePublished\":\"2023-11-20T13:49:01+00:00\",\"dateModified\":\"2026-08-20T08:58:09+00:00\",\"breadcrumb\":{\"@id\":\"https:\\\/\\\/www.araalicante.com\\\/torre-de-reixes\\\/#breadcrumb\"},\"inLanguage\":\"en-GB\",\"potentialAction\":[{\"@type\":\"ReadAction\",\"target\":[\"https:\\\/\\\/www.araalicante.com\\\/torre-de-reixes\\\/\"]}]},{\"@type\":\"ImageObject\",\"inLanguage\":\"en-GB\",\"@id\":\"https:\\\/\\\/www.araalicante.com\\\/torre-de-reixes\\\/#primaryimage\",\"url\":\"https:\\\/\\\/www.araalicante.com\\\/wp-content\\\/uploads\\\/2023\\\/11\\\/Torre-Reixes-1-ara-restaurantes-alicante-ara-restaurantes-alicante.jpg\",\"contentUrl\":\"https:\\\/\\\/www.araalicante.com\\\/wp-content\\\/uploads\\\/2023\\\/11\\\/Torre-Reixes-1-ara-restaurantes-alicante-ara-restaurantes-alicante.jpg\",\"width\":1080,\"height\":1080},{\"@type\":\"BreadcrumbList\",\"@id\":\"https:\\\/\\\/www.araalicante.com\\\/torre-de-reixes\\\/#breadcrumb\",\"itemListElement\":[{\"@type\":\"ListItem\",\"position\":1,\"name\":\"Portada\",\"item\":\"https:\\\/\\\/www.araalicante.com\\\/\"},{\"@type\":\"ListItem\",\"position\":2,\"name\":\"TORRE DE REIXES\"}]},{\"@type\":\"WebSite\",\"@id\":\"https:\\\/\\\/www.araalicante.com\\\/#website\",\"url\":\"https:\\\/\\\/www.araalicante.com\\\/\",\"name\":\"ARA | Asociaci\u00f3n de Restaurantes Alicante\",\"description\":\"Producto local, restauraci\u00f3n de calidad en Alicante y su provincia\",\"publisher\":{\"@id\":\"https:\\\/\\\/www.araalicante.com\\\/#organization\"},\"potentialAction\":[{\"@type\":\"SearchAction\",\"target\":{\"@type\":\"EntryPoint\",\"urlTemplate\":\"https:\\\/\\\/www.araalicante.com\\\/?s={search_term_string}\"},\"query-input\":{\"@type\":\"PropertyValueSpecification\",\"valueRequired\":true,\"valueName\":\"search_term_string\"}}],\"inLanguage\":\"en-GB\"},{\"@type\":\"Organization\",\"@id\":\"https:\\\/\\\/www.araalicante.com\\\/#organization\",\"name\":\"ARA | Asociaci\u00f3n de Restaurantes Alicante\",\"url\":\"https:\\\/\\\/www.araalicante.com\\\/\",\"logo\":{\"@type\":\"ImageObject\",\"inLanguage\":\"en-GB\",\"@id\":\"https:\\\/\\\/www.araalicante.com\\\/#\\\/schema\\\/logo\\\/image\\\/\",\"url\":\"https:\\\/\\\/www.araalicante.com\\\/wp-content\\\/uploads\\\/2023\\\/09\\\/logoara.png\",\"contentUrl\":\"https:\\\/\\\/www.araalicante.com\\\/wp-content\\\/uploads\\\/2023\\\/09\\\/logoara.png\",\"width\":400,\"height\":85,\"caption\":\"ARA | Asociaci\u00f3n de Restaurantes Alicante\"},\"image\":{\"@id\":\"https:\\\/\\\/www.araalicante.com\\\/#\\\/schema\\\/logo\\\/image\\\/\"},\"sameAs\":[\"https:\\\/\\\/www.facebook.com\\\/Ararestaurantesalicante\",\"https:\\\/\\\/www.instagram.com\\\/ararestaurantesalicante\\\/\"]},{\"@type\":\"Person\",\"@id\":\"https:\\\/\\\/www.araalicante.com\\\/#\\\/schema\\\/person\\\/e812fee62b3ce0c0ebca64fd5be08d67\",\"name\":\"Maria Jose Anguita Garc\u00eda\",\"image\":{\"@type\":\"ImageObject\",\"inLanguage\":\"en-GB\",\"@id\":\"https:\\\/\\\/secure.gravatar.com\\\/avatar\\\/717304dec3288ef41af7c91b6a8cecd0c5ac16a99dc419d6a059e8ac1557c4de?s=96&d=mm&r=g\",\"url\":\"https:\\\/\\\/secure.gravatar.com\\\/avatar\\\/717304dec3288ef41af7c91b6a8cecd0c5ac16a99dc419d6a059e8ac1557c4de?s=96&d=mm&r=g\",\"contentUrl\":\"https:\\\/\\\/secure.gravatar.com\\\/avatar\\\/717304dec3288ef41af7c91b6a8cecd0c5ac16a99dc419d6a059e8ac1557c4de?s=96&d=mm&r=g\",\"caption\":\"Maria Jose Anguita Garc\u00eda\"},\"url\":\"https:\\\/\\\/www.araalicante.com\\\/en\\\/author\\\/maria-jose\\\/\"}]}<\/script>\n<!-- \/ Yoast SEO plugin. -->","yoast_head_json":{"title":"TORRE DE REIXES - ARA | Asociaci\u00f3n de Restaurantes Alicante","robots":{"index":"index","follow":"follow","max-snippet":"max-snippet:-1","max-image-preview":"max-image-preview:large","max-video-preview":"max-video-preview:-1"},"canonical":"https:\/\/www.araalicante.com\/en\/torre-de-reixes\/","og_locale":"en_GB","og_type":"article","og_title":"TORRE DE REIXES - ARA | Asociaci\u00f3n de Restaurantes Alicante","og_url":"https:\/\/www.araalicante.com\/en\/torre-de-reixes\/","og_site_name":"ARA | Asociaci\u00f3n de Restaurantes Alicante","article_publisher":"https:\/\/www.facebook.com\/Ararestaurantesalicante","article_published_time":"2023-11-20T13:49:01+00:00","article_modified_time":"2026-08-20T08:58:09+00:00","og_image":[{"width":1080,"height":1080,"url":"https:\/\/www.araalicante.com\/wp-content\/uploads\/2023\/11\/Torre-Reixes-1-ara-restaurantes-alicante-ara-restaurantes-alicante.jpg","type":"image\/jpeg"}],"author":"Maria Jose Anguita Garc\u00eda","twitter_card":"summary_large_image","twitter_misc":{"Written by":"Maria Jose Anguita Garc\u00eda"},"schema":{"@context":"https:\/\/schema.org","@graph":[{"@type":"Article","@id":"https:\/\/www.araalicante.com\/torre-de-reixes\/#article","isPartOf":{"@id":"https:\/\/www.araalicante.com\/torre-de-reixes\/"},"author":{"name":"Maria Jose Anguita Garc\u00eda","@id":"https:\/\/www.araalicante.com\/#\/schema\/person\/e812fee62b3ce0c0ebca64fd5be08d67"},"headline":"TORRE DE REIXES","datePublished":"2023-11-20T13:49:01+00:00","dateModified":"2026-08-20T08:58:09+00:00","mainEntityOfPage":{"@id":"https:\/\/www.araalicante.com\/torre-de-reixes\/"},"wordCount":3,"commentCount":0,"publisher":{"@id":"https:\/\/www.araalicante.com\/#organization"},"image":{"@id":"https:\/\/www.araalicante.com\/torre-de-reixes\/#primaryimage"},"thumbnailUrl":"https:\/\/www.araalicante.com\/wp-content\/uploads\/2023\/11\/Torre-Reixes-1-ara-restaurantes-alicante-ara-restaurantes-alicante.jpg","articleSection":["Internacional\/fusion","RESTAURANTES EN ALICANTE"],"inLanguage":"en-GB","potentialAction":[{"@type":"CommentAction","name":"Comment","target":["https:\/\/www.araalicante.com\/torre-de-reixes\/#respond"]}]},{"@type":"WebPage","@id":"https:\/\/www.araalicante.com\/torre-de-reixes\/","url":"https:\/\/www.araalicante.com\/torre-de-reixes\/","name":"TORRE DE REIXES - ARA | Asociaci\u00f3n de Restaurantes Alicante","isPartOf":{"@id":"https:\/\/www.araalicante.com\/#website"},"primaryImageOfPage":{"@id":"https:\/\/www.araalicante.com\/torre-de-reixes\/#primaryimage"},"image":{"@id":"https:\/\/www.araalicante.com\/torre-de-reixes\/#primaryimage"},"thumbnailUrl":"https:\/\/www.araalicante.com\/wp-content\/uploads\/2023\/11\/Torre-Reixes-1-ara-restaurantes-alicante-ara-restaurantes-alicante.jpg","datePublished":"2023-11-20T13:49:01+00:00","dateModified":"2026-08-20T08:58:09+00:00","breadcrumb":{"@id":"https:\/\/www.araalicante.com\/torre-de-reixes\/#breadcrumb"},"inLanguage":"en-GB","potentialAction":[{"@type":"ReadAction","target":["https:\/\/www.araalicante.com\/torre-de-reixes\/"]}]},{"@type":"ImageObject","inLanguage":"en-GB","@id":"https:\/\/www.araalicante.com\/torre-de-reixes\/#primaryimage","url":"https:\/\/www.araalicante.com\/wp-content\/uploads\/2023\/11\/Torre-Reixes-1-ara-restaurantes-alicante-ara-restaurantes-alicante.jpg","contentUrl":"https:\/\/www.araalicante.com\/wp-content\/uploads\/2023\/11\/Torre-Reixes-1-ara-restaurantes-alicante-ara-restaurantes-alicante.jpg","width":1080,"height":1080},{"@type":"BreadcrumbList","@id":"https:\/\/www.araalicante.com\/torre-de-reixes\/#breadcrumb","itemListElement":[{"@type":"ListItem","position":1,"name":"Portada","item":"https:\/\/www.araalicante.com\/"},{"@type":"ListItem","position":2,"name":"TORRE DE REIXES"}]},{"@type":"WebSite","@id":"https:\/\/www.araalicante.com\/#website","url":"https:\/\/www.araalicante.com\/","name":"ARA | Asociaci\u00f3n de Restaurantes Alicante","description":"Producto local, restauraci\u00f3n de calidad en Alicante y su provincia","publisher":{"@id":"https:\/\/www.araalicante.com\/#organization"},"potentialAction":[{"@type":"SearchAction","target":{"@type":"EntryPoint","urlTemplate":"https:\/\/www.araalicante.com\/?s={search_term_string}"},"query-input":{"@type":"PropertyValueSpecification","valueRequired":true,"valueName":"search_term_string"}}],"inLanguage":"en-GB"},{"@type":"Organization","@id":"https:\/\/www.araalicante.com\/#organization","name":"ARA | Asociaci\u00f3n de Restaurantes Alicante","url":"https:\/\/www.araalicante.com\/","logo":{"@type":"ImageObject","inLanguage":"en-GB","@id":"https:\/\/www.araalicante.com\/#\/schema\/logo\/image\/","url":"https:\/\/www.araalicante.com\/wp-content\/uploads\/2023\/09\/logoara.png","contentUrl":"https:\/\/www.araalicante.com\/wp-content\/uploads\/2023\/09\/logoara.png","width":400,"height":85,"caption":"ARA | Asociaci\u00f3n de Restaurantes Alicante"},"image":{"@id":"https:\/\/www.araalicante.com\/#\/schema\/logo\/image\/"},"sameAs":["https:\/\/www.facebook.com\/Ararestaurantesalicante","https:\/\/www.instagram.com\/ararestaurantesalicante\/"]},{"@type":"Person","@id":"https:\/\/www.araalicante.com\/#\/schema\/person\/e812fee62b3ce0c0ebca64fd5be08d67","name":"Maria Jose Anguita Garc\u00eda","image":{"@type":"ImageObject","inLanguage":"en-GB","@id":"https:\/\/secure.gravatar.com\/avatar\/717304dec3288ef41af7c91b6a8cecd0c5ac16a99dc419d6a059e8ac1557c4de?s=96&d=mm&r=g","url":"https:\/\/secure.gravatar.com\/avatar\/717304dec3288ef41af7c91b6a8cecd0c5ac16a99dc419d6a059e8ac1557c4de?s=96&d=mm&r=g","contentUrl":"https:\/\/secure.gravatar.com\/avatar\/717304dec3288ef41af7c91b6a8cecd0c5ac16a99dc419d6a059e8ac1557c4de?s=96&d=mm&r=g","caption":"Maria Jose Anguita Garc\u00eda"},"url":"https:\/\/www.araalicante.com\/en\/author\/maria-jose\/"}]}},"_links":{"self":[{"href":"https:\/\/www.araalicante.com\/en\/wp-json\/wp\/v2\/posts\/3000","targetHints":{"allow":["GET"]}}],"collection":[{"href":"https:\/\/www.araalicante.com\/en\/wp-json\/wp\/v2\/posts"}],"about":[{"href":"https:\/\/www.araalicante.com\/en\/wp-json\/wp\/v2\/types\/post"}],"author":[{"embeddable":true,"href":"https:\/\/www.araalicante.com\/en\/wp-json\/wp\/v2\/users\/19"}],"replies":[{"embeddable":true,"href":"https:\/\/www.araalicante.com\/en\/wp-json\/wp\/v2\/comments?post=3000"}],"version-history":[{"count":1,"href":"https:\/\/www.araalicante.com\/en\/wp-json\/wp\/v2\/posts\/3000\/revisions"}],"predecessor-version":[{"id":3001,"href":"https:\/\/www.araalicante.com\/en\/wp-json\/wp\/v2\/posts\/3000\/revisions\/3001"}],"wp:featuredmedia":[{"embeddable":true,"href":"https:\/\/www.araalicante.com\/en\/wp-json\/wp\/v2\/media\/3269"}],"wp:attachment":[{"href":"https:\/\/www.araalicante.com\/en\/wp-json\/wp\/v2\/media?parent=3000"}],"wp:term":[{"taxonomy":"category","embeddable":true,"href":"https:\/\/www.araalicante.com\/en\/wp-json\/wp\/v2\/categories?post=3000"},{"taxonomy":"post_tag","embeddable":true,"href":"https:\/\/www.araalicante.com\/en\/wp-json\/wp\/v2\/tags?post=3000"}],"curies":[{"name":"wp","href":"https:\/\/api.w.org\/{rel}","templated":true}]}}