{"id":2608,"date":"2023-10-19T09:53:23","date_gmt":"2023-10-19T09:53:23","guid":{"rendered":"http:\/\/ara.dev.crehaz.qwair.com\/?p=2608"},"modified":"2023-12-02T09:46:01","modified_gmt":"2023-12-02T09:46:01","slug":"ara-y-apeha-se-unen-para-celebrar-el-dia-de-la-hosteleria","status":"publish","type":"post","link":"https:\/\/www.araalicante.com\/en\/ara-y-apeha-se-unen-para-celebrar-el-dia-de-la-hosteleria\/","title":{"rendered":"ARA y APEHA se unen para celebrar el D\u00eda de la Hosteler\u00eda"},"content":{"rendered":"<figure class=\"wp-block-image size-full\"><img loading=\"lazy\" decoding=\"async\" width=\"1024\" height=\"768\" src=\"http:\/\/ara.dev.crehaz.qwair.com\/wp-content\/uploads\/2023\/10\/WhatsApp-Image-2023-10-10-at-14.58.29.jpeg\" alt=\"\" class=\"wp-image-2611\" srcset=\"https:\/\/www.araalicante.com\/wp-content\/uploads\/2023\/10\/WhatsApp-Image-2023-10-10-at-14.58.29.jpeg 1024w, https:\/\/www.araalicante.com\/wp-content\/uploads\/2023\/10\/WhatsApp-Image-2023-10-10-at-14.58.29-300x225.jpeg 300w, https:\/\/www.araalicante.com\/wp-content\/uploads\/2023\/10\/WhatsApp-Image-2023-10-10-at-14.58.29-768x576.jpeg 768w, https:\/\/www.araalicante.com\/wp-content\/uploads\/2023\/10\/WhatsApp-Image-2023-10-10-at-14.58.29-16x12.jpeg 16w, https:\/\/www.araalicante.com\/wp-content\/uploads\/2023\/10\/WhatsApp-Image-2023-10-10-at-14.58.29-100x75.jpeg 100w, https:\/\/www.araalicante.com\/wp-content\/uploads\/2023\/10\/WhatsApp-Image-2023-10-10-at-14.58.29-960x720.jpeg 960w, https:\/\/www.araalicante.com\/wp-content\/uploads\/2023\/10\/WhatsApp-Image-2023-10-10-at-14.58.29-480x360.jpeg 480w\" sizes=\"auto, (max-width:767px) 480px, (max-width:1024px) 100vw, 1024px\" \/><\/figure>\n\n\n\n<div style=\"height:76px\" aria-hidden=\"true\" class=\"wp-block-spacer\"><\/div>\n\n\n\n<h2 class=\"wp-block-heading\">ARA y APEHA se unen para celebrar el D\u00eda de la Hosteler\u00eda<\/h2>\n\n\n\n<p>Por primer a\u00f1o se ha celebrado en Alicante el D\u00eda de la Hosteler\u00eda, en un acto promovido por las asociaciones ARA y APEHA y que ha contado con el apoyo de la empresa l\u00edder en distribuci\u00f3n de productos de hosteler\u00eda MAKRO y de la federaci\u00f3n Hosteler\u00eda Espa\u00f1a.<\/p>\n\n\n\n<p>El 10 de Octubre, en el marco inigualable del Museo de Aguas de Alicante, se ha realizado un acto conmemorativo que ha contado con la asistencia de la secretaria auton\u00f3mica de turismo, Cristina Moreno, y la concejala de comercio y hosteler\u00eda, Lidia L\u00f3pez. Los representantes de Makro Alicante, Makro Elche y Makro Finestrat, junto con Gabriela C\u00f3rdoba, presidenta de ARA, Y Mar\u00eda del Mar Valera, presidenta de APEHA, han hecho entrega de un plato conmemorativo que representa el trabajo de nuestro sector y lo pone en valor.<\/p>\n\n\n\n<p>El acto se cerr\u00f3 con una visita a los pozos de Garrig\u00f3s, un sistema de aljibes excavados en la roca en el s.XIX, y ha concluido con un picoteo para todos los asistentes.<\/p>\n\n\n\n<p><\/p>","protected":false},"excerpt":{"rendered":"<p>ARA y APEHA se unen para celebrar el D\u00eda de la Hosteler\u00eda<span class=\"excerpt-hellip\"> [\u2026]<\/span><\/p>\n","protected":false},"author":19,"featured_media":2611,"comment_status":"open","ping_status":"open","sticky":false,"template":"","format":"standard","meta":{"footnotes":""},"categories":[29],"tags":[],"class_list":["post-2608","post","type-post","status-publish","format-standard","has-post-thumbnail","hentry","category-eventos-restauracion-alicante"],"yoast_head":"<!-- This site is optimized with the Yoast SEO plugin v27.5 - https:\/\/yoast.com\/product\/yoast-seo-wordpress\/ -->\n<title>ARA y APEHA se unen para celebrar el D\u00eda de la Hosteler\u00eda - ARA | Asociaci\u00f3n de Restaurantes Alicante<\/title>\n<meta name=\"robots\" content=\"index, follow, max-snippet:-1, max-image-preview:large, max-video-preview:-1\" \/>\n<link rel=\"canonical\" href=\"https:\/\/www.araalicante.com\/en\/ara-y-apeha-se-unen-para-celebrar-el-dia-de-la-hosteleria\/\" \/>\n<meta property=\"og:locale\" content=\"en_GB\" \/>\n<meta property=\"og:type\" content=\"article\" \/>\n<meta property=\"og:title\" content=\"ARA y APEHA se unen para celebrar el D\u00eda de la Hosteler\u00eda - ARA | Asociaci\u00f3n de Restaurantes Alicante\" \/>\n<meta property=\"og:description\" content=\"ARA y APEHA se unen para celebrar el D\u00eda de la Hosteler\u00eda [\u2026]\" \/>\n<meta property=\"og:url\" content=\"https:\/\/www.araalicante.com\/en\/ara-y-apeha-se-unen-para-celebrar-el-dia-de-la-hosteleria\/\" \/>\n<meta property=\"og:site_name\" content=\"ARA | Asociaci\u00f3n de Restaurantes Alicante\" \/>\n<meta property=\"article:publisher\" content=\"https:\/\/www.facebook.com\/Ararestaurantesalicante\" \/>\n<meta property=\"article:published_time\" content=\"2023-10-19T09:53:23+00:00\" \/>\n<meta property=\"article:modified_time\" content=\"2023-12-02T09:46:01+00:00\" \/>\n<meta property=\"og:image\" content=\"https:\/\/www.araalicante.com\/wp-content\/uploads\/2023\/10\/WhatsApp-Image-2023-10-10-at-14.58.29.jpeg\" \/>\n\t<meta property=\"og:image:width\" content=\"1024\" \/>\n\t<meta property=\"og:image:height\" content=\"768\" \/>\n\t<meta property=\"og:image:type\" content=\"image\/jpeg\" \/>\n<meta name=\"author\" content=\"Maria Jose Anguita Garc\u00eda\" \/>\n<meta name=\"twitter:card\" content=\"summary_large_image\" \/>\n<meta name=\"twitter:label1\" content=\"Written by\" \/>\n\t<meta name=\"twitter:data1\" content=\"Maria Jose Anguita Garc\u00eda\" \/>\n\t<meta name=\"twitter:label2\" content=\"Estimated reading time\" \/>\n\t<meta name=\"twitter:data2\" content=\"2 minutes\" \/>\n<script type=\"application\/ld+json\" class=\"yoast-schema-graph\">{\"@context\":\"https:\\\/\\\/schema.org\",\"@graph\":[{\"@type\":\"Article\",\"@id\":\"https:\\\/\\\/www.araalicante.com\\\/ara-y-apeha-se-unen-para-celebrar-el-dia-de-la-hosteleria\\\/#article\",\"isPartOf\":{\"@id\":\"https:\\\/\\\/www.araalicante.com\\\/ara-y-apeha-se-unen-para-celebrar-el-dia-de-la-hosteleria\\\/\"},\"author\":{\"name\":\"Maria Jose Anguita Garc\u00eda\",\"@id\":\"https:\\\/\\\/www.araalicante.com\\\/#\\\/schema\\\/person\\\/e812fee62b3ce0c0ebca64fd5be08d67\"},\"headline\":\"ARA y APEHA se unen para celebrar el D\u00eda de la Hosteler\u00eda\",\"datePublished\":\"2023-10-19T09:53:23+00:00\",\"dateModified\":\"2023-12-02T09:46:01+00:00\",\"mainEntityOfPage\":{\"@id\":\"https:\\\/\\\/www.araalicante.com\\\/ara-y-apeha-se-unen-para-celebrar-el-dia-de-la-hosteleria\\\/\"},\"wordCount\":210,\"commentCount\":0,\"publisher\":{\"@id\":\"https:\\\/\\\/www.araalicante.com\\\/#organization\"},\"image\":{\"@id\":\"https:\\\/\\\/www.araalicante.com\\\/ara-y-apeha-se-unen-para-celebrar-el-dia-de-la-hosteleria\\\/#primaryimage\"},\"thumbnailUrl\":\"https:\\\/\\\/www.araalicante.com\\\/wp-content\\\/uploads\\\/2023\\\/10\\\/WhatsApp-Image-2023-10-10-at-14.58.29.jpeg\",\"articleSection\":[\"EVENTOS RESTAURACI\u00d3N ALICANTE\"],\"inLanguage\":\"en-GB\",\"potentialAction\":[{\"@type\":\"CommentAction\",\"name\":\"Comment\",\"target\":[\"https:\\\/\\\/www.araalicante.com\\\/ara-y-apeha-se-unen-para-celebrar-el-dia-de-la-hosteleria\\\/#respond\"]}]},{\"@type\":\"WebPage\",\"@id\":\"https:\\\/\\\/www.araalicante.com\\\/ara-y-apeha-se-unen-para-celebrar-el-dia-de-la-hosteleria\\\/\",\"url\":\"https:\\\/\\\/www.araalicante.com\\\/ara-y-apeha-se-unen-para-celebrar-el-dia-de-la-hosteleria\\\/\",\"name\":\"ARA y APEHA se unen para celebrar el D\u00eda de la Hosteler\u00eda - ARA | Asociaci\u00f3n de Restaurantes Alicante\",\"isPartOf\":{\"@id\":\"https:\\\/\\\/www.araalicante.com\\\/#website\"},\"primaryImageOfPage\":{\"@id\":\"https:\\\/\\\/www.araalicante.com\\\/ara-y-apeha-se-unen-para-celebrar-el-dia-de-la-hosteleria\\\/#primaryimage\"},\"image\":{\"@id\":\"https:\\\/\\\/www.araalicante.com\\\/ara-y-apeha-se-unen-para-celebrar-el-dia-de-la-hosteleria\\\/#primaryimage\"},\"thumbnailUrl\":\"https:\\\/\\\/www.araalicante.com\\\/wp-content\\\/uploads\\\/2023\\\/10\\\/WhatsApp-Image-2023-10-10-at-14.58.29.jpeg\",\"datePublished\":\"2023-10-19T09:53:23+00:00\",\"dateModified\":\"2023-12-02T09:46:01+00:00\",\"breadcrumb\":{\"@id\":\"https:\\\/\\\/www.araalicante.com\\\/ara-y-apeha-se-unen-para-celebrar-el-dia-de-la-hosteleria\\\/#breadcrumb\"},\"inLanguage\":\"en-GB\",\"potentialAction\":[{\"@type\":\"ReadAction\",\"target\":[\"https:\\\/\\\/www.araalicante.com\\\/ara-y-apeha-se-unen-para-celebrar-el-dia-de-la-hosteleria\\\/\"]}]},{\"@type\":\"ImageObject\",\"inLanguage\":\"en-GB\",\"@id\":\"https:\\\/\\\/www.araalicante.com\\\/ara-y-apeha-se-unen-para-celebrar-el-dia-de-la-hosteleria\\\/#primaryimage\",\"url\":\"https:\\\/\\\/www.araalicante.com\\\/wp-content\\\/uploads\\\/2023\\\/10\\\/WhatsApp-Image-2023-10-10-at-14.58.29.jpeg\",\"contentUrl\":\"https:\\\/\\\/www.araalicante.com\\\/wp-content\\\/uploads\\\/2023\\\/10\\\/WhatsApp-Image-2023-10-10-at-14.58.29.jpeg\",\"width\":1024,\"height\":768},{\"@type\":\"BreadcrumbList\",\"@id\":\"https:\\\/\\\/www.araalicante.com\\\/ara-y-apeha-se-unen-para-celebrar-el-dia-de-la-hosteleria\\\/#breadcrumb\",\"itemListElement\":[{\"@type\":\"ListItem\",\"position\":1,\"name\":\"Portada\",\"item\":\"https:\\\/\\\/www.araalicante.com\\\/\"},{\"@type\":\"ListItem\",\"position\":2,\"name\":\"ARA y APEHA se unen para celebrar el D\u00eda de la Hosteler\u00eda\"}]},{\"@type\":\"WebSite\",\"@id\":\"https:\\\/\\\/www.araalicante.com\\\/#website\",\"url\":\"https:\\\/\\\/www.araalicante.com\\\/\",\"name\":\"ARA | Asociaci\u00f3n de Restaurantes Alicante\",\"description\":\"Producto local, restauraci\u00f3n de calidad en Alicante y su provincia\",\"publisher\":{\"@id\":\"https:\\\/\\\/www.araalicante.com\\\/#organization\"},\"potentialAction\":[{\"@type\":\"SearchAction\",\"target\":{\"@type\":\"EntryPoint\",\"urlTemplate\":\"https:\\\/\\\/www.araalicante.com\\\/?s={search_term_string}\"},\"query-input\":{\"@type\":\"PropertyValueSpecification\",\"valueRequired\":true,\"valueName\":\"search_term_string\"}}],\"inLanguage\":\"en-GB\"},{\"@type\":\"Organization\",\"@id\":\"https:\\\/\\\/www.araalicante.com\\\/#organization\",\"name\":\"ARA | Asociaci\u00f3n de Restaurantes Alicante\",\"url\":\"https:\\\/\\\/www.araalicante.com\\\/\",\"logo\":{\"@type\":\"ImageObject\",\"inLanguage\":\"en-GB\",\"@id\":\"https:\\\/\\\/www.araalicante.com\\\/#\\\/schema\\\/logo\\\/image\\\/\",\"url\":\"https:\\\/\\\/www.araalicante.com\\\/wp-content\\\/uploads\\\/2023\\\/09\\\/logoara.png\",\"contentUrl\":\"https:\\\/\\\/www.araalicante.com\\\/wp-content\\\/uploads\\\/2023\\\/09\\\/logoara.png\",\"width\":400,\"height\":85,\"caption\":\"ARA | Asociaci\u00f3n de Restaurantes Alicante\"},\"image\":{\"@id\":\"https:\\\/\\\/www.araalicante.com\\\/#\\\/schema\\\/logo\\\/image\\\/\"},\"sameAs\":[\"https:\\\/\\\/www.facebook.com\\\/Ararestaurantesalicante\",\"https:\\\/\\\/www.instagram.com\\\/ararestaurantesalicante\\\/\"]},{\"@type\":\"Person\",\"@id\":\"https:\\\/\\\/www.araalicante.com\\\/#\\\/schema\\\/person\\\/e812fee62b3ce0c0ebca64fd5be08d67\",\"name\":\"Maria Jose Anguita Garc\u00eda\",\"image\":{\"@type\":\"ImageObject\",\"inLanguage\":\"en-GB\",\"@id\":\"https:\\\/\\\/secure.gravatar.com\\\/avatar\\\/717304dec3288ef41af7c91b6a8cecd0c5ac16a99dc419d6a059e8ac1557c4de?s=96&d=mm&r=g\",\"url\":\"https:\\\/\\\/secure.gravatar.com\\\/avatar\\\/717304dec3288ef41af7c91b6a8cecd0c5ac16a99dc419d6a059e8ac1557c4de?s=96&d=mm&r=g\",\"contentUrl\":\"https:\\\/\\\/secure.gravatar.com\\\/avatar\\\/717304dec3288ef41af7c91b6a8cecd0c5ac16a99dc419d6a059e8ac1557c4de?s=96&d=mm&r=g\",\"caption\":\"Maria Jose Anguita Garc\u00eda\"},\"url\":\"https:\\\/\\\/www.araalicante.com\\\/en\\\/author\\\/maria-jose\\\/\"}]}<\/script>\n<!-- \/ Yoast SEO plugin. -->","yoast_head_json":{"title":"ARA y APEHA se unen para celebrar el D\u00eda de la Hosteler\u00eda - ARA | Asociaci\u00f3n de Restaurantes Alicante","robots":{"index":"index","follow":"follow","max-snippet":"max-snippet:-1","max-image-preview":"max-image-preview:large","max-video-preview":"max-video-preview:-1"},"canonical":"https:\/\/www.araalicante.com\/en\/ara-y-apeha-se-unen-para-celebrar-el-dia-de-la-hosteleria\/","og_locale":"en_GB","og_type":"article","og_title":"ARA y APEHA se unen para celebrar el D\u00eda de la Hosteler\u00eda - ARA | Asociaci\u00f3n de Restaurantes Alicante","og_description":"ARA y APEHA se unen para celebrar el D\u00eda de la Hosteler\u00eda [\u2026]","og_url":"https:\/\/www.araalicante.com\/en\/ara-y-apeha-se-unen-para-celebrar-el-dia-de-la-hosteleria\/","og_site_name":"ARA | Asociaci\u00f3n de Restaurantes Alicante","article_publisher":"https:\/\/www.facebook.com\/Ararestaurantesalicante","article_published_time":"2023-10-19T09:53:23+00:00","article_modified_time":"2023-12-02T09:46:01+00:00","og_image":[{"width":1024,"height":768,"url":"https:\/\/www.araalicante.com\/wp-content\/uploads\/2023\/10\/WhatsApp-Image-2023-10-10-at-14.58.29.jpeg","type":"image\/jpeg"}],"author":"Maria Jose Anguita Garc\u00eda","twitter_card":"summary_large_image","twitter_misc":{"Written by":"Maria Jose Anguita Garc\u00eda","Estimated reading time":"2 minutes"},"schema":{"@context":"https:\/\/schema.org","@graph":[{"@type":"Article","@id":"https:\/\/www.araalicante.com\/ara-y-apeha-se-unen-para-celebrar-el-dia-de-la-hosteleria\/#article","isPartOf":{"@id":"https:\/\/www.araalicante.com\/ara-y-apeha-se-unen-para-celebrar-el-dia-de-la-hosteleria\/"},"author":{"name":"Maria Jose Anguita Garc\u00eda","@id":"https:\/\/www.araalicante.com\/#\/schema\/person\/e812fee62b3ce0c0ebca64fd5be08d67"},"headline":"ARA y APEHA se unen para celebrar el D\u00eda de la Hosteler\u00eda","datePublished":"2023-10-19T09:53:23+00:00","dateModified":"2023-12-02T09:46:01+00:00","mainEntityOfPage":{"@id":"https:\/\/www.araalicante.com\/ara-y-apeha-se-unen-para-celebrar-el-dia-de-la-hosteleria\/"},"wordCount":210,"commentCount":0,"publisher":{"@id":"https:\/\/www.araalicante.com\/#organization"},"image":{"@id":"https:\/\/www.araalicante.com\/ara-y-apeha-se-unen-para-celebrar-el-dia-de-la-hosteleria\/#primaryimage"},"thumbnailUrl":"https:\/\/www.araalicante.com\/wp-content\/uploads\/2023\/10\/WhatsApp-Image-2023-10-10-at-14.58.29.jpeg","articleSection":["EVENTOS RESTAURACI\u00d3N ALICANTE"],"inLanguage":"en-GB","potentialAction":[{"@type":"CommentAction","name":"Comment","target":["https:\/\/www.araalicante.com\/ara-y-apeha-se-unen-para-celebrar-el-dia-de-la-hosteleria\/#respond"]}]},{"@type":"WebPage","@id":"https:\/\/www.araalicante.com\/ara-y-apeha-se-unen-para-celebrar-el-dia-de-la-hosteleria\/","url":"https:\/\/www.araalicante.com\/ara-y-apeha-se-unen-para-celebrar-el-dia-de-la-hosteleria\/","name":"ARA y APEHA se unen para celebrar el D\u00eda de la Hosteler\u00eda - ARA | Asociaci\u00f3n de Restaurantes Alicante","isPartOf":{"@id":"https:\/\/www.araalicante.com\/#website"},"primaryImageOfPage":{"@id":"https:\/\/www.araalicante.com\/ara-y-apeha-se-unen-para-celebrar-el-dia-de-la-hosteleria\/#primaryimage"},"image":{"@id":"https:\/\/www.araalicante.com\/ara-y-apeha-se-unen-para-celebrar-el-dia-de-la-hosteleria\/#primaryimage"},"thumbnailUrl":"https:\/\/www.araalicante.com\/wp-content\/uploads\/2023\/10\/WhatsApp-Image-2023-10-10-at-14.58.29.jpeg","datePublished":"2023-10-19T09:53:23+00:00","dateModified":"2023-12-02T09:46:01+00:00","breadcrumb":{"@id":"https:\/\/www.araalicante.com\/ara-y-apeha-se-unen-para-celebrar-el-dia-de-la-hosteleria\/#breadcrumb"},"inLanguage":"en-GB","potentialAction":[{"@type":"ReadAction","target":["https:\/\/www.araalicante.com\/ara-y-apeha-se-unen-para-celebrar-el-dia-de-la-hosteleria\/"]}]},{"@type":"ImageObject","inLanguage":"en-GB","@id":"https:\/\/www.araalicante.com\/ara-y-apeha-se-unen-para-celebrar-el-dia-de-la-hosteleria\/#primaryimage","url":"https:\/\/www.araalicante.com\/wp-content\/uploads\/2023\/10\/WhatsApp-Image-2023-10-10-at-14.58.29.jpeg","contentUrl":"https:\/\/www.araalicante.com\/wp-content\/uploads\/2023\/10\/WhatsApp-Image-2023-10-10-at-14.58.29.jpeg","width":1024,"height":768},{"@type":"BreadcrumbList","@id":"https:\/\/www.araalicante.com\/ara-y-apeha-se-unen-para-celebrar-el-dia-de-la-hosteleria\/#breadcrumb","itemListElement":[{"@type":"ListItem","position":1,"name":"Portada","item":"https:\/\/www.araalicante.com\/"},{"@type":"ListItem","position":2,"name":"ARA y APEHA se unen para celebrar el D\u00eda de la Hosteler\u00eda"}]},{"@type":"WebSite","@id":"https:\/\/www.araalicante.com\/#website","url":"https:\/\/www.araalicante.com\/","name":"ARA | Asociaci\u00f3n de Restaurantes Alicante","description":"Producto local, restauraci\u00f3n de calidad en Alicante y su provincia","publisher":{"@id":"https:\/\/www.araalicante.com\/#organization"},"potentialAction":[{"@type":"SearchAction","target":{"@type":"EntryPoint","urlTemplate":"https:\/\/www.araalicante.com\/?s={search_term_string}"},"query-input":{"@type":"PropertyValueSpecification","valueRequired":true,"valueName":"search_term_string"}}],"inLanguage":"en-GB"},{"@type":"Organization","@id":"https:\/\/www.araalicante.com\/#organization","name":"ARA | Asociaci\u00f3n de Restaurantes Alicante","url":"https:\/\/www.araalicante.com\/","logo":{"@type":"ImageObject","inLanguage":"en-GB","@id":"https:\/\/www.araalicante.com\/#\/schema\/logo\/image\/","url":"https:\/\/www.araalicante.com\/wp-content\/uploads\/2023\/09\/logoara.png","contentUrl":"https:\/\/www.araalicante.com\/wp-content\/uploads\/2023\/09\/logoara.png","width":400,"height":85,"caption":"ARA | Asociaci\u00f3n de Restaurantes Alicante"},"image":{"@id":"https:\/\/www.araalicante.com\/#\/schema\/logo\/image\/"},"sameAs":["https:\/\/www.facebook.com\/Ararestaurantesalicante","https:\/\/www.instagram.com\/ararestaurantesalicante\/"]},{"@type":"Person","@id":"https:\/\/www.araalicante.com\/#\/schema\/person\/e812fee62b3ce0c0ebca64fd5be08d67","name":"Maria Jose Anguita Garc\u00eda","image":{"@type":"ImageObject","inLanguage":"en-GB","@id":"https:\/\/secure.gravatar.com\/avatar\/717304dec3288ef41af7c91b6a8cecd0c5ac16a99dc419d6a059e8ac1557c4de?s=96&d=mm&r=g","url":"https:\/\/secure.gravatar.com\/avatar\/717304dec3288ef41af7c91b6a8cecd0c5ac16a99dc419d6a059e8ac1557c4de?s=96&d=mm&r=g","contentUrl":"https:\/\/secure.gravatar.com\/avatar\/717304dec3288ef41af7c91b6a8cecd0c5ac16a99dc419d6a059e8ac1557c4de?s=96&d=mm&r=g","caption":"Maria Jose Anguita Garc\u00eda"},"url":"https:\/\/www.araalicante.com\/en\/author\/maria-jose\/"}]}},"_links":{"self":[{"href":"https:\/\/www.araalicante.com\/en\/wp-json\/wp\/v2\/posts\/2608","targetHints":{"allow":["GET"]}}],"collection":[{"href":"https:\/\/www.araalicante.com\/en\/wp-json\/wp\/v2\/posts"}],"about":[{"href":"https:\/\/www.araalicante.com\/en\/wp-json\/wp\/v2\/types\/post"}],"author":[{"embeddable":true,"href":"https:\/\/www.araalicante.com\/en\/wp-json\/wp\/v2\/users\/19"}],"replies":[{"embeddable":true,"href":"https:\/\/www.araalicante.com\/en\/wp-json\/wp\/v2\/comments?post=2608"}],"version-history":[{"count":6,"href":"https:\/\/www.araalicante.com\/en\/wp-json\/wp\/v2\/posts\/2608\/revisions"}],"predecessor-version":[{"id":3097,"href":"https:\/\/www.araalicante.com\/en\/wp-json\/wp\/v2\/posts\/2608\/revisions\/3097"}],"wp:featuredmedia":[{"embeddable":true,"href":"https:\/\/www.araalicante.com\/en\/wp-json\/wp\/v2\/media\/2611"}],"wp:attachment":[{"href":"https:\/\/www.araalicante.com\/en\/wp-json\/wp\/v2\/media?parent=2608"}],"wp:term":[{"taxonomy":"category","embeddable":true,"href":"https:\/\/www.araalicante.com\/en\/wp-json\/wp\/v2\/categories?post=2608"},{"taxonomy":"post_tag","embeddable":true,"href":"https:\/\/www.araalicante.com\/en\/wp-json\/wp\/v2\/tags?post=2608"}],"curies":[{"name":"wp","href":"https:\/\/api.w.org\/{rel}","templated":true}]}}